{"id":16675,"date":"2023-06-20T07:14:37","date_gmt":"2023-06-20T07:14:37","guid":{"rendered":"https:\/\/permbledhja.com\/?p=16675"},"modified":"2023-06-20T07:14:37","modified_gmt":"2023-06-20T07:14:37","slug":"berisha-e-krahason-kurtin-me-enver-hoxhen-e-titon","status":"publish","type":"post","link":"https:\/\/permbledhja.com\/sq\/berisha-e-krahason-kurtin-me-enver-hoxhen-e-titon\/","title":{"rendered":"Berisha e krahason Kurtin me Enver Hoxh\u00ebn e Titon"},"content":{"rendered":"<p>Ish-deputeti i Nism\u00ebs, Zafir Berisha thot\u00eb se Qeveria e udh\u00ebhequr nga Albin Kurti mund t\u00eb ket\u00eb nj\u00eb mision djall\u00ebzor n\u00eb raport me shtetin e Kosov\u00ebs.<\/p>\n<p>Ai tha se nuk i kupton veprimet e fundit t\u00eb Qeveris\u00eb n\u00eb lidhje me veriun.<\/p>\n<p>\u201cUn\u00eb me t\u00eb th\u00ebn\u00eb t\u00eb drejt\u00ebn as nuk jam n\u00eb gjendje me kuptu deri n\u00eb fund se \u00e7far\u00eb synimi kan\u00eb k\u00ebto, cili ka qen\u00eb synimi i ardhjes s\u00eb tyre n\u00eb pushtet. Cili ka qen\u00eb objektivi i tyre p\u00ebr mashtrimin kolektiv q\u00eb e kan\u00eb b\u00ebr\u00eb. Prandaj ende ka dilema se kjo qeverisje q\u00eb udh\u00ebhiqet n\u00eb k\u00ebt\u00eb form\u00eb mundet me pas\u00eb edhe nj\u00eb mision djall\u00ebzor sa i p\u00ebrket shtetit t\u00eb Kosov\u00ebs\u201d, ka th\u00ebn\u00eb Berisha.<\/p>\n<p>Berisha thot\u00eb se k\u00ebt\u00eb e d\u00ebshmon fakti se partia n\u00eb pushtet kan\u00eb p\u00ebrdorur nj\u00eb sllogan q\u00eb Kosova \u00ebsht\u00eb shkat\u00ebrruar p\u00ebr 20 vjet e q\u00eb p\u00ebr Berish\u00ebn \u00ebsht\u00eb propagand\u00eb.<\/p>\n<p>Vet\u00eb fakti se k\u00ebta kan\u00eb udh\u00ebhequr nj\u00eb sllogan gjat\u00eb periudh\u00ebs p\u00ebr t\u00eb ardh\u00eb n\u00eb pushtet se Kosova \u00ebsht\u00eb shkat\u00ebrru 20 vjet, n\u00eb koh\u00ebn kur e dim\u00eb ne se si ka qen\u00eb Kosova para 20 vjete, kjo tregon se k\u00ebta njer\u00ebz me ndihm\u00ebn e propagand\u00ebs edhe sllave, edhe me financat me gjas\u00eb q\u00eb kan\u00eb ardhur nga Serbia p\u00ebrmes sekserit Martin Berishaj, jan\u00eb ndihmuar dhe \u00ebsht\u00eb kryq\u00ebzuar, dmth interesi i k\u00ebtyre p\u00ebr me ardh\u00eb n\u00eb pushtet dhe atyre q\u00eb s\u2019e dojn\u00eb Kosov\u00ebn, duke d\u00ebmtuar fillimisht t\u00eb arriturat e m\u00ebdha, vlerat e k\u00ebtij vendi, p\u00ebrmes edhe individ\u00ebve si\u00e7 jan\u00eb eksponent\u00ebt e luft\u00ebs por edhe rival\u00ebt e tjer\u00eb politik\u201d, ka shtuar Berisha.<\/p>\n<p>Berisha shton se ka edhe raste t\u00eb tjera kur lider\u00eb t\u00eb caktuar kan\u00eb fituar mbi 50 %, por duke folur p\u00ebr rastin e diktatorit komunist Enver Hoxha, Berisha p\u00ebrmend se \u201catij ia rr\u00ebzuan edhe bustin\u201d.<\/p>\n<p>\u201cNuk kan\u00eb qen\u00eb ideale as qeverisjet e kalume por jo k\u00ebshtu si\u00e7 i ka prezantu Albini edhe Serbia para atyre t\u00eb cil\u00ebve me tarrnakop nuk mundesh me ia gjet\u00eb trurin sepse e kan\u00eb mendimin kritik aq t\u00eb kufizum saq\u00eb shpesh ndihem keq q\u00eb jam pjes\u00eb e nj\u00eb shoq\u00ebrie ku mentaliteti i njer\u00ebzve \u00ebsht\u00eb i atij niveli p\u00ebrtoke sa t\u00eb b\u00ebn me u ndi keq. \u00c7do lajm apo montazh q\u00eb b\u00ebhet nga spiunazha ruse n\u00eb Nish e q\u00eb p\u00ebrkthehet nga Albini dhe sekti i tij politik e marrin p\u00ebr t\u00eb mir\u00ebqen\u00eb\u2026Nuk \u00ebsht\u00eb hera e par\u00eb q\u00eb njer\u00ebz t\u00eb pap\u00ebrgjegjsh\u00ebm, diktator\u00eb e popullist\u00eb thirren n\u00eb em\u00ebr t\u00eb popullit. Edhe Enver Hoxh\u00ebn e kan\u00eb votuar 99%, por ai 99% nuk ka shkuar koh\u00eb pastaj ja kan\u00eb rr\u00ebzuar edhe bustin, edhe Titon e kan\u00eb prit\u00eb besa me lule k\u00ebtu n\u00eb Prishtin\u00eb\u201d, ka deklaruar Berisha n\u00eb T\u00ebv\u00eb1.<\/p>\n","protected":false},"excerpt":{"rendered":"<p>Ish-deputeti i Nism\u00ebs, Zafir Berisha thot\u00eb se Qeveria e udh\u00ebhequr nga Albin Kurti mund t\u00eb ket\u00eb nj\u00eb mision djall\u00ebzor n\u00eb raport me shtetin e Kosov\u00ebs. Ai tha se nuk i kupton veprimet e fundit t\u00eb Qeveris\u00eb n\u00eb lidhje me veriun. \u201cUn\u00eb me t\u00eb th\u00ebn\u00eb t\u00eb drejt\u00ebn as nuk jam n\u00eb gjendje me kuptu deri n\u00eb [&hellip;]<\/p>\n","protected":false},"author":1,"featured_media":16676,"comment_status":"closed","ping_status":"closed","sticky":false,"template":"","format":"standard","meta":{"_monsterinsights_skip_tracking":false,"_monsterinsights_sitenote_active":false,"_monsterinsights_sitenote_note":"","_monsterinsights_sitenote_category":0,"_uf_show_specific_survey":0,"_uf_disable_surveys":false,"footnotes":""},"categories":[1],"tags":[1956,1957],"yoast_head":"<!-- This site is optimized with the Yoast SEO plugin v21.5 - https:\/\/yoast.com\/wordpress\/plugins\/seo\/ -->\n<title>Berisha e krahason Kurtin me Enver Hoxh\u00ebn e Titon<\/title>\n<meta name=\"robots\" content=\"index, follow, max-snippet:-1, max-image-preview:large, max-video-preview:-1\" \/>\n<link rel=\"canonical\" href=\"https:\/\/permbledhja.com\/sq\/berisha-e-krahason-kurtin-me-enver-hoxhen-e-titon\/\" \/>\n<meta property=\"og:locale\" content=\"sq_AL\" \/>\n<meta property=\"og:type\" content=\"article\" \/>\n<meta property=\"og:title\" content=\"Berisha e krahason Kurtin me Enver Hoxh\u00ebn e Titon\" \/>\n<meta property=\"og:description\" content=\"Ish-deputeti i Nism\u00ebs, Zafir Berisha thot\u00eb se Qeveria e udh\u00ebhequr nga Albin Kurti mund t\u00eb ket\u00eb nj\u00eb mision djall\u00ebzor n\u00eb raport me shtetin e Kosov\u00ebs. Ai tha se nuk i kupton veprimet e fundit t\u00eb Qeveris\u00eb n\u00eb lidhje me veriun. \u201cUn\u00eb me t\u00eb th\u00ebn\u00eb t\u00eb drejt\u00ebn as nuk jam n\u00eb gjendje me kuptu deri n\u00eb [&hellip;]\" \/>\n<meta property=\"og:url\" content=\"https:\/\/permbledhja.com\/sq\/berisha-e-krahason-kurtin-me-enver-hoxhen-e-titon\/\" \/>\n<meta property=\"og:site_name\" content=\"Ve\u00e7 artikuj p\u00ebrmbledh\u00ebs\" \/>\n<meta property=\"article:publisher\" content=\"https:\/\/www.facebook.com\/press07\/\" \/>\n<meta property=\"article:author\" content=\"https:\/\/www.facebook.com\/kafexhiu.muharrem\/\" \/>\n<meta property=\"article:published_time\" content=\"2023-06-20T07:14:37+00:00\" \/>\n<meta property=\"og:image\" content=\"https:\/\/permbledhja.com\/wp-content\/uploads\/2023\/06\/670E1E98-D367-4971-9573-641ED959550B.jpeg\" \/>\n\t<meta property=\"og:image:width\" content=\"850\" \/>\n\t<meta property=\"og:image:height\" content=\"524\" \/>\n\t<meta property=\"og:image:type\" content=\"image\/jpeg\" \/>\n<meta name=\"author\" content=\"P\u00ebrmbledhja\" \/>\n<meta name=\"twitter:card\" content=\"summary_large_image\" \/>\n<meta name=\"twitter:label1\" content=\"Written by\" \/>\n\t<meta name=\"twitter:data1\" content=\"P\u00ebrmbledhja\" \/>\n\t<meta name=\"twitter:label2\" content=\"Est. reading time\" \/>\n\t<meta name=\"twitter:data2\" content=\"2 minuta\" \/>\n<script type=\"application\/ld+json\" class=\"yoast-schema-graph\">{\"@context\":\"https:\/\/schema.org\",\"@graph\":[{\"@type\":\"Article\",\"@id\":\"https:\/\/permbledhja.com\/berisha-e-krahason-kurtin-me-enver-hoxhen-e-titon\/#article\",\"isPartOf\":{\"@id\":\"https:\/\/permbledhja.com\/berisha-e-krahason-kurtin-me-enver-hoxhen-e-titon\/\"},\"author\":{\"name\":\"P\u00ebrmbledhja\",\"@id\":\"https:\/\/permbledhja.com\/#\/schema\/person\/0d064377258d3221e50693947b9eb4fe\"},\"headline\":\"Berisha e krahason Kurtin me Enver Hoxh\u00ebn e Titon\",\"datePublished\":\"2023-06-20T07:14:37+00:00\",\"dateModified\":\"2023-06-20T07:14:37+00:00\",\"mainEntityOfPage\":{\"@id\":\"https:\/\/permbledhja.com\/berisha-e-krahason-kurtin-me-enver-hoxhen-e-titon\/\"},\"wordCount\":496,\"publisher\":{\"@id\":\"https:\/\/permbledhja.com\/#organization\"},\"keywords\":[\"Enver Hoxha\",\"Tito\"],\"articleSection\":[\"Breaking News\"],\"inLanguage\":\"sq\"},{\"@type\":\"WebPage\",\"@id\":\"https:\/\/permbledhja.com\/berisha-e-krahason-kurtin-me-enver-hoxhen-e-titon\/\",\"url\":\"https:\/\/permbledhja.com\/berisha-e-krahason-kurtin-me-enver-hoxhen-e-titon\/\",\"name\":\"Berisha e krahason Kurtin me Enver Hoxh\u00ebn e Titon\",\"isPartOf\":{\"@id\":\"https:\/\/permbledhja.com\/#website\"},\"datePublished\":\"2023-06-20T07:14:37+00:00\",\"dateModified\":\"2023-06-20T07:14:37+00:00\",\"breadcrumb\":{\"@id\":\"https:\/\/permbledhja.com\/berisha-e-krahason-kurtin-me-enver-hoxhen-e-titon\/#breadcrumb\"},\"inLanguage\":\"sq\",\"potentialAction\":[{\"@type\":\"ReadAction\",\"target\":[\"https:\/\/permbledhja.com\/berisha-e-krahason-kurtin-me-enver-hoxhen-e-titon\/\"]}]},{\"@type\":\"BreadcrumbList\",\"@id\":\"https:\/\/permbledhja.com\/berisha-e-krahason-kurtin-me-enver-hoxhen-e-titon\/#breadcrumb\",\"itemListElement\":[{\"@type\":\"ListItem\",\"position\":1,\"name\":\"Ballina\",\"item\":\"https:\/\/permbledhja.com\/sq\/\"},{\"@type\":\"ListItem\",\"position\":2,\"name\":\"Berisha e krahason Kurtin me Enver Hoxh\u00ebn e Titon\"}]},{\"@type\":\"WebSite\",\"@id\":\"https:\/\/permbledhja.com\/#website\",\"url\":\"https:\/\/permbledhja.com\/\",\"name\":\"Ve\u00e7 artikuj p\u00ebrmbledh\u00ebs\",\"description\":\"\",\"publisher\":{\"@id\":\"https:\/\/permbledhja.com\/#organization\"},\"potentialAction\":[{\"@type\":\"SearchAction\",\"target\":{\"@type\":\"EntryPoint\",\"urlTemplate\":\"https:\/\/permbledhja.com\/?s={search_term_string}\"},\"query-input\":\"required name=search_term_string\"}],\"inLanguage\":\"sq\"},{\"@type\":\"Organization\",\"@id\":\"https:\/\/permbledhja.com\/#organization\",\"name\":\"MK Media & Pr\",\"url\":\"https:\/\/permbledhja.com\/\",\"logo\":{\"@type\":\"ImageObject\",\"inLanguage\":\"sq\",\"@id\":\"https:\/\/permbledhja.com\/#\/schema\/logo\/image\/\",\"url\":\"https:\/\/permbledhja.com\/wp-content\/uploads\/2021\/12\/07-Press-Logo.jpg\",\"contentUrl\":\"https:\/\/permbledhja.com\/wp-content\/uploads\/2021\/12\/07-Press-Logo.jpg\",\"width\":512,\"height\":512,\"caption\":\"MK Media & Pr\"},\"image\":{\"@id\":\"https:\/\/permbledhja.com\/#\/schema\/logo\/image\/\"},\"sameAs\":[\"https:\/\/www.facebook.com\/press07\/\"]},{\"@type\":\"Person\",\"@id\":\"https:\/\/permbledhja.com\/#\/schema\/person\/0d064377258d3221e50693947b9eb4fe\",\"name\":\"P\u00ebrmbledhja\",\"image\":{\"@type\":\"ImageObject\",\"inLanguage\":\"sq\",\"@id\":\"https:\/\/permbledhja.com\/#\/schema\/person\/image\/\",\"url\":\"https:\/\/permbledhja.com\/wp-content\/uploads\/2026\/01\/452004717_1040944174702970_8932037511805513407_n-96x96.jpg\",\"contentUrl\":\"https:\/\/permbledhja.com\/wp-content\/uploads\/2026\/01\/452004717_1040944174702970_8932037511805513407_n-96x96.jpg\",\"caption\":\"P\u00ebrmbledhja\"},\"sameAs\":[\"https:\/\/www.facebook.com\/kafexhiu.muharrem\/\",\"https:\/\/www.instagram.com\/muharrem_kafexhiu\/\"],\"url\":\"https:\/\/permbledhja.com\/sq\/author\/admin\/\"}]}<\/script>\n<!-- \/ Yoast SEO plugin. -->","yoast_head_json":{"title":"Berisha e krahason Kurtin me Enver Hoxh\u00ebn e Titon","robots":{"index":"index","follow":"follow","max-snippet":"max-snippet:-1","max-image-preview":"max-image-preview:large","max-video-preview":"max-video-preview:-1"},"canonical":"https:\/\/permbledhja.com\/sq\/berisha-e-krahason-kurtin-me-enver-hoxhen-e-titon\/","og_locale":"sq_AL","og_type":"article","og_title":"Berisha e krahason Kurtin me Enver Hoxh\u00ebn e Titon","og_description":"Ish-deputeti i Nism\u00ebs, Zafir Berisha thot\u00eb se Qeveria e udh\u00ebhequr nga Albin Kurti mund t\u00eb ket\u00eb nj\u00eb mision djall\u00ebzor n\u00eb raport me shtetin e Kosov\u00ebs. Ai tha se nuk i kupton veprimet e fundit t\u00eb Qeveris\u00eb n\u00eb lidhje me veriun. \u201cUn\u00eb me t\u00eb th\u00ebn\u00eb t\u00eb drejt\u00ebn as nuk jam n\u00eb gjendje me kuptu deri n\u00eb [&hellip;]","og_url":"https:\/\/permbledhja.com\/sq\/berisha-e-krahason-kurtin-me-enver-hoxhen-e-titon\/","og_site_name":"Ve\u00e7 artikuj p\u00ebrmbledh\u00ebs","article_publisher":"https:\/\/www.facebook.com\/press07\/","article_author":"https:\/\/www.facebook.com\/kafexhiu.muharrem\/","article_published_time":"2023-06-20T07:14:37+00:00","og_image":[{"width":850,"height":524,"url":"https:\/\/permbledhja.com\/wp-content\/uploads\/2023\/06\/670E1E98-D367-4971-9573-641ED959550B.jpeg","type":"image\/jpeg"}],"author":"P\u00ebrmbledhja","twitter_card":"summary_large_image","twitter_misc":{"Written by":"P\u00ebrmbledhja","Est. reading time":"2 minuta"},"schema":{"@context":"https:\/\/schema.org","@graph":[{"@type":"Article","@id":"https:\/\/permbledhja.com\/berisha-e-krahason-kurtin-me-enver-hoxhen-e-titon\/#article","isPartOf":{"@id":"https:\/\/permbledhja.com\/berisha-e-krahason-kurtin-me-enver-hoxhen-e-titon\/"},"author":{"name":"P\u00ebrmbledhja","@id":"https:\/\/permbledhja.com\/#\/schema\/person\/0d064377258d3221e50693947b9eb4fe"},"headline":"Berisha e krahason Kurtin me Enver Hoxh\u00ebn e Titon","datePublished":"2023-06-20T07:14:37+00:00","dateModified":"2023-06-20T07:14:37+00:00","mainEntityOfPage":{"@id":"https:\/\/permbledhja.com\/berisha-e-krahason-kurtin-me-enver-hoxhen-e-titon\/"},"wordCount":496,"publisher":{"@id":"https:\/\/permbledhja.com\/#organization"},"keywords":["Enver Hoxha","Tito"],"articleSection":["Breaking News"],"inLanguage":"sq"},{"@type":"WebPage","@id":"https:\/\/permbledhja.com\/berisha-e-krahason-kurtin-me-enver-hoxhen-e-titon\/","url":"https:\/\/permbledhja.com\/berisha-e-krahason-kurtin-me-enver-hoxhen-e-titon\/","name":"Berisha e krahason Kurtin me Enver Hoxh\u00ebn e Titon","isPartOf":{"@id":"https:\/\/permbledhja.com\/#website"},"datePublished":"2023-06-20T07:14:37+00:00","dateModified":"2023-06-20T07:14:37+00:00","breadcrumb":{"@id":"https:\/\/permbledhja.com\/berisha-e-krahason-kurtin-me-enver-hoxhen-e-titon\/#breadcrumb"},"inLanguage":"sq","potentialAction":[{"@type":"ReadAction","target":["https:\/\/permbledhja.com\/berisha-e-krahason-kurtin-me-enver-hoxhen-e-titon\/"]}]},{"@type":"BreadcrumbList","@id":"https:\/\/permbledhja.com\/berisha-e-krahason-kurtin-me-enver-hoxhen-e-titon\/#breadcrumb","itemListElement":[{"@type":"ListItem","position":1,"name":"Ballina","item":"https:\/\/permbledhja.com\/sq\/"},{"@type":"ListItem","position":2,"name":"Berisha e krahason Kurtin me Enver Hoxh\u00ebn e Titon"}]},{"@type":"WebSite","@id":"https:\/\/permbledhja.com\/#website","url":"https:\/\/permbledhja.com\/","name":"Ve\u00e7 artikuj p\u00ebrmbledh\u00ebs","description":"","publisher":{"@id":"https:\/\/permbledhja.com\/#organization"},"potentialAction":[{"@type":"SearchAction","target":{"@type":"EntryPoint","urlTemplate":"https:\/\/permbledhja.com\/?s={search_term_string}"},"query-input":"required name=search_term_string"}],"inLanguage":"sq"},{"@type":"Organization","@id":"https:\/\/permbledhja.com\/#organization","name":"MK Media & Pr","url":"https:\/\/permbledhja.com\/","logo":{"@type":"ImageObject","inLanguage":"sq","@id":"https:\/\/permbledhja.com\/#\/schema\/logo\/image\/","url":"https:\/\/permbledhja.com\/wp-content\/uploads\/2021\/12\/07-Press-Logo.jpg","contentUrl":"https:\/\/permbledhja.com\/wp-content\/uploads\/2021\/12\/07-Press-Logo.jpg","width":512,"height":512,"caption":"MK Media & Pr"},"image":{"@id":"https:\/\/permbledhja.com\/#\/schema\/logo\/image\/"},"sameAs":["https:\/\/www.facebook.com\/press07\/"]},{"@type":"Person","@id":"https:\/\/permbledhja.com\/#\/schema\/person\/0d064377258d3221e50693947b9eb4fe","name":"P\u00ebrmbledhja","image":{"@type":"ImageObject","inLanguage":"sq","@id":"https:\/\/permbledhja.com\/#\/schema\/person\/image\/","url":"https:\/\/permbledhja.com\/wp-content\/uploads\/2026\/01\/452004717_1040944174702970_8932037511805513407_n-96x96.jpg","contentUrl":"https:\/\/permbledhja.com\/wp-content\/uploads\/2026\/01\/452004717_1040944174702970_8932037511805513407_n-96x96.jpg","caption":"P\u00ebrmbledhja"},"sameAs":["https:\/\/www.facebook.com\/kafexhiu.muharrem\/","https:\/\/www.instagram.com\/muharrem_kafexhiu\/"],"url":"https:\/\/permbledhja.com\/sq\/author\/admin\/"}]}},"_links":{"self":[{"href":"https:\/\/permbledhja.com\/sq\/wp-json\/wp\/v2\/posts\/16675"}],"collection":[{"href":"https:\/\/permbledhja.com\/sq\/wp-json\/wp\/v2\/posts"}],"about":[{"href":"https:\/\/permbledhja.com\/sq\/wp-json\/wp\/v2\/types\/post"}],"author":[{"embeddable":true,"href":"https:\/\/permbledhja.com\/sq\/wp-json\/wp\/v2\/users\/1"}],"replies":[{"embeddable":true,"href":"https:\/\/permbledhja.com\/sq\/wp-json\/wp\/v2\/comments?post=16675"}],"version-history":[{"count":1,"href":"https:\/\/permbledhja.com\/sq\/wp-json\/wp\/v2\/posts\/16675\/revisions"}],"predecessor-version":[{"id":16677,"href":"https:\/\/permbledhja.com\/sq\/wp-json\/wp\/v2\/posts\/16675\/revisions\/16677"}],"wp:featuredmedia":[{"embeddable":true,"href":"https:\/\/permbledhja.com\/sq\/wp-json\/wp\/v2\/media\/16676"}],"wp:attachment":[{"href":"https:\/\/permbledhja.com\/sq\/wp-json\/wp\/v2\/media?parent=16675"}],"wp:term":[{"taxonomy":"category","embeddable":true,"href":"https:\/\/permbledhja.com\/sq\/wp-json\/wp\/v2\/categories?post=16675"},{"taxonomy":"post_tag","embeddable":true,"href":"https:\/\/permbledhja.com\/sq\/wp-json\/wp\/v2\/tags?post=16675"}],"curies":[{"name":"wp","href":"https:\/\/api.w.org\/{rel}","templated":true}]}}