{"id":16534,"date":"2023-06-17T10:56:04","date_gmt":"2023-06-17T10:56:04","guid":{"rendered":"https:\/\/permbledhja.com\/?p=16534"},"modified":"2023-06-17T10:56:04","modified_gmt":"2023-06-17T10:56:04","slug":"si-asnjehere-me-pare-liqeni-i-badocit-arrin-nivelin-maksimal-me-uje","status":"publish","type":"post","link":"https:\/\/permbledhja.com\/sq\/si-asnjehere-me-pare-liqeni-i-badocit-arrin-nivelin-maksimal-me-uje\/","title":{"rendered":"Si asnj\u00ebher\u00eb m\u00eb par\u00eb, Liqeni i Badocit arrin nivelin maksimal me uj\u00eb"},"content":{"rendered":"<h3>K\u00ebto dit\u00eb t\u00eb reshurat e shiut kan\u00eb b\u00ebr\u00eb q\u00eb n\u00eb disa zon\u00eb t\u00eb Kosov\u00ebs t\u00eb ket\u00eb v\u00ebrshime t\u00eb m\u00ebdha, por t\u00eb reshurat e shiut kan\u00eb edhe an\u00ebn pozitive, pasi n\u00eb liqenin e Badocit \u00ebsht\u00eb arritur niveli maksimal kap\u00ebrderdh\u00ebs.<\/h3>\n<p>N\u00eb disa postime n\u00eb rrjetin social n\u00eb Facebook t\u00eb Uj\u00ebsjell\u00ebsi Rajonal \u201cPrishtina\u201d \u00ebsht\u00eb b\u00ebr\u00eb e ditur se nga t\u00eb reshurat e shiut \u00ebsht\u00eb arritur niveli maksimal i ujit n\u00eb liqenin e Badovcit.<\/p>\n<p><em>\u201cLajm fantastik, liqeni i Badocit pas nj\u00eb periudhe t\u00eb gjat\u00eb, arriti nivelin maksimal kap\u00ebrderdh\u00ebs\u201d<\/em><\/p>\n<p><em>\u201cLiqeni i Badocit, p\u00ebr her\u00eb t\u00eb fundit ka arritur nivelin maksimal t\u00eb kap\u00ebrderdhjes n\u00eb fund t\u00eb muajit Maj 2016, nd\u00ebrsa n\u00eb vitin 2018 kishin mbetur edhe 15 cm t\u00eb arrij\u00eb kap\u00ebrderdhjen. Pra, n\u00eb k\u00ebt\u00eb nivel si sot ka qen\u00eb n\u00eb vitin 2016\u201d<\/em>, thuhet n\u00eb postimin Uj\u00ebsjell\u00ebsit Rajonal \u201cPrishtina\u201d.<\/p>\n<p>Ndryshe, nj\u00eb nga komunat e cila \u00ebsht\u00eb p\u00ebrball\u00eb me situat\u00eb t\u00eb r\u00ebnduar pas t\u00eb reshurave t\u00eb shumta \u00ebsht\u00eb Vushtrria.<\/p>\n<p>Si rrjedhoj\u00eb e situat\u00ebs s\u00eb krijuar t\u00eb enjten dhe t\u00eb premten nuk \u00ebsht\u00eb mbajtur procesi m\u00ebsimor n\u00eb k\u00ebt\u00eb komun\u00eb.<\/p>\n<p><iframe loading=\"lazy\" style=\"border: none; overflow: hidden;\" src=\"https:\/\/www.facebook.com\/plugins\/video.php?height=476&amp;href=https%3A%2F%2Fwww.facebook.com%2Fkurprishtina%2Fvideos%2F578366421111836%2F&amp;show_text=true&amp;width=268&amp;t=0\" width=\"268\" height=\"591\" frameborder=\"0\" scrolling=\"no\" allowfullscreen=\"allowfullscreen\"><\/iframe><\/p>\n","protected":false},"excerpt":{"rendered":"<p>K\u00ebto dit\u00eb t\u00eb reshurat e shiut kan\u00eb b\u00ebr\u00eb q\u00eb n\u00eb disa zon\u00eb t\u00eb Kosov\u00ebs t\u00eb ket\u00eb v\u00ebrshime t\u00eb m\u00ebdha, por t\u00eb reshurat e shiut kan\u00eb edhe an\u00ebn pozitive, pasi n\u00eb liqenin e Badocit \u00ebsht\u00eb arritur niveli maksimal kap\u00ebrderdh\u00ebs. N\u00eb disa postime n\u00eb rrjetin social n\u00eb Facebook t\u00eb Uj\u00ebsjell\u00ebsi Rajonal \u201cPrishtina\u201d \u00ebsht\u00eb b\u00ebr\u00eb e ditur se [&hellip;]<\/p>\n","protected":false},"author":1,"featured_media":16535,"comment_status":"closed","ping_status":"closed","sticky":false,"template":"","format":"standard","meta":{"_monsterinsights_skip_tracking":false,"_monsterinsights_sitenote_active":false,"_monsterinsights_sitenote_note":"","_monsterinsights_sitenote_category":0,"_uf_show_specific_survey":0,"_uf_disable_surveys":false,"footnotes":""},"categories":[23,15],"tags":[1944],"yoast_head":"<!-- This site is optimized with the Yoast SEO plugin v21.5 - https:\/\/yoast.com\/wordpress\/plugins\/seo\/ -->\n<title>Si asnj\u00ebher\u00eb m\u00eb par\u00eb, Liqeni i Badocit arrin nivelin maksimal me uj\u00eb<\/title>\n<meta name=\"robots\" content=\"index, follow, max-snippet:-1, max-image-preview:large, max-video-preview:-1\" \/>\n<link rel=\"canonical\" href=\"https:\/\/permbledhja.com\/sq\/si-asnjehere-me-pare-liqeni-i-badocit-arrin-nivelin-maksimal-me-uje\/\" \/>\n<meta property=\"og:locale\" content=\"sq_AL\" \/>\n<meta property=\"og:type\" content=\"article\" \/>\n<meta property=\"og:title\" content=\"Si asnj\u00ebher\u00eb m\u00eb par\u00eb, Liqeni i Badocit arrin nivelin maksimal me uj\u00eb\" \/>\n<meta property=\"og:description\" content=\"K\u00ebto dit\u00eb t\u00eb reshurat e shiut kan\u00eb b\u00ebr\u00eb q\u00eb n\u00eb disa zon\u00eb t\u00eb Kosov\u00ebs t\u00eb ket\u00eb v\u00ebrshime t\u00eb m\u00ebdha, por t\u00eb reshurat e shiut kan\u00eb edhe an\u00ebn pozitive, pasi n\u00eb liqenin e Badocit \u00ebsht\u00eb arritur niveli maksimal kap\u00ebrderdh\u00ebs. N\u00eb disa postime n\u00eb rrjetin social n\u00eb Facebook t\u00eb Uj\u00ebsjell\u00ebsi Rajonal \u201cPrishtina\u201d \u00ebsht\u00eb b\u00ebr\u00eb e ditur se [&hellip;]\" \/>\n<meta property=\"og:url\" content=\"https:\/\/permbledhja.com\/sq\/si-asnjehere-me-pare-liqeni-i-badocit-arrin-nivelin-maksimal-me-uje\/\" \/>\n<meta property=\"og:site_name\" content=\"Ve\u00e7 artikuj p\u00ebrmbledh\u00ebs\" \/>\n<meta property=\"article:publisher\" content=\"https:\/\/www.facebook.com\/press07\/\" \/>\n<meta property=\"article:author\" content=\"https:\/\/www.facebook.com\/kafexhiu.muharrem\/\" \/>\n<meta property=\"article:published_time\" content=\"2023-06-17T10:56:04+00:00\" \/>\n<meta property=\"og:image\" content=\"https:\/\/permbledhja.com\/wp-content\/uploads\/2023\/06\/pija-e1686992033816-1130x635-1.jpg\" \/>\n\t<meta property=\"og:image:width\" content=\"1130\" \/>\n\t<meta property=\"og:image:height\" content=\"635\" \/>\n\t<meta property=\"og:image:type\" content=\"image\/jpeg\" \/>\n<meta name=\"author\" content=\"P\u00ebrmbledhja\" \/>\n<meta name=\"twitter:card\" content=\"summary_large_image\" \/>\n<meta name=\"twitter:label1\" content=\"Written by\" \/>\n\t<meta name=\"twitter:data1\" content=\"P\u00ebrmbledhja\" \/>\n\t<meta name=\"twitter:label2\" content=\"Est. reading time\" \/>\n\t<meta name=\"twitter:data2\" content=\"1 minut\u00eb\" \/>\n<script type=\"application\/ld+json\" class=\"yoast-schema-graph\">{\"@context\":\"https:\/\/schema.org\",\"@graph\":[{\"@type\":\"Article\",\"@id\":\"https:\/\/permbledhja.com\/si-asnjehere-me-pare-liqeni-i-badocit-arrin-nivelin-maksimal-me-uje\/#article\",\"isPartOf\":{\"@id\":\"https:\/\/permbledhja.com\/si-asnjehere-me-pare-liqeni-i-badocit-arrin-nivelin-maksimal-me-uje\/\"},\"author\":{\"name\":\"P\u00ebrmbledhja\",\"@id\":\"https:\/\/permbledhja.com\/#\/schema\/person\/0d064377258d3221e50693947b9eb4fe\"},\"headline\":\"Si asnj\u00ebher\u00eb m\u00eb par\u00eb, Liqeni i Badocit arrin nivelin maksimal me uj\u00eb\",\"datePublished\":\"2023-06-17T10:56:04+00:00\",\"dateModified\":\"2023-06-17T10:56:04+00:00\",\"mainEntityOfPage\":{\"@id\":\"https:\/\/permbledhja.com\/si-asnjehere-me-pare-liqeni-i-badocit-arrin-nivelin-maksimal-me-uje\/\"},\"wordCount\":204,\"publisher\":{\"@id\":\"https:\/\/permbledhja.com\/#organization\"},\"keywords\":[\"Liqeni i Badovcit\"],\"articleSection\":[\"Komb\u00ebtare\",\"Lajme\"],\"inLanguage\":\"sq\"},{\"@type\":\"WebPage\",\"@id\":\"https:\/\/permbledhja.com\/si-asnjehere-me-pare-liqeni-i-badocit-arrin-nivelin-maksimal-me-uje\/\",\"url\":\"https:\/\/permbledhja.com\/si-asnjehere-me-pare-liqeni-i-badocit-arrin-nivelin-maksimal-me-uje\/\",\"name\":\"Si asnj\u00ebher\u00eb m\u00eb par\u00eb, Liqeni i Badocit arrin nivelin maksimal me uj\u00eb\",\"isPartOf\":{\"@id\":\"https:\/\/permbledhja.com\/#website\"},\"datePublished\":\"2023-06-17T10:56:04+00:00\",\"dateModified\":\"2023-06-17T10:56:04+00:00\",\"breadcrumb\":{\"@id\":\"https:\/\/permbledhja.com\/si-asnjehere-me-pare-liqeni-i-badocit-arrin-nivelin-maksimal-me-uje\/#breadcrumb\"},\"inLanguage\":\"sq\",\"potentialAction\":[{\"@type\":\"ReadAction\",\"target\":[\"https:\/\/permbledhja.com\/si-asnjehere-me-pare-liqeni-i-badocit-arrin-nivelin-maksimal-me-uje\/\"]}]},{\"@type\":\"BreadcrumbList\",\"@id\":\"https:\/\/permbledhja.com\/si-asnjehere-me-pare-liqeni-i-badocit-arrin-nivelin-maksimal-me-uje\/#breadcrumb\",\"itemListElement\":[{\"@type\":\"ListItem\",\"position\":1,\"name\":\"Ballina\",\"item\":\"https:\/\/permbledhja.com\/sq\/\"},{\"@type\":\"ListItem\",\"position\":2,\"name\":\"Si asnj\u00ebher\u00eb m\u00eb par\u00eb, Liqeni i Badocit arrin nivelin maksimal me uj\u00eb\"}]},{\"@type\":\"WebSite\",\"@id\":\"https:\/\/permbledhja.com\/#website\",\"url\":\"https:\/\/permbledhja.com\/\",\"name\":\"Ve\u00e7 artikuj p\u00ebrmbledh\u00ebs\",\"description\":\"\",\"publisher\":{\"@id\":\"https:\/\/permbledhja.com\/#organization\"},\"potentialAction\":[{\"@type\":\"SearchAction\",\"target\":{\"@type\":\"EntryPoint\",\"urlTemplate\":\"https:\/\/permbledhja.com\/?s={search_term_string}\"},\"query-input\":\"required name=search_term_string\"}],\"inLanguage\":\"sq\"},{\"@type\":\"Organization\",\"@id\":\"https:\/\/permbledhja.com\/#organization\",\"name\":\"MK Media & Pr\",\"url\":\"https:\/\/permbledhja.com\/\",\"logo\":{\"@type\":\"ImageObject\",\"inLanguage\":\"sq\",\"@id\":\"https:\/\/permbledhja.com\/#\/schema\/logo\/image\/\",\"url\":\"https:\/\/permbledhja.com\/wp-content\/uploads\/2021\/12\/07-Press-Logo.jpg\",\"contentUrl\":\"https:\/\/permbledhja.com\/wp-content\/uploads\/2021\/12\/07-Press-Logo.jpg\",\"width\":512,\"height\":512,\"caption\":\"MK Media & Pr\"},\"image\":{\"@id\":\"https:\/\/permbledhja.com\/#\/schema\/logo\/image\/\"},\"sameAs\":[\"https:\/\/www.facebook.com\/press07\/\"]},{\"@type\":\"Person\",\"@id\":\"https:\/\/permbledhja.com\/#\/schema\/person\/0d064377258d3221e50693947b9eb4fe\",\"name\":\"P\u00ebrmbledhja\",\"image\":{\"@type\":\"ImageObject\",\"inLanguage\":\"sq\",\"@id\":\"https:\/\/permbledhja.com\/#\/schema\/person\/image\/\",\"url\":\"https:\/\/permbledhja.com\/wp-content\/uploads\/2026\/01\/452004717_1040944174702970_8932037511805513407_n-96x96.jpg\",\"contentUrl\":\"https:\/\/permbledhja.com\/wp-content\/uploads\/2026\/01\/452004717_1040944174702970_8932037511805513407_n-96x96.jpg\",\"caption\":\"P\u00ebrmbledhja\"},\"sameAs\":[\"https:\/\/www.facebook.com\/kafexhiu.muharrem\/\",\"https:\/\/www.instagram.com\/muharrem_kafexhiu\/\"],\"url\":\"https:\/\/permbledhja.com\/sq\/author\/admin\/\"}]}<\/script>\n<!-- \/ Yoast SEO plugin. -->","yoast_head_json":{"title":"Si asnj\u00ebher\u00eb m\u00eb par\u00eb, Liqeni i Badocit arrin nivelin maksimal me uj\u00eb","robots":{"index":"index","follow":"follow","max-snippet":"max-snippet:-1","max-image-preview":"max-image-preview:large","max-video-preview":"max-video-preview:-1"},"canonical":"https:\/\/permbledhja.com\/sq\/si-asnjehere-me-pare-liqeni-i-badocit-arrin-nivelin-maksimal-me-uje\/","og_locale":"sq_AL","og_type":"article","og_title":"Si asnj\u00ebher\u00eb m\u00eb par\u00eb, Liqeni i Badocit arrin nivelin maksimal me uj\u00eb","og_description":"K\u00ebto dit\u00eb t\u00eb reshurat e shiut kan\u00eb b\u00ebr\u00eb q\u00eb n\u00eb disa zon\u00eb t\u00eb Kosov\u00ebs t\u00eb ket\u00eb v\u00ebrshime t\u00eb m\u00ebdha, por t\u00eb reshurat e shiut kan\u00eb edhe an\u00ebn pozitive, pasi n\u00eb liqenin e Badocit \u00ebsht\u00eb arritur niveli maksimal kap\u00ebrderdh\u00ebs. N\u00eb disa postime n\u00eb rrjetin social n\u00eb Facebook t\u00eb Uj\u00ebsjell\u00ebsi Rajonal \u201cPrishtina\u201d \u00ebsht\u00eb b\u00ebr\u00eb e ditur se [&hellip;]","og_url":"https:\/\/permbledhja.com\/sq\/si-asnjehere-me-pare-liqeni-i-badocit-arrin-nivelin-maksimal-me-uje\/","og_site_name":"Ve\u00e7 artikuj p\u00ebrmbledh\u00ebs","article_publisher":"https:\/\/www.facebook.com\/press07\/","article_author":"https:\/\/www.facebook.com\/kafexhiu.muharrem\/","article_published_time":"2023-06-17T10:56:04+00:00","og_image":[{"width":1130,"height":635,"url":"https:\/\/permbledhja.com\/wp-content\/uploads\/2023\/06\/pija-e1686992033816-1130x635-1.jpg","type":"image\/jpeg"}],"author":"P\u00ebrmbledhja","twitter_card":"summary_large_image","twitter_misc":{"Written by":"P\u00ebrmbledhja","Est. reading time":"1 minut\u00eb"},"schema":{"@context":"https:\/\/schema.org","@graph":[{"@type":"Article","@id":"https:\/\/permbledhja.com\/si-asnjehere-me-pare-liqeni-i-badocit-arrin-nivelin-maksimal-me-uje\/#article","isPartOf":{"@id":"https:\/\/permbledhja.com\/si-asnjehere-me-pare-liqeni-i-badocit-arrin-nivelin-maksimal-me-uje\/"},"author":{"name":"P\u00ebrmbledhja","@id":"https:\/\/permbledhja.com\/#\/schema\/person\/0d064377258d3221e50693947b9eb4fe"},"headline":"Si asnj\u00ebher\u00eb m\u00eb par\u00eb, Liqeni i Badocit arrin nivelin maksimal me uj\u00eb","datePublished":"2023-06-17T10:56:04+00:00","dateModified":"2023-06-17T10:56:04+00:00","mainEntityOfPage":{"@id":"https:\/\/permbledhja.com\/si-asnjehere-me-pare-liqeni-i-badocit-arrin-nivelin-maksimal-me-uje\/"},"wordCount":204,"publisher":{"@id":"https:\/\/permbledhja.com\/#organization"},"keywords":["Liqeni i Badovcit"],"articleSection":["Komb\u00ebtare","Lajme"],"inLanguage":"sq"},{"@type":"WebPage","@id":"https:\/\/permbledhja.com\/si-asnjehere-me-pare-liqeni-i-badocit-arrin-nivelin-maksimal-me-uje\/","url":"https:\/\/permbledhja.com\/si-asnjehere-me-pare-liqeni-i-badocit-arrin-nivelin-maksimal-me-uje\/","name":"Si asnj\u00ebher\u00eb m\u00eb par\u00eb, Liqeni i Badocit arrin nivelin maksimal me uj\u00eb","isPartOf":{"@id":"https:\/\/permbledhja.com\/#website"},"datePublished":"2023-06-17T10:56:04+00:00","dateModified":"2023-06-17T10:56:04+00:00","breadcrumb":{"@id":"https:\/\/permbledhja.com\/si-asnjehere-me-pare-liqeni-i-badocit-arrin-nivelin-maksimal-me-uje\/#breadcrumb"},"inLanguage":"sq","potentialAction":[{"@type":"ReadAction","target":["https:\/\/permbledhja.com\/si-asnjehere-me-pare-liqeni-i-badocit-arrin-nivelin-maksimal-me-uje\/"]}]},{"@type":"BreadcrumbList","@id":"https:\/\/permbledhja.com\/si-asnjehere-me-pare-liqeni-i-badocit-arrin-nivelin-maksimal-me-uje\/#breadcrumb","itemListElement":[{"@type":"ListItem","position":1,"name":"Ballina","item":"https:\/\/permbledhja.com\/sq\/"},{"@type":"ListItem","position":2,"name":"Si asnj\u00ebher\u00eb m\u00eb par\u00eb, Liqeni i Badocit arrin nivelin maksimal me uj\u00eb"}]},{"@type":"WebSite","@id":"https:\/\/permbledhja.com\/#website","url":"https:\/\/permbledhja.com\/","name":"Ve\u00e7 artikuj p\u00ebrmbledh\u00ebs","description":"","publisher":{"@id":"https:\/\/permbledhja.com\/#organization"},"potentialAction":[{"@type":"SearchAction","target":{"@type":"EntryPoint","urlTemplate":"https:\/\/permbledhja.com\/?s={search_term_string}"},"query-input":"required name=search_term_string"}],"inLanguage":"sq"},{"@type":"Organization","@id":"https:\/\/permbledhja.com\/#organization","name":"MK Media & Pr","url":"https:\/\/permbledhja.com\/","logo":{"@type":"ImageObject","inLanguage":"sq","@id":"https:\/\/permbledhja.com\/#\/schema\/logo\/image\/","url":"https:\/\/permbledhja.com\/wp-content\/uploads\/2021\/12\/07-Press-Logo.jpg","contentUrl":"https:\/\/permbledhja.com\/wp-content\/uploads\/2021\/12\/07-Press-Logo.jpg","width":512,"height":512,"caption":"MK Media & Pr"},"image":{"@id":"https:\/\/permbledhja.com\/#\/schema\/logo\/image\/"},"sameAs":["https:\/\/www.facebook.com\/press07\/"]},{"@type":"Person","@id":"https:\/\/permbledhja.com\/#\/schema\/person\/0d064377258d3221e50693947b9eb4fe","name":"P\u00ebrmbledhja","image":{"@type":"ImageObject","inLanguage":"sq","@id":"https:\/\/permbledhja.com\/#\/schema\/person\/image\/","url":"https:\/\/permbledhja.com\/wp-content\/uploads\/2026\/01\/452004717_1040944174702970_8932037511805513407_n-96x96.jpg","contentUrl":"https:\/\/permbledhja.com\/wp-content\/uploads\/2026\/01\/452004717_1040944174702970_8932037511805513407_n-96x96.jpg","caption":"P\u00ebrmbledhja"},"sameAs":["https:\/\/www.facebook.com\/kafexhiu.muharrem\/","https:\/\/www.instagram.com\/muharrem_kafexhiu\/"],"url":"https:\/\/permbledhja.com\/sq\/author\/admin\/"}]}},"_links":{"self":[{"href":"https:\/\/permbledhja.com\/sq\/wp-json\/wp\/v2\/posts\/16534"}],"collection":[{"href":"https:\/\/permbledhja.com\/sq\/wp-json\/wp\/v2\/posts"}],"about":[{"href":"https:\/\/permbledhja.com\/sq\/wp-json\/wp\/v2\/types\/post"}],"author":[{"embeddable":true,"href":"https:\/\/permbledhja.com\/sq\/wp-json\/wp\/v2\/users\/1"}],"replies":[{"embeddable":true,"href":"https:\/\/permbledhja.com\/sq\/wp-json\/wp\/v2\/comments?post=16534"}],"version-history":[{"count":1,"href":"https:\/\/permbledhja.com\/sq\/wp-json\/wp\/v2\/posts\/16534\/revisions"}],"predecessor-version":[{"id":16536,"href":"https:\/\/permbledhja.com\/sq\/wp-json\/wp\/v2\/posts\/16534\/revisions\/16536"}],"wp:featuredmedia":[{"embeddable":true,"href":"https:\/\/permbledhja.com\/sq\/wp-json\/wp\/v2\/media\/16535"}],"wp:attachment":[{"href":"https:\/\/permbledhja.com\/sq\/wp-json\/wp\/v2\/media?parent=16534"}],"wp:term":[{"taxonomy":"category","embeddable":true,"href":"https:\/\/permbledhja.com\/sq\/wp-json\/wp\/v2\/categories?post=16534"},{"taxonomy":"post_tag","embeddable":true,"href":"https:\/\/permbledhja.com\/sq\/wp-json\/wp\/v2\/tags?post=16534"}],"curies":[{"name":"wp","href":"https:\/\/api.w.org\/{rel}","templated":true}]}}