{"id":16520,"date":"2023-06-17T09:09:24","date_gmt":"2023-06-17T09:09:24","guid":{"rendered":"https:\/\/permbledhja.com\/?p=16520"},"modified":"2023-06-17T09:09:24","modified_gmt":"2023-06-17T09:09:24","slug":"nuk-ka-sinjale-per-bllokim-te-anetaresimit-te-kosoves-ne-kie-javen-e-ardhshme-caktohen-raportuesit","status":"publish","type":"post","link":"https:\/\/permbledhja.com\/sq\/nuk-ka-sinjale-per-bllokim-te-anetaresimit-te-kosoves-ne-kie-javen-e-ardhshme-caktohen-raportuesit\/","title":{"rendered":"&#8220;Nuk ka sinjale p\u00ebr bllokim t\u00eb an\u00ebtar\u00ebsimit t\u00eb Kosov\u00ebs n\u00eb KiE, jav\u00ebn e ardhshme caktohen raportuesit&#8221;"},"content":{"rendered":"<h3>Jav\u00ebn e ardhshme pritet t\u00eb caktohen raportuesit p\u00ebr Kosov\u00ebn nga K\u00ebshilli i Evrop\u00ebs (KiE), pas kalimit t\u00eb faz\u00ebs s\u00eb par\u00eb p\u00ebr an\u00ebtar\u00ebsim n\u00eb KiE m\u00eb 24 prill.<\/h3>\n<p>Jav\u00ebn e ardhshme pritet t\u00eb caktohen raportuesit p\u00ebr Kosov\u00ebn nga K\u00ebshilli i Evrop\u00ebs (KiE), pas kalimit t\u00eb faz\u00ebs s\u00eb par\u00eb p\u00ebr an\u00ebtar\u00ebsim n\u00eb KiE m\u00eb 24 prill. T\u00eb nj\u00ebjtit pritet t\u00eb vijn\u00eb n\u00eb Kosov\u00eb dhe t\u00eb hartojn\u00eb raporte p\u00ebr \u00e7\u00ebshtjet juridike, politike dhe p\u00ebr barazi e t\u00eb drejtat e komuniteteve. Nd\u00ebrkaq, ve\u00e7se jan\u00eb caktuar dy jurist\u00eb q\u00eb nuk jan\u00eb deputet\u00eb n\u00eb Asamblen\u00eb Parlamentare t\u00eb KiE-s\u00eb t\u00eb cil\u00ebt do t\u00eb b\u00ebjn\u00eb raportin e par\u00eb p\u00ebr Kosov\u00ebn n\u00eb lidhje me kushtetutshm\u00ebrin\u00eb dhe t\u00eb drejtat e minoriteteve.<\/p>\n<p>N\u00eb MPJD jan\u00eb optimist\u00eb se Kosova do t\u00eb kaloj\u00eb edhe fazat e radh\u00ebs p\u00ebr an\u00ebtar\u00ebsimin e plot\u00eb n\u00eb k\u00ebt\u00eb institucion nd\u00ebrkomb\u00ebtar, derisa thon\u00eb se s\u2019kan\u00eb asnj\u00eb sinjal se zhvillimet e fundit n\u00eb Kosov\u00eb do t\u00eb stopojn\u00eb procedurat e an\u00ebtar\u00ebsimit t\u00eb Kosov\u00ebs n\u00eb KiE.<\/p>\n<p>Z\u00ebvend\u00ebsministri i Pun\u00ebve t\u00eb Jashtme, Kreshnik Ahmeti, thot\u00eb p\u00ebr KosovaPress se pas caktimit t\u00eb raportuesve p\u00ebr Kosov\u00ebn, n\u00eb mbledhjen e radh\u00ebs t\u00eb Asambles\u00eb Parlamentare t\u00eb K\u00ebshillit t\u00eb Evrop\u00ebs, situata e an\u00ebtar\u00ebsimit n\u00eb k\u00ebt\u00eb institucion do t\u00eb jet\u00eb m\u00eb e qart\u00eb.<\/p>\n<p>Sidoqoft\u00eb, ai thekson se lobimi i tyre \u00ebsht\u00eb q\u00eb procesi i an\u00ebtar\u00ebsimit t\u00eb shkoj\u00eb sa m\u00eb shpejt q\u00eb t\u00eb jet\u00eb e mundur, por gjithmon\u00eb duke u bazuar n\u00eb meritokraci dhe jo t\u00eb nd\u00ebrlidhet me \u00e7\u00ebshtje t\u00eb tjera q\u00eb nuk kan\u00eb t\u00eb b\u00ebjn\u00eb me K\u00ebshillin e Evrop\u00ebs.<\/p>\n<p>\u201cTashm\u00eb jan\u00eb caktuar dy jurist\u00eb eminent\u00eb t\u00eb cil\u00ebt nuk jan\u00eb deputet\u00eb n\u00eb Asamblen\u00eb Parlamentare, por jan\u00eb gjyqtar\u00eb kredibil\u00eb nd\u00ebrkomb\u00ebtar\u00eb, t\u00eb cil\u00ebt duhet t\u00eb b\u00ebjn\u00eb raportin e par\u00eb p\u00ebr Kosov\u00ebn. K\u00ebta jan\u00eb caktuar tashm\u00eb dhe pritet q\u00eb k\u00ebta t\u00eb realizojn\u00eb nj\u00eb raport n\u00eb lidhje me kushtetutshm\u00ebrin\u00eb dhe t\u00eb drejtat e minoriteteve. Ne e dim\u00eb se kemi nj\u00eb Kushtetut\u00eb mjaft progresive, m\u00eb progresiven n\u00eb Evrop\u00eb p\u00ebr t\u00eb drejtat e minoriteteve. Jemi shum\u00eb p\u00ebrpara se shumica e vendeve q\u00eb jan\u00eb an\u00ebtare t\u00eb K\u00ebshillit t\u00eb Evrop\u00ebs. Nd\u00ebrsa p\u00ebr tri komitetet t\u00eb cilat do t\u00eb b\u00ebjn\u00eb raportet e tjera, Komiteti p\u00ebr \u00c7\u00ebshtje Juridike, Komiteti p\u00ebr Barazi dhe t\u00eb Drejtat e Minoriteteve dhe raporti kryesor q\u00eb b\u00ebhet p\u00ebr \u00e7\u00ebshtje politike, presim q\u00eb raportuesit p\u00ebr k\u00ebto tri komitete t\u00eb caktohen gjat\u00eb jav\u00ebs s\u00eb ardhshme&#8230; Besoj q\u00eb pas jav\u00ebs s\u00eb ardhshme situata do t\u00eb jet\u00eb m\u00eb e qart\u00eb. Lobimi yn\u00eb \u00ebsht\u00eb q\u00eb procesi t\u00eb shkoj\u00eb s\u00eb m\u00eb shpejt q\u00eb t\u00eb jet\u00eb e mundur, por pa e humbur kredibilitetin e vet procesit. Jemi t\u00eb interesuar t\u00eb p\u00ebrballemi me \u00e7\u00ebshtjet q\u00eb cilat duhet t\u00eb p\u00ebrballemi dhe t\u00eb jet\u00eb nj\u00eb proces i bazuar n\u00eb meritokraci, por assesi t\u00eb nd\u00ebrlidhet me \u00e7\u00ebshtje t\u00eb tjera t\u00eb cilat nuk kan\u00eb t\u00eb b\u00ebjn\u00eb me K\u00ebshillin e Evrop\u00ebs\u201d, thot\u00eb Ahmeti p\u00ebr KosovaPress.<\/p>\n<p>Ahmeti shton se procesi i an\u00ebtar\u00ebsimit n\u00eb K\u00ebshillin e Evrop\u00ebs ka t\u00eb b\u00ebj\u00eb me kriteret e demokracis\u00eb, drejt\u00ebsis\u00eb dhe sundimit t\u00eb ligjit, n\u00eb t\u00eb cilat sipas tij, Kosova ka p\u00ebrparim t\u00eb jasht\u00ebzakonsh\u00ebm n\u00eb k\u00ebto fusha.<\/p>\n<p>Andaj, ai thot\u00eb se tensionimi i situat\u00ebs n\u00eb veri dhe raportimet p\u00ebr masa shtr\u00ebnguese t\u00eb BE-s\u00eb ndaj Kosov\u00ebs nuk duhet t\u00eb ndikojn\u00eb n\u00eb procesin e an\u00ebtar\u00ebsimit t\u00eb Kosov\u00ebs n\u00eb KiE.<\/p>\n<p>\u201cNuk kemi asnj\u00eb sinjal nga K\u00ebshilli i Evrop\u00ebs, p\u00ebrfaq\u00ebsuesit q\u00eb jan\u00eb n\u00eb Asamblen\u00eb Parlamentare q\u00eb do t\u00eb ket\u00eb prolongim. P\u00ebrkundrazi ajo \u00e7ka kemi pa tek Asambleja Parlamentare \u00ebsht\u00eb se jan\u00eb nd\u00ebrmarr\u00eb hapat menj\u00ebher\u00eb. Si\u00e7 e p\u00ebrmenda me 24 prill \u00ebsht\u00eb b\u00ebr\u00eb votimi n\u00eb faz\u00ebn e par\u00eb n\u00eb Komitet t\u00eb Ministrave, m\u00eb 28 prill menj\u00ebher\u00eb ka filluar procedura n\u00eb Asamblen\u00eb Parlamentare. Standardet dhe kriteret e K\u00ebshillit t\u00eb Evrop\u00ebs kan\u00eb t\u00eb b\u00ebjn\u00eb me demokracin\u00eb, drejt\u00ebsin\u00eb dhe sundimin e ligjit&#8230;(Kosova) \u00cbsht\u00eb duke pasur nj\u00eb p\u00ebrparim t\u00eb jasht\u00ebzakonsh\u00ebm n\u00eb k\u00ebto tri fusha, kjo nuk \u00ebsht\u00eb di\u00e7ka q\u00eb po sh\u00ebnohet dhe thuhet vet\u00ebm nga institucionet e qeveris\u00eb, por edhe nga organizatat e pavarura nd\u00ebrkomb\u00ebtare\u201d, thekon Ahmeti.<\/p>\n<p>N\u00eb an\u00ebn tjet\u00ebr, njoh\u00ebsi i marr\u00ebdh\u00ebnieve nd\u00ebrkomb\u00ebtare, Dorajet Imeri, thot\u00eb p\u00ebr KosovaPress se situata politike n\u00eb Kosov\u00eb dhe acarimi i raporteve t\u00eb Kosov\u00ebs me aleat\u00ebt nd\u00ebrkomb\u00ebtar\u00eb mund t\u00eb ndikoj\u00eb n\u00eb t\u00ebr\u00eb procesin e an\u00ebtar\u00ebsimit t\u00eb Kosov\u00ebs n\u00eb K\u00ebshillin e Evrop\u00ebs.<\/p>\n<p>Ai thot\u00eb se procesi i kalimit t\u00eb fazave t\u00eb tjera p\u00ebr an\u00ebtar\u00ebsim n\u00eb KiE do t\u00eb jet\u00eb i v\u00ebshtir\u00eb p\u00ebr Kosov\u00ebn, por shton se institucionet duhet t\u00eb angazhohen intensivisht n\u00eb procesin e lobimit p\u00ebr t\u00eb siguruar mb\u00ebshtetjen e shteteve an\u00ebtare n\u00eb fazat vijuese.<\/p>\n<p>\u201cKosova e ka kaluar tashm\u00eb faz\u00ebn e par\u00eb n\u00eb procesin e saj t\u00eb an\u00ebtar\u00ebsimit n\u00eb K\u00ebshillin e Evrop\u00ebs. Natyrisht se kjo faz\u00eb nuk n\u00ebnkupton se Kosova do t\u00eb ket\u00eb t\u00eb leht\u00eb rrug\u00ebn e saj p\u00ebr an\u00ebtar\u00ebsimin e plot\u00eb. Procesi i an\u00ebtar\u00ebsimit \u00ebsht\u00eb kompleks p\u00ebr shkakun se disa nga shtetet q\u00eb kan\u00eb votuar kund\u00ebr, vazhdojn\u00eb akoma t\u00eb ken\u00eb q\u00ebndrimin e nj\u00ebjt\u00eb edhe n\u00eb faz\u00ebn vijuese. Sido q\u00eb t\u00eb jet\u00eb ky num\u00ebr \u00ebsht\u00eb i vog\u00ebl n\u00eb raport me at\u00eb q\u00eb e kan\u00eb p\u00ebrkrahur p\u00ebr an\u00ebtar\u00ebsimin e K\u00ebshillit e Evrop\u00ebs. Situata politike n\u00eb veriun e vendit mund t\u00eb lidhet n\u00eb nj\u00eb form\u00eb me t\u00eb gjith\u00eb procesin. Natyrisht se K\u00ebshilli i Evrop\u00ebs synon q\u00eb an\u00ebtar\u00ebt e saj, aq m\u00eb tep\u00ebr ata q\u00eb jan\u00eb n\u00eb proces, t\u00eb ken\u00eb nj\u00eb paqe dhe stabilitet n\u00eb t\u00eb gjith\u00eb territorin e tyre. Por \u00ebsht\u00eb ende her\u00ebt t\u00eb thuhet se K\u00ebshilli i Evrop\u00ebs mund t\u00eb jep nj\u00eb q\u00ebndrim negativ p\u00ebr an\u00ebtar\u00ebsimin e Kosov\u00ebs n\u00eb k\u00ebt\u00eb struktur\u00eb. \u00cbsht\u00eb e r\u00ebnd\u00ebsishme t\u00eb p\u00ebrmendet se ky \u00ebsht\u00eb nj\u00eb proces i ndar\u00eb nga q\u00ebndrimi q\u00eb ka Bashkimi Evropian, jan\u00eb dy institucione t\u00eb ndryshme. Por Kosova duhet t\u00eb vazhdoj\u00eb t\u00eb ket\u00eb rolin e saj n\u00eb procesin e lobimit p\u00ebr sigurimin e mb\u00ebshtetjes n\u00eb faz\u00ebn vijuese\u201d, thekson Imeri.<\/p>\n<p>Kosova ka aplikuar p\u00ebr an\u00ebtar\u00ebsim n\u00eb K\u00ebshillin e Evrop\u00ebs m\u00eb 12 maj t\u00eb vitit 2022. Faz\u00ebn e par\u00eb p\u00ebr an\u00ebtar\u00ebsim n\u00eb k\u00ebt\u00eb institucion e kaloi dy muaj m\u00eb par\u00eb, m\u00eb 24 prill t\u00eb vitit 2023.<\/p>\n<p>Pas hartimit t\u00eb raporteve p\u00ebr Kosov\u00ebn, t\u00eb nj\u00ebjtat pritet t\u00eb shkojn\u00eb p\u00ebr votim n\u00eb Asamblen\u00eb Parlamentare n\u00eb K\u00ebshill t\u00eb Evrop\u00ebs, nd\u00ebrsa si faz\u00eb e fundit p\u00ebr an\u00ebtar\u00ebsim \u00ebsht\u00eb votimi i serish\u00ebm n\u00eb Komitetin p\u00ebr Pun\u00eb t\u00eb Jashtme t\u00eb KiE-s\u00eb, por k\u00ebsaj radhe n\u00eb nivel t\u00eb ministrave.<\/p>\n<p>Bashkimi Evropian vazhdimisht \u00ebsht\u00eb duke paralajm\u00ebruar Kosov\u00ebn p\u00ebr vendosjen e masave shtr\u00ebnguese n\u00eb procesin e saj eurointegrues, p\u00ebr shkak t\u00eb mosdep\u00ebrshkall\u00ebzimit t\u00eb situat\u00ebs n\u00eb veri.<\/p>\n","protected":false},"excerpt":{"rendered":"<p>Jav\u00ebn e ardhshme pritet t\u00eb caktohen raportuesit p\u00ebr Kosov\u00ebn nga K\u00ebshilli i Evrop\u00ebs (KiE), pas kalimit t\u00eb faz\u00ebs s\u00eb par\u00eb p\u00ebr an\u00ebtar\u00ebsim n\u00eb KiE m\u00eb 24 prill. Jav\u00ebn e ardhshme pritet t\u00eb caktohen raportuesit p\u00ebr Kosov\u00ebn nga K\u00ebshilli i Evrop\u00ebs (KiE), pas kalimit t\u00eb faz\u00ebs s\u00eb par\u00eb p\u00ebr an\u00ebtar\u00ebsim n\u00eb KiE m\u00eb 24 prill. T\u00eb [&hellip;]<\/p>\n","protected":false},"author":1,"featured_media":16521,"comment_status":"closed","ping_status":"closed","sticky":false,"template":"","format":"standard","meta":{"_monsterinsights_skip_tracking":false,"_monsterinsights_sitenote_active":false,"_monsterinsights_sitenote_note":"","_monsterinsights_sitenote_category":0,"_uf_show_specific_survey":0,"_uf_disable_surveys":false,"footnotes":""},"categories":[1146],"tags":[1943],"yoast_head":"<!-- This site is optimized with the Yoast SEO plugin v21.5 - https:\/\/yoast.com\/wordpress\/plugins\/seo\/ -->\n<title>&quot;Nuk ka sinjale p\u00ebr bllokim t\u00eb an\u00ebtar\u00ebsimit t\u00eb Kosov\u00ebs n\u00eb KiE, jav\u00ebn e ardhshme caktohen raportuesit&quot;<\/title>\n<meta name=\"robots\" content=\"index, follow, max-snippet:-1, max-image-preview:large, max-video-preview:-1\" \/>\n<link rel=\"canonical\" href=\"https:\/\/permbledhja.com\/sq\/nuk-ka-sinjale-per-bllokim-te-anetaresimit-te-kosoves-ne-kie-javen-e-ardhshme-caktohen-raportuesit\/\" \/>\n<meta property=\"og:locale\" content=\"sq_AL\" \/>\n<meta property=\"og:type\" content=\"article\" \/>\n<meta property=\"og:title\" content=\"&quot;Nuk ka sinjale p\u00ebr bllokim t\u00eb an\u00ebtar\u00ebsimit t\u00eb Kosov\u00ebs n\u00eb KiE, jav\u00ebn e ardhshme caktohen raportuesit&quot;\" \/>\n<meta property=\"og:description\" content=\"Jav\u00ebn e ardhshme pritet t\u00eb caktohen raportuesit p\u00ebr Kosov\u00ebn nga K\u00ebshilli i Evrop\u00ebs (KiE), pas kalimit t\u00eb faz\u00ebs s\u00eb par\u00eb p\u00ebr an\u00ebtar\u00ebsim n\u00eb KiE m\u00eb 24 prill. Jav\u00ebn e ardhshme pritet t\u00eb caktohen raportuesit p\u00ebr Kosov\u00ebn nga K\u00ebshilli i Evrop\u00ebs (KiE), pas kalimit t\u00eb faz\u00ebs s\u00eb par\u00eb p\u00ebr an\u00ebtar\u00ebsim n\u00eb KiE m\u00eb 24 prill. T\u00eb [&hellip;]\" \/>\n<meta property=\"og:url\" content=\"https:\/\/permbledhja.com\/sq\/nuk-ka-sinjale-per-bllokim-te-anetaresimit-te-kosoves-ne-kie-javen-e-ardhshme-caktohen-raportuesit\/\" \/>\n<meta property=\"og:site_name\" content=\"Ve\u00e7 artikuj p\u00ebrmbledh\u00ebs\" \/>\n<meta property=\"article:publisher\" content=\"https:\/\/www.facebook.com\/press07\/\" \/>\n<meta property=\"article:author\" content=\"https:\/\/www.facebook.com\/kafexhiu.muharrem\/\" \/>\n<meta property=\"article:published_time\" content=\"2023-06-17T09:09:24+00:00\" \/>\n<meta property=\"og:image\" content=\"https:\/\/permbledhja.com\/wp-content\/uploads\/2023\/06\/2323.png\" \/>\n\t<meta property=\"og:image:width\" content=\"723\" \/>\n\t<meta property=\"og:image:height\" content=\"422\" \/>\n\t<meta property=\"og:image:type\" content=\"image\/png\" \/>\n<meta name=\"author\" content=\"P\u00ebrmbledhja\" \/>\n<meta name=\"twitter:card\" content=\"summary_large_image\" \/>\n<meta name=\"twitter:label1\" content=\"Written by\" \/>\n\t<meta name=\"twitter:data1\" content=\"P\u00ebrmbledhja\" \/>\n\t<meta name=\"twitter:label2\" content=\"Est. reading time\" \/>\n\t<meta name=\"twitter:data2\" content=\"6 minuta\" \/>\n<script type=\"application\/ld+json\" class=\"yoast-schema-graph\">{\"@context\":\"https:\/\/schema.org\",\"@graph\":[{\"@type\":\"Article\",\"@id\":\"https:\/\/permbledhja.com\/nuk-ka-sinjale-per-bllokim-te-anetaresimit-te-kosoves-ne-kie-javen-e-ardhshme-caktohen-raportuesit\/#article\",\"isPartOf\":{\"@id\":\"https:\/\/permbledhja.com\/nuk-ka-sinjale-per-bllokim-te-anetaresimit-te-kosoves-ne-kie-javen-e-ardhshme-caktohen-raportuesit\/\"},\"author\":{\"name\":\"P\u00ebrmbledhja\",\"@id\":\"https:\/\/permbledhja.com\/#\/schema\/person\/0d064377258d3221e50693947b9eb4fe\"},\"headline\":\"&#8220;Nuk ka sinjale p\u00ebr bllokim t\u00eb an\u00ebtar\u00ebsimit t\u00eb Kosov\u00ebs n\u00eb KiE, jav\u00ebn e ardhshme caktohen raportuesit&#8221;\",\"datePublished\":\"2023-06-17T09:09:24+00:00\",\"dateModified\":\"2023-06-17T09:09:24+00:00\",\"mainEntityOfPage\":{\"@id\":\"https:\/\/permbledhja.com\/nuk-ka-sinjale-per-bllokim-te-anetaresimit-te-kosoves-ne-kie-javen-e-ardhshme-caktohen-raportuesit\/\"},\"wordCount\":1262,\"publisher\":{\"@id\":\"https:\/\/permbledhja.com\/#organization\"},\"keywords\":[\"KiE\"],\"articleSection\":[\"Kryesoret\"],\"inLanguage\":\"sq\"},{\"@type\":\"WebPage\",\"@id\":\"https:\/\/permbledhja.com\/nuk-ka-sinjale-per-bllokim-te-anetaresimit-te-kosoves-ne-kie-javen-e-ardhshme-caktohen-raportuesit\/\",\"url\":\"https:\/\/permbledhja.com\/nuk-ka-sinjale-per-bllokim-te-anetaresimit-te-kosoves-ne-kie-javen-e-ardhshme-caktohen-raportuesit\/\",\"name\":\"\\\"Nuk ka sinjale p\u00ebr bllokim t\u00eb an\u00ebtar\u00ebsimit t\u00eb Kosov\u00ebs n\u00eb KiE, jav\u00ebn e ardhshme caktohen raportuesit\\\"\",\"isPartOf\":{\"@id\":\"https:\/\/permbledhja.com\/#website\"},\"datePublished\":\"2023-06-17T09:09:24+00:00\",\"dateModified\":\"2023-06-17T09:09:24+00:00\",\"breadcrumb\":{\"@id\":\"https:\/\/permbledhja.com\/nuk-ka-sinjale-per-bllokim-te-anetaresimit-te-kosoves-ne-kie-javen-e-ardhshme-caktohen-raportuesit\/#breadcrumb\"},\"inLanguage\":\"sq\",\"potentialAction\":[{\"@type\":\"ReadAction\",\"target\":[\"https:\/\/permbledhja.com\/nuk-ka-sinjale-per-bllokim-te-anetaresimit-te-kosoves-ne-kie-javen-e-ardhshme-caktohen-raportuesit\/\"]}]},{\"@type\":\"BreadcrumbList\",\"@id\":\"https:\/\/permbledhja.com\/nuk-ka-sinjale-per-bllokim-te-anetaresimit-te-kosoves-ne-kie-javen-e-ardhshme-caktohen-raportuesit\/#breadcrumb\",\"itemListElement\":[{\"@type\":\"ListItem\",\"position\":1,\"name\":\"Ballina\",\"item\":\"https:\/\/permbledhja.com\/sq\/\"},{\"@type\":\"ListItem\",\"position\":2,\"name\":\"&#8220;Nuk ka sinjale p\u00ebr bllokim t\u00eb an\u00ebtar\u00ebsimit t\u00eb Kosov\u00ebs n\u00eb KiE, jav\u00ebn e ardhshme caktohen raportuesit&#8221;\"}]},{\"@type\":\"WebSite\",\"@id\":\"https:\/\/permbledhja.com\/#website\",\"url\":\"https:\/\/permbledhja.com\/\",\"name\":\"Ve\u00e7 artikuj p\u00ebrmbledh\u00ebs\",\"description\":\"\",\"publisher\":{\"@id\":\"https:\/\/permbledhja.com\/#organization\"},\"potentialAction\":[{\"@type\":\"SearchAction\",\"target\":{\"@type\":\"EntryPoint\",\"urlTemplate\":\"https:\/\/permbledhja.com\/?s={search_term_string}\"},\"query-input\":\"required name=search_term_string\"}],\"inLanguage\":\"sq\"},{\"@type\":\"Organization\",\"@id\":\"https:\/\/permbledhja.com\/#organization\",\"name\":\"MK Media & Pr\",\"url\":\"https:\/\/permbledhja.com\/\",\"logo\":{\"@type\":\"ImageObject\",\"inLanguage\":\"sq\",\"@id\":\"https:\/\/permbledhja.com\/#\/schema\/logo\/image\/\",\"url\":\"https:\/\/permbledhja.com\/wp-content\/uploads\/2021\/12\/07-Press-Logo.jpg\",\"contentUrl\":\"https:\/\/permbledhja.com\/wp-content\/uploads\/2021\/12\/07-Press-Logo.jpg\",\"width\":512,\"height\":512,\"caption\":\"MK Media & Pr\"},\"image\":{\"@id\":\"https:\/\/permbledhja.com\/#\/schema\/logo\/image\/\"},\"sameAs\":[\"https:\/\/www.facebook.com\/press07\/\"]},{\"@type\":\"Person\",\"@id\":\"https:\/\/permbledhja.com\/#\/schema\/person\/0d064377258d3221e50693947b9eb4fe\",\"name\":\"P\u00ebrmbledhja\",\"image\":{\"@type\":\"ImageObject\",\"inLanguage\":\"sq\",\"@id\":\"https:\/\/permbledhja.com\/#\/schema\/person\/image\/\",\"url\":\"https:\/\/permbledhja.com\/wp-content\/uploads\/2026\/01\/452004717_1040944174702970_8932037511805513407_n-96x96.jpg\",\"contentUrl\":\"https:\/\/permbledhja.com\/wp-content\/uploads\/2026\/01\/452004717_1040944174702970_8932037511805513407_n-96x96.jpg\",\"caption\":\"P\u00ebrmbledhja\"},\"sameAs\":[\"https:\/\/www.facebook.com\/kafexhiu.muharrem\/\",\"https:\/\/www.instagram.com\/muharrem_kafexhiu\/\"],\"url\":\"https:\/\/permbledhja.com\/sq\/author\/admin\/\"}]}<\/script>\n<!-- \/ Yoast SEO plugin. -->","yoast_head_json":{"title":"\"Nuk ka sinjale p\u00ebr bllokim t\u00eb an\u00ebtar\u00ebsimit t\u00eb Kosov\u00ebs n\u00eb KiE, jav\u00ebn e ardhshme caktohen raportuesit\"","robots":{"index":"index","follow":"follow","max-snippet":"max-snippet:-1","max-image-preview":"max-image-preview:large","max-video-preview":"max-video-preview:-1"},"canonical":"https:\/\/permbledhja.com\/sq\/nuk-ka-sinjale-per-bllokim-te-anetaresimit-te-kosoves-ne-kie-javen-e-ardhshme-caktohen-raportuesit\/","og_locale":"sq_AL","og_type":"article","og_title":"\"Nuk ka sinjale p\u00ebr bllokim t\u00eb an\u00ebtar\u00ebsimit t\u00eb Kosov\u00ebs n\u00eb KiE, jav\u00ebn e ardhshme caktohen raportuesit\"","og_description":"Jav\u00ebn e ardhshme pritet t\u00eb caktohen raportuesit p\u00ebr Kosov\u00ebn nga K\u00ebshilli i Evrop\u00ebs (KiE), pas kalimit t\u00eb faz\u00ebs s\u00eb par\u00eb p\u00ebr an\u00ebtar\u00ebsim n\u00eb KiE m\u00eb 24 prill. Jav\u00ebn e ardhshme pritet t\u00eb caktohen raportuesit p\u00ebr Kosov\u00ebn nga K\u00ebshilli i Evrop\u00ebs (KiE), pas kalimit t\u00eb faz\u00ebs s\u00eb par\u00eb p\u00ebr an\u00ebtar\u00ebsim n\u00eb KiE m\u00eb 24 prill. T\u00eb [&hellip;]","og_url":"https:\/\/permbledhja.com\/sq\/nuk-ka-sinjale-per-bllokim-te-anetaresimit-te-kosoves-ne-kie-javen-e-ardhshme-caktohen-raportuesit\/","og_site_name":"Ve\u00e7 artikuj p\u00ebrmbledh\u00ebs","article_publisher":"https:\/\/www.facebook.com\/press07\/","article_author":"https:\/\/www.facebook.com\/kafexhiu.muharrem\/","article_published_time":"2023-06-17T09:09:24+00:00","og_image":[{"width":723,"height":422,"url":"https:\/\/permbledhja.com\/wp-content\/uploads\/2023\/06\/2323.png","type":"image\/png"}],"author":"P\u00ebrmbledhja","twitter_card":"summary_large_image","twitter_misc":{"Written by":"P\u00ebrmbledhja","Est. reading time":"6 minuta"},"schema":{"@context":"https:\/\/schema.org","@graph":[{"@type":"Article","@id":"https:\/\/permbledhja.com\/nuk-ka-sinjale-per-bllokim-te-anetaresimit-te-kosoves-ne-kie-javen-e-ardhshme-caktohen-raportuesit\/#article","isPartOf":{"@id":"https:\/\/permbledhja.com\/nuk-ka-sinjale-per-bllokim-te-anetaresimit-te-kosoves-ne-kie-javen-e-ardhshme-caktohen-raportuesit\/"},"author":{"name":"P\u00ebrmbledhja","@id":"https:\/\/permbledhja.com\/#\/schema\/person\/0d064377258d3221e50693947b9eb4fe"},"headline":"&#8220;Nuk ka sinjale p\u00ebr bllokim t\u00eb an\u00ebtar\u00ebsimit t\u00eb Kosov\u00ebs n\u00eb KiE, jav\u00ebn e ardhshme caktohen raportuesit&#8221;","datePublished":"2023-06-17T09:09:24+00:00","dateModified":"2023-06-17T09:09:24+00:00","mainEntityOfPage":{"@id":"https:\/\/permbledhja.com\/nuk-ka-sinjale-per-bllokim-te-anetaresimit-te-kosoves-ne-kie-javen-e-ardhshme-caktohen-raportuesit\/"},"wordCount":1262,"publisher":{"@id":"https:\/\/permbledhja.com\/#organization"},"keywords":["KiE"],"articleSection":["Kryesoret"],"inLanguage":"sq"},{"@type":"WebPage","@id":"https:\/\/permbledhja.com\/nuk-ka-sinjale-per-bllokim-te-anetaresimit-te-kosoves-ne-kie-javen-e-ardhshme-caktohen-raportuesit\/","url":"https:\/\/permbledhja.com\/nuk-ka-sinjale-per-bllokim-te-anetaresimit-te-kosoves-ne-kie-javen-e-ardhshme-caktohen-raportuesit\/","name":"\"Nuk ka sinjale p\u00ebr bllokim t\u00eb an\u00ebtar\u00ebsimit t\u00eb Kosov\u00ebs n\u00eb KiE, jav\u00ebn e ardhshme caktohen raportuesit\"","isPartOf":{"@id":"https:\/\/permbledhja.com\/#website"},"datePublished":"2023-06-17T09:09:24+00:00","dateModified":"2023-06-17T09:09:24+00:00","breadcrumb":{"@id":"https:\/\/permbledhja.com\/nuk-ka-sinjale-per-bllokim-te-anetaresimit-te-kosoves-ne-kie-javen-e-ardhshme-caktohen-raportuesit\/#breadcrumb"},"inLanguage":"sq","potentialAction":[{"@type":"ReadAction","target":["https:\/\/permbledhja.com\/nuk-ka-sinjale-per-bllokim-te-anetaresimit-te-kosoves-ne-kie-javen-e-ardhshme-caktohen-raportuesit\/"]}]},{"@type":"BreadcrumbList","@id":"https:\/\/permbledhja.com\/nuk-ka-sinjale-per-bllokim-te-anetaresimit-te-kosoves-ne-kie-javen-e-ardhshme-caktohen-raportuesit\/#breadcrumb","itemListElement":[{"@type":"ListItem","position":1,"name":"Ballina","item":"https:\/\/permbledhja.com\/sq\/"},{"@type":"ListItem","position":2,"name":"&#8220;Nuk ka sinjale p\u00ebr bllokim t\u00eb an\u00ebtar\u00ebsimit t\u00eb Kosov\u00ebs n\u00eb KiE, jav\u00ebn e ardhshme caktohen raportuesit&#8221;"}]},{"@type":"WebSite","@id":"https:\/\/permbledhja.com\/#website","url":"https:\/\/permbledhja.com\/","name":"Ve\u00e7 artikuj p\u00ebrmbledh\u00ebs","description":"","publisher":{"@id":"https:\/\/permbledhja.com\/#organization"},"potentialAction":[{"@type":"SearchAction","target":{"@type":"EntryPoint","urlTemplate":"https:\/\/permbledhja.com\/?s={search_term_string}"},"query-input":"required name=search_term_string"}],"inLanguage":"sq"},{"@type":"Organization","@id":"https:\/\/permbledhja.com\/#organization","name":"MK Media & Pr","url":"https:\/\/permbledhja.com\/","logo":{"@type":"ImageObject","inLanguage":"sq","@id":"https:\/\/permbledhja.com\/#\/schema\/logo\/image\/","url":"https:\/\/permbledhja.com\/wp-content\/uploads\/2021\/12\/07-Press-Logo.jpg","contentUrl":"https:\/\/permbledhja.com\/wp-content\/uploads\/2021\/12\/07-Press-Logo.jpg","width":512,"height":512,"caption":"MK Media & Pr"},"image":{"@id":"https:\/\/permbledhja.com\/#\/schema\/logo\/image\/"},"sameAs":["https:\/\/www.facebook.com\/press07\/"]},{"@type":"Person","@id":"https:\/\/permbledhja.com\/#\/schema\/person\/0d064377258d3221e50693947b9eb4fe","name":"P\u00ebrmbledhja","image":{"@type":"ImageObject","inLanguage":"sq","@id":"https:\/\/permbledhja.com\/#\/schema\/person\/image\/","url":"https:\/\/permbledhja.com\/wp-content\/uploads\/2026\/01\/452004717_1040944174702970_8932037511805513407_n-96x96.jpg","contentUrl":"https:\/\/permbledhja.com\/wp-content\/uploads\/2026\/01\/452004717_1040944174702970_8932037511805513407_n-96x96.jpg","caption":"P\u00ebrmbledhja"},"sameAs":["https:\/\/www.facebook.com\/kafexhiu.muharrem\/","https:\/\/www.instagram.com\/muharrem_kafexhiu\/"],"url":"https:\/\/permbledhja.com\/sq\/author\/admin\/"}]}},"_links":{"self":[{"href":"https:\/\/permbledhja.com\/sq\/wp-json\/wp\/v2\/posts\/16520"}],"collection":[{"href":"https:\/\/permbledhja.com\/sq\/wp-json\/wp\/v2\/posts"}],"about":[{"href":"https:\/\/permbledhja.com\/sq\/wp-json\/wp\/v2\/types\/post"}],"author":[{"embeddable":true,"href":"https:\/\/permbledhja.com\/sq\/wp-json\/wp\/v2\/users\/1"}],"replies":[{"embeddable":true,"href":"https:\/\/permbledhja.com\/sq\/wp-json\/wp\/v2\/comments?post=16520"}],"version-history":[{"count":1,"href":"https:\/\/permbledhja.com\/sq\/wp-json\/wp\/v2\/posts\/16520\/revisions"}],"predecessor-version":[{"id":16522,"href":"https:\/\/permbledhja.com\/sq\/wp-json\/wp\/v2\/posts\/16520\/revisions\/16522"}],"wp:featuredmedia":[{"embeddable":true,"href":"https:\/\/permbledhja.com\/sq\/wp-json\/wp\/v2\/media\/16521"}],"wp:attachment":[{"href":"https:\/\/permbledhja.com\/sq\/wp-json\/wp\/v2\/media?parent=16520"}],"wp:term":[{"taxonomy":"category","embeddable":true,"href":"https:\/\/permbledhja.com\/sq\/wp-json\/wp\/v2\/categories?post=16520"},{"taxonomy":"post_tag","embeddable":true,"href":"https:\/\/permbledhja.com\/sq\/wp-json\/wp\/v2\/tags?post=16520"}],"curies":[{"name":"wp","href":"https:\/\/api.w.org\/{rel}","templated":true}]}}