{"id":16502,"date":"2023-06-17T07:27:14","date_gmt":"2023-06-17T07:27:14","guid":{"rendered":"https:\/\/permbledhja.com\/?p=16502"},"modified":"2023-06-17T07:28:38","modified_gmt":"2023-06-17T07:28:38","slug":"osmani-na-jane-dhene-garanci-se-skthehen-vizat","status":"publish","type":"post","link":"https:\/\/permbledhja.com\/sq\/osmani-na-jane-dhene-garanci-se-skthehen-vizat\/","title":{"rendered":"Osmani: Na jan\u00eb dh\u00ebn\u00eb garanci se s\u2019kthehen vizat"},"content":{"rendered":"<h3>Presidentja e Kosov\u00ebs, Vjosa Osmani shprehet optimiste p\u00ebr tejkalimin e mosmarr\u00ebveshjeve aktuale me partner\u00ebt per\u00ebndimor\u00eb. Ajo thekson nevoj\u00ebn p\u00ebr dialog dhe bashk\u00ebpunim konstruktiv.<\/h3>\n<p>Presidentja e Kosov\u00ebs, Vjosa Osmani \u00ebsht\u00eb shpres\u00eb plot\u00eb se mosmarr\u00ebveshjet aktuale t\u00eb Kosov\u00ebs me BE dhe SHBA do t\u00eb tejkalohen. N\u00eb nj\u00eb takim me korrespondent\u00eb politik\u00eb, gjat\u00eb q\u00ebndrimit t\u00eb saj n\u00eb Berlin, Osmani tha se \u00ebsht\u00eb koha t\u00eb ulemi p\u00ebr t\u00eb gjetur zgjidhje t\u00eb q\u00ebndrueshme.<\/p>\n<p>\u201cNuk mendoj se mosmarr\u00ebveshjet mund t\u00eb anashkalohen duke sulmuar nj\u00ebri-tjetrin n\u00eb media, por n\u00ebse ulemi dhe flasim\u201d. Osmani vijoi se tani kan\u00eb mbetur t\u00eb sqarohen disa detaje n\u00eb lidhje me riorganizimin e zgjedhjeve n\u00eb veri dhe t\u00ebrheqjen e forcave policore nga komunat n\u00eb fjal\u00eb, dy k\u00ebrkesa k\u00ebto aktuale t\u00eb vendeve t\u00eb Quintit ndaj Kosov\u00ebs.<\/p>\n<p>\u201cZgjedhjet e reja duhet t\u00eb b\u00ebhen pa nd\u00ebrhyrje nga Serbia\u201d<\/p>\n<p>P\u00ebrsa i p\u00ebrket zgjedhjeve t\u00eb reja n\u00eb kat\u00ebr komunat serbe n\u00eb veri t\u00eb Kosov\u00ebs, Osmani tha se kusht p\u00ebr mbajtjen e tyre \u00ebsht\u00eb q\u00eb t\u00eb sigurohet pjes\u00ebmarrja e serb\u00ebve. \u201cNe kemi k\u00ebrkuar mb\u00ebshtetjen e partner\u00ebve tan\u00eb p\u00ebr t\u2019u siguruar q\u00eb Serbia t\u00eb mos nd\u00ebrhyj\u00eb n\u00eb m\u00ebnyr\u00eb t\u00eb paligjshme n\u00eb zgjedhjet e nj\u00eb vendi tjet\u00ebr, si\u00e7 b\u00ebri her\u00ebn e kaluar, dhe q\u00eb t\u00eb mos u b\u00ebj\u00eb presion serb\u00ebve t\u00eb Kosov\u00ebs q\u00eb t\u00eb mos marrin pjes\u00eb. Por deri m\u00eb tani nuk kemi marr\u00eb p\u00ebrgjigje\u201d, vijoi Osmani.<\/p>\n<p>Sa i p\u00ebrket t\u00ebrheqjes s\u00eb forcave policore, ajo tha se Kosova tashm\u00eb ka propozuar q\u00eb t\u00eb b\u00ebhet nj\u00eb vler\u00ebsim i p\u00ebrbashk\u00ebt i siguris\u00eb s\u00eb bashku me KFOR dhe EULEX, n\u00eb baz\u00eb t\u00eb t\u00eb cilit do t\u00eb b\u00ebhet t\u00ebrheqja. Por ajo theksoi se duhen vijuar p\u00ebrpjekjet e p\u00ebrbashk\u00ebta p\u00ebr sundimin e ligjit p\u00ebr t\u00eb gjetur kriminel\u00ebt q\u00eb ushtruan dhun\u00ebn ndaj ushtar\u00ebve t\u00eb KFOR-it dhe t\u00eb tjer\u00ebve.<\/p>\n<p>\u201cVu\u00e7i\u00e7 \u00ebsht\u00eb kthyer n\u00eb strategjin\u00eb e vjet\u00ebr\u201d<\/p>\n<p>Mosmarr\u00ebveshjet aktuale t\u00eb Kosov\u00ebs me BE dhe SHBA ajo i shpjegoi me pak\u00ebnaq\u00ebsin\u00eb e vendeve partnere p\u00ebr situat\u00ebn e krijuar n\u00eb veri q\u00eb nga 26 maji, kur nis\u00ebn pun\u00ebn kat\u00ebr kryetar\u00ebt shqiptar\u00eb t\u00eb komunave me shumic\u00eb serbe n\u00eb veri t\u00eb Kosov\u00ebs. Si pasoj\u00eb e protestave t\u00eb dhunshme t\u00eb serb\u00ebve, m\u00eb 29 maj, u l\u00ebnduan nj\u00eb num\u00ebr i madh ushtar\u00ebsh t\u00eb KFOR-it dhe civil\u00eb.<\/p>\n<p>P\u00ebrgjegj\u00ebsia p\u00ebr situat\u00ebn e krijuar megjithat\u00eb mbetet n\u00eb Serbi, \u00ebsht\u00eb e mendimit Osmani, e cila e akuzoi presidentin serb, Aleksandar Vu\u00e7i\u00e7 q\u00eb \u00ebsht\u00eb kthyer n\u00eb strategjin\u00eb e vjet\u00ebr q\u00eb krijon kriz\u00eb pas krizash duke bllokuar suksesin dhe zbatimin e marr\u00ebveshjeve t\u00eb dialogut. \u201cSerb\u00ebt kishin instrumente t\u00eb ndryshme q\u00eb mund t\u00eb ishin p\u00ebrdorur n\u00ebse do t\u00eb donin t\u00eb kontestonin legjitimitetin e kryetar\u00ebve t\u00eb komunave q\u00eb u zgjodh\u00ebn. Por ata nuk p\u00ebrdor\u00ebn asnj\u00eb nga ato mjete kushtetuese demokratike p\u00ebr ta b\u00ebr\u00eb k\u00ebt\u00eb\u201d, u ankua presidentja.<\/p>\n<p>Qasja e BE-s\u00eb n\u00eb dialog t\u00eb jet\u00eb m\u00eb e balancuar<\/p>\n<p>Edhe dialogu, \u00ebsht\u00eb e mendimit presidentja e Kosov\u00ebs, duhet t\u00eb jet\u00eb m\u00eb i balancuar: \u201cMendoj se nj\u00eb nga arsyet kryesore pse kemi k\u00ebto tensione gjat\u00eb gjith\u00eb koh\u00ebs \u00ebsht\u00eb edhe p\u00ebr shkak t\u00eb zhg\u00ebnjimit se si po shkon dialogu\u201d, tha ajo n\u00eb p\u00ebrgjigje t\u00eb pyetjes s\u00eb Deutsche Welles, n\u00eb lidhje me rolin e BE-s\u00eb si nd\u00ebrmjet\u00ebsues n\u00eb normalizimin e marr\u00ebdh\u00ebnieve me shtetin fqinj.<\/p>\n<p>Kritik\u00eb pati Osmani ndaj vendeve aleate q\u00eb nuk kan\u00eb reaguar ndaj shkeljeve t\u00eb b\u00ebra nga Serbia: \u201cKa pasur shkelje t\u00eb vazhdueshme n\u00eb k\u00ebto dy muajt e fundit, q\u00eb nga 18 marsi, kur u b\u00eb marr\u00ebveshja, por asnj\u00ebher\u00eb deri m\u00eb tani nuk kemi d\u00ebgjuar nj\u00eb lloj deklarate nga Bashkimi Evropian duke th\u00ebn\u00eb, po, kjo \u00ebsht\u00eb nj\u00eb shkelje e marr\u00ebveshjeve. Mendoj se kjo po e inkurajon Serbin\u00eb q\u00eb t\u00eb mos kujdeset p\u00ebr procesin dhe po d\u00ebmton besueshm\u00ebrin\u00eb e procesit t\u00eb dialogut.\u201d<\/p>\n<p>Kidnapimi i tre polic\u00ebve kosovar\u00eb ishte nj\u00eb nga shkeljet e fundit t\u00eb Marr\u00ebveshjes s\u00eb Ohrit dhe marr\u00ebveshjes ushtarako-teknike 1999, kujtoi presidentja e Kosov\u00ebs. Ajo fal\u00ebnderoi n\u00eb m\u00ebnyr\u00eb eksplicite vendet aleate, SHBA, Britanin\u00eb e Madhe, dhe Gjermanin\u00eb, q\u00eb tashm\u00eb k\u00ebrkuan lirimin e menj\u00ebhersh\u00ebm dhe pa kushte t\u00eb tre polic\u00ebve kosovar\u00eb.<\/p>\n<p>Asociacioni nuk duhet t\u00eb jet\u00eb si Republika Srpska<\/p>\n<p>Sa i p\u00ebrket Asociacionit t\u00eb Komunave me Shumic\u00eb Serbe, nj\u00eb nga k\u00ebrkesat ky\u00e7e t\u00eb partner\u00ebve nd\u00ebrkomb\u00ebtar\u00eb n\u00eb dialog, ajo tha se \u201cjemi t\u00eb gatsh\u00ebm t\u00eb b\u00ebjm\u00eb m\u00eb shum\u00eb p\u00ebr serb\u00ebt q\u00eb jetojn\u00eb n\u00eb vendin ton\u00eb, q\u00eb ata t\u00eb ndihen t\u00eb barabart\u00eb, t\u00eb ndihen t\u00eb d\u00ebgjuar, t\u00eb ndihen t\u00eb p\u00ebrfshir\u00eb. Kosova \u00ebsht\u00eb sht\u00ebpia e tyre. Por n\u00eb t\u00eb nj\u00ebjt\u00ebn koh\u00eb, duhet t\u00eb jemi jasht\u00ebzakonisht t\u00eb kujdessh\u00ebm p\u00ebr t\u00eb shmangur \u00e7do lloj modeli q\u00eb do t\u00eb ngjante me Republik\u00ebn Srpska. Edhe nj\u00eb kush\u00ebri i larg\u00ebt i Republika Srpska \u00ebsht\u00eb shum\u00eb i rreziksh\u00ebm p\u00ebr rajonin ton\u00eb\u201d, tha Osmani.<\/p>\n<p>Osmani kujtoi se konstrukte t\u00eb tilla jan\u00eb t\u00eb rrezikshme jo vet\u00ebm p\u00ebr rajonin por p\u00ebr gjith\u00eb Evrop\u00ebn p\u00ebr sigurin\u00eb kolektive t\u00eb Evrop\u00ebs si t\u00eb till\u00eb. Ajo tha se Rusia ka interes p\u00ebr t\u00eb destabilizuar Ballkanin Per\u00ebndimor. \u201cSerbia po vepron me Kosov\u00ebn sipas skriptit t\u00eb Putinit. \u00cbsht\u00eb nj\u00eb kopjim i plot\u00eb i asaj q\u00eb b\u00ebri Putin n\u00eb 2014 n\u00eb Krime. Ata shfryt\u00ebzojn\u00eb komunitetet pakic\u00eb, abuzojn\u00eb me to. I b\u00ebjn\u00eb ata t\u00eb heqin dor\u00ebn nga pun\u00ebt e tyre n\u00eb institucione, krijojn\u00eb operacione false.\u201d<\/p>\n<p>\u201cNa jan\u00eb dh\u00ebn\u00eb garanci p\u00ebr liberalizimin e vizave\u201d<\/p>\n<p>Sa p\u00ebr procesin e liberalizimit t\u00eb vizave, ajo tha se nuk beson se ai do t\u00eb ndalet, sikurse ishte aluduar n\u00ebp\u00ebr media: \u201cNa jan\u00eb dh\u00ebn\u00eb garancit\u00eb e siguruara nga institucionet evropiane se kjo nuk do t\u00eb ndodh\u00eb. T\u00eb pakt\u00ebn deri tani. Kjo \u00ebsht\u00eb pik\u00ebrisht ajo q\u00eb kemi d\u00ebgjuar dhe na \u00ebsht\u00eb th\u00ebn\u00eb, jo vet\u00ebm e d\u00ebgjuar nga t\u00eb tjer\u00ebt, por sigurisht, duke folur me institucionet evropiane\u201d, siguroi presidentja.<\/p>\n<p>Osmani ndodhet n\u00eb Berlin me ftes\u00eb t\u00eb presidentit, Frank Walter Steinmeier p\u00ebr t\u00eb marr\u00eb pjes\u00eb n\u00eb ceremonin\u00eb e hapjes s\u00eb Loj\u00ebrave Olimpike Speciale (17-26.06.2023) p\u00ebr personat me aft\u00ebsi t\u00eb ve\u00e7anta. Por presidentja e Kosov\u00ebs e shfryt\u00ebzoi k\u00ebt\u00eb ftes\u00eb p\u00ebr t\u00eb b\u00ebr\u00eb nj\u00eb s\u00ebr\u00eb takimesh me aktor\u00eb t\u00eb r\u00ebnd\u00ebsish\u00ebm politik\u00eb n\u00eb Gjermani. Ajo nd\u00ebr t\u00eb tjera pati edhe nj\u00eb takim n\u00eb Komisionin e Jasht\u00ebm t\u00eb Bundestagut.\/DW<\/p>\n","protected":false},"excerpt":{"rendered":"<p>Presidentja e Kosov\u00ebs, Vjosa Osmani shprehet optimiste p\u00ebr tejkalimin e mosmarr\u00ebveshjeve aktuale me partner\u00ebt per\u00ebndimor\u00eb. Ajo thekson nevoj\u00ebn p\u00ebr dialog dhe bashk\u00ebpunim konstruktiv. Presidentja e Kosov\u00ebs, Vjosa Osmani \u00ebsht\u00eb shpres\u00eb plot\u00eb se mosmarr\u00ebveshjet aktuale t\u00eb Kosov\u00ebs me BE dhe SHBA do t\u00eb tejkalohen. N\u00eb nj\u00eb takim me korrespondent\u00eb politik\u00eb, gjat\u00eb q\u00ebndrimit t\u00eb saj n\u00eb Berlin, [&hellip;]<\/p>\n","protected":false},"author":1,"featured_media":831,"comment_status":"closed","ping_status":"closed","sticky":false,"template":"","format":"standard","meta":{"_monsterinsights_skip_tracking":false,"_monsterinsights_sitenote_active":false,"_monsterinsights_sitenote_note":"","_monsterinsights_sitenote_category":0,"_uf_show_specific_survey":0,"_uf_disable_surveys":false,"footnotes":""},"categories":[1146],"tags":[163],"yoast_head":"<!-- This site is optimized with the Yoast SEO plugin v21.5 - https:\/\/yoast.com\/wordpress\/plugins\/seo\/ -->\n<title>Osmani: Na jan\u00eb dh\u00ebn\u00eb garanci se s\u2019kthehen vizat<\/title>\n<meta name=\"robots\" content=\"index, follow, max-snippet:-1, max-image-preview:large, max-video-preview:-1\" \/>\n<link rel=\"canonical\" href=\"https:\/\/permbledhja.com\/sq\/osmani-na-jane-dhene-garanci-se-skthehen-vizat\/\" \/>\n<meta property=\"og:locale\" content=\"sq_AL\" \/>\n<meta property=\"og:type\" content=\"article\" \/>\n<meta property=\"og:title\" content=\"Osmani: Na jan\u00eb dh\u00ebn\u00eb garanci se s\u2019kthehen vizat\" \/>\n<meta property=\"og:description\" content=\"Presidentja e Kosov\u00ebs, Vjosa Osmani shprehet optimiste p\u00ebr tejkalimin e mosmarr\u00ebveshjeve aktuale me partner\u00ebt per\u00ebndimor\u00eb. Ajo thekson nevoj\u00ebn p\u00ebr dialog dhe bashk\u00ebpunim konstruktiv. Presidentja e Kosov\u00ebs, Vjosa Osmani \u00ebsht\u00eb shpres\u00eb plot\u00eb se mosmarr\u00ebveshjet aktuale t\u00eb Kosov\u00ebs me BE dhe SHBA do t\u00eb tejkalohen. N\u00eb nj\u00eb takim me korrespondent\u00eb politik\u00eb, gjat\u00eb q\u00ebndrimit t\u00eb saj n\u00eb Berlin, [&hellip;]\" \/>\n<meta property=\"og:url\" content=\"https:\/\/permbledhja.com\/sq\/osmani-na-jane-dhene-garanci-se-skthehen-vizat\/\" \/>\n<meta property=\"og:site_name\" content=\"Ve\u00e7 artikuj p\u00ebrmbledh\u00ebs\" \/>\n<meta property=\"article:publisher\" content=\"https:\/\/www.facebook.com\/press07\/\" \/>\n<meta property=\"article:author\" content=\"https:\/\/www.facebook.com\/kafexhiu.muharrem\/\" \/>\n<meta property=\"article:published_time\" content=\"2023-06-17T07:27:14+00:00\" \/>\n<meta property=\"article:modified_time\" content=\"2023-06-17T07:28:38+00:00\" \/>\n<meta property=\"og:image\" content=\"https:\/\/permbledhja.com\/wp-content\/uploads\/2022\/07\/Vjosa-Osmani-600x360-1.jpg\" \/>\n\t<meta property=\"og:image:width\" content=\"600\" \/>\n\t<meta property=\"og:image:height\" content=\"360\" \/>\n\t<meta property=\"og:image:type\" content=\"image\/jpeg\" \/>\n<meta name=\"author\" content=\"P\u00ebrmbledhja\" \/>\n<meta name=\"twitter:card\" content=\"summary_large_image\" \/>\n<meta name=\"twitter:label1\" content=\"Written by\" \/>\n\t<meta name=\"twitter:data1\" content=\"P\u00ebrmbledhja\" \/>\n\t<meta name=\"twitter:label2\" content=\"Est. reading time\" \/>\n\t<meta name=\"twitter:data2\" content=\"6 minuta\" \/>\n<script type=\"application\/ld+json\" class=\"yoast-schema-graph\">{\"@context\":\"https:\/\/schema.org\",\"@graph\":[{\"@type\":\"Article\",\"@id\":\"https:\/\/permbledhja.com\/osmani-na-jane-dhene-garanci-se-skthehen-vizat\/#article\",\"isPartOf\":{\"@id\":\"https:\/\/permbledhja.com\/osmani-na-jane-dhene-garanci-se-skthehen-vizat\/\"},\"author\":{\"name\":\"P\u00ebrmbledhja\",\"@id\":\"https:\/\/permbledhja.com\/#\/schema\/person\/0d064377258d3221e50693947b9eb4fe\"},\"headline\":\"Osmani: Na jan\u00eb dh\u00ebn\u00eb garanci se s\u2019kthehen vizat\",\"datePublished\":\"2023-06-17T07:27:14+00:00\",\"dateModified\":\"2023-06-17T07:28:38+00:00\",\"mainEntityOfPage\":{\"@id\":\"https:\/\/permbledhja.com\/osmani-na-jane-dhene-garanci-se-skthehen-vizat\/\"},\"wordCount\":1156,\"publisher\":{\"@id\":\"https:\/\/permbledhja.com\/#organization\"},\"keywords\":[\"Vjosa Osmani\"],\"articleSection\":[\"Kryesoret\"],\"inLanguage\":\"sq\"},{\"@type\":\"WebPage\",\"@id\":\"https:\/\/permbledhja.com\/osmani-na-jane-dhene-garanci-se-skthehen-vizat\/\",\"url\":\"https:\/\/permbledhja.com\/osmani-na-jane-dhene-garanci-se-skthehen-vizat\/\",\"name\":\"Osmani: Na jan\u00eb dh\u00ebn\u00eb garanci se s\u2019kthehen vizat\",\"isPartOf\":{\"@id\":\"https:\/\/permbledhja.com\/#website\"},\"datePublished\":\"2023-06-17T07:27:14+00:00\",\"dateModified\":\"2023-06-17T07:28:38+00:00\",\"breadcrumb\":{\"@id\":\"https:\/\/permbledhja.com\/osmani-na-jane-dhene-garanci-se-skthehen-vizat\/#breadcrumb\"},\"inLanguage\":\"sq\",\"potentialAction\":[{\"@type\":\"ReadAction\",\"target\":[\"https:\/\/permbledhja.com\/osmani-na-jane-dhene-garanci-se-skthehen-vizat\/\"]}]},{\"@type\":\"BreadcrumbList\",\"@id\":\"https:\/\/permbledhja.com\/osmani-na-jane-dhene-garanci-se-skthehen-vizat\/#breadcrumb\",\"itemListElement\":[{\"@type\":\"ListItem\",\"position\":1,\"name\":\"Ballina\",\"item\":\"https:\/\/permbledhja.com\/sq\/\"},{\"@type\":\"ListItem\",\"position\":2,\"name\":\"Osmani: Na jan\u00eb dh\u00ebn\u00eb garanci se s\u2019kthehen vizat\"}]},{\"@type\":\"WebSite\",\"@id\":\"https:\/\/permbledhja.com\/#website\",\"url\":\"https:\/\/permbledhja.com\/\",\"name\":\"Ve\u00e7 artikuj p\u00ebrmbledh\u00ebs\",\"description\":\"\",\"publisher\":{\"@id\":\"https:\/\/permbledhja.com\/#organization\"},\"potentialAction\":[{\"@type\":\"SearchAction\",\"target\":{\"@type\":\"EntryPoint\",\"urlTemplate\":\"https:\/\/permbledhja.com\/?s={search_term_string}\"},\"query-input\":\"required name=search_term_string\"}],\"inLanguage\":\"sq\"},{\"@type\":\"Organization\",\"@id\":\"https:\/\/permbledhja.com\/#organization\",\"name\":\"MK Media & Pr\",\"url\":\"https:\/\/permbledhja.com\/\",\"logo\":{\"@type\":\"ImageObject\",\"inLanguage\":\"sq\",\"@id\":\"https:\/\/permbledhja.com\/#\/schema\/logo\/image\/\",\"url\":\"https:\/\/permbledhja.com\/wp-content\/uploads\/2021\/12\/07-Press-Logo.jpg\",\"contentUrl\":\"https:\/\/permbledhja.com\/wp-content\/uploads\/2021\/12\/07-Press-Logo.jpg\",\"width\":512,\"height\":512,\"caption\":\"MK Media & Pr\"},\"image\":{\"@id\":\"https:\/\/permbledhja.com\/#\/schema\/logo\/image\/\"},\"sameAs\":[\"https:\/\/www.facebook.com\/press07\/\"]},{\"@type\":\"Person\",\"@id\":\"https:\/\/permbledhja.com\/#\/schema\/person\/0d064377258d3221e50693947b9eb4fe\",\"name\":\"P\u00ebrmbledhja\",\"image\":{\"@type\":\"ImageObject\",\"inLanguage\":\"sq\",\"@id\":\"https:\/\/permbledhja.com\/#\/schema\/person\/image\/\",\"url\":\"https:\/\/permbledhja.com\/wp-content\/uploads\/2026\/01\/452004717_1040944174702970_8932037511805513407_n-96x96.jpg\",\"contentUrl\":\"https:\/\/permbledhja.com\/wp-content\/uploads\/2026\/01\/452004717_1040944174702970_8932037511805513407_n-96x96.jpg\",\"caption\":\"P\u00ebrmbledhja\"},\"sameAs\":[\"https:\/\/www.facebook.com\/kafexhiu.muharrem\/\",\"https:\/\/www.instagram.com\/muharrem_kafexhiu\/\"],\"url\":\"https:\/\/permbledhja.com\/sq\/author\/admin\/\"}]}<\/script>\n<!-- \/ Yoast SEO plugin. -->","yoast_head_json":{"title":"Osmani: Na jan\u00eb dh\u00ebn\u00eb garanci se s\u2019kthehen vizat","robots":{"index":"index","follow":"follow","max-snippet":"max-snippet:-1","max-image-preview":"max-image-preview:large","max-video-preview":"max-video-preview:-1"},"canonical":"https:\/\/permbledhja.com\/sq\/osmani-na-jane-dhene-garanci-se-skthehen-vizat\/","og_locale":"sq_AL","og_type":"article","og_title":"Osmani: Na jan\u00eb dh\u00ebn\u00eb garanci se s\u2019kthehen vizat","og_description":"Presidentja e Kosov\u00ebs, Vjosa Osmani shprehet optimiste p\u00ebr tejkalimin e mosmarr\u00ebveshjeve aktuale me partner\u00ebt per\u00ebndimor\u00eb. Ajo thekson nevoj\u00ebn p\u00ebr dialog dhe bashk\u00ebpunim konstruktiv. Presidentja e Kosov\u00ebs, Vjosa Osmani \u00ebsht\u00eb shpres\u00eb plot\u00eb se mosmarr\u00ebveshjet aktuale t\u00eb Kosov\u00ebs me BE dhe SHBA do t\u00eb tejkalohen. N\u00eb nj\u00eb takim me korrespondent\u00eb politik\u00eb, gjat\u00eb q\u00ebndrimit t\u00eb saj n\u00eb Berlin, [&hellip;]","og_url":"https:\/\/permbledhja.com\/sq\/osmani-na-jane-dhene-garanci-se-skthehen-vizat\/","og_site_name":"Ve\u00e7 artikuj p\u00ebrmbledh\u00ebs","article_publisher":"https:\/\/www.facebook.com\/press07\/","article_author":"https:\/\/www.facebook.com\/kafexhiu.muharrem\/","article_published_time":"2023-06-17T07:27:14+00:00","article_modified_time":"2023-06-17T07:28:38+00:00","og_image":[{"width":600,"height":360,"url":"https:\/\/permbledhja.com\/wp-content\/uploads\/2022\/07\/Vjosa-Osmani-600x360-1.jpg","type":"image\/jpeg"}],"author":"P\u00ebrmbledhja","twitter_card":"summary_large_image","twitter_misc":{"Written by":"P\u00ebrmbledhja","Est. reading time":"6 minuta"},"schema":{"@context":"https:\/\/schema.org","@graph":[{"@type":"Article","@id":"https:\/\/permbledhja.com\/osmani-na-jane-dhene-garanci-se-skthehen-vizat\/#article","isPartOf":{"@id":"https:\/\/permbledhja.com\/osmani-na-jane-dhene-garanci-se-skthehen-vizat\/"},"author":{"name":"P\u00ebrmbledhja","@id":"https:\/\/permbledhja.com\/#\/schema\/person\/0d064377258d3221e50693947b9eb4fe"},"headline":"Osmani: Na jan\u00eb dh\u00ebn\u00eb garanci se s\u2019kthehen vizat","datePublished":"2023-06-17T07:27:14+00:00","dateModified":"2023-06-17T07:28:38+00:00","mainEntityOfPage":{"@id":"https:\/\/permbledhja.com\/osmani-na-jane-dhene-garanci-se-skthehen-vizat\/"},"wordCount":1156,"publisher":{"@id":"https:\/\/permbledhja.com\/#organization"},"keywords":["Vjosa Osmani"],"articleSection":["Kryesoret"],"inLanguage":"sq"},{"@type":"WebPage","@id":"https:\/\/permbledhja.com\/osmani-na-jane-dhene-garanci-se-skthehen-vizat\/","url":"https:\/\/permbledhja.com\/osmani-na-jane-dhene-garanci-se-skthehen-vizat\/","name":"Osmani: Na jan\u00eb dh\u00ebn\u00eb garanci se s\u2019kthehen vizat","isPartOf":{"@id":"https:\/\/permbledhja.com\/#website"},"datePublished":"2023-06-17T07:27:14+00:00","dateModified":"2023-06-17T07:28:38+00:00","breadcrumb":{"@id":"https:\/\/permbledhja.com\/osmani-na-jane-dhene-garanci-se-skthehen-vizat\/#breadcrumb"},"inLanguage":"sq","potentialAction":[{"@type":"ReadAction","target":["https:\/\/permbledhja.com\/osmani-na-jane-dhene-garanci-se-skthehen-vizat\/"]}]},{"@type":"BreadcrumbList","@id":"https:\/\/permbledhja.com\/osmani-na-jane-dhene-garanci-se-skthehen-vizat\/#breadcrumb","itemListElement":[{"@type":"ListItem","position":1,"name":"Ballina","item":"https:\/\/permbledhja.com\/sq\/"},{"@type":"ListItem","position":2,"name":"Osmani: Na jan\u00eb dh\u00ebn\u00eb garanci se s\u2019kthehen vizat"}]},{"@type":"WebSite","@id":"https:\/\/permbledhja.com\/#website","url":"https:\/\/permbledhja.com\/","name":"Ve\u00e7 artikuj p\u00ebrmbledh\u00ebs","description":"","publisher":{"@id":"https:\/\/permbledhja.com\/#organization"},"potentialAction":[{"@type":"SearchAction","target":{"@type":"EntryPoint","urlTemplate":"https:\/\/permbledhja.com\/?s={search_term_string}"},"query-input":"required name=search_term_string"}],"inLanguage":"sq"},{"@type":"Organization","@id":"https:\/\/permbledhja.com\/#organization","name":"MK Media & Pr","url":"https:\/\/permbledhja.com\/","logo":{"@type":"ImageObject","inLanguage":"sq","@id":"https:\/\/permbledhja.com\/#\/schema\/logo\/image\/","url":"https:\/\/permbledhja.com\/wp-content\/uploads\/2021\/12\/07-Press-Logo.jpg","contentUrl":"https:\/\/permbledhja.com\/wp-content\/uploads\/2021\/12\/07-Press-Logo.jpg","width":512,"height":512,"caption":"MK Media & Pr"},"image":{"@id":"https:\/\/permbledhja.com\/#\/schema\/logo\/image\/"},"sameAs":["https:\/\/www.facebook.com\/press07\/"]},{"@type":"Person","@id":"https:\/\/permbledhja.com\/#\/schema\/person\/0d064377258d3221e50693947b9eb4fe","name":"P\u00ebrmbledhja","image":{"@type":"ImageObject","inLanguage":"sq","@id":"https:\/\/permbledhja.com\/#\/schema\/person\/image\/","url":"https:\/\/permbledhja.com\/wp-content\/uploads\/2026\/01\/452004717_1040944174702970_8932037511805513407_n-96x96.jpg","contentUrl":"https:\/\/permbledhja.com\/wp-content\/uploads\/2026\/01\/452004717_1040944174702970_8932037511805513407_n-96x96.jpg","caption":"P\u00ebrmbledhja"},"sameAs":["https:\/\/www.facebook.com\/kafexhiu.muharrem\/","https:\/\/www.instagram.com\/muharrem_kafexhiu\/"],"url":"https:\/\/permbledhja.com\/sq\/author\/admin\/"}]}},"_links":{"self":[{"href":"https:\/\/permbledhja.com\/sq\/wp-json\/wp\/v2\/posts\/16502"}],"collection":[{"href":"https:\/\/permbledhja.com\/sq\/wp-json\/wp\/v2\/posts"}],"about":[{"href":"https:\/\/permbledhja.com\/sq\/wp-json\/wp\/v2\/types\/post"}],"author":[{"embeddable":true,"href":"https:\/\/permbledhja.com\/sq\/wp-json\/wp\/v2\/users\/1"}],"replies":[{"embeddable":true,"href":"https:\/\/permbledhja.com\/sq\/wp-json\/wp\/v2\/comments?post=16502"}],"version-history":[{"count":2,"href":"https:\/\/permbledhja.com\/sq\/wp-json\/wp\/v2\/posts\/16502\/revisions"}],"predecessor-version":[{"id":16505,"href":"https:\/\/permbledhja.com\/sq\/wp-json\/wp\/v2\/posts\/16502\/revisions\/16505"}],"wp:featuredmedia":[{"embeddable":true,"href":"https:\/\/permbledhja.com\/sq\/wp-json\/wp\/v2\/media\/831"}],"wp:attachment":[{"href":"https:\/\/permbledhja.com\/sq\/wp-json\/wp\/v2\/media?parent=16502"}],"wp:term":[{"taxonomy":"category","embeddable":true,"href":"https:\/\/permbledhja.com\/sq\/wp-json\/wp\/v2\/categories?post=16502"},{"taxonomy":"post_tag","embeddable":true,"href":"https:\/\/permbledhja.com\/sq\/wp-json\/wp\/v2\/tags?post=16502"}],"curies":[{"name":"wp","href":"https:\/\/api.w.org\/{rel}","templated":true}]}}