{"id":16443,"date":"2023-06-16T12:03:26","date_gmt":"2023-06-16T12:03:26","guid":{"rendered":"https:\/\/permbledhja.com\/?p=16443"},"modified":"2023-06-16T12:03:26","modified_gmt":"2023-06-16T12:03:26","slug":"gjykata-ne-kraleve-merr-vendim-per-policet-e-rrembyer","status":"publish","type":"post","link":"https:\/\/permbledhja.com\/sq\/gjykata-ne-kraleve-merr-vendim-per-policet-e-rrembyer\/","title":{"rendered":"Gjykata n\u00eb Kralev\u00eb merr vendim p\u00ebr polic\u00ebt e rr\u00ebmbyer"},"content":{"rendered":"<p>Tre polic\u00ebve t\u00eb Kosov\u00ebs, t\u00eb arrestuar nga forcat serbe m\u00eb 14 qershor, iu shqiptua masa e paraburgimit.<\/p>\n<p>Sipas REL-it, gjyqtari i procedur\u00ebs paraprake n\u00eb Gjykat\u00ebn e Lart\u00eb n\u00eb Kralev\u00eb e mori vendimin pas k\u00ebrkes\u00ebs s\u00eb prokurorit publik t\u00eb k\u00ebtij qyteti.<\/p>\n<p>Lajmi n\u00eb p\u00ebrdit\u00ebsim\u2026<\/p>\n","protected":false},"excerpt":{"rendered":"<p>Tre polic\u00ebve t\u00eb Kosov\u00ebs, t\u00eb arrestuar nga forcat serbe m\u00eb 14 qershor, iu shqiptua masa e paraburgimit. Sipas REL-it, gjyqtari i procedur\u00ebs paraprake n\u00eb Gjykat\u00ebn e Lart\u00eb n\u00eb Kralev\u00eb e mori vendimin pas k\u00ebrkes\u00ebs s\u00eb prokurorit publik t\u00eb k\u00ebtij qyteti. Lajmi n\u00eb p\u00ebrdit\u00ebsim\u2026<\/p>\n","protected":false},"author":1,"featured_media":16444,"comment_status":"closed","ping_status":"closed","sticky":false,"template":"","format":"standard","meta":{"_monsterinsights_skip_tracking":false,"_monsterinsights_sitenote_active":false,"_monsterinsights_sitenote_note":"","_monsterinsights_sitenote_category":0,"_uf_show_specific_survey":0,"_uf_disable_surveys":false,"footnotes":""},"categories":[1146],"tags":[50],"yoast_head":"<!-- This site is optimized with the Yoast SEO plugin v21.5 - https:\/\/yoast.com\/wordpress\/plugins\/seo\/ -->\n<title>Gjykata n\u00eb Kralev\u00eb merr vendim p\u00ebr polic\u00ebt e rr\u00ebmbyer<\/title>\n<meta name=\"robots\" content=\"index, follow, max-snippet:-1, max-image-preview:large, max-video-preview:-1\" \/>\n<link rel=\"canonical\" href=\"https:\/\/permbledhja.com\/sq\/gjykata-ne-kraleve-merr-vendim-per-policet-e-rrembyer\/\" \/>\n<meta property=\"og:locale\" content=\"sq_AL\" \/>\n<meta property=\"og:type\" content=\"article\" \/>\n<meta property=\"og:title\" content=\"Gjykata n\u00eb Kralev\u00eb merr vendim p\u00ebr polic\u00ebt e rr\u00ebmbyer\" \/>\n<meta property=\"og:description\" content=\"Tre polic\u00ebve t\u00eb Kosov\u00ebs, t\u00eb arrestuar nga forcat serbe m\u00eb 14 qershor, iu shqiptua masa e paraburgimit. Sipas REL-it, gjyqtari i procedur\u00ebs paraprake n\u00eb Gjykat\u00ebn e Lart\u00eb n\u00eb Kralev\u00eb e mori vendimin pas k\u00ebrkes\u00ebs s\u00eb prokurorit publik t\u00eb k\u00ebtij qyteti. Lajmi n\u00eb p\u00ebrdit\u00ebsim\u2026\" \/>\n<meta property=\"og:url\" content=\"https:\/\/permbledhja.com\/sq\/gjykata-ne-kraleve-merr-vendim-per-policet-e-rrembyer\/\" \/>\n<meta property=\"og:site_name\" content=\"Ve\u00e7 artikuj p\u00ebrmbledh\u00ebs\" \/>\n<meta property=\"article:publisher\" content=\"https:\/\/www.facebook.com\/press07\/\" \/>\n<meta property=\"article:author\" content=\"https:\/\/www.facebook.com\/kafexhiu.muharrem\/\" \/>\n<meta property=\"article:published_time\" content=\"2023-06-16T12:03:26+00:00\" \/>\n<meta property=\"og:image\" content=\"https:\/\/permbledhja.com\/wp-content\/uploads\/2023\/06\/2222222.png\" \/>\n\t<meta property=\"og:image:width\" content=\"668\" \/>\n\t<meta property=\"og:image:height\" content=\"392\" \/>\n\t<meta property=\"og:image:type\" content=\"image\/png\" \/>\n<meta name=\"author\" content=\"P\u00ebrmbledhja\" \/>\n<meta name=\"twitter:card\" content=\"summary_large_image\" \/>\n<meta name=\"twitter:label1\" content=\"Written by\" \/>\n\t<meta name=\"twitter:data1\" content=\"P\u00ebrmbledhja\" \/>\n<script type=\"application\/ld+json\" class=\"yoast-schema-graph\">{\"@context\":\"https:\/\/schema.org\",\"@graph\":[{\"@type\":\"Article\",\"@id\":\"https:\/\/permbledhja.com\/sq\/gjykata-ne-kraleve-merr-vendim-per-policet-e-rrembyer\/#article\",\"isPartOf\":{\"@id\":\"https:\/\/permbledhja.com\/sq\/gjykata-ne-kraleve-merr-vendim-per-policet-e-rrembyer\/\"},\"author\":{\"name\":\"P\u00ebrmbledhja\",\"@id\":\"https:\/\/permbledhja.com\/#\/schema\/person\/0d064377258d3221e50693947b9eb4fe\"},\"headline\":\"Gjykata n\u00eb Kralev\u00eb merr vendim p\u00ebr polic\u00ebt e rr\u00ebmbyer\",\"datePublished\":\"2023-06-16T12:03:26+00:00\",\"dateModified\":\"2023-06-16T12:03:26+00:00\",\"mainEntityOfPage\":{\"@id\":\"https:\/\/permbledhja.com\/sq\/gjykata-ne-kraleve-merr-vendim-per-policet-e-rrembyer\/\"},\"wordCount\":63,\"publisher\":{\"@id\":\"https:\/\/permbledhja.com\/#organization\"},\"keywords\":[\"Policia\"],\"articleSection\":[\"Kryesoret\"],\"inLanguage\":\"sq\"},{\"@type\":\"WebPage\",\"@id\":\"https:\/\/permbledhja.com\/sq\/gjykata-ne-kraleve-merr-vendim-per-policet-e-rrembyer\/\",\"url\":\"https:\/\/permbledhja.com\/sq\/gjykata-ne-kraleve-merr-vendim-per-policet-e-rrembyer\/\",\"name\":\"Gjykata n\u00eb Kralev\u00eb merr vendim p\u00ebr polic\u00ebt e rr\u00ebmbyer\",\"isPartOf\":{\"@id\":\"https:\/\/permbledhja.com\/#website\"},\"datePublished\":\"2023-06-16T12:03:26+00:00\",\"dateModified\":\"2023-06-16T12:03:26+00:00\",\"breadcrumb\":{\"@id\":\"https:\/\/permbledhja.com\/sq\/gjykata-ne-kraleve-merr-vendim-per-policet-e-rrembyer\/#breadcrumb\"},\"inLanguage\":\"sq\",\"potentialAction\":[{\"@type\":\"ReadAction\",\"target\":[\"https:\/\/permbledhja.com\/sq\/gjykata-ne-kraleve-merr-vendim-per-policet-e-rrembyer\/\"]}]},{\"@type\":\"BreadcrumbList\",\"@id\":\"https:\/\/permbledhja.com\/sq\/gjykata-ne-kraleve-merr-vendim-per-policet-e-rrembyer\/#breadcrumb\",\"itemListElement\":[{\"@type\":\"ListItem\",\"position\":1,\"name\":\"Ballina\",\"item\":\"https:\/\/permbledhja.com\/sq\/\"},{\"@type\":\"ListItem\",\"position\":2,\"name\":\"Gjykata n\u00eb Kralev\u00eb merr vendim p\u00ebr polic\u00ebt e rr\u00ebmbyer\"}]},{\"@type\":\"WebSite\",\"@id\":\"https:\/\/permbledhja.com\/#website\",\"url\":\"https:\/\/permbledhja.com\/\",\"name\":\"Ve\u00e7 artikuj p\u00ebrmbledh\u00ebs\",\"description\":\"\",\"publisher\":{\"@id\":\"https:\/\/permbledhja.com\/#organization\"},\"potentialAction\":[{\"@type\":\"SearchAction\",\"target\":{\"@type\":\"EntryPoint\",\"urlTemplate\":\"https:\/\/permbledhja.com\/?s={search_term_string}\"},\"query-input\":\"required name=search_term_string\"}],\"inLanguage\":\"sq\"},{\"@type\":\"Organization\",\"@id\":\"https:\/\/permbledhja.com\/#organization\",\"name\":\"MK Media & Pr\",\"url\":\"https:\/\/permbledhja.com\/\",\"logo\":{\"@type\":\"ImageObject\",\"inLanguage\":\"sq\",\"@id\":\"https:\/\/permbledhja.com\/#\/schema\/logo\/image\/\",\"url\":\"https:\/\/permbledhja.com\/wp-content\/uploads\/2021\/12\/07-Press-Logo.jpg\",\"contentUrl\":\"https:\/\/permbledhja.com\/wp-content\/uploads\/2021\/12\/07-Press-Logo.jpg\",\"width\":512,\"height\":512,\"caption\":\"MK Media & Pr\"},\"image\":{\"@id\":\"https:\/\/permbledhja.com\/#\/schema\/logo\/image\/\"},\"sameAs\":[\"https:\/\/www.facebook.com\/press07\/\"]},{\"@type\":\"Person\",\"@id\":\"https:\/\/permbledhja.com\/#\/schema\/person\/0d064377258d3221e50693947b9eb4fe\",\"name\":\"P\u00ebrmbledhja\",\"image\":{\"@type\":\"ImageObject\",\"inLanguage\":\"sq\",\"@id\":\"https:\/\/permbledhja.com\/#\/schema\/person\/image\/\",\"url\":\"https:\/\/permbledhja.com\/wp-content\/uploads\/2026\/01\/452004717_1040944174702970_8932037511805513407_n-96x96.jpg\",\"contentUrl\":\"https:\/\/permbledhja.com\/wp-content\/uploads\/2026\/01\/452004717_1040944174702970_8932037511805513407_n-96x96.jpg\",\"caption\":\"P\u00ebrmbledhja\"},\"sameAs\":[\"https:\/\/www.facebook.com\/kafexhiu.muharrem\/\",\"https:\/\/www.instagram.com\/muharrem_kafexhiu\/\"],\"url\":\"https:\/\/permbledhja.com\/sq\/author\/admin\/\"}]}<\/script>\n<!-- \/ Yoast SEO plugin. -->","yoast_head_json":{"title":"Gjykata n\u00eb Kralev\u00eb merr vendim p\u00ebr polic\u00ebt e rr\u00ebmbyer","robots":{"index":"index","follow":"follow","max-snippet":"max-snippet:-1","max-image-preview":"max-image-preview:large","max-video-preview":"max-video-preview:-1"},"canonical":"https:\/\/permbledhja.com\/sq\/gjykata-ne-kraleve-merr-vendim-per-policet-e-rrembyer\/","og_locale":"sq_AL","og_type":"article","og_title":"Gjykata n\u00eb Kralev\u00eb merr vendim p\u00ebr polic\u00ebt e rr\u00ebmbyer","og_description":"Tre polic\u00ebve t\u00eb Kosov\u00ebs, t\u00eb arrestuar nga forcat serbe m\u00eb 14 qershor, iu shqiptua masa e paraburgimit. Sipas REL-it, gjyqtari i procedur\u00ebs paraprake n\u00eb Gjykat\u00ebn e Lart\u00eb n\u00eb Kralev\u00eb e mori vendimin pas k\u00ebrkes\u00ebs s\u00eb prokurorit publik t\u00eb k\u00ebtij qyteti. Lajmi n\u00eb p\u00ebrdit\u00ebsim\u2026","og_url":"https:\/\/permbledhja.com\/sq\/gjykata-ne-kraleve-merr-vendim-per-policet-e-rrembyer\/","og_site_name":"Ve\u00e7 artikuj p\u00ebrmbledh\u00ebs","article_publisher":"https:\/\/www.facebook.com\/press07\/","article_author":"https:\/\/www.facebook.com\/kafexhiu.muharrem\/","article_published_time":"2023-06-16T12:03:26+00:00","og_image":[{"width":668,"height":392,"url":"https:\/\/permbledhja.com\/wp-content\/uploads\/2023\/06\/2222222.png","type":"image\/png"}],"author":"P\u00ebrmbledhja","twitter_card":"summary_large_image","twitter_misc":{"Written by":"P\u00ebrmbledhja"},"schema":{"@context":"https:\/\/schema.org","@graph":[{"@type":"Article","@id":"https:\/\/permbledhja.com\/sq\/gjykata-ne-kraleve-merr-vendim-per-policet-e-rrembyer\/#article","isPartOf":{"@id":"https:\/\/permbledhja.com\/sq\/gjykata-ne-kraleve-merr-vendim-per-policet-e-rrembyer\/"},"author":{"name":"P\u00ebrmbledhja","@id":"https:\/\/permbledhja.com\/#\/schema\/person\/0d064377258d3221e50693947b9eb4fe"},"headline":"Gjykata n\u00eb Kralev\u00eb merr vendim p\u00ebr polic\u00ebt e rr\u00ebmbyer","datePublished":"2023-06-16T12:03:26+00:00","dateModified":"2023-06-16T12:03:26+00:00","mainEntityOfPage":{"@id":"https:\/\/permbledhja.com\/sq\/gjykata-ne-kraleve-merr-vendim-per-policet-e-rrembyer\/"},"wordCount":63,"publisher":{"@id":"https:\/\/permbledhja.com\/#organization"},"keywords":["Policia"],"articleSection":["Kryesoret"],"inLanguage":"sq"},{"@type":"WebPage","@id":"https:\/\/permbledhja.com\/sq\/gjykata-ne-kraleve-merr-vendim-per-policet-e-rrembyer\/","url":"https:\/\/permbledhja.com\/sq\/gjykata-ne-kraleve-merr-vendim-per-policet-e-rrembyer\/","name":"Gjykata n\u00eb Kralev\u00eb merr vendim p\u00ebr polic\u00ebt e rr\u00ebmbyer","isPartOf":{"@id":"https:\/\/permbledhja.com\/#website"},"datePublished":"2023-06-16T12:03:26+00:00","dateModified":"2023-06-16T12:03:26+00:00","breadcrumb":{"@id":"https:\/\/permbledhja.com\/sq\/gjykata-ne-kraleve-merr-vendim-per-policet-e-rrembyer\/#breadcrumb"},"inLanguage":"sq","potentialAction":[{"@type":"ReadAction","target":["https:\/\/permbledhja.com\/sq\/gjykata-ne-kraleve-merr-vendim-per-policet-e-rrembyer\/"]}]},{"@type":"BreadcrumbList","@id":"https:\/\/permbledhja.com\/sq\/gjykata-ne-kraleve-merr-vendim-per-policet-e-rrembyer\/#breadcrumb","itemListElement":[{"@type":"ListItem","position":1,"name":"Ballina","item":"https:\/\/permbledhja.com\/sq\/"},{"@type":"ListItem","position":2,"name":"Gjykata n\u00eb Kralev\u00eb merr vendim p\u00ebr polic\u00ebt e rr\u00ebmbyer"}]},{"@type":"WebSite","@id":"https:\/\/permbledhja.com\/#website","url":"https:\/\/permbledhja.com\/","name":"Ve\u00e7 artikuj p\u00ebrmbledh\u00ebs","description":"","publisher":{"@id":"https:\/\/permbledhja.com\/#organization"},"potentialAction":[{"@type":"SearchAction","target":{"@type":"EntryPoint","urlTemplate":"https:\/\/permbledhja.com\/?s={search_term_string}"},"query-input":"required name=search_term_string"}],"inLanguage":"sq"},{"@type":"Organization","@id":"https:\/\/permbledhja.com\/#organization","name":"MK Media & Pr","url":"https:\/\/permbledhja.com\/","logo":{"@type":"ImageObject","inLanguage":"sq","@id":"https:\/\/permbledhja.com\/#\/schema\/logo\/image\/","url":"https:\/\/permbledhja.com\/wp-content\/uploads\/2021\/12\/07-Press-Logo.jpg","contentUrl":"https:\/\/permbledhja.com\/wp-content\/uploads\/2021\/12\/07-Press-Logo.jpg","width":512,"height":512,"caption":"MK Media & Pr"},"image":{"@id":"https:\/\/permbledhja.com\/#\/schema\/logo\/image\/"},"sameAs":["https:\/\/www.facebook.com\/press07\/"]},{"@type":"Person","@id":"https:\/\/permbledhja.com\/#\/schema\/person\/0d064377258d3221e50693947b9eb4fe","name":"P\u00ebrmbledhja","image":{"@type":"ImageObject","inLanguage":"sq","@id":"https:\/\/permbledhja.com\/#\/schema\/person\/image\/","url":"https:\/\/permbledhja.com\/wp-content\/uploads\/2026\/01\/452004717_1040944174702970_8932037511805513407_n-96x96.jpg","contentUrl":"https:\/\/permbledhja.com\/wp-content\/uploads\/2026\/01\/452004717_1040944174702970_8932037511805513407_n-96x96.jpg","caption":"P\u00ebrmbledhja"},"sameAs":["https:\/\/www.facebook.com\/kafexhiu.muharrem\/","https:\/\/www.instagram.com\/muharrem_kafexhiu\/"],"url":"https:\/\/permbledhja.com\/sq\/author\/admin\/"}]}},"_links":{"self":[{"href":"https:\/\/permbledhja.com\/sq\/wp-json\/wp\/v2\/posts\/16443"}],"collection":[{"href":"https:\/\/permbledhja.com\/sq\/wp-json\/wp\/v2\/posts"}],"about":[{"href":"https:\/\/permbledhja.com\/sq\/wp-json\/wp\/v2\/types\/post"}],"author":[{"embeddable":true,"href":"https:\/\/permbledhja.com\/sq\/wp-json\/wp\/v2\/users\/1"}],"replies":[{"embeddable":true,"href":"https:\/\/permbledhja.com\/sq\/wp-json\/wp\/v2\/comments?post=16443"}],"version-history":[{"count":1,"href":"https:\/\/permbledhja.com\/sq\/wp-json\/wp\/v2\/posts\/16443\/revisions"}],"predecessor-version":[{"id":16445,"href":"https:\/\/permbledhja.com\/sq\/wp-json\/wp\/v2\/posts\/16443\/revisions\/16445"}],"wp:featuredmedia":[{"embeddable":true,"href":"https:\/\/permbledhja.com\/sq\/wp-json\/wp\/v2\/media\/16444"}],"wp:attachment":[{"href":"https:\/\/permbledhja.com\/sq\/wp-json\/wp\/v2\/media?parent=16443"}],"wp:term":[{"taxonomy":"category","embeddable":true,"href":"https:\/\/permbledhja.com\/sq\/wp-json\/wp\/v2\/categories?post=16443"},{"taxonomy":"post_tag","embeddable":true,"href":"https:\/\/permbledhja.com\/sq\/wp-json\/wp\/v2\/tags?post=16443"}],"curies":[{"name":"wp","href":"https:\/\/api.w.org\/{rel}","templated":true}]}}