{"id":16316,"date":"2023-06-15T07:16:07","date_gmt":"2023-06-15T07:16:07","guid":{"rendered":"https:\/\/permbledhja.com\/?p=16316"},"modified":"2023-06-15T07:16:07","modified_gmt":"2023-06-15T07:16:07","slug":"svecla-eshte-e-qarte-se-ky-akt-kriminal-u-be-per-hakmarrje-nuk-do-te-ndalemi-as-zmbrapsemi-ne-kerkim-te-drejtesise","status":"publish","type":"post","link":"https:\/\/permbledhja.com\/sq\/svecla-eshte-e-qarte-se-ky-akt-kriminal-u-be-per-hakmarrje-nuk-do-te-ndalemi-as-zmbrapsemi-ne-kerkim-te-drejtesise\/","title":{"rendered":"Sve\u00e7la: \u00cbsht\u00eb e qart\u00eb se ky akt kriminal u b\u00eb p\u00ebr hakmarrje, nuk do t\u00eb ndalemi as zmbrapsemi n\u00eb k\u00ebrkim t\u00eb drejt\u00ebsis\u00eb"},"content":{"rendered":"<p>Ministri i Pun\u00ebve t\u00eb Brendshme, Xhelal Sve\u00e7la \u00ebsht\u00eb prononcuar p\u00ebr media pas mbledhjes s\u00eb K\u00ebshillit t\u00eb Sigurimit, e cila u mbajt pas zhvillimeve t\u00eb fundit n\u00eb vend, ku gjat\u00eb dit\u00ebs s\u00eb djeshme forcat serbe kan\u00eb kidnapuar tre zyrtar\u00eb policor\u00eb n\u00eb veri.<\/p>\n<p>Sve\u00e7la ka theksuar se Beogradi mori nj\u00eb hap t\u00eb turpsh\u00ebm duke kidnapuar tre zyrtar\u00ebt policor\u00eb kosovar\u00eb, dhe kjo ndodhi sipas planit t\u00eb planifikuar anti-terror, i b\u00ebr\u00eb n\u00eb komun\u00ebn e Leposaviqit.<\/p>\n<p>Sve\u00e7la ka th\u00ebn\u00eb se \u00ebsht\u00eb e qart\u00eb se ky akt kriminal \u00ebsht\u00eb b\u00ebr\u00eb p\u00ebr hakmarrje.<\/p>\n<p>\u201cP\u00ebr ne dhe gjith\u00eb bot\u00ebn demokratike kjo \u00ebsht\u00eb e papranueshme, ky akt kriminal duhet t\u00eb nd\u00ebshkohet ashp\u00ebrsisht nga nd\u00ebrkomb\u00ebtar\u00ebt, pasi sipas tij, kjo shfaq fytyr\u00ebn e v\u00ebrtet\u00eb t\u00eb Serbis\u00eb.<\/p>\n<p>\u201cRitheksoj se nuk ndal\u00ebmi as zmbramsemi n\u00eb k\u00ebrkim t\u00eb drejt\u00ebsis\u00eb, kushtetutshtm\u00ebris\u00eb dh\u00eb ligjshm\u00ebris\u00eb n\u00eb vend. Do t\u00eb veprojm\u00eb sipas ligjit dh\u00eb principeve t\u00eb demokracis\u00eb, dhe \u00e7dokush q\u00eb shkel ligjin do t\u00eb p\u00ebrballet m\u00eb procedura ligjore.\/Sinjali<\/p>\n","protected":false},"excerpt":{"rendered":"<p>Ministri i Pun\u00ebve t\u00eb Brendshme, Xhelal Sve\u00e7la \u00ebsht\u00eb prononcuar p\u00ebr media pas mbledhjes s\u00eb K\u00ebshillit t\u00eb Sigurimit, e cila u mbajt pas zhvillimeve t\u00eb fundit n\u00eb vend, ku gjat\u00eb dit\u00ebs s\u00eb djeshme forcat serbe kan\u00eb kidnapuar tre zyrtar\u00eb policor\u00eb n\u00eb veri. Sve\u00e7la ka theksuar se Beogradi mori nj\u00eb hap t\u00eb turpsh\u00ebm duke kidnapuar tre zyrtar\u00ebt [&hellip;]<\/p>\n","protected":false},"author":1,"featured_media":16317,"comment_status":"closed","ping_status":"closed","sticky":false,"template":"","format":"standard","meta":{"_monsterinsights_skip_tracking":false,"_monsterinsights_sitenote_active":false,"_monsterinsights_sitenote_note":"","_monsterinsights_sitenote_category":0,"_uf_show_specific_survey":0,"_uf_disable_surveys":false,"footnotes":""},"categories":[23,15],"tags":[],"yoast_head":"<!-- This site is optimized with the Yoast SEO plugin v21.5 - https:\/\/yoast.com\/wordpress\/plugins\/seo\/ -->\n<title>Sve\u00e7la: \u00cbsht\u00eb e qart\u00eb se ky akt kriminal u b\u00eb p\u00ebr hakmarrje, nuk do t\u00eb ndalemi as zmbrapsemi n\u00eb k\u00ebrkim t\u00eb drejt\u00ebsis\u00eb<\/title>\n<meta name=\"robots\" content=\"index, follow, max-snippet:-1, max-image-preview:large, max-video-preview:-1\" \/>\n<link rel=\"canonical\" href=\"https:\/\/permbledhja.com\/sq\/svecla-eshte-e-qarte-se-ky-akt-kriminal-u-be-per-hakmarrje-nuk-do-te-ndalemi-as-zmbrapsemi-ne-kerkim-te-drejtesise\/\" \/>\n<meta property=\"og:locale\" content=\"sq_AL\" \/>\n<meta property=\"og:type\" content=\"article\" \/>\n<meta property=\"og:title\" content=\"Sve\u00e7la: \u00cbsht\u00eb e qart\u00eb se ky akt kriminal u b\u00eb p\u00ebr hakmarrje, nuk do t\u00eb ndalemi as zmbrapsemi n\u00eb k\u00ebrkim t\u00eb drejt\u00ebsis\u00eb\" \/>\n<meta property=\"og:description\" content=\"Ministri i Pun\u00ebve t\u00eb Brendshme, Xhelal Sve\u00e7la \u00ebsht\u00eb prononcuar p\u00ebr media pas mbledhjes s\u00eb K\u00ebshillit t\u00eb Sigurimit, e cila u mbajt pas zhvillimeve t\u00eb fundit n\u00eb vend, ku gjat\u00eb dit\u00ebs s\u00eb djeshme forcat serbe kan\u00eb kidnapuar tre zyrtar\u00eb policor\u00eb n\u00eb veri. Sve\u00e7la ka theksuar se Beogradi mori nj\u00eb hap t\u00eb turpsh\u00ebm duke kidnapuar tre zyrtar\u00ebt [&hellip;]\" \/>\n<meta property=\"og:url\" content=\"https:\/\/permbledhja.com\/sq\/svecla-eshte-e-qarte-se-ky-akt-kriminal-u-be-per-hakmarrje-nuk-do-te-ndalemi-as-zmbrapsemi-ne-kerkim-te-drejtesise\/\" \/>\n<meta property=\"og:site_name\" content=\"Ve\u00e7 artikuj p\u00ebrmbledh\u00ebs\" \/>\n<meta property=\"article:publisher\" content=\"https:\/\/www.facebook.com\/press07\/\" \/>\n<meta property=\"article:author\" content=\"https:\/\/www.facebook.com\/kafexhiu.muharrem\/\" \/>\n<meta property=\"article:published_time\" content=\"2023-06-15T07:16:07+00:00\" \/>\n<meta property=\"og:image\" content=\"https:\/\/permbledhja.com\/wp-content\/uploads\/2023\/06\/EF6FD0DD-83FE-4E92-9AF9-08BBBA5D1133.webp\" \/>\n\t<meta property=\"og:image:width\" content=\"1166\" \/>\n\t<meta property=\"og:image:height\" content=\"743\" \/>\n\t<meta property=\"og:image:type\" content=\"image\/webp\" \/>\n<meta name=\"author\" content=\"P\u00ebrmbledhja\" \/>\n<meta name=\"twitter:card\" content=\"summary_large_image\" \/>\n<meta name=\"twitter:label1\" content=\"Written by\" \/>\n\t<meta name=\"twitter:data1\" content=\"P\u00ebrmbledhja\" \/>\n\t<meta name=\"twitter:label2\" content=\"Est. reading time\" \/>\n\t<meta name=\"twitter:data2\" content=\"1 minut\u00eb\" \/>\n<script type=\"application\/ld+json\" class=\"yoast-schema-graph\">{\"@context\":\"https:\/\/schema.org\",\"@graph\":[{\"@type\":\"Article\",\"@id\":\"https:\/\/permbledhja.com\/svecla-eshte-e-qarte-se-ky-akt-kriminal-u-be-per-hakmarrje-nuk-do-te-ndalemi-as-zmbrapsemi-ne-kerkim-te-drejtesise\/#article\",\"isPartOf\":{\"@id\":\"https:\/\/permbledhja.com\/svecla-eshte-e-qarte-se-ky-akt-kriminal-u-be-per-hakmarrje-nuk-do-te-ndalemi-as-zmbrapsemi-ne-kerkim-te-drejtesise\/\"},\"author\":{\"name\":\"P\u00ebrmbledhja\",\"@id\":\"https:\/\/permbledhja.com\/#\/schema\/person\/0d064377258d3221e50693947b9eb4fe\"},\"headline\":\"Sve\u00e7la: \u00cbsht\u00eb e qart\u00eb se ky akt kriminal u b\u00eb p\u00ebr hakmarrje, nuk do t\u00eb ndalemi as zmbrapsemi n\u00eb k\u00ebrkim t\u00eb drejt\u00ebsis\u00eb\",\"datePublished\":\"2023-06-15T07:16:07+00:00\",\"dateModified\":\"2023-06-15T07:16:07+00:00\",\"mainEntityOfPage\":{\"@id\":\"https:\/\/permbledhja.com\/svecla-eshte-e-qarte-se-ky-akt-kriminal-u-be-per-hakmarrje-nuk-do-te-ndalemi-as-zmbrapsemi-ne-kerkim-te-drejtesise\/\"},\"wordCount\":206,\"publisher\":{\"@id\":\"https:\/\/permbledhja.com\/#organization\"},\"articleSection\":[\"Komb\u00ebtare\",\"Lajme\"],\"inLanguage\":\"sq\"},{\"@type\":\"WebPage\",\"@id\":\"https:\/\/permbledhja.com\/svecla-eshte-e-qarte-se-ky-akt-kriminal-u-be-per-hakmarrje-nuk-do-te-ndalemi-as-zmbrapsemi-ne-kerkim-te-drejtesise\/\",\"url\":\"https:\/\/permbledhja.com\/svecla-eshte-e-qarte-se-ky-akt-kriminal-u-be-per-hakmarrje-nuk-do-te-ndalemi-as-zmbrapsemi-ne-kerkim-te-drejtesise\/\",\"name\":\"Sve\u00e7la: \u00cbsht\u00eb e qart\u00eb se ky akt kriminal u b\u00eb p\u00ebr hakmarrje, nuk do t\u00eb ndalemi as zmbrapsemi n\u00eb k\u00ebrkim t\u00eb drejt\u00ebsis\u00eb\",\"isPartOf\":{\"@id\":\"https:\/\/permbledhja.com\/#website\"},\"datePublished\":\"2023-06-15T07:16:07+00:00\",\"dateModified\":\"2023-06-15T07:16:07+00:00\",\"breadcrumb\":{\"@id\":\"https:\/\/permbledhja.com\/svecla-eshte-e-qarte-se-ky-akt-kriminal-u-be-per-hakmarrje-nuk-do-te-ndalemi-as-zmbrapsemi-ne-kerkim-te-drejtesise\/#breadcrumb\"},\"inLanguage\":\"sq\",\"potentialAction\":[{\"@type\":\"ReadAction\",\"target\":[\"https:\/\/permbledhja.com\/svecla-eshte-e-qarte-se-ky-akt-kriminal-u-be-per-hakmarrje-nuk-do-te-ndalemi-as-zmbrapsemi-ne-kerkim-te-drejtesise\/\"]}]},{\"@type\":\"BreadcrumbList\",\"@id\":\"https:\/\/permbledhja.com\/svecla-eshte-e-qarte-se-ky-akt-kriminal-u-be-per-hakmarrje-nuk-do-te-ndalemi-as-zmbrapsemi-ne-kerkim-te-drejtesise\/#breadcrumb\",\"itemListElement\":[{\"@type\":\"ListItem\",\"position\":1,\"name\":\"Ballina\",\"item\":\"https:\/\/permbledhja.com\/sq\/\"},{\"@type\":\"ListItem\",\"position\":2,\"name\":\"Sve\u00e7la: \u00cbsht\u00eb e qart\u00eb se ky akt kriminal u b\u00eb p\u00ebr hakmarrje, nuk do t\u00eb ndalemi as zmbrapsemi n\u00eb k\u00ebrkim t\u00eb drejt\u00ebsis\u00eb\"}]},{\"@type\":\"WebSite\",\"@id\":\"https:\/\/permbledhja.com\/#website\",\"url\":\"https:\/\/permbledhja.com\/\",\"name\":\"Ve\u00e7 artikuj p\u00ebrmbledh\u00ebs\",\"description\":\"\",\"publisher\":{\"@id\":\"https:\/\/permbledhja.com\/#organization\"},\"potentialAction\":[{\"@type\":\"SearchAction\",\"target\":{\"@type\":\"EntryPoint\",\"urlTemplate\":\"https:\/\/permbledhja.com\/?s={search_term_string}\"},\"query-input\":\"required name=search_term_string\"}],\"inLanguage\":\"sq\"},{\"@type\":\"Organization\",\"@id\":\"https:\/\/permbledhja.com\/#organization\",\"name\":\"MK Media & Pr\",\"url\":\"https:\/\/permbledhja.com\/\",\"logo\":{\"@type\":\"ImageObject\",\"inLanguage\":\"sq\",\"@id\":\"https:\/\/permbledhja.com\/#\/schema\/logo\/image\/\",\"url\":\"https:\/\/permbledhja.com\/wp-content\/uploads\/2021\/12\/07-Press-Logo.jpg\",\"contentUrl\":\"https:\/\/permbledhja.com\/wp-content\/uploads\/2021\/12\/07-Press-Logo.jpg\",\"width\":512,\"height\":512,\"caption\":\"MK Media & Pr\"},\"image\":{\"@id\":\"https:\/\/permbledhja.com\/#\/schema\/logo\/image\/\"},\"sameAs\":[\"https:\/\/www.facebook.com\/press07\/\"]},{\"@type\":\"Person\",\"@id\":\"https:\/\/permbledhja.com\/#\/schema\/person\/0d064377258d3221e50693947b9eb4fe\",\"name\":\"P\u00ebrmbledhja\",\"image\":{\"@type\":\"ImageObject\",\"inLanguage\":\"sq\",\"@id\":\"https:\/\/permbledhja.com\/#\/schema\/person\/image\/\",\"url\":\"https:\/\/permbledhja.com\/wp-content\/uploads\/2026\/01\/452004717_1040944174702970_8932037511805513407_n-96x96.jpg\",\"contentUrl\":\"https:\/\/permbledhja.com\/wp-content\/uploads\/2026\/01\/452004717_1040944174702970_8932037511805513407_n-96x96.jpg\",\"caption\":\"P\u00ebrmbledhja\"},\"sameAs\":[\"https:\/\/www.facebook.com\/kafexhiu.muharrem\/\",\"https:\/\/www.instagram.com\/muharrem_kafexhiu\/\"],\"url\":\"https:\/\/permbledhja.com\/sq\/author\/admin\/\"}]}<\/script>\n<!-- \/ Yoast SEO plugin. -->","yoast_head_json":{"title":"Sve\u00e7la: \u00cbsht\u00eb e qart\u00eb se ky akt kriminal u b\u00eb p\u00ebr hakmarrje, nuk do t\u00eb ndalemi as zmbrapsemi n\u00eb k\u00ebrkim t\u00eb drejt\u00ebsis\u00eb","robots":{"index":"index","follow":"follow","max-snippet":"max-snippet:-1","max-image-preview":"max-image-preview:large","max-video-preview":"max-video-preview:-1"},"canonical":"https:\/\/permbledhja.com\/sq\/svecla-eshte-e-qarte-se-ky-akt-kriminal-u-be-per-hakmarrje-nuk-do-te-ndalemi-as-zmbrapsemi-ne-kerkim-te-drejtesise\/","og_locale":"sq_AL","og_type":"article","og_title":"Sve\u00e7la: \u00cbsht\u00eb e qart\u00eb se ky akt kriminal u b\u00eb p\u00ebr hakmarrje, nuk do t\u00eb ndalemi as zmbrapsemi n\u00eb k\u00ebrkim t\u00eb drejt\u00ebsis\u00eb","og_description":"Ministri i Pun\u00ebve t\u00eb Brendshme, Xhelal Sve\u00e7la \u00ebsht\u00eb prononcuar p\u00ebr media pas mbledhjes s\u00eb K\u00ebshillit t\u00eb Sigurimit, e cila u mbajt pas zhvillimeve t\u00eb fundit n\u00eb vend, ku gjat\u00eb dit\u00ebs s\u00eb djeshme forcat serbe kan\u00eb kidnapuar tre zyrtar\u00eb policor\u00eb n\u00eb veri. Sve\u00e7la ka theksuar se Beogradi mori nj\u00eb hap t\u00eb turpsh\u00ebm duke kidnapuar tre zyrtar\u00ebt [&hellip;]","og_url":"https:\/\/permbledhja.com\/sq\/svecla-eshte-e-qarte-se-ky-akt-kriminal-u-be-per-hakmarrje-nuk-do-te-ndalemi-as-zmbrapsemi-ne-kerkim-te-drejtesise\/","og_site_name":"Ve\u00e7 artikuj p\u00ebrmbledh\u00ebs","article_publisher":"https:\/\/www.facebook.com\/press07\/","article_author":"https:\/\/www.facebook.com\/kafexhiu.muharrem\/","article_published_time":"2023-06-15T07:16:07+00:00","og_image":[{"width":1166,"height":743,"url":"https:\/\/permbledhja.com\/wp-content\/uploads\/2023\/06\/EF6FD0DD-83FE-4E92-9AF9-08BBBA5D1133.webp","type":"image\/webp"}],"author":"P\u00ebrmbledhja","twitter_card":"summary_large_image","twitter_misc":{"Written by":"P\u00ebrmbledhja","Est. reading time":"1 minut\u00eb"},"schema":{"@context":"https:\/\/schema.org","@graph":[{"@type":"Article","@id":"https:\/\/permbledhja.com\/svecla-eshte-e-qarte-se-ky-akt-kriminal-u-be-per-hakmarrje-nuk-do-te-ndalemi-as-zmbrapsemi-ne-kerkim-te-drejtesise\/#article","isPartOf":{"@id":"https:\/\/permbledhja.com\/svecla-eshte-e-qarte-se-ky-akt-kriminal-u-be-per-hakmarrje-nuk-do-te-ndalemi-as-zmbrapsemi-ne-kerkim-te-drejtesise\/"},"author":{"name":"P\u00ebrmbledhja","@id":"https:\/\/permbledhja.com\/#\/schema\/person\/0d064377258d3221e50693947b9eb4fe"},"headline":"Sve\u00e7la: \u00cbsht\u00eb e qart\u00eb se ky akt kriminal u b\u00eb p\u00ebr hakmarrje, nuk do t\u00eb ndalemi as zmbrapsemi n\u00eb k\u00ebrkim t\u00eb drejt\u00ebsis\u00eb","datePublished":"2023-06-15T07:16:07+00:00","dateModified":"2023-06-15T07:16:07+00:00","mainEntityOfPage":{"@id":"https:\/\/permbledhja.com\/svecla-eshte-e-qarte-se-ky-akt-kriminal-u-be-per-hakmarrje-nuk-do-te-ndalemi-as-zmbrapsemi-ne-kerkim-te-drejtesise\/"},"wordCount":206,"publisher":{"@id":"https:\/\/permbledhja.com\/#organization"},"articleSection":["Komb\u00ebtare","Lajme"],"inLanguage":"sq"},{"@type":"WebPage","@id":"https:\/\/permbledhja.com\/svecla-eshte-e-qarte-se-ky-akt-kriminal-u-be-per-hakmarrje-nuk-do-te-ndalemi-as-zmbrapsemi-ne-kerkim-te-drejtesise\/","url":"https:\/\/permbledhja.com\/svecla-eshte-e-qarte-se-ky-akt-kriminal-u-be-per-hakmarrje-nuk-do-te-ndalemi-as-zmbrapsemi-ne-kerkim-te-drejtesise\/","name":"Sve\u00e7la: \u00cbsht\u00eb e qart\u00eb se ky akt kriminal u b\u00eb p\u00ebr hakmarrje, nuk do t\u00eb ndalemi as zmbrapsemi n\u00eb k\u00ebrkim t\u00eb drejt\u00ebsis\u00eb","isPartOf":{"@id":"https:\/\/permbledhja.com\/#website"},"datePublished":"2023-06-15T07:16:07+00:00","dateModified":"2023-06-15T07:16:07+00:00","breadcrumb":{"@id":"https:\/\/permbledhja.com\/svecla-eshte-e-qarte-se-ky-akt-kriminal-u-be-per-hakmarrje-nuk-do-te-ndalemi-as-zmbrapsemi-ne-kerkim-te-drejtesise\/#breadcrumb"},"inLanguage":"sq","potentialAction":[{"@type":"ReadAction","target":["https:\/\/permbledhja.com\/svecla-eshte-e-qarte-se-ky-akt-kriminal-u-be-per-hakmarrje-nuk-do-te-ndalemi-as-zmbrapsemi-ne-kerkim-te-drejtesise\/"]}]},{"@type":"BreadcrumbList","@id":"https:\/\/permbledhja.com\/svecla-eshte-e-qarte-se-ky-akt-kriminal-u-be-per-hakmarrje-nuk-do-te-ndalemi-as-zmbrapsemi-ne-kerkim-te-drejtesise\/#breadcrumb","itemListElement":[{"@type":"ListItem","position":1,"name":"Ballina","item":"https:\/\/permbledhja.com\/sq\/"},{"@type":"ListItem","position":2,"name":"Sve\u00e7la: \u00cbsht\u00eb e qart\u00eb se ky akt kriminal u b\u00eb p\u00ebr hakmarrje, nuk do t\u00eb ndalemi as zmbrapsemi n\u00eb k\u00ebrkim t\u00eb drejt\u00ebsis\u00eb"}]},{"@type":"WebSite","@id":"https:\/\/permbledhja.com\/#website","url":"https:\/\/permbledhja.com\/","name":"Ve\u00e7 artikuj p\u00ebrmbledh\u00ebs","description":"","publisher":{"@id":"https:\/\/permbledhja.com\/#organization"},"potentialAction":[{"@type":"SearchAction","target":{"@type":"EntryPoint","urlTemplate":"https:\/\/permbledhja.com\/?s={search_term_string}"},"query-input":"required name=search_term_string"}],"inLanguage":"sq"},{"@type":"Organization","@id":"https:\/\/permbledhja.com\/#organization","name":"MK Media & Pr","url":"https:\/\/permbledhja.com\/","logo":{"@type":"ImageObject","inLanguage":"sq","@id":"https:\/\/permbledhja.com\/#\/schema\/logo\/image\/","url":"https:\/\/permbledhja.com\/wp-content\/uploads\/2021\/12\/07-Press-Logo.jpg","contentUrl":"https:\/\/permbledhja.com\/wp-content\/uploads\/2021\/12\/07-Press-Logo.jpg","width":512,"height":512,"caption":"MK Media & Pr"},"image":{"@id":"https:\/\/permbledhja.com\/#\/schema\/logo\/image\/"},"sameAs":["https:\/\/www.facebook.com\/press07\/"]},{"@type":"Person","@id":"https:\/\/permbledhja.com\/#\/schema\/person\/0d064377258d3221e50693947b9eb4fe","name":"P\u00ebrmbledhja","image":{"@type":"ImageObject","inLanguage":"sq","@id":"https:\/\/permbledhja.com\/#\/schema\/person\/image\/","url":"https:\/\/permbledhja.com\/wp-content\/uploads\/2026\/01\/452004717_1040944174702970_8932037511805513407_n-96x96.jpg","contentUrl":"https:\/\/permbledhja.com\/wp-content\/uploads\/2026\/01\/452004717_1040944174702970_8932037511805513407_n-96x96.jpg","caption":"P\u00ebrmbledhja"},"sameAs":["https:\/\/www.facebook.com\/kafexhiu.muharrem\/","https:\/\/www.instagram.com\/muharrem_kafexhiu\/"],"url":"https:\/\/permbledhja.com\/sq\/author\/admin\/"}]}},"_links":{"self":[{"href":"https:\/\/permbledhja.com\/sq\/wp-json\/wp\/v2\/posts\/16316"}],"collection":[{"href":"https:\/\/permbledhja.com\/sq\/wp-json\/wp\/v2\/posts"}],"about":[{"href":"https:\/\/permbledhja.com\/sq\/wp-json\/wp\/v2\/types\/post"}],"author":[{"embeddable":true,"href":"https:\/\/permbledhja.com\/sq\/wp-json\/wp\/v2\/users\/1"}],"replies":[{"embeddable":true,"href":"https:\/\/permbledhja.com\/sq\/wp-json\/wp\/v2\/comments?post=16316"}],"version-history":[{"count":1,"href":"https:\/\/permbledhja.com\/sq\/wp-json\/wp\/v2\/posts\/16316\/revisions"}],"predecessor-version":[{"id":16318,"href":"https:\/\/permbledhja.com\/sq\/wp-json\/wp\/v2\/posts\/16316\/revisions\/16318"}],"wp:featuredmedia":[{"embeddable":true,"href":"https:\/\/permbledhja.com\/sq\/wp-json\/wp\/v2\/media\/16317"}],"wp:attachment":[{"href":"https:\/\/permbledhja.com\/sq\/wp-json\/wp\/v2\/media?parent=16316"}],"wp:term":[{"taxonomy":"category","embeddable":true,"href":"https:\/\/permbledhja.com\/sq\/wp-json\/wp\/v2\/categories?post=16316"},{"taxonomy":"post_tag","embeddable":true,"href":"https:\/\/permbledhja.com\/sq\/wp-json\/wp\/v2\/tags?post=16316"}],"curies":[{"name":"wp","href":"https:\/\/api.w.org\/{rel}","templated":true}]}}