{"id":16310,"date":"2023-06-15T06:48:03","date_gmt":"2023-06-15T06:48:03","guid":{"rendered":"https:\/\/permbledhja.com\/?p=16310"},"modified":"2023-06-15T06:48:03","modified_gmt":"2023-06-15T06:48:03","slug":"rrembimi-i-policeve-presidenti-begaj-akt-i-rende-provokativ-te-nderhyjne-nderkombetaret","status":"publish","type":"post","link":"https:\/\/permbledhja.com\/sq\/rrembimi-i-policeve-presidenti-begaj-akt-i-rende-provokativ-te-nderhyjne-nderkombetaret\/","title":{"rendered":"Rr\u00ebmbimi i polic\u00ebve, presidenti Begaj: Akt i r\u00ebnd\u00eb provokativ, t\u00eb nd\u00ebrhyjn\u00eb nd\u00ebrkomb\u00ebtar\u00ebt"},"content":{"rendered":"<p>Presidenti i Republik\u00ebs, Bajram Begaj, n\u00eb nj\u00eb reagim n\u00eb rrjetet sociale i ka k\u00ebrkuara autoriteteve t\u00eb Kosov\u00ebs q\u00eb t\u00eb vet\u00ebp\u00ebrmbahen dhe t\u00eb mos bien pre e provokimeve t\u00eb Serbis\u00eb.<\/p>\n<p>Ai ka theksuar se strategjit\u00eb \u201ceskalim p\u00ebr t\u00eb deeskaluar\u201d duhet t\u00eb marrin fund.<\/p>\n<p>Teksa e cil\u00ebsoi rr\u00ebmbimin e tre polic\u00ebve si nj\u00eb akt t\u00eb r\u00ebnd\u00eb, kreu i shtetit k\u00ebrkoi nga pal\u00ebt t\u00eb rikthehen n\u00eb tryez\u00ebn e bisedimeve p\u00ebr t\u00eb tejkaluar situat\u00ebn.<\/p>\n<p>\u201cRr\u00ebmbimi i tre efektiv\u00ebve t\u00eb Policis\u00eb s\u00eb Kosov\u00ebs, brenda territorit t\u00eb Kosov\u00ebs nga trupat serbe, \u00ebsht\u00eb nj\u00eb akt i r\u00ebnd\u00eb provokativ p\u00ebr destabilizimin e Kosov\u00ebs dhe t\u00eb mbar\u00eb rajonit. E d\u00ebnoj m\u00eb forc\u00eb k\u00ebt\u00eb akt dhe iu b\u00ebj thirrje autoriteteve t\u00eb Serbis\u00eb p\u00ebr lirimin e efektiv\u00ebve kosovar\u00eb. Gjithashtu iu b\u00ebj thirrje partner\u00ebve nd\u00ebrkomb\u00ebtar\u00eb q\u00eb t\u00eb nd\u00ebrhyjn\u00eb dhe t\u00eb shkurajojn\u00eb veprime t\u00eb tjera t\u00eb ngjashme\u201d, tha Presidenti.<\/p>\n<p>\u201cNj\u00eb thirrje v\u00ebllaz\u00ebrore iu b\u00ebj s\u00ebrish autoriteteve t\u00eb Kosov\u00ebs p\u00ebr t\u00eb mos r\u00ebn\u00eb pre e provokimeve dhe p\u00ebr t\u00eb dh\u00ebn\u00eb kontributin e tyre p\u00ebr \u00e7tensionimin e situat\u00ebs. Koordinimi me SHBA dhe BE p\u00ebr rikthimin e tryez\u00ebs s\u00eb bisedimeve \u00ebsht\u00eb shum\u00eb i r\u00ebnd\u00ebsish\u00ebm\u201d, shtoi ai.<\/p>\n","protected":false},"excerpt":{"rendered":"<p>Presidenti i Republik\u00ebs, Bajram Begaj, n\u00eb nj\u00eb reagim n\u00eb rrjetet sociale i ka k\u00ebrkuara autoriteteve t\u00eb Kosov\u00ebs q\u00eb t\u00eb vet\u00ebp\u00ebrmbahen dhe t\u00eb mos bien pre e provokimeve t\u00eb Serbis\u00eb. Ai ka theksuar se strategjit\u00eb \u201ceskalim p\u00ebr t\u00eb deeskaluar\u201d duhet t\u00eb marrin fund. Teksa e cil\u00ebsoi rr\u00ebmbimin e tre polic\u00ebve si nj\u00eb akt t\u00eb r\u00ebnd\u00eb, kreu [&hellip;]<\/p>\n","protected":false},"author":1,"featured_media":16311,"comment_status":"closed","ping_status":"closed","sticky":false,"template":"","format":"standard","meta":{"_monsterinsights_skip_tracking":false,"_monsterinsights_sitenote_active":false,"_monsterinsights_sitenote_note":"","_monsterinsights_sitenote_category":0,"_uf_show_specific_survey":0,"_uf_disable_surveys":false,"footnotes":""},"categories":[23,15],"tags":[672],"yoast_head":"<!-- This site is optimized with the Yoast SEO plugin v21.5 - https:\/\/yoast.com\/wordpress\/plugins\/seo\/ -->\n<title>Rr\u00ebmbimi i polic\u00ebve, presidenti Begaj: Akt i r\u00ebnd\u00eb provokativ, t\u00eb nd\u00ebrhyjn\u00eb nd\u00ebrkomb\u00ebtar\u00ebt<\/title>\n<meta name=\"robots\" content=\"index, follow, max-snippet:-1, max-image-preview:large, max-video-preview:-1\" \/>\n<link rel=\"canonical\" href=\"https:\/\/permbledhja.com\/sq\/rrembimi-i-policeve-presidenti-begaj-akt-i-rende-provokativ-te-nderhyjne-nderkombetaret\/\" \/>\n<meta property=\"og:locale\" content=\"sq_AL\" \/>\n<meta property=\"og:type\" content=\"article\" \/>\n<meta property=\"og:title\" content=\"Rr\u00ebmbimi i polic\u00ebve, presidenti Begaj: Akt i r\u00ebnd\u00eb provokativ, t\u00eb nd\u00ebrhyjn\u00eb nd\u00ebrkomb\u00ebtar\u00ebt\" \/>\n<meta property=\"og:description\" content=\"Presidenti i Republik\u00ebs, Bajram Begaj, n\u00eb nj\u00eb reagim n\u00eb rrjetet sociale i ka k\u00ebrkuara autoriteteve t\u00eb Kosov\u00ebs q\u00eb t\u00eb vet\u00ebp\u00ebrmbahen dhe t\u00eb mos bien pre e provokimeve t\u00eb Serbis\u00eb. Ai ka theksuar se strategjit\u00eb \u201ceskalim p\u00ebr t\u00eb deeskaluar\u201d duhet t\u00eb marrin fund. Teksa e cil\u00ebsoi rr\u00ebmbimin e tre polic\u00ebve si nj\u00eb akt t\u00eb r\u00ebnd\u00eb, kreu [&hellip;]\" \/>\n<meta property=\"og:url\" content=\"https:\/\/permbledhja.com\/sq\/rrembimi-i-policeve-presidenti-begaj-akt-i-rende-provokativ-te-nderhyjne-nderkombetaret\/\" \/>\n<meta property=\"og:site_name\" content=\"Ve\u00e7 artikuj p\u00ebrmbledh\u00ebs\" \/>\n<meta property=\"article:publisher\" content=\"https:\/\/www.facebook.com\/press07\/\" \/>\n<meta property=\"article:author\" content=\"https:\/\/www.facebook.com\/kafexhiu.muharrem\/\" \/>\n<meta property=\"article:published_time\" content=\"2023-06-15T06:48:03+00:00\" \/>\n<meta property=\"og:image\" content=\"https:\/\/permbledhja.com\/wp-content\/uploads\/2023\/06\/56F82BE0-76C3-47EC-881B-3F6EABBE4038.webp\" \/>\n\t<meta property=\"og:image:width\" content=\"585\" \/>\n\t<meta property=\"og:image:height\" content=\"329\" \/>\n\t<meta property=\"og:image:type\" content=\"image\/webp\" \/>\n<meta name=\"author\" content=\"P\u00ebrmbledhja\" \/>\n<meta name=\"twitter:card\" content=\"summary_large_image\" \/>\n<meta name=\"twitter:label1\" content=\"Written by\" \/>\n\t<meta name=\"twitter:data1\" content=\"P\u00ebrmbledhja\" \/>\n\t<meta name=\"twitter:label2\" content=\"Est. reading time\" \/>\n\t<meta name=\"twitter:data2\" content=\"1 minut\u00eb\" \/>\n<script type=\"application\/ld+json\" class=\"yoast-schema-graph\">{\"@context\":\"https:\/\/schema.org\",\"@graph\":[{\"@type\":\"Article\",\"@id\":\"https:\/\/permbledhja.com\/rrembimi-i-policeve-presidenti-begaj-akt-i-rende-provokativ-te-nderhyjne-nderkombetaret\/#article\",\"isPartOf\":{\"@id\":\"https:\/\/permbledhja.com\/rrembimi-i-policeve-presidenti-begaj-akt-i-rende-provokativ-te-nderhyjne-nderkombetaret\/\"},\"author\":{\"name\":\"P\u00ebrmbledhja\",\"@id\":\"https:\/\/permbledhja.com\/#\/schema\/person\/0d064377258d3221e50693947b9eb4fe\"},\"headline\":\"Rr\u00ebmbimi i polic\u00ebve, presidenti Begaj: Akt i r\u00ebnd\u00eb provokativ, t\u00eb nd\u00ebrhyjn\u00eb nd\u00ebrkomb\u00ebtar\u00ebt\",\"datePublished\":\"2023-06-15T06:48:03+00:00\",\"dateModified\":\"2023-06-15T06:48:03+00:00\",\"mainEntityOfPage\":{\"@id\":\"https:\/\/permbledhja.com\/rrembimi-i-policeve-presidenti-begaj-akt-i-rende-provokativ-te-nderhyjne-nderkombetaret\/\"},\"wordCount\":247,\"publisher\":{\"@id\":\"https:\/\/permbledhja.com\/#organization\"},\"keywords\":[\"Bajram Begaj\"],\"articleSection\":[\"Komb\u00ebtare\",\"Lajme\"],\"inLanguage\":\"sq\"},{\"@type\":\"WebPage\",\"@id\":\"https:\/\/permbledhja.com\/rrembimi-i-policeve-presidenti-begaj-akt-i-rende-provokativ-te-nderhyjne-nderkombetaret\/\",\"url\":\"https:\/\/permbledhja.com\/rrembimi-i-policeve-presidenti-begaj-akt-i-rende-provokativ-te-nderhyjne-nderkombetaret\/\",\"name\":\"Rr\u00ebmbimi i polic\u00ebve, presidenti Begaj: Akt i r\u00ebnd\u00eb provokativ, t\u00eb nd\u00ebrhyjn\u00eb nd\u00ebrkomb\u00ebtar\u00ebt\",\"isPartOf\":{\"@id\":\"https:\/\/permbledhja.com\/#website\"},\"datePublished\":\"2023-06-15T06:48:03+00:00\",\"dateModified\":\"2023-06-15T06:48:03+00:00\",\"breadcrumb\":{\"@id\":\"https:\/\/permbledhja.com\/rrembimi-i-policeve-presidenti-begaj-akt-i-rende-provokativ-te-nderhyjne-nderkombetaret\/#breadcrumb\"},\"inLanguage\":\"sq\",\"potentialAction\":[{\"@type\":\"ReadAction\",\"target\":[\"https:\/\/permbledhja.com\/rrembimi-i-policeve-presidenti-begaj-akt-i-rende-provokativ-te-nderhyjne-nderkombetaret\/\"]}]},{\"@type\":\"BreadcrumbList\",\"@id\":\"https:\/\/permbledhja.com\/rrembimi-i-policeve-presidenti-begaj-akt-i-rende-provokativ-te-nderhyjne-nderkombetaret\/#breadcrumb\",\"itemListElement\":[{\"@type\":\"ListItem\",\"position\":1,\"name\":\"Ballina\",\"item\":\"https:\/\/permbledhja.com\/sq\/\"},{\"@type\":\"ListItem\",\"position\":2,\"name\":\"Rr\u00ebmbimi i polic\u00ebve, presidenti Begaj: Akt i r\u00ebnd\u00eb provokativ, t\u00eb nd\u00ebrhyjn\u00eb nd\u00ebrkomb\u00ebtar\u00ebt\"}]},{\"@type\":\"WebSite\",\"@id\":\"https:\/\/permbledhja.com\/#website\",\"url\":\"https:\/\/permbledhja.com\/\",\"name\":\"Ve\u00e7 artikuj p\u00ebrmbledh\u00ebs\",\"description\":\"\",\"publisher\":{\"@id\":\"https:\/\/permbledhja.com\/#organization\"},\"potentialAction\":[{\"@type\":\"SearchAction\",\"target\":{\"@type\":\"EntryPoint\",\"urlTemplate\":\"https:\/\/permbledhja.com\/?s={search_term_string}\"},\"query-input\":\"required name=search_term_string\"}],\"inLanguage\":\"sq\"},{\"@type\":\"Organization\",\"@id\":\"https:\/\/permbledhja.com\/#organization\",\"name\":\"MK Media & Pr\",\"url\":\"https:\/\/permbledhja.com\/\",\"logo\":{\"@type\":\"ImageObject\",\"inLanguage\":\"sq\",\"@id\":\"https:\/\/permbledhja.com\/#\/schema\/logo\/image\/\",\"url\":\"https:\/\/permbledhja.com\/wp-content\/uploads\/2021\/12\/07-Press-Logo.jpg\",\"contentUrl\":\"https:\/\/permbledhja.com\/wp-content\/uploads\/2021\/12\/07-Press-Logo.jpg\",\"width\":512,\"height\":512,\"caption\":\"MK Media & Pr\"},\"image\":{\"@id\":\"https:\/\/permbledhja.com\/#\/schema\/logo\/image\/\"},\"sameAs\":[\"https:\/\/www.facebook.com\/press07\/\"]},{\"@type\":\"Person\",\"@id\":\"https:\/\/permbledhja.com\/#\/schema\/person\/0d064377258d3221e50693947b9eb4fe\",\"name\":\"P\u00ebrmbledhja\",\"image\":{\"@type\":\"ImageObject\",\"inLanguage\":\"sq\",\"@id\":\"https:\/\/permbledhja.com\/#\/schema\/person\/image\/\",\"url\":\"https:\/\/permbledhja.com\/wp-content\/uploads\/2026\/01\/452004717_1040944174702970_8932037511805513407_n-96x96.jpg\",\"contentUrl\":\"https:\/\/permbledhja.com\/wp-content\/uploads\/2026\/01\/452004717_1040944174702970_8932037511805513407_n-96x96.jpg\",\"caption\":\"P\u00ebrmbledhja\"},\"sameAs\":[\"https:\/\/www.facebook.com\/kafexhiu.muharrem\/\",\"https:\/\/www.instagram.com\/muharrem_kafexhiu\/\"],\"url\":\"https:\/\/permbledhja.com\/sq\/author\/admin\/\"}]}<\/script>\n<!-- \/ Yoast SEO plugin. -->","yoast_head_json":{"title":"Rr\u00ebmbimi i polic\u00ebve, presidenti Begaj: Akt i r\u00ebnd\u00eb provokativ, t\u00eb nd\u00ebrhyjn\u00eb nd\u00ebrkomb\u00ebtar\u00ebt","robots":{"index":"index","follow":"follow","max-snippet":"max-snippet:-1","max-image-preview":"max-image-preview:large","max-video-preview":"max-video-preview:-1"},"canonical":"https:\/\/permbledhja.com\/sq\/rrembimi-i-policeve-presidenti-begaj-akt-i-rende-provokativ-te-nderhyjne-nderkombetaret\/","og_locale":"sq_AL","og_type":"article","og_title":"Rr\u00ebmbimi i polic\u00ebve, presidenti Begaj: Akt i r\u00ebnd\u00eb provokativ, t\u00eb nd\u00ebrhyjn\u00eb nd\u00ebrkomb\u00ebtar\u00ebt","og_description":"Presidenti i Republik\u00ebs, Bajram Begaj, n\u00eb nj\u00eb reagim n\u00eb rrjetet sociale i ka k\u00ebrkuara autoriteteve t\u00eb Kosov\u00ebs q\u00eb t\u00eb vet\u00ebp\u00ebrmbahen dhe t\u00eb mos bien pre e provokimeve t\u00eb Serbis\u00eb. Ai ka theksuar se strategjit\u00eb \u201ceskalim p\u00ebr t\u00eb deeskaluar\u201d duhet t\u00eb marrin fund. Teksa e cil\u00ebsoi rr\u00ebmbimin e tre polic\u00ebve si nj\u00eb akt t\u00eb r\u00ebnd\u00eb, kreu [&hellip;]","og_url":"https:\/\/permbledhja.com\/sq\/rrembimi-i-policeve-presidenti-begaj-akt-i-rende-provokativ-te-nderhyjne-nderkombetaret\/","og_site_name":"Ve\u00e7 artikuj p\u00ebrmbledh\u00ebs","article_publisher":"https:\/\/www.facebook.com\/press07\/","article_author":"https:\/\/www.facebook.com\/kafexhiu.muharrem\/","article_published_time":"2023-06-15T06:48:03+00:00","og_image":[{"width":585,"height":329,"url":"https:\/\/permbledhja.com\/wp-content\/uploads\/2023\/06\/56F82BE0-76C3-47EC-881B-3F6EABBE4038.webp","type":"image\/webp"}],"author":"P\u00ebrmbledhja","twitter_card":"summary_large_image","twitter_misc":{"Written by":"P\u00ebrmbledhja","Est. reading time":"1 minut\u00eb"},"schema":{"@context":"https:\/\/schema.org","@graph":[{"@type":"Article","@id":"https:\/\/permbledhja.com\/rrembimi-i-policeve-presidenti-begaj-akt-i-rende-provokativ-te-nderhyjne-nderkombetaret\/#article","isPartOf":{"@id":"https:\/\/permbledhja.com\/rrembimi-i-policeve-presidenti-begaj-akt-i-rende-provokativ-te-nderhyjne-nderkombetaret\/"},"author":{"name":"P\u00ebrmbledhja","@id":"https:\/\/permbledhja.com\/#\/schema\/person\/0d064377258d3221e50693947b9eb4fe"},"headline":"Rr\u00ebmbimi i polic\u00ebve, presidenti Begaj: Akt i r\u00ebnd\u00eb provokativ, t\u00eb nd\u00ebrhyjn\u00eb nd\u00ebrkomb\u00ebtar\u00ebt","datePublished":"2023-06-15T06:48:03+00:00","dateModified":"2023-06-15T06:48:03+00:00","mainEntityOfPage":{"@id":"https:\/\/permbledhja.com\/rrembimi-i-policeve-presidenti-begaj-akt-i-rende-provokativ-te-nderhyjne-nderkombetaret\/"},"wordCount":247,"publisher":{"@id":"https:\/\/permbledhja.com\/#organization"},"keywords":["Bajram Begaj"],"articleSection":["Komb\u00ebtare","Lajme"],"inLanguage":"sq"},{"@type":"WebPage","@id":"https:\/\/permbledhja.com\/rrembimi-i-policeve-presidenti-begaj-akt-i-rende-provokativ-te-nderhyjne-nderkombetaret\/","url":"https:\/\/permbledhja.com\/rrembimi-i-policeve-presidenti-begaj-akt-i-rende-provokativ-te-nderhyjne-nderkombetaret\/","name":"Rr\u00ebmbimi i polic\u00ebve, presidenti Begaj: Akt i r\u00ebnd\u00eb provokativ, t\u00eb nd\u00ebrhyjn\u00eb nd\u00ebrkomb\u00ebtar\u00ebt","isPartOf":{"@id":"https:\/\/permbledhja.com\/#website"},"datePublished":"2023-06-15T06:48:03+00:00","dateModified":"2023-06-15T06:48:03+00:00","breadcrumb":{"@id":"https:\/\/permbledhja.com\/rrembimi-i-policeve-presidenti-begaj-akt-i-rende-provokativ-te-nderhyjne-nderkombetaret\/#breadcrumb"},"inLanguage":"sq","potentialAction":[{"@type":"ReadAction","target":["https:\/\/permbledhja.com\/rrembimi-i-policeve-presidenti-begaj-akt-i-rende-provokativ-te-nderhyjne-nderkombetaret\/"]}]},{"@type":"BreadcrumbList","@id":"https:\/\/permbledhja.com\/rrembimi-i-policeve-presidenti-begaj-akt-i-rende-provokativ-te-nderhyjne-nderkombetaret\/#breadcrumb","itemListElement":[{"@type":"ListItem","position":1,"name":"Ballina","item":"https:\/\/permbledhja.com\/sq\/"},{"@type":"ListItem","position":2,"name":"Rr\u00ebmbimi i polic\u00ebve, presidenti Begaj: Akt i r\u00ebnd\u00eb provokativ, t\u00eb nd\u00ebrhyjn\u00eb nd\u00ebrkomb\u00ebtar\u00ebt"}]},{"@type":"WebSite","@id":"https:\/\/permbledhja.com\/#website","url":"https:\/\/permbledhja.com\/","name":"Ve\u00e7 artikuj p\u00ebrmbledh\u00ebs","description":"","publisher":{"@id":"https:\/\/permbledhja.com\/#organization"},"potentialAction":[{"@type":"SearchAction","target":{"@type":"EntryPoint","urlTemplate":"https:\/\/permbledhja.com\/?s={search_term_string}"},"query-input":"required name=search_term_string"}],"inLanguage":"sq"},{"@type":"Organization","@id":"https:\/\/permbledhja.com\/#organization","name":"MK Media & Pr","url":"https:\/\/permbledhja.com\/","logo":{"@type":"ImageObject","inLanguage":"sq","@id":"https:\/\/permbledhja.com\/#\/schema\/logo\/image\/","url":"https:\/\/permbledhja.com\/wp-content\/uploads\/2021\/12\/07-Press-Logo.jpg","contentUrl":"https:\/\/permbledhja.com\/wp-content\/uploads\/2021\/12\/07-Press-Logo.jpg","width":512,"height":512,"caption":"MK Media & Pr"},"image":{"@id":"https:\/\/permbledhja.com\/#\/schema\/logo\/image\/"},"sameAs":["https:\/\/www.facebook.com\/press07\/"]},{"@type":"Person","@id":"https:\/\/permbledhja.com\/#\/schema\/person\/0d064377258d3221e50693947b9eb4fe","name":"P\u00ebrmbledhja","image":{"@type":"ImageObject","inLanguage":"sq","@id":"https:\/\/permbledhja.com\/#\/schema\/person\/image\/","url":"https:\/\/permbledhja.com\/wp-content\/uploads\/2026\/01\/452004717_1040944174702970_8932037511805513407_n-96x96.jpg","contentUrl":"https:\/\/permbledhja.com\/wp-content\/uploads\/2026\/01\/452004717_1040944174702970_8932037511805513407_n-96x96.jpg","caption":"P\u00ebrmbledhja"},"sameAs":["https:\/\/www.facebook.com\/kafexhiu.muharrem\/","https:\/\/www.instagram.com\/muharrem_kafexhiu\/"],"url":"https:\/\/permbledhja.com\/sq\/author\/admin\/"}]}},"_links":{"self":[{"href":"https:\/\/permbledhja.com\/sq\/wp-json\/wp\/v2\/posts\/16310"}],"collection":[{"href":"https:\/\/permbledhja.com\/sq\/wp-json\/wp\/v2\/posts"}],"about":[{"href":"https:\/\/permbledhja.com\/sq\/wp-json\/wp\/v2\/types\/post"}],"author":[{"embeddable":true,"href":"https:\/\/permbledhja.com\/sq\/wp-json\/wp\/v2\/users\/1"}],"replies":[{"embeddable":true,"href":"https:\/\/permbledhja.com\/sq\/wp-json\/wp\/v2\/comments?post=16310"}],"version-history":[{"count":1,"href":"https:\/\/permbledhja.com\/sq\/wp-json\/wp\/v2\/posts\/16310\/revisions"}],"predecessor-version":[{"id":16312,"href":"https:\/\/permbledhja.com\/sq\/wp-json\/wp\/v2\/posts\/16310\/revisions\/16312"}],"wp:featuredmedia":[{"embeddable":true,"href":"https:\/\/permbledhja.com\/sq\/wp-json\/wp\/v2\/media\/16311"}],"wp:attachment":[{"href":"https:\/\/permbledhja.com\/sq\/wp-json\/wp\/v2\/media?parent=16310"}],"wp:term":[{"taxonomy":"category","embeddable":true,"href":"https:\/\/permbledhja.com\/sq\/wp-json\/wp\/v2\/categories?post=16310"},{"taxonomy":"post_tag","embeddable":true,"href":"https:\/\/permbledhja.com\/sq\/wp-json\/wp\/v2\/tags?post=16310"}],"curies":[{"name":"wp","href":"https:\/\/api.w.org\/{rel}","templated":true}]}}