{"id":16252,"date":"2023-06-14T17:53:11","date_gmt":"2023-06-14T17:53:11","guid":{"rendered":"https:\/\/permbledhja.com\/?p=16252"},"modified":"2023-06-14T17:53:11","modified_gmt":"2023-06-14T17:53:11","slug":"rrembimi-i-policeve-te-kosoves-blendi-fevziu-akt-agresioni-nga-serbia-shkelje-e-te-drejtave-nderkombetare","status":"publish","type":"post","link":"https:\/\/permbledhja.com\/sq\/rrembimi-i-policeve-te-kosoves-blendi-fevziu-akt-agresioni-nga-serbia-shkelje-e-te-drejtave-nderkombetare\/","title":{"rendered":"Rr\u00ebmbimi i polic\u00ebve t\u00eb Kosov\u00ebs, Blendi Fevziu: Akt agresioni nga Serbia, shkelje e t\u00eb drejtave nd\u00ebrkomb\u00ebtare"},"content":{"rendered":"<h3>Rr\u00ebmbimin e 3 polic\u00ebve t\u00eb Kosov\u00ebs nga forcat speciale t\u00eb Serbis\u00eb n\u00eb kufirin mes dy vendeve, gazetari Blendi Fevziu e konsideron si shkelje flagrante t\u00eb t\u00eb drejtave nd\u00ebrkomb\u00ebtare nga Serbia.<\/h3>\n<p>N\u00eb nj\u00eb reagim n\u00eb rrjetet sociale, Fevziu shkruan se ky \u00ebsht\u00eb nj\u00eb akt agresioni nga Serbia, nd\u00ebrsa Kosova duhet t\u00eb marr\u00eb masa urgjente p\u00ebr k\u00ebt\u00eb situat\u00eb.<\/p>\n<p><em>\u201cRr\u00ebmbimi i nj\u00eb patrulle t\u00eb Policis\u00eb s\u00eb Kosov\u00ebs n\u00eb kufirin Kosov\u00eb \u2013 Serbi, sipas autoriteteve shqiptare, n\u00eb brend\u00ebsi t\u00eb territorit t\u00eb Kosov\u00ebs, \u00ebsht\u00eb nj\u00eb shkelje flagrante e t\u00eb gjitha t\u00eb drejtave nd\u00ebrkomb\u00ebtare. \u00cbsht\u00eb nj\u00eb akt agresioni nga Serbia dhe nj\u00eb goditje m\u00eb shum\u00eb n\u00eb situat\u00ebn e tensionuar t\u00eb Veriut t\u00eb Kosov\u00ebs n\u00eb muajt e fundit. Qeveria e Kosov\u00ebs duhet t\u00eb nd\u00ebrmarr\u00eb hapa urgjente por edhe duhet t\u00eb kuptoj\u00eb se Komuniteti Nd\u00ebrkomb\u00ebtar dhe trupat e NATO \u2013 s jan\u00eb garancia dhe mbrojtja jon\u00eb m\u00eb e fort\u00eb\u201d.<\/em><\/p>\n<p>Kosova thot\u00eb se 3 polic\u00ebt e saj u rr\u00ebmbyen nga forcat serbe, nd\u00ebrsa Serbia \u00ebsht\u00eb kund\u00ebrp\u00ebrgjigjur duke th\u00ebn\u00eb se 3 polic\u00ebt kosovar\u00eb jan\u00eb arrestuar pasi ishin t\u00eb armatosur \u201cgjer n\u00eb dh\u00ebmb\u00eb\u201d.<\/p>\n<p><img loading=\"lazy\" decoding=\"async\" class=\"alignnone size-full wp-image-16254\" src=\"https:\/\/permbledhja.com\/wp-content\/uploads\/2023\/06\/2.png\" alt=\"\" width=\"456\" height=\"815\" srcset=\"https:\/\/permbledhja.com\/wp-content\/uploads\/2023\/06\/2.png 456w, https:\/\/permbledhja.com\/wp-content\/uploads\/2023\/06\/2-168x300.png 168w, https:\/\/permbledhja.com\/wp-content\/uploads\/2023\/06\/2-7x12.png 7w\" sizes=\"(max-width: 456px) 100vw, 456px\" \/><\/p>\n","protected":false},"excerpt":{"rendered":"<p>Rr\u00ebmbimin e 3 polic\u00ebve t\u00eb Kosov\u00ebs nga forcat speciale t\u00eb Serbis\u00eb n\u00eb kufirin mes dy vendeve, gazetari Blendi Fevziu e konsideron si shkelje flagrante t\u00eb t\u00eb drejtave nd\u00ebrkomb\u00ebtare nga Serbia. N\u00eb nj\u00eb reagim n\u00eb rrjetet sociale, Fevziu shkruan se ky \u00ebsht\u00eb nj\u00eb akt agresioni nga Serbia, nd\u00ebrsa Kosova duhet t\u00eb marr\u00eb masa urgjente p\u00ebr k\u00ebt\u00eb [&hellip;]<\/p>\n","protected":false},"author":1,"featured_media":16253,"comment_status":"closed","ping_status":"closed","sticky":false,"template":"","format":"standard","meta":{"_monsterinsights_skip_tracking":false,"_monsterinsights_sitenote_active":false,"_monsterinsights_sitenote_note":"","_monsterinsights_sitenote_category":0,"_uf_show_specific_survey":0,"_uf_disable_surveys":false,"footnotes":""},"categories":[1],"tags":[1917],"yoast_head":"<!-- This site is optimized with the Yoast SEO plugin v21.5 - https:\/\/yoast.com\/wordpress\/plugins\/seo\/ -->\n<title>Rr\u00ebmbimi i polic\u00ebve t\u00eb Kosov\u00ebs, Blendi Fevziu: Akt agresioni nga Serbia, shkelje e t\u00eb drejtave nd\u00ebrkomb\u00ebtare<\/title>\n<meta name=\"robots\" content=\"index, follow, max-snippet:-1, max-image-preview:large, max-video-preview:-1\" \/>\n<link rel=\"canonical\" href=\"https:\/\/permbledhja.com\/sq\/rrembimi-i-policeve-te-kosoves-blendi-fevziu-akt-agresioni-nga-serbia-shkelje-e-te-drejtave-nderkombetare\/\" \/>\n<meta property=\"og:locale\" content=\"sq_AL\" \/>\n<meta property=\"og:type\" content=\"article\" \/>\n<meta property=\"og:title\" content=\"Rr\u00ebmbimi i polic\u00ebve t\u00eb Kosov\u00ebs, Blendi Fevziu: Akt agresioni nga Serbia, shkelje e t\u00eb drejtave nd\u00ebrkomb\u00ebtare\" \/>\n<meta property=\"og:description\" content=\"Rr\u00ebmbimin e 3 polic\u00ebve t\u00eb Kosov\u00ebs nga forcat speciale t\u00eb Serbis\u00eb n\u00eb kufirin mes dy vendeve, gazetari Blendi Fevziu e konsideron si shkelje flagrante t\u00eb t\u00eb drejtave nd\u00ebrkomb\u00ebtare nga Serbia. N\u00eb nj\u00eb reagim n\u00eb rrjetet sociale, Fevziu shkruan se ky \u00ebsht\u00eb nj\u00eb akt agresioni nga Serbia, nd\u00ebrsa Kosova duhet t\u00eb marr\u00eb masa urgjente p\u00ebr k\u00ebt\u00eb [&hellip;]\" \/>\n<meta property=\"og:url\" content=\"https:\/\/permbledhja.com\/sq\/rrembimi-i-policeve-te-kosoves-blendi-fevziu-akt-agresioni-nga-serbia-shkelje-e-te-drejtave-nderkombetare\/\" \/>\n<meta property=\"og:site_name\" content=\"Ve\u00e7 artikuj p\u00ebrmbledh\u00ebs\" \/>\n<meta property=\"article:publisher\" content=\"https:\/\/www.facebook.com\/press07\/\" \/>\n<meta property=\"article:author\" content=\"https:\/\/www.facebook.com\/kafexhiu.muharrem\/\" \/>\n<meta property=\"article:published_time\" content=\"2023-06-14T17:53:11+00:00\" \/>\n<meta property=\"og:image\" content=\"https:\/\/permbledhja.com\/wp-content\/uploads\/2023\/06\/blendi-fevziu-1.jpg\" \/>\n\t<meta property=\"og:image:width\" content=\"1200\" \/>\n\t<meta property=\"og:image:height\" content=\"742\" \/>\n\t<meta property=\"og:image:type\" content=\"image\/jpeg\" \/>\n<meta name=\"author\" content=\"P\u00ebrmbledhja\" \/>\n<meta name=\"twitter:card\" content=\"summary_large_image\" \/>\n<meta name=\"twitter:label1\" content=\"Written by\" \/>\n\t<meta name=\"twitter:data1\" content=\"P\u00ebrmbledhja\" \/>\n\t<meta name=\"twitter:label2\" content=\"Est. reading time\" \/>\n\t<meta name=\"twitter:data2\" content=\"1 minut\u00eb\" \/>\n<script type=\"application\/ld+json\" class=\"yoast-schema-graph\">{\"@context\":\"https:\/\/schema.org\",\"@graph\":[{\"@type\":\"Article\",\"@id\":\"https:\/\/permbledhja.com\/sq\/rrembimi-i-policeve-te-kosoves-blendi-fevziu-akt-agresioni-nga-serbia-shkelje-e-te-drejtave-nderkombetare\/#article\",\"isPartOf\":{\"@id\":\"https:\/\/permbledhja.com\/sq\/rrembimi-i-policeve-te-kosoves-blendi-fevziu-akt-agresioni-nga-serbia-shkelje-e-te-drejtave-nderkombetare\/\"},\"author\":{\"name\":\"P\u00ebrmbledhja\",\"@id\":\"https:\/\/permbledhja.com\/#\/schema\/person\/0d064377258d3221e50693947b9eb4fe\"},\"headline\":\"Rr\u00ebmbimi i polic\u00ebve t\u00eb Kosov\u00ebs, Blendi Fevziu: Akt agresioni nga Serbia, shkelje e t\u00eb drejtave nd\u00ebrkomb\u00ebtare\",\"datePublished\":\"2023-06-14T17:53:11+00:00\",\"dateModified\":\"2023-06-14T17:53:11+00:00\",\"mainEntityOfPage\":{\"@id\":\"https:\/\/permbledhja.com\/sq\/rrembimi-i-policeve-te-kosoves-blendi-fevziu-akt-agresioni-nga-serbia-shkelje-e-te-drejtave-nderkombetare\/\"},\"wordCount\":216,\"publisher\":{\"@id\":\"https:\/\/permbledhja.com\/#organization\"},\"keywords\":[\"Blendi Fevziu\"],\"articleSection\":[\"Breaking News\"],\"inLanguage\":\"sq\"},{\"@type\":\"WebPage\",\"@id\":\"https:\/\/permbledhja.com\/sq\/rrembimi-i-policeve-te-kosoves-blendi-fevziu-akt-agresioni-nga-serbia-shkelje-e-te-drejtave-nderkombetare\/\",\"url\":\"https:\/\/permbledhja.com\/sq\/rrembimi-i-policeve-te-kosoves-blendi-fevziu-akt-agresioni-nga-serbia-shkelje-e-te-drejtave-nderkombetare\/\",\"name\":\"Rr\u00ebmbimi i polic\u00ebve t\u00eb Kosov\u00ebs, Blendi Fevziu: Akt agresioni nga Serbia, shkelje e t\u00eb drejtave nd\u00ebrkomb\u00ebtare\",\"isPartOf\":{\"@id\":\"https:\/\/permbledhja.com\/#website\"},\"datePublished\":\"2023-06-14T17:53:11+00:00\",\"dateModified\":\"2023-06-14T17:53:11+00:00\",\"breadcrumb\":{\"@id\":\"https:\/\/permbledhja.com\/sq\/rrembimi-i-policeve-te-kosoves-blendi-fevziu-akt-agresioni-nga-serbia-shkelje-e-te-drejtave-nderkombetare\/#breadcrumb\"},\"inLanguage\":\"sq\",\"potentialAction\":[{\"@type\":\"ReadAction\",\"target\":[\"https:\/\/permbledhja.com\/sq\/rrembimi-i-policeve-te-kosoves-blendi-fevziu-akt-agresioni-nga-serbia-shkelje-e-te-drejtave-nderkombetare\/\"]}]},{\"@type\":\"BreadcrumbList\",\"@id\":\"https:\/\/permbledhja.com\/sq\/rrembimi-i-policeve-te-kosoves-blendi-fevziu-akt-agresioni-nga-serbia-shkelje-e-te-drejtave-nderkombetare\/#breadcrumb\",\"itemListElement\":[{\"@type\":\"ListItem\",\"position\":1,\"name\":\"Ballina\",\"item\":\"https:\/\/permbledhja.com\/sq\/\"},{\"@type\":\"ListItem\",\"position\":2,\"name\":\"Rr\u00ebmbimi i polic\u00ebve t\u00eb Kosov\u00ebs, Blendi Fevziu: Akt agresioni nga Serbia, shkelje e t\u00eb drejtave nd\u00ebrkomb\u00ebtare\"}]},{\"@type\":\"WebSite\",\"@id\":\"https:\/\/permbledhja.com\/#website\",\"url\":\"https:\/\/permbledhja.com\/\",\"name\":\"Ve\u00e7 artikuj p\u00ebrmbledh\u00ebs\",\"description\":\"\",\"publisher\":{\"@id\":\"https:\/\/permbledhja.com\/#organization\"},\"potentialAction\":[{\"@type\":\"SearchAction\",\"target\":{\"@type\":\"EntryPoint\",\"urlTemplate\":\"https:\/\/permbledhja.com\/?s={search_term_string}\"},\"query-input\":\"required name=search_term_string\"}],\"inLanguage\":\"sq\"},{\"@type\":\"Organization\",\"@id\":\"https:\/\/permbledhja.com\/#organization\",\"name\":\"MK Media & Pr\",\"url\":\"https:\/\/permbledhja.com\/\",\"logo\":{\"@type\":\"ImageObject\",\"inLanguage\":\"sq\",\"@id\":\"https:\/\/permbledhja.com\/#\/schema\/logo\/image\/\",\"url\":\"https:\/\/permbledhja.com\/wp-content\/uploads\/2021\/12\/07-Press-Logo.jpg\",\"contentUrl\":\"https:\/\/permbledhja.com\/wp-content\/uploads\/2021\/12\/07-Press-Logo.jpg\",\"width\":512,\"height\":512,\"caption\":\"MK Media & Pr\"},\"image\":{\"@id\":\"https:\/\/permbledhja.com\/#\/schema\/logo\/image\/\"},\"sameAs\":[\"https:\/\/www.facebook.com\/press07\/\"]},{\"@type\":\"Person\",\"@id\":\"https:\/\/permbledhja.com\/#\/schema\/person\/0d064377258d3221e50693947b9eb4fe\",\"name\":\"P\u00ebrmbledhja\",\"image\":{\"@type\":\"ImageObject\",\"inLanguage\":\"sq\",\"@id\":\"https:\/\/permbledhja.com\/#\/schema\/person\/image\/\",\"url\":\"https:\/\/permbledhja.com\/wp-content\/uploads\/2026\/01\/452004717_1040944174702970_8932037511805513407_n-96x96.jpg\",\"contentUrl\":\"https:\/\/permbledhja.com\/wp-content\/uploads\/2026\/01\/452004717_1040944174702970_8932037511805513407_n-96x96.jpg\",\"caption\":\"P\u00ebrmbledhja\"},\"sameAs\":[\"https:\/\/www.facebook.com\/kafexhiu.muharrem\/\",\"https:\/\/www.instagram.com\/muharrem_kafexhiu\/\"],\"url\":\"https:\/\/permbledhja.com\/sq\/author\/admin\/\"}]}<\/script>\n<!-- \/ Yoast SEO plugin. -->","yoast_head_json":{"title":"Rr\u00ebmbimi i polic\u00ebve t\u00eb Kosov\u00ebs, Blendi Fevziu: Akt agresioni nga Serbia, shkelje e t\u00eb drejtave nd\u00ebrkomb\u00ebtare","robots":{"index":"index","follow":"follow","max-snippet":"max-snippet:-1","max-image-preview":"max-image-preview:large","max-video-preview":"max-video-preview:-1"},"canonical":"https:\/\/permbledhja.com\/sq\/rrembimi-i-policeve-te-kosoves-blendi-fevziu-akt-agresioni-nga-serbia-shkelje-e-te-drejtave-nderkombetare\/","og_locale":"sq_AL","og_type":"article","og_title":"Rr\u00ebmbimi i polic\u00ebve t\u00eb Kosov\u00ebs, Blendi Fevziu: Akt agresioni nga Serbia, shkelje e t\u00eb drejtave nd\u00ebrkomb\u00ebtare","og_description":"Rr\u00ebmbimin e 3 polic\u00ebve t\u00eb Kosov\u00ebs nga forcat speciale t\u00eb Serbis\u00eb n\u00eb kufirin mes dy vendeve, gazetari Blendi Fevziu e konsideron si shkelje flagrante t\u00eb t\u00eb drejtave nd\u00ebrkomb\u00ebtare nga Serbia. N\u00eb nj\u00eb reagim n\u00eb rrjetet sociale, Fevziu shkruan se ky \u00ebsht\u00eb nj\u00eb akt agresioni nga Serbia, nd\u00ebrsa Kosova duhet t\u00eb marr\u00eb masa urgjente p\u00ebr k\u00ebt\u00eb [&hellip;]","og_url":"https:\/\/permbledhja.com\/sq\/rrembimi-i-policeve-te-kosoves-blendi-fevziu-akt-agresioni-nga-serbia-shkelje-e-te-drejtave-nderkombetare\/","og_site_name":"Ve\u00e7 artikuj p\u00ebrmbledh\u00ebs","article_publisher":"https:\/\/www.facebook.com\/press07\/","article_author":"https:\/\/www.facebook.com\/kafexhiu.muharrem\/","article_published_time":"2023-06-14T17:53:11+00:00","og_image":[{"width":1200,"height":742,"url":"https:\/\/permbledhja.com\/wp-content\/uploads\/2023\/06\/blendi-fevziu-1.jpg","type":"image\/jpeg"}],"author":"P\u00ebrmbledhja","twitter_card":"summary_large_image","twitter_misc":{"Written by":"P\u00ebrmbledhja","Est. reading time":"1 minut\u00eb"},"schema":{"@context":"https:\/\/schema.org","@graph":[{"@type":"Article","@id":"https:\/\/permbledhja.com\/sq\/rrembimi-i-policeve-te-kosoves-blendi-fevziu-akt-agresioni-nga-serbia-shkelje-e-te-drejtave-nderkombetare\/#article","isPartOf":{"@id":"https:\/\/permbledhja.com\/sq\/rrembimi-i-policeve-te-kosoves-blendi-fevziu-akt-agresioni-nga-serbia-shkelje-e-te-drejtave-nderkombetare\/"},"author":{"name":"P\u00ebrmbledhja","@id":"https:\/\/permbledhja.com\/#\/schema\/person\/0d064377258d3221e50693947b9eb4fe"},"headline":"Rr\u00ebmbimi i polic\u00ebve t\u00eb Kosov\u00ebs, Blendi Fevziu: Akt agresioni nga Serbia, shkelje e t\u00eb drejtave nd\u00ebrkomb\u00ebtare","datePublished":"2023-06-14T17:53:11+00:00","dateModified":"2023-06-14T17:53:11+00:00","mainEntityOfPage":{"@id":"https:\/\/permbledhja.com\/sq\/rrembimi-i-policeve-te-kosoves-blendi-fevziu-akt-agresioni-nga-serbia-shkelje-e-te-drejtave-nderkombetare\/"},"wordCount":216,"publisher":{"@id":"https:\/\/permbledhja.com\/#organization"},"keywords":["Blendi Fevziu"],"articleSection":["Breaking News"],"inLanguage":"sq"},{"@type":"WebPage","@id":"https:\/\/permbledhja.com\/sq\/rrembimi-i-policeve-te-kosoves-blendi-fevziu-akt-agresioni-nga-serbia-shkelje-e-te-drejtave-nderkombetare\/","url":"https:\/\/permbledhja.com\/sq\/rrembimi-i-policeve-te-kosoves-blendi-fevziu-akt-agresioni-nga-serbia-shkelje-e-te-drejtave-nderkombetare\/","name":"Rr\u00ebmbimi i polic\u00ebve t\u00eb Kosov\u00ebs, Blendi Fevziu: Akt agresioni nga Serbia, shkelje e t\u00eb drejtave nd\u00ebrkomb\u00ebtare","isPartOf":{"@id":"https:\/\/permbledhja.com\/#website"},"datePublished":"2023-06-14T17:53:11+00:00","dateModified":"2023-06-14T17:53:11+00:00","breadcrumb":{"@id":"https:\/\/permbledhja.com\/sq\/rrembimi-i-policeve-te-kosoves-blendi-fevziu-akt-agresioni-nga-serbia-shkelje-e-te-drejtave-nderkombetare\/#breadcrumb"},"inLanguage":"sq","potentialAction":[{"@type":"ReadAction","target":["https:\/\/permbledhja.com\/sq\/rrembimi-i-policeve-te-kosoves-blendi-fevziu-akt-agresioni-nga-serbia-shkelje-e-te-drejtave-nderkombetare\/"]}]},{"@type":"BreadcrumbList","@id":"https:\/\/permbledhja.com\/sq\/rrembimi-i-policeve-te-kosoves-blendi-fevziu-akt-agresioni-nga-serbia-shkelje-e-te-drejtave-nderkombetare\/#breadcrumb","itemListElement":[{"@type":"ListItem","position":1,"name":"Ballina","item":"https:\/\/permbledhja.com\/sq\/"},{"@type":"ListItem","position":2,"name":"Rr\u00ebmbimi i polic\u00ebve t\u00eb Kosov\u00ebs, Blendi Fevziu: Akt agresioni nga Serbia, shkelje e t\u00eb drejtave nd\u00ebrkomb\u00ebtare"}]},{"@type":"WebSite","@id":"https:\/\/permbledhja.com\/#website","url":"https:\/\/permbledhja.com\/","name":"Ve\u00e7 artikuj p\u00ebrmbledh\u00ebs","description":"","publisher":{"@id":"https:\/\/permbledhja.com\/#organization"},"potentialAction":[{"@type":"SearchAction","target":{"@type":"EntryPoint","urlTemplate":"https:\/\/permbledhja.com\/?s={search_term_string}"},"query-input":"required name=search_term_string"}],"inLanguage":"sq"},{"@type":"Organization","@id":"https:\/\/permbledhja.com\/#organization","name":"MK Media & Pr","url":"https:\/\/permbledhja.com\/","logo":{"@type":"ImageObject","inLanguage":"sq","@id":"https:\/\/permbledhja.com\/#\/schema\/logo\/image\/","url":"https:\/\/permbledhja.com\/wp-content\/uploads\/2021\/12\/07-Press-Logo.jpg","contentUrl":"https:\/\/permbledhja.com\/wp-content\/uploads\/2021\/12\/07-Press-Logo.jpg","width":512,"height":512,"caption":"MK Media & Pr"},"image":{"@id":"https:\/\/permbledhja.com\/#\/schema\/logo\/image\/"},"sameAs":["https:\/\/www.facebook.com\/press07\/"]},{"@type":"Person","@id":"https:\/\/permbledhja.com\/#\/schema\/person\/0d064377258d3221e50693947b9eb4fe","name":"P\u00ebrmbledhja","image":{"@type":"ImageObject","inLanguage":"sq","@id":"https:\/\/permbledhja.com\/#\/schema\/person\/image\/","url":"https:\/\/permbledhja.com\/wp-content\/uploads\/2026\/01\/452004717_1040944174702970_8932037511805513407_n-96x96.jpg","contentUrl":"https:\/\/permbledhja.com\/wp-content\/uploads\/2026\/01\/452004717_1040944174702970_8932037511805513407_n-96x96.jpg","caption":"P\u00ebrmbledhja"},"sameAs":["https:\/\/www.facebook.com\/kafexhiu.muharrem\/","https:\/\/www.instagram.com\/muharrem_kafexhiu\/"],"url":"https:\/\/permbledhja.com\/sq\/author\/admin\/"}]}},"_links":{"self":[{"href":"https:\/\/permbledhja.com\/sq\/wp-json\/wp\/v2\/posts\/16252"}],"collection":[{"href":"https:\/\/permbledhja.com\/sq\/wp-json\/wp\/v2\/posts"}],"about":[{"href":"https:\/\/permbledhja.com\/sq\/wp-json\/wp\/v2\/types\/post"}],"author":[{"embeddable":true,"href":"https:\/\/permbledhja.com\/sq\/wp-json\/wp\/v2\/users\/1"}],"replies":[{"embeddable":true,"href":"https:\/\/permbledhja.com\/sq\/wp-json\/wp\/v2\/comments?post=16252"}],"version-history":[{"count":1,"href":"https:\/\/permbledhja.com\/sq\/wp-json\/wp\/v2\/posts\/16252\/revisions"}],"predecessor-version":[{"id":16255,"href":"https:\/\/permbledhja.com\/sq\/wp-json\/wp\/v2\/posts\/16252\/revisions\/16255"}],"wp:featuredmedia":[{"embeddable":true,"href":"https:\/\/permbledhja.com\/sq\/wp-json\/wp\/v2\/media\/16253"}],"wp:attachment":[{"href":"https:\/\/permbledhja.com\/sq\/wp-json\/wp\/v2\/media?parent=16252"}],"wp:term":[{"taxonomy":"category","embeddable":true,"href":"https:\/\/permbledhja.com\/sq\/wp-json\/wp\/v2\/categories?post=16252"},{"taxonomy":"post_tag","embeddable":true,"href":"https:\/\/permbledhja.com\/sq\/wp-json\/wp\/v2\/tags?post=16252"}],"curies":[{"name":"wp","href":"https:\/\/api.w.org\/{rel}","templated":true}]}}