{"id":16249,"date":"2023-06-14T17:33:26","date_gmt":"2023-06-14T17:33:26","guid":{"rendered":"https:\/\/permbledhja.com\/?p=16249"},"modified":"2023-06-14T17:33:26","modified_gmt":"2023-06-14T17:33:26","slug":"zyrtarja-e-be-se-kerkon-doreheqjen-e-borrellit-shkak-kosova","status":"publish","type":"post","link":"https:\/\/permbledhja.com\/sq\/zyrtarja-e-be-se-kerkon-doreheqjen-e-borrellit-shkak-kosova\/","title":{"rendered":"Zyrtarja e BE-s\u00eb k\u00ebrkon dor\u00ebheqjen e Borrellit, shkak Kosova"},"content":{"rendered":"<h3>K\u00ebshilltarja lokale e Bashkimit Evropian, Kati Schneeberger, e ka kritikuar P\u00ebrfaq\u00ebsuesin e Lart\u00eb t\u00eb BE-s\u00eb p\u00ebr politik\u00eb t\u00eb jashtme, Josep Borrell, p\u00ebr qasjen ndaj Kosov\u00ebs.<\/h3>\n<p>Ajo i \u00ebsht\u00eb drejtuar Borrellit se po do q\u00eb ta sanksionoj\u00eb nj\u00eb shtet nga i cili jan\u00eb kidnapuar tre polic\u00eb nga nj\u00ebsit\u00eb e Serbis\u00eb, por se k\u00ebt\u00eb t\u00eb fundit e p\u00ebrk\u00ebdhel derisa kryen krime jasht\u00eb territorit t\u00eb saj.<\/p>\n<p>Schneeberger ka k\u00ebrkuar q\u00eb Borrelli t\u00eb jap\u00eb dor\u00ebheqje menj\u00ebher\u00eb.<\/p>\n<p>Nd\u00ebrsa, ka deklaruar se Evropa duhet t\u00eb q\u00ebndroj\u00eb me Kosov\u00ebn.<\/p>\n<p><em>\u201cDor\u00ebhiqu para se t\u00eb b\u00ebsh m\u00eb shum\u00eb d\u00ebme. Ti je nj\u00eb rrezik p\u00ebr demokracin\u00eb dhe paqen n\u00eb Evrop\u00eb. Na duhen njer\u00ebz q\u00eb e mbrojn\u00eb demokracin\u00eb ton\u00eb, jo q\u00eb forcojn\u00eb autokrat\u00ebt. Mirupafshim Josep\u201d<\/em>, ka shkruar ajo.<\/p>\n","protected":false},"excerpt":{"rendered":"<p>K\u00ebshilltarja lokale e Bashkimit Evropian, Kati Schneeberger, e ka kritikuar P\u00ebrfaq\u00ebsuesin e Lart\u00eb t\u00eb BE-s\u00eb p\u00ebr politik\u00eb t\u00eb jashtme, Josep Borrell, p\u00ebr qasjen ndaj Kosov\u00ebs. Ajo i \u00ebsht\u00eb drejtuar Borrellit se po do q\u00eb ta sanksionoj\u00eb nj\u00eb shtet nga i cili jan\u00eb kidnapuar tre polic\u00eb nga nj\u00ebsit\u00eb e Serbis\u00eb, por se k\u00ebt\u00eb t\u00eb fundit e [&hellip;]<\/p>\n","protected":false},"author":1,"featured_media":16250,"comment_status":"closed","ping_status":"closed","sticky":false,"template":"","format":"standard","meta":{"_monsterinsights_skip_tracking":false,"_monsterinsights_sitenote_active":false,"_monsterinsights_sitenote_note":"","_monsterinsights_sitenote_category":0,"_uf_show_specific_survey":0,"_uf_disable_surveys":false,"footnotes":""},"categories":[1146],"tags":[818],"yoast_head":"<!-- This site is optimized with the Yoast SEO plugin v21.5 - https:\/\/yoast.com\/wordpress\/plugins\/seo\/ -->\n<title>Zyrtarja e BE-s\u00eb k\u00ebrkon dor\u00ebheqjen e Borrellit, shkak Kosova<\/title>\n<meta name=\"robots\" content=\"index, follow, max-snippet:-1, max-image-preview:large, max-video-preview:-1\" \/>\n<link rel=\"canonical\" href=\"https:\/\/permbledhja.com\/sq\/zyrtarja-e-be-se-kerkon-doreheqjen-e-borrellit-shkak-kosova\/\" \/>\n<meta property=\"og:locale\" content=\"sq_AL\" \/>\n<meta property=\"og:type\" content=\"article\" \/>\n<meta property=\"og:title\" content=\"Zyrtarja e BE-s\u00eb k\u00ebrkon dor\u00ebheqjen e Borrellit, shkak Kosova\" \/>\n<meta property=\"og:description\" content=\"K\u00ebshilltarja lokale e Bashkimit Evropian, Kati Schneeberger, e ka kritikuar P\u00ebrfaq\u00ebsuesin e Lart\u00eb t\u00eb BE-s\u00eb p\u00ebr politik\u00eb t\u00eb jashtme, Josep Borrell, p\u00ebr qasjen ndaj Kosov\u00ebs. Ajo i \u00ebsht\u00eb drejtuar Borrellit se po do q\u00eb ta sanksionoj\u00eb nj\u00eb shtet nga i cili jan\u00eb kidnapuar tre polic\u00eb nga nj\u00ebsit\u00eb e Serbis\u00eb, por se k\u00ebt\u00eb t\u00eb fundit e [&hellip;]\" \/>\n<meta property=\"og:url\" content=\"https:\/\/permbledhja.com\/sq\/zyrtarja-e-be-se-kerkon-doreheqjen-e-borrellit-shkak-kosova\/\" \/>\n<meta property=\"og:site_name\" content=\"Ve\u00e7 artikuj p\u00ebrmbledh\u00ebs\" \/>\n<meta property=\"article:publisher\" content=\"https:\/\/www.facebook.com\/press07\/\" \/>\n<meta property=\"article:author\" content=\"https:\/\/www.facebook.com\/kafexhiu.muharrem\/\" \/>\n<meta property=\"article:published_time\" content=\"2023-06-14T17:33:26+00:00\" \/>\n<meta property=\"og:image\" content=\"https:\/\/permbledhja.com\/wp-content\/uploads\/2023\/06\/borell.png\" \/>\n\t<meta property=\"og:image:width\" content=\"731\" \/>\n\t<meta property=\"og:image:height\" content=\"416\" \/>\n\t<meta property=\"og:image:type\" content=\"image\/png\" \/>\n<meta name=\"author\" content=\"P\u00ebrmbledhja\" \/>\n<meta name=\"twitter:card\" content=\"summary_large_image\" \/>\n<meta name=\"twitter:label1\" content=\"Written by\" \/>\n\t<meta name=\"twitter:data1\" content=\"P\u00ebrmbledhja\" \/>\n\t<meta name=\"twitter:label2\" content=\"Est. reading time\" \/>\n\t<meta name=\"twitter:data2\" content=\"1 minut\u00eb\" \/>\n<script type=\"application\/ld+json\" class=\"yoast-schema-graph\">{\"@context\":\"https:\/\/schema.org\",\"@graph\":[{\"@type\":\"Article\",\"@id\":\"https:\/\/permbledhja.com\/sq\/zyrtarja-e-be-se-kerkon-doreheqjen-e-borrellit-shkak-kosova\/#article\",\"isPartOf\":{\"@id\":\"https:\/\/permbledhja.com\/sq\/zyrtarja-e-be-se-kerkon-doreheqjen-e-borrellit-shkak-kosova\/\"},\"author\":{\"name\":\"P\u00ebrmbledhja\",\"@id\":\"https:\/\/permbledhja.com\/#\/schema\/person\/0d064377258d3221e50693947b9eb4fe\"},\"headline\":\"Zyrtarja e BE-s\u00eb k\u00ebrkon dor\u00ebheqjen e Borrellit, shkak Kosova\",\"datePublished\":\"2023-06-14T17:33:26+00:00\",\"dateModified\":\"2023-06-14T17:33:26+00:00\",\"mainEntityOfPage\":{\"@id\":\"https:\/\/permbledhja.com\/sq\/zyrtarja-e-be-se-kerkon-doreheqjen-e-borrellit-shkak-kosova\/\"},\"wordCount\":150,\"publisher\":{\"@id\":\"https:\/\/permbledhja.com\/#organization\"},\"keywords\":[\"Borrell\"],\"articleSection\":[\"Kryesoret\"],\"inLanguage\":\"sq\"},{\"@type\":\"WebPage\",\"@id\":\"https:\/\/permbledhja.com\/sq\/zyrtarja-e-be-se-kerkon-doreheqjen-e-borrellit-shkak-kosova\/\",\"url\":\"https:\/\/permbledhja.com\/sq\/zyrtarja-e-be-se-kerkon-doreheqjen-e-borrellit-shkak-kosova\/\",\"name\":\"Zyrtarja e BE-s\u00eb k\u00ebrkon dor\u00ebheqjen e Borrellit, shkak Kosova\",\"isPartOf\":{\"@id\":\"https:\/\/permbledhja.com\/#website\"},\"datePublished\":\"2023-06-14T17:33:26+00:00\",\"dateModified\":\"2023-06-14T17:33:26+00:00\",\"breadcrumb\":{\"@id\":\"https:\/\/permbledhja.com\/sq\/zyrtarja-e-be-se-kerkon-doreheqjen-e-borrellit-shkak-kosova\/#breadcrumb\"},\"inLanguage\":\"sq\",\"potentialAction\":[{\"@type\":\"ReadAction\",\"target\":[\"https:\/\/permbledhja.com\/sq\/zyrtarja-e-be-se-kerkon-doreheqjen-e-borrellit-shkak-kosova\/\"]}]},{\"@type\":\"BreadcrumbList\",\"@id\":\"https:\/\/permbledhja.com\/sq\/zyrtarja-e-be-se-kerkon-doreheqjen-e-borrellit-shkak-kosova\/#breadcrumb\",\"itemListElement\":[{\"@type\":\"ListItem\",\"position\":1,\"name\":\"Ballina\",\"item\":\"https:\/\/permbledhja.com\/sq\/\"},{\"@type\":\"ListItem\",\"position\":2,\"name\":\"Zyrtarja e BE-s\u00eb k\u00ebrkon dor\u00ebheqjen e Borrellit, shkak Kosova\"}]},{\"@type\":\"WebSite\",\"@id\":\"https:\/\/permbledhja.com\/#website\",\"url\":\"https:\/\/permbledhja.com\/\",\"name\":\"Ve\u00e7 artikuj p\u00ebrmbledh\u00ebs\",\"description\":\"\",\"publisher\":{\"@id\":\"https:\/\/permbledhja.com\/#organization\"},\"potentialAction\":[{\"@type\":\"SearchAction\",\"target\":{\"@type\":\"EntryPoint\",\"urlTemplate\":\"https:\/\/permbledhja.com\/?s={search_term_string}\"},\"query-input\":\"required name=search_term_string\"}],\"inLanguage\":\"sq\"},{\"@type\":\"Organization\",\"@id\":\"https:\/\/permbledhja.com\/#organization\",\"name\":\"MK Media & Pr\",\"url\":\"https:\/\/permbledhja.com\/\",\"logo\":{\"@type\":\"ImageObject\",\"inLanguage\":\"sq\",\"@id\":\"https:\/\/permbledhja.com\/#\/schema\/logo\/image\/\",\"url\":\"https:\/\/permbledhja.com\/wp-content\/uploads\/2021\/12\/07-Press-Logo.jpg\",\"contentUrl\":\"https:\/\/permbledhja.com\/wp-content\/uploads\/2021\/12\/07-Press-Logo.jpg\",\"width\":512,\"height\":512,\"caption\":\"MK Media & Pr\"},\"image\":{\"@id\":\"https:\/\/permbledhja.com\/#\/schema\/logo\/image\/\"},\"sameAs\":[\"https:\/\/www.facebook.com\/press07\/\"]},{\"@type\":\"Person\",\"@id\":\"https:\/\/permbledhja.com\/#\/schema\/person\/0d064377258d3221e50693947b9eb4fe\",\"name\":\"P\u00ebrmbledhja\",\"image\":{\"@type\":\"ImageObject\",\"inLanguage\":\"sq\",\"@id\":\"https:\/\/permbledhja.com\/#\/schema\/person\/image\/\",\"url\":\"https:\/\/permbledhja.com\/wp-content\/uploads\/2026\/01\/452004717_1040944174702970_8932037511805513407_n-96x96.jpg\",\"contentUrl\":\"https:\/\/permbledhja.com\/wp-content\/uploads\/2026\/01\/452004717_1040944174702970_8932037511805513407_n-96x96.jpg\",\"caption\":\"P\u00ebrmbledhja\"},\"sameAs\":[\"https:\/\/www.facebook.com\/kafexhiu.muharrem\/\",\"https:\/\/www.instagram.com\/muharrem_kafexhiu\/\"],\"url\":\"https:\/\/permbledhja.com\/sq\/author\/admin\/\"}]}<\/script>\n<!-- \/ Yoast SEO plugin. -->","yoast_head_json":{"title":"Zyrtarja e BE-s\u00eb k\u00ebrkon dor\u00ebheqjen e Borrellit, shkak Kosova","robots":{"index":"index","follow":"follow","max-snippet":"max-snippet:-1","max-image-preview":"max-image-preview:large","max-video-preview":"max-video-preview:-1"},"canonical":"https:\/\/permbledhja.com\/sq\/zyrtarja-e-be-se-kerkon-doreheqjen-e-borrellit-shkak-kosova\/","og_locale":"sq_AL","og_type":"article","og_title":"Zyrtarja e BE-s\u00eb k\u00ebrkon dor\u00ebheqjen e Borrellit, shkak Kosova","og_description":"K\u00ebshilltarja lokale e Bashkimit Evropian, Kati Schneeberger, e ka kritikuar P\u00ebrfaq\u00ebsuesin e Lart\u00eb t\u00eb BE-s\u00eb p\u00ebr politik\u00eb t\u00eb jashtme, Josep Borrell, p\u00ebr qasjen ndaj Kosov\u00ebs. Ajo i \u00ebsht\u00eb drejtuar Borrellit se po do q\u00eb ta sanksionoj\u00eb nj\u00eb shtet nga i cili jan\u00eb kidnapuar tre polic\u00eb nga nj\u00ebsit\u00eb e Serbis\u00eb, por se k\u00ebt\u00eb t\u00eb fundit e [&hellip;]","og_url":"https:\/\/permbledhja.com\/sq\/zyrtarja-e-be-se-kerkon-doreheqjen-e-borrellit-shkak-kosova\/","og_site_name":"Ve\u00e7 artikuj p\u00ebrmbledh\u00ebs","article_publisher":"https:\/\/www.facebook.com\/press07\/","article_author":"https:\/\/www.facebook.com\/kafexhiu.muharrem\/","article_published_time":"2023-06-14T17:33:26+00:00","og_image":[{"width":731,"height":416,"url":"https:\/\/permbledhja.com\/wp-content\/uploads\/2023\/06\/borell.png","type":"image\/png"}],"author":"P\u00ebrmbledhja","twitter_card":"summary_large_image","twitter_misc":{"Written by":"P\u00ebrmbledhja","Est. reading time":"1 minut\u00eb"},"schema":{"@context":"https:\/\/schema.org","@graph":[{"@type":"Article","@id":"https:\/\/permbledhja.com\/sq\/zyrtarja-e-be-se-kerkon-doreheqjen-e-borrellit-shkak-kosova\/#article","isPartOf":{"@id":"https:\/\/permbledhja.com\/sq\/zyrtarja-e-be-se-kerkon-doreheqjen-e-borrellit-shkak-kosova\/"},"author":{"name":"P\u00ebrmbledhja","@id":"https:\/\/permbledhja.com\/#\/schema\/person\/0d064377258d3221e50693947b9eb4fe"},"headline":"Zyrtarja e BE-s\u00eb k\u00ebrkon dor\u00ebheqjen e Borrellit, shkak Kosova","datePublished":"2023-06-14T17:33:26+00:00","dateModified":"2023-06-14T17:33:26+00:00","mainEntityOfPage":{"@id":"https:\/\/permbledhja.com\/sq\/zyrtarja-e-be-se-kerkon-doreheqjen-e-borrellit-shkak-kosova\/"},"wordCount":150,"publisher":{"@id":"https:\/\/permbledhja.com\/#organization"},"keywords":["Borrell"],"articleSection":["Kryesoret"],"inLanguage":"sq"},{"@type":"WebPage","@id":"https:\/\/permbledhja.com\/sq\/zyrtarja-e-be-se-kerkon-doreheqjen-e-borrellit-shkak-kosova\/","url":"https:\/\/permbledhja.com\/sq\/zyrtarja-e-be-se-kerkon-doreheqjen-e-borrellit-shkak-kosova\/","name":"Zyrtarja e BE-s\u00eb k\u00ebrkon dor\u00ebheqjen e Borrellit, shkak Kosova","isPartOf":{"@id":"https:\/\/permbledhja.com\/#website"},"datePublished":"2023-06-14T17:33:26+00:00","dateModified":"2023-06-14T17:33:26+00:00","breadcrumb":{"@id":"https:\/\/permbledhja.com\/sq\/zyrtarja-e-be-se-kerkon-doreheqjen-e-borrellit-shkak-kosova\/#breadcrumb"},"inLanguage":"sq","potentialAction":[{"@type":"ReadAction","target":["https:\/\/permbledhja.com\/sq\/zyrtarja-e-be-se-kerkon-doreheqjen-e-borrellit-shkak-kosova\/"]}]},{"@type":"BreadcrumbList","@id":"https:\/\/permbledhja.com\/sq\/zyrtarja-e-be-se-kerkon-doreheqjen-e-borrellit-shkak-kosova\/#breadcrumb","itemListElement":[{"@type":"ListItem","position":1,"name":"Ballina","item":"https:\/\/permbledhja.com\/sq\/"},{"@type":"ListItem","position":2,"name":"Zyrtarja e BE-s\u00eb k\u00ebrkon dor\u00ebheqjen e Borrellit, shkak Kosova"}]},{"@type":"WebSite","@id":"https:\/\/permbledhja.com\/#website","url":"https:\/\/permbledhja.com\/","name":"Ve\u00e7 artikuj p\u00ebrmbledh\u00ebs","description":"","publisher":{"@id":"https:\/\/permbledhja.com\/#organization"},"potentialAction":[{"@type":"SearchAction","target":{"@type":"EntryPoint","urlTemplate":"https:\/\/permbledhja.com\/?s={search_term_string}"},"query-input":"required name=search_term_string"}],"inLanguage":"sq"},{"@type":"Organization","@id":"https:\/\/permbledhja.com\/#organization","name":"MK Media & Pr","url":"https:\/\/permbledhja.com\/","logo":{"@type":"ImageObject","inLanguage":"sq","@id":"https:\/\/permbledhja.com\/#\/schema\/logo\/image\/","url":"https:\/\/permbledhja.com\/wp-content\/uploads\/2021\/12\/07-Press-Logo.jpg","contentUrl":"https:\/\/permbledhja.com\/wp-content\/uploads\/2021\/12\/07-Press-Logo.jpg","width":512,"height":512,"caption":"MK Media & Pr"},"image":{"@id":"https:\/\/permbledhja.com\/#\/schema\/logo\/image\/"},"sameAs":["https:\/\/www.facebook.com\/press07\/"]},{"@type":"Person","@id":"https:\/\/permbledhja.com\/#\/schema\/person\/0d064377258d3221e50693947b9eb4fe","name":"P\u00ebrmbledhja","image":{"@type":"ImageObject","inLanguage":"sq","@id":"https:\/\/permbledhja.com\/#\/schema\/person\/image\/","url":"https:\/\/permbledhja.com\/wp-content\/uploads\/2026\/01\/452004717_1040944174702970_8932037511805513407_n-96x96.jpg","contentUrl":"https:\/\/permbledhja.com\/wp-content\/uploads\/2026\/01\/452004717_1040944174702970_8932037511805513407_n-96x96.jpg","caption":"P\u00ebrmbledhja"},"sameAs":["https:\/\/www.facebook.com\/kafexhiu.muharrem\/","https:\/\/www.instagram.com\/muharrem_kafexhiu\/"],"url":"https:\/\/permbledhja.com\/sq\/author\/admin\/"}]}},"_links":{"self":[{"href":"https:\/\/permbledhja.com\/sq\/wp-json\/wp\/v2\/posts\/16249"}],"collection":[{"href":"https:\/\/permbledhja.com\/sq\/wp-json\/wp\/v2\/posts"}],"about":[{"href":"https:\/\/permbledhja.com\/sq\/wp-json\/wp\/v2\/types\/post"}],"author":[{"embeddable":true,"href":"https:\/\/permbledhja.com\/sq\/wp-json\/wp\/v2\/users\/1"}],"replies":[{"embeddable":true,"href":"https:\/\/permbledhja.com\/sq\/wp-json\/wp\/v2\/comments?post=16249"}],"version-history":[{"count":1,"href":"https:\/\/permbledhja.com\/sq\/wp-json\/wp\/v2\/posts\/16249\/revisions"}],"predecessor-version":[{"id":16251,"href":"https:\/\/permbledhja.com\/sq\/wp-json\/wp\/v2\/posts\/16249\/revisions\/16251"}],"wp:featuredmedia":[{"embeddable":true,"href":"https:\/\/permbledhja.com\/sq\/wp-json\/wp\/v2\/media\/16250"}],"wp:attachment":[{"href":"https:\/\/permbledhja.com\/sq\/wp-json\/wp\/v2\/media?parent=16249"}],"wp:term":[{"taxonomy":"category","embeddable":true,"href":"https:\/\/permbledhja.com\/sq\/wp-json\/wp\/v2\/categories?post=16249"},{"taxonomy":"post_tag","embeddable":true,"href":"https:\/\/permbledhja.com\/sq\/wp-json\/wp\/v2\/tags?post=16249"}],"curies":[{"name":"wp","href":"https:\/\/api.w.org\/{rel}","templated":true}]}}