{"id":16223,"date":"2023-06-14T13:21:14","date_gmt":"2023-06-14T13:21:14","guid":{"rendered":"https:\/\/permbledhja.com\/?p=16223"},"modified":"2023-06-14T13:21:22","modified_gmt":"2023-06-14T13:21:22","slug":"ky-eshte-momenti-kur-policet-e-kosoves-kidnapohen-nga-ata-serbe","status":"publish","type":"post","link":"https:\/\/permbledhja.com\/sq\/ky-eshte-momenti-kur-policet-e-kosoves-kidnapohen-nga-ata-serbe\/","title":{"rendered":"Ky \u00ebsht\u00eb momenti kur polic\u00ebt e Kosov\u00ebs kidnapohen nga ata serb\u00eb"},"content":{"rendered":"<p>Tre polic\u00eb t\u00eb Kosov\u00ebs jan\u00eb kidnapuar nga ata serb\u00eb brenda territorit t\u00eb Kosov\u00ebs.<\/p>\n<p>Sipas policis\u00eb, tre zyrtar\u00ebt ishin duke b\u00ebr\u00eb patrullim n\u00eb nj\u00eb pik\u00eb statike, nd\u00ebrsa kan\u00eb v\u00ebrejtur persona t\u00eb maskuar dhe t\u00eb armatosur.<\/p>\n<p>Ata kan\u00eb k\u00ebrkuar asistenc\u00eb nd\u00ebrsa me t\u00eb arritur, nj\u00ebsitet asistuese kan\u00eb v\u00ebrejtur vet\u00ebm vetur\u00ebn zyrtare por jo edhe polic\u00ebt.<\/p>\n<p>Tashm\u00eb Klankosova.tv ka siguruar pamjet nga kidnapimi i pjes\u00ebtar\u00ebve t\u00eb policis\u00eb, t\u00eb cilat mund t\u2019i shihni m\u00eb posht\u00eb:<\/p>\n<p><iframe loading=\"lazy\" width=\"640\" height=\"360\" src=\"https:\/\/www.youtube.com\/embed\/3S8yi0wFr88\" title=\"Ky \u00ebsht\u00eb momenti kur kidnapohen polic\u00ebt e Kosov\u00ebs nga ata serb\u00eb\" frameborder=\"0\" allow=\"accelerometer; autoplay; clipboard-write; encrypted-media; gyroscope; picture-in-picture; web-share\" allowfullscreen><\/iframe><\/p>\n","protected":false},"excerpt":{"rendered":"<p>Tre polic\u00eb t\u00eb Kosov\u00ebs jan\u00eb kidnapuar nga ata serb\u00eb brenda territorit t\u00eb Kosov\u00ebs. Sipas policis\u00eb, tre zyrtar\u00ebt ishin duke b\u00ebr\u00eb patrullim n\u00eb nj\u00eb pik\u00eb statike, nd\u00ebrsa kan\u00eb v\u00ebrejtur persona t\u00eb maskuar dhe t\u00eb armatosur. Ata kan\u00eb k\u00ebrkuar asistenc\u00eb nd\u00ebrsa me t\u00eb arritur, nj\u00ebsitet asistuese kan\u00eb v\u00ebrejtur vet\u00ebm vetur\u00ebn zyrtare por jo edhe polic\u00ebt. Tashm\u00eb Klankosova.tv [&hellip;]<\/p>\n","protected":false},"author":1,"featured_media":16224,"comment_status":"closed","ping_status":"closed","sticky":false,"template":"","format":"standard","meta":{"_monsterinsights_skip_tracking":false,"_monsterinsights_sitenote_active":false,"_monsterinsights_sitenote_note":"","_monsterinsights_sitenote_category":0,"_uf_show_specific_survey":0,"_uf_disable_surveys":false,"footnotes":""},"categories":[1146],"tags":[],"yoast_head":"<!-- This site is optimized with the Yoast SEO plugin v21.5 - https:\/\/yoast.com\/wordpress\/plugins\/seo\/ -->\n<title>Ky \u00ebsht\u00eb momenti kur polic\u00ebt e Kosov\u00ebs kidnapohen nga ata serb\u00eb<\/title>\n<meta name=\"robots\" content=\"index, follow, max-snippet:-1, max-image-preview:large, max-video-preview:-1\" \/>\n<link rel=\"canonical\" href=\"https:\/\/permbledhja.com\/sq\/ky-eshte-momenti-kur-policet-e-kosoves-kidnapohen-nga-ata-serbe\/\" \/>\n<meta property=\"og:locale\" content=\"sq_AL\" \/>\n<meta property=\"og:type\" content=\"article\" \/>\n<meta property=\"og:title\" content=\"Ky \u00ebsht\u00eb momenti kur polic\u00ebt e Kosov\u00ebs kidnapohen nga ata serb\u00eb\" \/>\n<meta property=\"og:description\" content=\"Tre polic\u00eb t\u00eb Kosov\u00ebs jan\u00eb kidnapuar nga ata serb\u00eb brenda territorit t\u00eb Kosov\u00ebs. Sipas policis\u00eb, tre zyrtar\u00ebt ishin duke b\u00ebr\u00eb patrullim n\u00eb nj\u00eb pik\u00eb statike, nd\u00ebrsa kan\u00eb v\u00ebrejtur persona t\u00eb maskuar dhe t\u00eb armatosur. Ata kan\u00eb k\u00ebrkuar asistenc\u00eb nd\u00ebrsa me t\u00eb arritur, nj\u00ebsitet asistuese kan\u00eb v\u00ebrejtur vet\u00ebm vetur\u00ebn zyrtare por jo edhe polic\u00ebt. Tashm\u00eb Klankosova.tv [&hellip;]\" \/>\n<meta property=\"og:url\" content=\"https:\/\/permbledhja.com\/sq\/ky-eshte-momenti-kur-policet-e-kosoves-kidnapohen-nga-ata-serbe\/\" \/>\n<meta property=\"og:site_name\" content=\"Ve\u00e7 artikuj p\u00ebrmbledh\u00ebs\" \/>\n<meta property=\"article:publisher\" content=\"https:\/\/www.facebook.com\/press07\/\" \/>\n<meta property=\"article:author\" content=\"https:\/\/www.facebook.com\/kafexhiu.muharrem\/\" \/>\n<meta property=\"article:published_time\" content=\"2023-06-14T13:21:14+00:00\" \/>\n<meta property=\"article:modified_time\" content=\"2023-06-14T13:21:22+00:00\" \/>\n<meta property=\"og:image\" content=\"https:\/\/permbledhja.com\/wp-content\/uploads\/2023\/06\/policia.png\" \/>\n\t<meta property=\"og:image:width\" content=\"638\" \/>\n\t<meta property=\"og:image:height\" content=\"362\" \/>\n\t<meta property=\"og:image:type\" content=\"image\/png\" \/>\n<meta name=\"author\" content=\"P\u00ebrmbledhja\" \/>\n<meta name=\"twitter:card\" content=\"summary_large_image\" \/>\n<meta name=\"twitter:label1\" content=\"Written by\" \/>\n\t<meta name=\"twitter:data1\" content=\"P\u00ebrmbledhja\" \/>\n<script type=\"application\/ld+json\" class=\"yoast-schema-graph\">{\"@context\":\"https:\/\/schema.org\",\"@graph\":[{\"@type\":\"Article\",\"@id\":\"https:\/\/permbledhja.com\/ky-eshte-momenti-kur-policet-e-kosoves-kidnapohen-nga-ata-serbe\/#article\",\"isPartOf\":{\"@id\":\"https:\/\/permbledhja.com\/ky-eshte-momenti-kur-policet-e-kosoves-kidnapohen-nga-ata-serbe\/\"},\"author\":{\"name\":\"P\u00ebrmbledhja\",\"@id\":\"https:\/\/permbledhja.com\/#\/schema\/person\/0d064377258d3221e50693947b9eb4fe\"},\"headline\":\"Ky \u00ebsht\u00eb momenti kur polic\u00ebt e Kosov\u00ebs kidnapohen nga ata serb\u00eb\",\"datePublished\":\"2023-06-14T13:21:14+00:00\",\"dateModified\":\"2023-06-14T13:21:22+00:00\",\"mainEntityOfPage\":{\"@id\":\"https:\/\/permbledhja.com\/ky-eshte-momenti-kur-policet-e-kosoves-kidnapohen-nga-ata-serbe\/\"},\"wordCount\":101,\"publisher\":{\"@id\":\"https:\/\/permbledhja.com\/#organization\"},\"articleSection\":[\"Kryesoret\"],\"inLanguage\":\"sq\"},{\"@type\":\"WebPage\",\"@id\":\"https:\/\/permbledhja.com\/ky-eshte-momenti-kur-policet-e-kosoves-kidnapohen-nga-ata-serbe\/\",\"url\":\"https:\/\/permbledhja.com\/ky-eshte-momenti-kur-policet-e-kosoves-kidnapohen-nga-ata-serbe\/\",\"name\":\"Ky \u00ebsht\u00eb momenti kur polic\u00ebt e Kosov\u00ebs kidnapohen nga ata serb\u00eb\",\"isPartOf\":{\"@id\":\"https:\/\/permbledhja.com\/#website\"},\"datePublished\":\"2023-06-14T13:21:14+00:00\",\"dateModified\":\"2023-06-14T13:21:22+00:00\",\"breadcrumb\":{\"@id\":\"https:\/\/permbledhja.com\/ky-eshte-momenti-kur-policet-e-kosoves-kidnapohen-nga-ata-serbe\/#breadcrumb\"},\"inLanguage\":\"sq\",\"potentialAction\":[{\"@type\":\"ReadAction\",\"target\":[\"https:\/\/permbledhja.com\/ky-eshte-momenti-kur-policet-e-kosoves-kidnapohen-nga-ata-serbe\/\"]}]},{\"@type\":\"BreadcrumbList\",\"@id\":\"https:\/\/permbledhja.com\/ky-eshte-momenti-kur-policet-e-kosoves-kidnapohen-nga-ata-serbe\/#breadcrumb\",\"itemListElement\":[{\"@type\":\"ListItem\",\"position\":1,\"name\":\"Ballina\",\"item\":\"https:\/\/permbledhja.com\/sq\/\"},{\"@type\":\"ListItem\",\"position\":2,\"name\":\"Ky \u00ebsht\u00eb momenti kur polic\u00ebt e Kosov\u00ebs kidnapohen nga ata serb\u00eb\"}]},{\"@type\":\"WebSite\",\"@id\":\"https:\/\/permbledhja.com\/#website\",\"url\":\"https:\/\/permbledhja.com\/\",\"name\":\"Ve\u00e7 artikuj p\u00ebrmbledh\u00ebs\",\"description\":\"\",\"publisher\":{\"@id\":\"https:\/\/permbledhja.com\/#organization\"},\"potentialAction\":[{\"@type\":\"SearchAction\",\"target\":{\"@type\":\"EntryPoint\",\"urlTemplate\":\"https:\/\/permbledhja.com\/?s={search_term_string}\"},\"query-input\":\"required name=search_term_string\"}],\"inLanguage\":\"sq\"},{\"@type\":\"Organization\",\"@id\":\"https:\/\/permbledhja.com\/#organization\",\"name\":\"MK Media & Pr\",\"url\":\"https:\/\/permbledhja.com\/\",\"logo\":{\"@type\":\"ImageObject\",\"inLanguage\":\"sq\",\"@id\":\"https:\/\/permbledhja.com\/#\/schema\/logo\/image\/\",\"url\":\"https:\/\/permbledhja.com\/wp-content\/uploads\/2021\/12\/07-Press-Logo.jpg\",\"contentUrl\":\"https:\/\/permbledhja.com\/wp-content\/uploads\/2021\/12\/07-Press-Logo.jpg\",\"width\":512,\"height\":512,\"caption\":\"MK Media & Pr\"},\"image\":{\"@id\":\"https:\/\/permbledhja.com\/#\/schema\/logo\/image\/\"},\"sameAs\":[\"https:\/\/www.facebook.com\/press07\/\"]},{\"@type\":\"Person\",\"@id\":\"https:\/\/permbledhja.com\/#\/schema\/person\/0d064377258d3221e50693947b9eb4fe\",\"name\":\"P\u00ebrmbledhja\",\"image\":{\"@type\":\"ImageObject\",\"inLanguage\":\"sq\",\"@id\":\"https:\/\/permbledhja.com\/#\/schema\/person\/image\/\",\"url\":\"https:\/\/permbledhja.com\/wp-content\/uploads\/2026\/01\/452004717_1040944174702970_8932037511805513407_n-96x96.jpg\",\"contentUrl\":\"https:\/\/permbledhja.com\/wp-content\/uploads\/2026\/01\/452004717_1040944174702970_8932037511805513407_n-96x96.jpg\",\"caption\":\"P\u00ebrmbledhja\"},\"sameAs\":[\"https:\/\/www.facebook.com\/kafexhiu.muharrem\/\",\"https:\/\/www.instagram.com\/muharrem_kafexhiu\/\"],\"url\":\"https:\/\/permbledhja.com\/sq\/author\/admin\/\"}]}<\/script>\n<!-- \/ Yoast SEO plugin. -->","yoast_head_json":{"title":"Ky \u00ebsht\u00eb momenti kur polic\u00ebt e Kosov\u00ebs kidnapohen nga ata serb\u00eb","robots":{"index":"index","follow":"follow","max-snippet":"max-snippet:-1","max-image-preview":"max-image-preview:large","max-video-preview":"max-video-preview:-1"},"canonical":"https:\/\/permbledhja.com\/sq\/ky-eshte-momenti-kur-policet-e-kosoves-kidnapohen-nga-ata-serbe\/","og_locale":"sq_AL","og_type":"article","og_title":"Ky \u00ebsht\u00eb momenti kur polic\u00ebt e Kosov\u00ebs kidnapohen nga ata serb\u00eb","og_description":"Tre polic\u00eb t\u00eb Kosov\u00ebs jan\u00eb kidnapuar nga ata serb\u00eb brenda territorit t\u00eb Kosov\u00ebs. Sipas policis\u00eb, tre zyrtar\u00ebt ishin duke b\u00ebr\u00eb patrullim n\u00eb nj\u00eb pik\u00eb statike, nd\u00ebrsa kan\u00eb v\u00ebrejtur persona t\u00eb maskuar dhe t\u00eb armatosur. Ata kan\u00eb k\u00ebrkuar asistenc\u00eb nd\u00ebrsa me t\u00eb arritur, nj\u00ebsitet asistuese kan\u00eb v\u00ebrejtur vet\u00ebm vetur\u00ebn zyrtare por jo edhe polic\u00ebt. Tashm\u00eb Klankosova.tv [&hellip;]","og_url":"https:\/\/permbledhja.com\/sq\/ky-eshte-momenti-kur-policet-e-kosoves-kidnapohen-nga-ata-serbe\/","og_site_name":"Ve\u00e7 artikuj p\u00ebrmbledh\u00ebs","article_publisher":"https:\/\/www.facebook.com\/press07\/","article_author":"https:\/\/www.facebook.com\/kafexhiu.muharrem\/","article_published_time":"2023-06-14T13:21:14+00:00","article_modified_time":"2023-06-14T13:21:22+00:00","og_image":[{"width":638,"height":362,"url":"https:\/\/permbledhja.com\/wp-content\/uploads\/2023\/06\/policia.png","type":"image\/png"}],"author":"P\u00ebrmbledhja","twitter_card":"summary_large_image","twitter_misc":{"Written by":"P\u00ebrmbledhja"},"schema":{"@context":"https:\/\/schema.org","@graph":[{"@type":"Article","@id":"https:\/\/permbledhja.com\/ky-eshte-momenti-kur-policet-e-kosoves-kidnapohen-nga-ata-serbe\/#article","isPartOf":{"@id":"https:\/\/permbledhja.com\/ky-eshte-momenti-kur-policet-e-kosoves-kidnapohen-nga-ata-serbe\/"},"author":{"name":"P\u00ebrmbledhja","@id":"https:\/\/permbledhja.com\/#\/schema\/person\/0d064377258d3221e50693947b9eb4fe"},"headline":"Ky \u00ebsht\u00eb momenti kur polic\u00ebt e Kosov\u00ebs kidnapohen nga ata serb\u00eb","datePublished":"2023-06-14T13:21:14+00:00","dateModified":"2023-06-14T13:21:22+00:00","mainEntityOfPage":{"@id":"https:\/\/permbledhja.com\/ky-eshte-momenti-kur-policet-e-kosoves-kidnapohen-nga-ata-serbe\/"},"wordCount":101,"publisher":{"@id":"https:\/\/permbledhja.com\/#organization"},"articleSection":["Kryesoret"],"inLanguage":"sq"},{"@type":"WebPage","@id":"https:\/\/permbledhja.com\/ky-eshte-momenti-kur-policet-e-kosoves-kidnapohen-nga-ata-serbe\/","url":"https:\/\/permbledhja.com\/ky-eshte-momenti-kur-policet-e-kosoves-kidnapohen-nga-ata-serbe\/","name":"Ky \u00ebsht\u00eb momenti kur polic\u00ebt e Kosov\u00ebs kidnapohen nga ata serb\u00eb","isPartOf":{"@id":"https:\/\/permbledhja.com\/#website"},"datePublished":"2023-06-14T13:21:14+00:00","dateModified":"2023-06-14T13:21:22+00:00","breadcrumb":{"@id":"https:\/\/permbledhja.com\/ky-eshte-momenti-kur-policet-e-kosoves-kidnapohen-nga-ata-serbe\/#breadcrumb"},"inLanguage":"sq","potentialAction":[{"@type":"ReadAction","target":["https:\/\/permbledhja.com\/ky-eshte-momenti-kur-policet-e-kosoves-kidnapohen-nga-ata-serbe\/"]}]},{"@type":"BreadcrumbList","@id":"https:\/\/permbledhja.com\/ky-eshte-momenti-kur-policet-e-kosoves-kidnapohen-nga-ata-serbe\/#breadcrumb","itemListElement":[{"@type":"ListItem","position":1,"name":"Ballina","item":"https:\/\/permbledhja.com\/sq\/"},{"@type":"ListItem","position":2,"name":"Ky \u00ebsht\u00eb momenti kur polic\u00ebt e Kosov\u00ebs kidnapohen nga ata serb\u00eb"}]},{"@type":"WebSite","@id":"https:\/\/permbledhja.com\/#website","url":"https:\/\/permbledhja.com\/","name":"Ve\u00e7 artikuj p\u00ebrmbledh\u00ebs","description":"","publisher":{"@id":"https:\/\/permbledhja.com\/#organization"},"potentialAction":[{"@type":"SearchAction","target":{"@type":"EntryPoint","urlTemplate":"https:\/\/permbledhja.com\/?s={search_term_string}"},"query-input":"required name=search_term_string"}],"inLanguage":"sq"},{"@type":"Organization","@id":"https:\/\/permbledhja.com\/#organization","name":"MK Media & Pr","url":"https:\/\/permbledhja.com\/","logo":{"@type":"ImageObject","inLanguage":"sq","@id":"https:\/\/permbledhja.com\/#\/schema\/logo\/image\/","url":"https:\/\/permbledhja.com\/wp-content\/uploads\/2021\/12\/07-Press-Logo.jpg","contentUrl":"https:\/\/permbledhja.com\/wp-content\/uploads\/2021\/12\/07-Press-Logo.jpg","width":512,"height":512,"caption":"MK Media & Pr"},"image":{"@id":"https:\/\/permbledhja.com\/#\/schema\/logo\/image\/"},"sameAs":["https:\/\/www.facebook.com\/press07\/"]},{"@type":"Person","@id":"https:\/\/permbledhja.com\/#\/schema\/person\/0d064377258d3221e50693947b9eb4fe","name":"P\u00ebrmbledhja","image":{"@type":"ImageObject","inLanguage":"sq","@id":"https:\/\/permbledhja.com\/#\/schema\/person\/image\/","url":"https:\/\/permbledhja.com\/wp-content\/uploads\/2026\/01\/452004717_1040944174702970_8932037511805513407_n-96x96.jpg","contentUrl":"https:\/\/permbledhja.com\/wp-content\/uploads\/2026\/01\/452004717_1040944174702970_8932037511805513407_n-96x96.jpg","caption":"P\u00ebrmbledhja"},"sameAs":["https:\/\/www.facebook.com\/kafexhiu.muharrem\/","https:\/\/www.instagram.com\/muharrem_kafexhiu\/"],"url":"https:\/\/permbledhja.com\/sq\/author\/admin\/"}]}},"_links":{"self":[{"href":"https:\/\/permbledhja.com\/sq\/wp-json\/wp\/v2\/posts\/16223"}],"collection":[{"href":"https:\/\/permbledhja.com\/sq\/wp-json\/wp\/v2\/posts"}],"about":[{"href":"https:\/\/permbledhja.com\/sq\/wp-json\/wp\/v2\/types\/post"}],"author":[{"embeddable":true,"href":"https:\/\/permbledhja.com\/sq\/wp-json\/wp\/v2\/users\/1"}],"replies":[{"embeddable":true,"href":"https:\/\/permbledhja.com\/sq\/wp-json\/wp\/v2\/comments?post=16223"}],"version-history":[{"count":2,"href":"https:\/\/permbledhja.com\/sq\/wp-json\/wp\/v2\/posts\/16223\/revisions"}],"predecessor-version":[{"id":16226,"href":"https:\/\/permbledhja.com\/sq\/wp-json\/wp\/v2\/posts\/16223\/revisions\/16226"}],"wp:featuredmedia":[{"embeddable":true,"href":"https:\/\/permbledhja.com\/sq\/wp-json\/wp\/v2\/media\/16224"}],"wp:attachment":[{"href":"https:\/\/permbledhja.com\/sq\/wp-json\/wp\/v2\/media?parent=16223"}],"wp:term":[{"taxonomy":"category","embeddable":true,"href":"https:\/\/permbledhja.com\/sq\/wp-json\/wp\/v2\/categories?post=16223"},{"taxonomy":"post_tag","embeddable":true,"href":"https:\/\/permbledhja.com\/sq\/wp-json\/wp\/v2\/tags?post=16223"}],"curies":[{"name":"wp","href":"https:\/\/api.w.org\/{rel}","templated":true}]}}