{"id":16220,"date":"2023-06-14T13:18:18","date_gmt":"2023-06-14T13:18:18","guid":{"rendered":"https:\/\/permbledhja.com\/?p=16220"},"modified":"2023-06-14T13:18:18","modified_gmt":"2023-06-14T13:18:18","slug":"publikohen-pamjet-e-policeve-kosovare-te-kidnapuar-nga-forcat-serbe","status":"publish","type":"post","link":"https:\/\/permbledhja.com\/sq\/publikohen-pamjet-e-policeve-kosovare-te-kidnapuar-nga-forcat-serbe\/","title":{"rendered":"Publikohen pamjet e polic\u00ebve kosovar\u00eb t\u00eb &#8220;kidnapuar&#8221; nga forcat serbe"},"content":{"rendered":"<p>Forcat serbe dyshohet se kan\u00eb kidnapuar tre zyrtar\u00eb patrullues t\u00eb Policis\u00eb s\u00eb Kosov\u00ebs n\u00eb veri t\u00eb vendit.<\/p>\n<p>P\u00ebrmes nj\u00eb komunikate p\u00ebr media, Policia e Kosov\u00ebs ka njoftuar se sot n\u00eb mesdit\u00eb nga nj\u00ebsiti policor i cili ishte n\u00eb p\u00ebrb\u00ebrje prej tre zyrtar\u00ebve kufitar, kan\u00eb njoftuar se n\u00eb af\u00ebrsi t\u00eb pik\u00ebs statike kan\u00eb v\u00ebrejtur person\/a t\u00eb maskuar dhe t\u00eb armatosur, me k\u00ebt\u00eb rast n\u00eb drejtim t\u00eb k\u00ebsaj pike n\u00eb asistenc\u00eb jan\u00eb nisur nj\u00ebsi shtes\u00eb t\u00eb PK-s\u00eb.<\/p>\n<p>\u201cMe t\u00eb arritur n\u00eb at\u00eb lokacion, nj\u00ebsitet asistuese kan\u00eb v\u00ebrejtur vet\u00ebm vetur\u00ebn zyrtare por jo edhe vet zyrtar\u00ebt policor\u00eb q\u00eb kan\u00eb qen\u00eb me detyr\u00eb n\u00eb at\u00eb lokacion. N\u00eb drejtim t\u00eb k\u00ebtij lokacioni menj\u00ebher\u00eb kan\u00eb shkuar edhe nj\u00ebsite tjera policore, si dhe jan\u00eb informuar edhe institucionet tjera t\u00eb siguris\u00eb, p\u00ebrfshir\u00eb KFOR-in, pasi dyshohet se zyrtar\u00ebt policor jan\u00eb kidnapuar nga forcat serbe.<\/p>\n<p>Me q\u00ebllim q\u00eb t\u00eb nd\u00ebrmerren veprime konkrete p\u00ebr sigurin\u00eb e zyrtar\u00ebve policor\u00eb q\u00eb dyshohet t\u00eb jen\u00eb kidnapuar nga forcat serbe, jan\u00eb kontaktuar t\u00eb gjitha mekanizmat vendor dhe nd\u00ebrkomb\u00ebtar q\u00eb t\u00eb nj\u00ebjtit t\u00eb lirohen sa m\u00eb par\u00eb dhe t\u00eb kthehen n\u00eb Polici t\u00eb Kosov\u00ebs\u201c, thuhet n\u00eb komunikat\u00eb.<\/p>\n<p>\u201cPolicia e Kosov\u00ebs (PK), n\u00eb k\u00ebt\u00eb rast nj\u00ebsia policore patrulluese e kufirit ka qen\u00eb me detyre n\u00eb pik\u00eb statike n\u00eb vendin e quajtur Tresave\/Bare, thell\u00eb brenda n\u00eb territorin e Republik\u00ebs s\u00eb Kosov\u00ebs, p\u00ebr t\u00eb parandaluar shfryt\u00ebzimin e rrug\u00ebve ilegale, t\u00eb cilat shfryt\u00ebzoheshin nga grupet kriminale p\u00ebr kalim ilegal dhe kontraband\u00eb.<\/p>\n<p>Sipas Policis\u00eb, mediat n\u00eb Serbi kan\u00eb raportuar se pjes\u00ebtar\u00ebt e nj\u00ebsiteve speciale serbe kan\u00eb arrestuar zyrtar\u00ebt e Policis\u00eb s\u00eb Kosov\u00ebs.<\/p>\n<p>Sinjali do t\u00eb iu mbaj\u00eb t\u00eb informuar me detajet e reja lidhur me rastin.<\/p>\n<p><img loading=\"lazy\" decoding=\"async\" class=\"alignnone size-full wp-image-16221\" src=\"https:\/\/permbledhja.com\/wp-content\/uploads\/2023\/06\/uhapseni_policajci.jpg\" alt=\"\" width=\"775\" height=\"436\" srcset=\"https:\/\/permbledhja.com\/wp-content\/uploads\/2023\/06\/uhapseni_policajci.jpg 775w, https:\/\/permbledhja.com\/wp-content\/uploads\/2023\/06\/uhapseni_policajci-300x169.jpg 300w, https:\/\/permbledhja.com\/wp-content\/uploads\/2023\/06\/uhapseni_policajci-768x432.jpg 768w, https:\/\/permbledhja.com\/wp-content\/uploads\/2023\/06\/uhapseni_policajci-18x10.jpg 18w\" sizes=\"(max-width: 775px) 100vw, 775px\" \/><\/p>\n","protected":false},"excerpt":{"rendered":"<p>Forcat serbe dyshohet se kan\u00eb kidnapuar tre zyrtar\u00eb patrullues t\u00eb Policis\u00eb s\u00eb Kosov\u00ebs n\u00eb veri t\u00eb vendit. P\u00ebrmes nj\u00eb komunikate p\u00ebr media, Policia e Kosov\u00ebs ka njoftuar se sot n\u00eb mesdit\u00eb nga nj\u00ebsiti policor i cili ishte n\u00eb p\u00ebrb\u00ebrje prej tre zyrtar\u00ebve kufitar, kan\u00eb njoftuar se n\u00eb af\u00ebrsi t\u00eb pik\u00ebs statike kan\u00eb v\u00ebrejtur person\/a t\u00eb [&hellip;]<\/p>\n","protected":false},"author":1,"featured_media":4606,"comment_status":"closed","ping_status":"closed","sticky":false,"template":"","format":"standard","meta":{"_monsterinsights_skip_tracking":false,"_monsterinsights_sitenote_active":false,"_monsterinsights_sitenote_note":"","_monsterinsights_sitenote_category":0,"_uf_show_specific_survey":0,"_uf_disable_surveys":false,"footnotes":""},"categories":[23,15],"tags":[102],"yoast_head":"<!-- This site is optimized with the Yoast SEO plugin v21.5 - https:\/\/yoast.com\/wordpress\/plugins\/seo\/ -->\n<title>Publikohen pamjet e polic\u00ebve kosovar\u00eb t\u00eb &quot;kidnapuar&quot; nga forcat serbe<\/title>\n<meta name=\"robots\" content=\"index, follow, max-snippet:-1, max-image-preview:large, max-video-preview:-1\" \/>\n<link rel=\"canonical\" href=\"https:\/\/permbledhja.com\/sq\/publikohen-pamjet-e-policeve-kosovare-te-kidnapuar-nga-forcat-serbe\/\" \/>\n<meta property=\"og:locale\" content=\"sq_AL\" \/>\n<meta property=\"og:type\" content=\"article\" \/>\n<meta property=\"og:title\" content=\"Publikohen pamjet e polic\u00ebve kosovar\u00eb t\u00eb &quot;kidnapuar&quot; nga forcat serbe\" \/>\n<meta property=\"og:description\" content=\"Forcat serbe dyshohet se kan\u00eb kidnapuar tre zyrtar\u00eb patrullues t\u00eb Policis\u00eb s\u00eb Kosov\u00ebs n\u00eb veri t\u00eb vendit. P\u00ebrmes nj\u00eb komunikate p\u00ebr media, Policia e Kosov\u00ebs ka njoftuar se sot n\u00eb mesdit\u00eb nga nj\u00ebsiti policor i cili ishte n\u00eb p\u00ebrb\u00ebrje prej tre zyrtar\u00ebve kufitar, kan\u00eb njoftuar se n\u00eb af\u00ebrsi t\u00eb pik\u00ebs statike kan\u00eb v\u00ebrejtur person\/a t\u00eb [&hellip;]\" \/>\n<meta property=\"og:url\" content=\"https:\/\/permbledhja.com\/sq\/publikohen-pamjet-e-policeve-kosovare-te-kidnapuar-nga-forcat-serbe\/\" \/>\n<meta property=\"og:site_name\" content=\"Ve\u00e7 artikuj p\u00ebrmbledh\u00ebs\" \/>\n<meta property=\"article:publisher\" content=\"https:\/\/www.facebook.com\/press07\/\" \/>\n<meta property=\"article:author\" content=\"https:\/\/www.facebook.com\/kafexhiu.muharrem\/\" \/>\n<meta property=\"article:published_time\" content=\"2023-06-14T13:18:18+00:00\" \/>\n<meta property=\"og:image\" content=\"https:\/\/permbledhja.com\/wp-content\/uploads\/2022\/08\/Policia-e-Kosoves-2021-4-2-1.jpg\" \/>\n\t<meta property=\"og:image:width\" content=\"900\" \/>\n\t<meta property=\"og:image:height\" content=\"600\" \/>\n\t<meta property=\"og:image:type\" content=\"image\/jpeg\" \/>\n<meta name=\"author\" content=\"P\u00ebrmbledhja\" \/>\n<meta name=\"twitter:card\" content=\"summary_large_image\" \/>\n<meta name=\"twitter:label1\" content=\"Written by\" \/>\n\t<meta name=\"twitter:data1\" content=\"P\u00ebrmbledhja\" \/>\n\t<meta name=\"twitter:label2\" content=\"Est. reading time\" \/>\n\t<meta name=\"twitter:data2\" content=\"2 minuta\" \/>\n<script type=\"application\/ld+json\" class=\"yoast-schema-graph\">{\"@context\":\"https:\/\/schema.org\",\"@graph\":[{\"@type\":\"Article\",\"@id\":\"https:\/\/permbledhja.com\/sq\/publikohen-pamjet-e-policeve-kosovare-te-kidnapuar-nga-forcat-serbe\/#article\",\"isPartOf\":{\"@id\":\"https:\/\/permbledhja.com\/sq\/publikohen-pamjet-e-policeve-kosovare-te-kidnapuar-nga-forcat-serbe\/\"},\"author\":{\"name\":\"P\u00ebrmbledhja\",\"@id\":\"https:\/\/permbledhja.com\/#\/schema\/person\/0d064377258d3221e50693947b9eb4fe\"},\"headline\":\"Publikohen pamjet e polic\u00ebve kosovar\u00eb t\u00eb &#8220;kidnapuar&#8221; nga forcat serbe\",\"datePublished\":\"2023-06-14T13:18:18+00:00\",\"dateModified\":\"2023-06-14T13:18:18+00:00\",\"mainEntityOfPage\":{\"@id\":\"https:\/\/permbledhja.com\/sq\/publikohen-pamjet-e-policeve-kosovare-te-kidnapuar-nga-forcat-serbe\/\"},\"wordCount\":325,\"publisher\":{\"@id\":\"https:\/\/permbledhja.com\/#organization\"},\"keywords\":[\"Policia e Kosov\u00ebs\"],\"articleSection\":[\"Komb\u00ebtare\",\"Lajme\"],\"inLanguage\":\"sq\"},{\"@type\":\"WebPage\",\"@id\":\"https:\/\/permbledhja.com\/sq\/publikohen-pamjet-e-policeve-kosovare-te-kidnapuar-nga-forcat-serbe\/\",\"url\":\"https:\/\/permbledhja.com\/sq\/publikohen-pamjet-e-policeve-kosovare-te-kidnapuar-nga-forcat-serbe\/\",\"name\":\"Publikohen pamjet e polic\u00ebve kosovar\u00eb t\u00eb \\\"kidnapuar\\\" nga forcat serbe\",\"isPartOf\":{\"@id\":\"https:\/\/permbledhja.com\/#website\"},\"datePublished\":\"2023-06-14T13:18:18+00:00\",\"dateModified\":\"2023-06-14T13:18:18+00:00\",\"breadcrumb\":{\"@id\":\"https:\/\/permbledhja.com\/sq\/publikohen-pamjet-e-policeve-kosovare-te-kidnapuar-nga-forcat-serbe\/#breadcrumb\"},\"inLanguage\":\"sq\",\"potentialAction\":[{\"@type\":\"ReadAction\",\"target\":[\"https:\/\/permbledhja.com\/sq\/publikohen-pamjet-e-policeve-kosovare-te-kidnapuar-nga-forcat-serbe\/\"]}]},{\"@type\":\"BreadcrumbList\",\"@id\":\"https:\/\/permbledhja.com\/sq\/publikohen-pamjet-e-policeve-kosovare-te-kidnapuar-nga-forcat-serbe\/#breadcrumb\",\"itemListElement\":[{\"@type\":\"ListItem\",\"position\":1,\"name\":\"Ballina\",\"item\":\"https:\/\/permbledhja.com\/sq\/\"},{\"@type\":\"ListItem\",\"position\":2,\"name\":\"Publikohen pamjet e polic\u00ebve kosovar\u00eb t\u00eb &#8220;kidnapuar&#8221; nga forcat serbe\"}]},{\"@type\":\"WebSite\",\"@id\":\"https:\/\/permbledhja.com\/#website\",\"url\":\"https:\/\/permbledhja.com\/\",\"name\":\"Ve\u00e7 artikuj p\u00ebrmbledh\u00ebs\",\"description\":\"\",\"publisher\":{\"@id\":\"https:\/\/permbledhja.com\/#organization\"},\"potentialAction\":[{\"@type\":\"SearchAction\",\"target\":{\"@type\":\"EntryPoint\",\"urlTemplate\":\"https:\/\/permbledhja.com\/?s={search_term_string}\"},\"query-input\":\"required name=search_term_string\"}],\"inLanguage\":\"sq\"},{\"@type\":\"Organization\",\"@id\":\"https:\/\/permbledhja.com\/#organization\",\"name\":\"MK Media & Pr\",\"url\":\"https:\/\/permbledhja.com\/\",\"logo\":{\"@type\":\"ImageObject\",\"inLanguage\":\"sq\",\"@id\":\"https:\/\/permbledhja.com\/#\/schema\/logo\/image\/\",\"url\":\"https:\/\/permbledhja.com\/wp-content\/uploads\/2021\/12\/07-Press-Logo.jpg\",\"contentUrl\":\"https:\/\/permbledhja.com\/wp-content\/uploads\/2021\/12\/07-Press-Logo.jpg\",\"width\":512,\"height\":512,\"caption\":\"MK Media & Pr\"},\"image\":{\"@id\":\"https:\/\/permbledhja.com\/#\/schema\/logo\/image\/\"},\"sameAs\":[\"https:\/\/www.facebook.com\/press07\/\"]},{\"@type\":\"Person\",\"@id\":\"https:\/\/permbledhja.com\/#\/schema\/person\/0d064377258d3221e50693947b9eb4fe\",\"name\":\"P\u00ebrmbledhja\",\"image\":{\"@type\":\"ImageObject\",\"inLanguage\":\"sq\",\"@id\":\"https:\/\/permbledhja.com\/#\/schema\/person\/image\/\",\"url\":\"https:\/\/permbledhja.com\/wp-content\/uploads\/2026\/01\/452004717_1040944174702970_8932037511805513407_n-96x96.jpg\",\"contentUrl\":\"https:\/\/permbledhja.com\/wp-content\/uploads\/2026\/01\/452004717_1040944174702970_8932037511805513407_n-96x96.jpg\",\"caption\":\"P\u00ebrmbledhja\"},\"sameAs\":[\"https:\/\/www.facebook.com\/kafexhiu.muharrem\/\",\"https:\/\/www.instagram.com\/muharrem_kafexhiu\/\"],\"url\":\"https:\/\/permbledhja.com\/sq\/author\/admin\/\"}]}<\/script>\n<!-- \/ Yoast SEO plugin. -->","yoast_head_json":{"title":"Publikohen pamjet e polic\u00ebve kosovar\u00eb t\u00eb \"kidnapuar\" nga forcat serbe","robots":{"index":"index","follow":"follow","max-snippet":"max-snippet:-1","max-image-preview":"max-image-preview:large","max-video-preview":"max-video-preview:-1"},"canonical":"https:\/\/permbledhja.com\/sq\/publikohen-pamjet-e-policeve-kosovare-te-kidnapuar-nga-forcat-serbe\/","og_locale":"sq_AL","og_type":"article","og_title":"Publikohen pamjet e polic\u00ebve kosovar\u00eb t\u00eb \"kidnapuar\" nga forcat serbe","og_description":"Forcat serbe dyshohet se kan\u00eb kidnapuar tre zyrtar\u00eb patrullues t\u00eb Policis\u00eb s\u00eb Kosov\u00ebs n\u00eb veri t\u00eb vendit. P\u00ebrmes nj\u00eb komunikate p\u00ebr media, Policia e Kosov\u00ebs ka njoftuar se sot n\u00eb mesdit\u00eb nga nj\u00ebsiti policor i cili ishte n\u00eb p\u00ebrb\u00ebrje prej tre zyrtar\u00ebve kufitar, kan\u00eb njoftuar se n\u00eb af\u00ebrsi t\u00eb pik\u00ebs statike kan\u00eb v\u00ebrejtur person\/a t\u00eb [&hellip;]","og_url":"https:\/\/permbledhja.com\/sq\/publikohen-pamjet-e-policeve-kosovare-te-kidnapuar-nga-forcat-serbe\/","og_site_name":"Ve\u00e7 artikuj p\u00ebrmbledh\u00ebs","article_publisher":"https:\/\/www.facebook.com\/press07\/","article_author":"https:\/\/www.facebook.com\/kafexhiu.muharrem\/","article_published_time":"2023-06-14T13:18:18+00:00","og_image":[{"width":900,"height":600,"url":"https:\/\/permbledhja.com\/wp-content\/uploads\/2022\/08\/Policia-e-Kosoves-2021-4-2-1.jpg","type":"image\/jpeg"}],"author":"P\u00ebrmbledhja","twitter_card":"summary_large_image","twitter_misc":{"Written by":"P\u00ebrmbledhja","Est. reading time":"2 minuta"},"schema":{"@context":"https:\/\/schema.org","@graph":[{"@type":"Article","@id":"https:\/\/permbledhja.com\/sq\/publikohen-pamjet-e-policeve-kosovare-te-kidnapuar-nga-forcat-serbe\/#article","isPartOf":{"@id":"https:\/\/permbledhja.com\/sq\/publikohen-pamjet-e-policeve-kosovare-te-kidnapuar-nga-forcat-serbe\/"},"author":{"name":"P\u00ebrmbledhja","@id":"https:\/\/permbledhja.com\/#\/schema\/person\/0d064377258d3221e50693947b9eb4fe"},"headline":"Publikohen pamjet e polic\u00ebve kosovar\u00eb t\u00eb &#8220;kidnapuar&#8221; nga forcat serbe","datePublished":"2023-06-14T13:18:18+00:00","dateModified":"2023-06-14T13:18:18+00:00","mainEntityOfPage":{"@id":"https:\/\/permbledhja.com\/sq\/publikohen-pamjet-e-policeve-kosovare-te-kidnapuar-nga-forcat-serbe\/"},"wordCount":325,"publisher":{"@id":"https:\/\/permbledhja.com\/#organization"},"keywords":["Policia e Kosov\u00ebs"],"articleSection":["Komb\u00ebtare","Lajme"],"inLanguage":"sq"},{"@type":"WebPage","@id":"https:\/\/permbledhja.com\/sq\/publikohen-pamjet-e-policeve-kosovare-te-kidnapuar-nga-forcat-serbe\/","url":"https:\/\/permbledhja.com\/sq\/publikohen-pamjet-e-policeve-kosovare-te-kidnapuar-nga-forcat-serbe\/","name":"Publikohen pamjet e polic\u00ebve kosovar\u00eb t\u00eb \"kidnapuar\" nga forcat serbe","isPartOf":{"@id":"https:\/\/permbledhja.com\/#website"},"datePublished":"2023-06-14T13:18:18+00:00","dateModified":"2023-06-14T13:18:18+00:00","breadcrumb":{"@id":"https:\/\/permbledhja.com\/sq\/publikohen-pamjet-e-policeve-kosovare-te-kidnapuar-nga-forcat-serbe\/#breadcrumb"},"inLanguage":"sq","potentialAction":[{"@type":"ReadAction","target":["https:\/\/permbledhja.com\/sq\/publikohen-pamjet-e-policeve-kosovare-te-kidnapuar-nga-forcat-serbe\/"]}]},{"@type":"BreadcrumbList","@id":"https:\/\/permbledhja.com\/sq\/publikohen-pamjet-e-policeve-kosovare-te-kidnapuar-nga-forcat-serbe\/#breadcrumb","itemListElement":[{"@type":"ListItem","position":1,"name":"Ballina","item":"https:\/\/permbledhja.com\/sq\/"},{"@type":"ListItem","position":2,"name":"Publikohen pamjet e polic\u00ebve kosovar\u00eb t\u00eb &#8220;kidnapuar&#8221; nga forcat serbe"}]},{"@type":"WebSite","@id":"https:\/\/permbledhja.com\/#website","url":"https:\/\/permbledhja.com\/","name":"Ve\u00e7 artikuj p\u00ebrmbledh\u00ebs","description":"","publisher":{"@id":"https:\/\/permbledhja.com\/#organization"},"potentialAction":[{"@type":"SearchAction","target":{"@type":"EntryPoint","urlTemplate":"https:\/\/permbledhja.com\/?s={search_term_string}"},"query-input":"required name=search_term_string"}],"inLanguage":"sq"},{"@type":"Organization","@id":"https:\/\/permbledhja.com\/#organization","name":"MK Media & Pr","url":"https:\/\/permbledhja.com\/","logo":{"@type":"ImageObject","inLanguage":"sq","@id":"https:\/\/permbledhja.com\/#\/schema\/logo\/image\/","url":"https:\/\/permbledhja.com\/wp-content\/uploads\/2021\/12\/07-Press-Logo.jpg","contentUrl":"https:\/\/permbledhja.com\/wp-content\/uploads\/2021\/12\/07-Press-Logo.jpg","width":512,"height":512,"caption":"MK Media & Pr"},"image":{"@id":"https:\/\/permbledhja.com\/#\/schema\/logo\/image\/"},"sameAs":["https:\/\/www.facebook.com\/press07\/"]},{"@type":"Person","@id":"https:\/\/permbledhja.com\/#\/schema\/person\/0d064377258d3221e50693947b9eb4fe","name":"P\u00ebrmbledhja","image":{"@type":"ImageObject","inLanguage":"sq","@id":"https:\/\/permbledhja.com\/#\/schema\/person\/image\/","url":"https:\/\/permbledhja.com\/wp-content\/uploads\/2026\/01\/452004717_1040944174702970_8932037511805513407_n-96x96.jpg","contentUrl":"https:\/\/permbledhja.com\/wp-content\/uploads\/2026\/01\/452004717_1040944174702970_8932037511805513407_n-96x96.jpg","caption":"P\u00ebrmbledhja"},"sameAs":["https:\/\/www.facebook.com\/kafexhiu.muharrem\/","https:\/\/www.instagram.com\/muharrem_kafexhiu\/"],"url":"https:\/\/permbledhja.com\/sq\/author\/admin\/"}]}},"_links":{"self":[{"href":"https:\/\/permbledhja.com\/sq\/wp-json\/wp\/v2\/posts\/16220"}],"collection":[{"href":"https:\/\/permbledhja.com\/sq\/wp-json\/wp\/v2\/posts"}],"about":[{"href":"https:\/\/permbledhja.com\/sq\/wp-json\/wp\/v2\/types\/post"}],"author":[{"embeddable":true,"href":"https:\/\/permbledhja.com\/sq\/wp-json\/wp\/v2\/users\/1"}],"replies":[{"embeddable":true,"href":"https:\/\/permbledhja.com\/sq\/wp-json\/wp\/v2\/comments?post=16220"}],"version-history":[{"count":1,"href":"https:\/\/permbledhja.com\/sq\/wp-json\/wp\/v2\/posts\/16220\/revisions"}],"predecessor-version":[{"id":16222,"href":"https:\/\/permbledhja.com\/sq\/wp-json\/wp\/v2\/posts\/16220\/revisions\/16222"}],"wp:featuredmedia":[{"embeddable":true,"href":"https:\/\/permbledhja.com\/sq\/wp-json\/wp\/v2\/media\/4606"}],"wp:attachment":[{"href":"https:\/\/permbledhja.com\/sq\/wp-json\/wp\/v2\/media?parent=16220"}],"wp:term":[{"taxonomy":"category","embeddable":true,"href":"https:\/\/permbledhja.com\/sq\/wp-json\/wp\/v2\/categories?post=16220"},{"taxonomy":"post_tag","embeddable":true,"href":"https:\/\/permbledhja.com\/sq\/wp-json\/wp\/v2\/tags?post=16220"}],"curies":[{"name":"wp","href":"https:\/\/api.w.org\/{rel}","templated":true}]}}