{"id":16004,"date":"2023-06-10T12:29:58","date_gmt":"2023-06-10T12:29:58","guid":{"rendered":"https:\/\/permbledhja.com\/?p=16004"},"modified":"2023-06-10T12:29:58","modified_gmt":"2023-06-10T12:29:58","slug":"konjufca-per-draftin-e-rames-veprim-i-anshem-su-konsultua-me-kurtin","status":"publish","type":"post","link":"https:\/\/permbledhja.com\/sq\/konjufca-per-draftin-e-rames-veprim-i-anshem-su-konsultua-me-kurtin\/","title":{"rendered":"Konjufca p\u00ebr draftin e Ram\u00ebs: Veprim i ansh\u00ebm, s\u2019u konsultua me Kurtin"},"content":{"rendered":"<h2>Kryeparlamentari Glauk Konjufca e ka cil\u00ebsuar t\u00eb gabuar veprimin e kryeministri Edi Rama, i cili i ka dor\u00ebzuar nj\u00eb draft t\u00eb Asociacionit t\u00eb komunave me shumic\u00eb serbe presidentit francez, Emmanuel Macron dhe kancelarit gjerman, Olaf Scholz.<\/h2>\n<p>Si\u00e7 u shpreh ai, pas manifestimit t\u00eb 145-vjetorit t\u00eb Lidhjes s\u00eb Prizrenit, Rama nuk do t\u00eb duhej q\u00eb t\u00eb b\u00ebnte veprime t\u00eb tilla pa u ulur dhe sqaruar me kryeministrin Albin Kurti, raporton Ekonomia Online.<\/p>\n<p>I pyetur n\u00ebse kan\u00eb k\u00ebrkuar nga Rama q\u00eb ta ken\u00eb draftin e Asociacionit, Konjufca tha jo, pasi q\u00eb, sipas tij, nuk kan\u00eb interes.<\/p>\n<p><em>\u201cJo nuk kemi interes, sepse mendoj q\u00eb kjo \u00ebsht\u00eb \u00e7\u00ebshtje e institucioneve t\u00eb Kosov\u00ebs. Kryeministri shqiptar tha se \u00ebsht\u00eb sekret, por n\u00ebnkryetari jon\u00eb tha se e ka par\u00eb. Shum\u00eb drafte kan\u00eb qarkulluar deri tash por asnj\u00ebri nuk ka pas\u00eb efekt n\u00eb Kosov\u00eb. Nuk besoj se nuk mund t\u00eb paragjykoj p\u00ebr p\u00ebrmbajtjen. N\u00eb parim mendoj q\u00eb \u00ebsht\u00eb gabim pavar\u00ebsisht p\u00ebrmbajtjes. Nj\u00eb defekt \u00ebsht\u00eb n\u00eb parim sepse kryeministri shqiptar nuk do t\u00eb duhej t\u00eb b\u00ebnte veprime t\u00eb tilla pa u ulur me kryeministrin e Kosov\u00ebs edhe pa i sqaruar t\u00eb gjitha k\u00ebto probleme s\u00eb bashku. Ata takohen shpesh mendoj por ky ishte nj\u00eb veprim i ansh\u00ebm\u201d<\/em>, tha ai.<\/p>\n<p>Sa i p\u00ebrket paralajm\u00ebrimeve t\u00eb ShBA-s\u00eb dhe BE-s\u00eb p\u00ebr paralajm\u00ebrim t\u00eb sanksioneve n\u00ebse Kosova nuk i plot\u00ebson k\u00ebrkesat p\u00ebr tejkalim t\u00eb situat\u00ebs n\u00eb veri t\u00eb vendit, ai tha se institucionet e vendit jan\u00eb duke punuar ngusht\u00eb me aleat\u00ebt q\u00eb kjo situat\u00eb t\u00eb tejkalohet.<\/p>\n<p>\u201cMendoj q\u00eb institucionet tona dhe ministrit\u00eb tona jan\u00eb duke punuar ngusht\u00eb me aleat\u00ebt edhe partner\u00ebt q\u00eb kjo situat\u00eb t\u00eb tejkalohet\u201d, tha ai.<\/p>\n","protected":false},"excerpt":{"rendered":"<p>Kryeparlamentari Glauk Konjufca e ka cil\u00ebsuar t\u00eb gabuar veprimin e kryeministri Edi Rama, i cili i ka dor\u00ebzuar nj\u00eb draft t\u00eb Asociacionit t\u00eb komunave me shumic\u00eb serbe presidentit francez, Emmanuel Macron dhe kancelarit gjerman, Olaf Scholz. Si\u00e7 u shpreh ai, pas manifestimit t\u00eb 145-vjetorit t\u00eb Lidhjes s\u00eb Prizrenit, Rama nuk do t\u00eb duhej q\u00eb t\u00eb [&hellip;]<\/p>\n","protected":false},"author":1,"featured_media":16005,"comment_status":"closed","ping_status":"closed","sticky":false,"template":"","format":"standard","meta":{"_monsterinsights_skip_tracking":false,"_monsterinsights_sitenote_active":false,"_monsterinsights_sitenote_note":"","_monsterinsights_sitenote_category":0,"_uf_show_specific_survey":0,"_uf_disable_surveys":false,"footnotes":""},"categories":[1146],"tags":[374],"yoast_head":"<!-- This site is optimized with the Yoast SEO plugin v21.5 - https:\/\/yoast.com\/wordpress\/plugins\/seo\/ -->\n<title>Konjufca p\u00ebr draftin e Ram\u00ebs: Veprim i ansh\u00ebm, s\u2019u konsultua me Kurtin<\/title>\n<meta name=\"robots\" content=\"index, follow, max-snippet:-1, max-image-preview:large, max-video-preview:-1\" \/>\n<link rel=\"canonical\" href=\"https:\/\/permbledhja.com\/sq\/konjufca-per-draftin-e-rames-veprim-i-anshem-su-konsultua-me-kurtin\/\" \/>\n<meta property=\"og:locale\" content=\"sq_AL\" \/>\n<meta property=\"og:type\" content=\"article\" \/>\n<meta property=\"og:title\" content=\"Konjufca p\u00ebr draftin e Ram\u00ebs: Veprim i ansh\u00ebm, s\u2019u konsultua me Kurtin\" \/>\n<meta property=\"og:description\" content=\"Kryeparlamentari Glauk Konjufca e ka cil\u00ebsuar t\u00eb gabuar veprimin e kryeministri Edi Rama, i cili i ka dor\u00ebzuar nj\u00eb draft t\u00eb Asociacionit t\u00eb komunave me shumic\u00eb serbe presidentit francez, Emmanuel Macron dhe kancelarit gjerman, Olaf Scholz. Si\u00e7 u shpreh ai, pas manifestimit t\u00eb 145-vjetorit t\u00eb Lidhjes s\u00eb Prizrenit, Rama nuk do t\u00eb duhej q\u00eb t\u00eb [&hellip;]\" \/>\n<meta property=\"og:url\" content=\"https:\/\/permbledhja.com\/sq\/konjufca-per-draftin-e-rames-veprim-i-anshem-su-konsultua-me-kurtin\/\" \/>\n<meta property=\"og:site_name\" content=\"Ve\u00e7 artikuj p\u00ebrmbledh\u00ebs\" \/>\n<meta property=\"article:publisher\" content=\"https:\/\/www.facebook.com\/press07\/\" \/>\n<meta property=\"article:author\" content=\"https:\/\/www.facebook.com\/kafexhiu.muharrem\/\" \/>\n<meta property=\"article:published_time\" content=\"2023-06-10T12:29:58+00:00\" \/>\n<meta property=\"og:image\" content=\"https:\/\/permbledhja.com\/wp-content\/uploads\/2023\/06\/351345711_177178098370822_4977177292232616799_n-e1686398751748-850x522-1-600x360-1.jpg\" \/>\n\t<meta property=\"og:image:width\" content=\"600\" \/>\n\t<meta property=\"og:image:height\" content=\"360\" \/>\n\t<meta property=\"og:image:type\" content=\"image\/jpeg\" \/>\n<meta name=\"author\" content=\"P\u00ebrmbledhja\" \/>\n<meta name=\"twitter:card\" content=\"summary_large_image\" \/>\n<meta name=\"twitter:label1\" content=\"Written by\" \/>\n\t<meta name=\"twitter:data1\" content=\"P\u00ebrmbledhja\" \/>\n\t<meta name=\"twitter:label2\" content=\"Est. reading time\" \/>\n\t<meta name=\"twitter:data2\" content=\"1 minut\u00eb\" \/>\n<script type=\"application\/ld+json\" class=\"yoast-schema-graph\">{\"@context\":\"https:\/\/schema.org\",\"@graph\":[{\"@type\":\"Article\",\"@id\":\"https:\/\/permbledhja.com\/konjufca-per-draftin-e-rames-veprim-i-anshem-su-konsultua-me-kurtin\/#article\",\"isPartOf\":{\"@id\":\"https:\/\/permbledhja.com\/konjufca-per-draftin-e-rames-veprim-i-anshem-su-konsultua-me-kurtin\/\"},\"author\":{\"name\":\"P\u00ebrmbledhja\",\"@id\":\"https:\/\/permbledhja.com\/#\/schema\/person\/0d064377258d3221e50693947b9eb4fe\"},\"headline\":\"Konjufca p\u00ebr draftin e Ram\u00ebs: Veprim i ansh\u00ebm, s\u2019u konsultua me Kurtin\",\"datePublished\":\"2023-06-10T12:29:58+00:00\",\"dateModified\":\"2023-06-10T12:29:58+00:00\",\"mainEntityOfPage\":{\"@id\":\"https:\/\/permbledhja.com\/konjufca-per-draftin-e-rames-veprim-i-anshem-su-konsultua-me-kurtin\/\"},\"wordCount\":309,\"publisher\":{\"@id\":\"https:\/\/permbledhja.com\/#organization\"},\"keywords\":[\"Konjufca\"],\"articleSection\":[\"Kryesoret\"],\"inLanguage\":\"sq\"},{\"@type\":\"WebPage\",\"@id\":\"https:\/\/permbledhja.com\/konjufca-per-draftin-e-rames-veprim-i-anshem-su-konsultua-me-kurtin\/\",\"url\":\"https:\/\/permbledhja.com\/konjufca-per-draftin-e-rames-veprim-i-anshem-su-konsultua-me-kurtin\/\",\"name\":\"Konjufca p\u00ebr draftin e Ram\u00ebs: Veprim i ansh\u00ebm, s\u2019u konsultua me Kurtin\",\"isPartOf\":{\"@id\":\"https:\/\/permbledhja.com\/#website\"},\"datePublished\":\"2023-06-10T12:29:58+00:00\",\"dateModified\":\"2023-06-10T12:29:58+00:00\",\"breadcrumb\":{\"@id\":\"https:\/\/permbledhja.com\/konjufca-per-draftin-e-rames-veprim-i-anshem-su-konsultua-me-kurtin\/#breadcrumb\"},\"inLanguage\":\"sq\",\"potentialAction\":[{\"@type\":\"ReadAction\",\"target\":[\"https:\/\/permbledhja.com\/konjufca-per-draftin-e-rames-veprim-i-anshem-su-konsultua-me-kurtin\/\"]}]},{\"@type\":\"BreadcrumbList\",\"@id\":\"https:\/\/permbledhja.com\/konjufca-per-draftin-e-rames-veprim-i-anshem-su-konsultua-me-kurtin\/#breadcrumb\",\"itemListElement\":[{\"@type\":\"ListItem\",\"position\":1,\"name\":\"Ballina\",\"item\":\"https:\/\/permbledhja.com\/sq\/\"},{\"@type\":\"ListItem\",\"position\":2,\"name\":\"Konjufca p\u00ebr draftin e Ram\u00ebs: Veprim i ansh\u00ebm, s\u2019u konsultua me Kurtin\"}]},{\"@type\":\"WebSite\",\"@id\":\"https:\/\/permbledhja.com\/#website\",\"url\":\"https:\/\/permbledhja.com\/\",\"name\":\"Ve\u00e7 artikuj p\u00ebrmbledh\u00ebs\",\"description\":\"\",\"publisher\":{\"@id\":\"https:\/\/permbledhja.com\/#organization\"},\"potentialAction\":[{\"@type\":\"SearchAction\",\"target\":{\"@type\":\"EntryPoint\",\"urlTemplate\":\"https:\/\/permbledhja.com\/?s={search_term_string}\"},\"query-input\":\"required name=search_term_string\"}],\"inLanguage\":\"sq\"},{\"@type\":\"Organization\",\"@id\":\"https:\/\/permbledhja.com\/#organization\",\"name\":\"MK Media & Pr\",\"url\":\"https:\/\/permbledhja.com\/\",\"logo\":{\"@type\":\"ImageObject\",\"inLanguage\":\"sq\",\"@id\":\"https:\/\/permbledhja.com\/#\/schema\/logo\/image\/\",\"url\":\"https:\/\/permbledhja.com\/wp-content\/uploads\/2021\/12\/07-Press-Logo.jpg\",\"contentUrl\":\"https:\/\/permbledhja.com\/wp-content\/uploads\/2021\/12\/07-Press-Logo.jpg\",\"width\":512,\"height\":512,\"caption\":\"MK Media & Pr\"},\"image\":{\"@id\":\"https:\/\/permbledhja.com\/#\/schema\/logo\/image\/\"},\"sameAs\":[\"https:\/\/www.facebook.com\/press07\/\"]},{\"@type\":\"Person\",\"@id\":\"https:\/\/permbledhja.com\/#\/schema\/person\/0d064377258d3221e50693947b9eb4fe\",\"name\":\"P\u00ebrmbledhja\",\"image\":{\"@type\":\"ImageObject\",\"inLanguage\":\"sq\",\"@id\":\"https:\/\/permbledhja.com\/#\/schema\/person\/image\/\",\"url\":\"https:\/\/permbledhja.com\/wp-content\/uploads\/2026\/01\/452004717_1040944174702970_8932037511805513407_n-96x96.jpg\",\"contentUrl\":\"https:\/\/permbledhja.com\/wp-content\/uploads\/2026\/01\/452004717_1040944174702970_8932037511805513407_n-96x96.jpg\",\"caption\":\"P\u00ebrmbledhja\"},\"sameAs\":[\"https:\/\/www.facebook.com\/kafexhiu.muharrem\/\",\"https:\/\/www.instagram.com\/muharrem_kafexhiu\/\"],\"url\":\"https:\/\/permbledhja.com\/sq\/author\/admin\/\"}]}<\/script>\n<!-- \/ Yoast SEO plugin. -->","yoast_head_json":{"title":"Konjufca p\u00ebr draftin e Ram\u00ebs: Veprim i ansh\u00ebm, s\u2019u konsultua me Kurtin","robots":{"index":"index","follow":"follow","max-snippet":"max-snippet:-1","max-image-preview":"max-image-preview:large","max-video-preview":"max-video-preview:-1"},"canonical":"https:\/\/permbledhja.com\/sq\/konjufca-per-draftin-e-rames-veprim-i-anshem-su-konsultua-me-kurtin\/","og_locale":"sq_AL","og_type":"article","og_title":"Konjufca p\u00ebr draftin e Ram\u00ebs: Veprim i ansh\u00ebm, s\u2019u konsultua me Kurtin","og_description":"Kryeparlamentari Glauk Konjufca e ka cil\u00ebsuar t\u00eb gabuar veprimin e kryeministri Edi Rama, i cili i ka dor\u00ebzuar nj\u00eb draft t\u00eb Asociacionit t\u00eb komunave me shumic\u00eb serbe presidentit francez, Emmanuel Macron dhe kancelarit gjerman, Olaf Scholz. Si\u00e7 u shpreh ai, pas manifestimit t\u00eb 145-vjetorit t\u00eb Lidhjes s\u00eb Prizrenit, Rama nuk do t\u00eb duhej q\u00eb t\u00eb [&hellip;]","og_url":"https:\/\/permbledhja.com\/sq\/konjufca-per-draftin-e-rames-veprim-i-anshem-su-konsultua-me-kurtin\/","og_site_name":"Ve\u00e7 artikuj p\u00ebrmbledh\u00ebs","article_publisher":"https:\/\/www.facebook.com\/press07\/","article_author":"https:\/\/www.facebook.com\/kafexhiu.muharrem\/","article_published_time":"2023-06-10T12:29:58+00:00","og_image":[{"width":600,"height":360,"url":"https:\/\/permbledhja.com\/wp-content\/uploads\/2023\/06\/351345711_177178098370822_4977177292232616799_n-e1686398751748-850x522-1-600x360-1.jpg","type":"image\/jpeg"}],"author":"P\u00ebrmbledhja","twitter_card":"summary_large_image","twitter_misc":{"Written by":"P\u00ebrmbledhja","Est. reading time":"1 minut\u00eb"},"schema":{"@context":"https:\/\/schema.org","@graph":[{"@type":"Article","@id":"https:\/\/permbledhja.com\/konjufca-per-draftin-e-rames-veprim-i-anshem-su-konsultua-me-kurtin\/#article","isPartOf":{"@id":"https:\/\/permbledhja.com\/konjufca-per-draftin-e-rames-veprim-i-anshem-su-konsultua-me-kurtin\/"},"author":{"name":"P\u00ebrmbledhja","@id":"https:\/\/permbledhja.com\/#\/schema\/person\/0d064377258d3221e50693947b9eb4fe"},"headline":"Konjufca p\u00ebr draftin e Ram\u00ebs: Veprim i ansh\u00ebm, s\u2019u konsultua me Kurtin","datePublished":"2023-06-10T12:29:58+00:00","dateModified":"2023-06-10T12:29:58+00:00","mainEntityOfPage":{"@id":"https:\/\/permbledhja.com\/konjufca-per-draftin-e-rames-veprim-i-anshem-su-konsultua-me-kurtin\/"},"wordCount":309,"publisher":{"@id":"https:\/\/permbledhja.com\/#organization"},"keywords":["Konjufca"],"articleSection":["Kryesoret"],"inLanguage":"sq"},{"@type":"WebPage","@id":"https:\/\/permbledhja.com\/konjufca-per-draftin-e-rames-veprim-i-anshem-su-konsultua-me-kurtin\/","url":"https:\/\/permbledhja.com\/konjufca-per-draftin-e-rames-veprim-i-anshem-su-konsultua-me-kurtin\/","name":"Konjufca p\u00ebr draftin e Ram\u00ebs: Veprim i ansh\u00ebm, s\u2019u konsultua me Kurtin","isPartOf":{"@id":"https:\/\/permbledhja.com\/#website"},"datePublished":"2023-06-10T12:29:58+00:00","dateModified":"2023-06-10T12:29:58+00:00","breadcrumb":{"@id":"https:\/\/permbledhja.com\/konjufca-per-draftin-e-rames-veprim-i-anshem-su-konsultua-me-kurtin\/#breadcrumb"},"inLanguage":"sq","potentialAction":[{"@type":"ReadAction","target":["https:\/\/permbledhja.com\/konjufca-per-draftin-e-rames-veprim-i-anshem-su-konsultua-me-kurtin\/"]}]},{"@type":"BreadcrumbList","@id":"https:\/\/permbledhja.com\/konjufca-per-draftin-e-rames-veprim-i-anshem-su-konsultua-me-kurtin\/#breadcrumb","itemListElement":[{"@type":"ListItem","position":1,"name":"Ballina","item":"https:\/\/permbledhja.com\/sq\/"},{"@type":"ListItem","position":2,"name":"Konjufca p\u00ebr draftin e Ram\u00ebs: Veprim i ansh\u00ebm, s\u2019u konsultua me Kurtin"}]},{"@type":"WebSite","@id":"https:\/\/permbledhja.com\/#website","url":"https:\/\/permbledhja.com\/","name":"Ve\u00e7 artikuj p\u00ebrmbledh\u00ebs","description":"","publisher":{"@id":"https:\/\/permbledhja.com\/#organization"},"potentialAction":[{"@type":"SearchAction","target":{"@type":"EntryPoint","urlTemplate":"https:\/\/permbledhja.com\/?s={search_term_string}"},"query-input":"required name=search_term_string"}],"inLanguage":"sq"},{"@type":"Organization","@id":"https:\/\/permbledhja.com\/#organization","name":"MK Media & Pr","url":"https:\/\/permbledhja.com\/","logo":{"@type":"ImageObject","inLanguage":"sq","@id":"https:\/\/permbledhja.com\/#\/schema\/logo\/image\/","url":"https:\/\/permbledhja.com\/wp-content\/uploads\/2021\/12\/07-Press-Logo.jpg","contentUrl":"https:\/\/permbledhja.com\/wp-content\/uploads\/2021\/12\/07-Press-Logo.jpg","width":512,"height":512,"caption":"MK Media & Pr"},"image":{"@id":"https:\/\/permbledhja.com\/#\/schema\/logo\/image\/"},"sameAs":["https:\/\/www.facebook.com\/press07\/"]},{"@type":"Person","@id":"https:\/\/permbledhja.com\/#\/schema\/person\/0d064377258d3221e50693947b9eb4fe","name":"P\u00ebrmbledhja","image":{"@type":"ImageObject","inLanguage":"sq","@id":"https:\/\/permbledhja.com\/#\/schema\/person\/image\/","url":"https:\/\/permbledhja.com\/wp-content\/uploads\/2026\/01\/452004717_1040944174702970_8932037511805513407_n-96x96.jpg","contentUrl":"https:\/\/permbledhja.com\/wp-content\/uploads\/2026\/01\/452004717_1040944174702970_8932037511805513407_n-96x96.jpg","caption":"P\u00ebrmbledhja"},"sameAs":["https:\/\/www.facebook.com\/kafexhiu.muharrem\/","https:\/\/www.instagram.com\/muharrem_kafexhiu\/"],"url":"https:\/\/permbledhja.com\/sq\/author\/admin\/"}]}},"_links":{"self":[{"href":"https:\/\/permbledhja.com\/sq\/wp-json\/wp\/v2\/posts\/16004"}],"collection":[{"href":"https:\/\/permbledhja.com\/sq\/wp-json\/wp\/v2\/posts"}],"about":[{"href":"https:\/\/permbledhja.com\/sq\/wp-json\/wp\/v2\/types\/post"}],"author":[{"embeddable":true,"href":"https:\/\/permbledhja.com\/sq\/wp-json\/wp\/v2\/users\/1"}],"replies":[{"embeddable":true,"href":"https:\/\/permbledhja.com\/sq\/wp-json\/wp\/v2\/comments?post=16004"}],"version-history":[{"count":1,"href":"https:\/\/permbledhja.com\/sq\/wp-json\/wp\/v2\/posts\/16004\/revisions"}],"predecessor-version":[{"id":16006,"href":"https:\/\/permbledhja.com\/sq\/wp-json\/wp\/v2\/posts\/16004\/revisions\/16006"}],"wp:featuredmedia":[{"embeddable":true,"href":"https:\/\/permbledhja.com\/sq\/wp-json\/wp\/v2\/media\/16005"}],"wp:attachment":[{"href":"https:\/\/permbledhja.com\/sq\/wp-json\/wp\/v2\/media?parent=16004"}],"wp:term":[{"taxonomy":"category","embeddable":true,"href":"https:\/\/permbledhja.com\/sq\/wp-json\/wp\/v2\/categories?post=16004"},{"taxonomy":"post_tag","embeddable":true,"href":"https:\/\/permbledhja.com\/sq\/wp-json\/wp\/v2\/tags?post=16004"}],"curies":[{"name":"wp","href":"https:\/\/api.w.org\/{rel}","templated":true}]}}