{"id":15990,"date":"2023-06-10T09:33:57","date_gmt":"2023-06-10T09:33:57","guid":{"rendered":"https:\/\/permbledhja.com\/?p=15990"},"modified":"2023-06-10T09:33:57","modified_gmt":"2023-06-10T09:33:57","slug":"kishte-vozitur-16-vjet-pa-patente-shofer-ne-austri-kapet-nga-policia","status":"publish","type":"post","link":"https:\/\/permbledhja.com\/sq\/kishte-vozitur-16-vjet-pa-patente-shofer-ne-austri-kapet-nga-policia\/","title":{"rendered":"Kishte vozitur 16 vjet pa patent\u00eb shofer n\u00eb Austri, kapet nga policia"},"content":{"rendered":"<h2>Rast i \u00e7uditsh\u00ebm dhe mjaft interesant. Vet\u00ebm t\u00eb kaloj\u00eb n\u00eb mendje vozitja pa patent\u00eb, \u00ebsht\u00eb e v\u00ebshtir\u00eb, por jo edhe p\u00ebr shtetasin nga Maqedonia e Veriut, i cili prej shum\u00eb vitesh jeton n\u00eb Wels t\u00eb Austris\u00eb, p\u00ebrcjell albinfo.at.<\/h2>\n<p>Ai n\u00eb fakt ishte me fat q\u00eb p\u00ebr 16 vjet me radh\u00eb nuk i ishte n\u00ebnshtruar kurr\u00eb nj\u00eb kontrolli policor apo edhe ndonj\u00eb aksident t\u00eb mundsh\u00ebm.<\/p>\n<p>Mediat austriake shkruajn\u00eb se gjat\u00eb nj\u00eb kontrolli rutin\u00eb t\u00eb vozit\u00ebsve, oficer\u00ebt e policis\u00eb n\u00eb Wels i k\u00ebrkuan vozit\u00ebsit 33-vje\u00e7ar dokumentet e tij.<\/p>\n<p>Shtetas i Maqedonis\u00eb ua dor\u00ebzoi zyrtar\u00ebve certifikat\u00ebn e regjistrimit t\u00eb vetur\u00ebs s\u00eb regjistruar, mir\u00ebpo nuk kishte patent\u00eb shofer.<\/p>\n<p>M\u00eb n\u00eb fund, shtetasi i Maqedonis\u00eb s\u00eb Veriut ka pranuar para polic\u00ebve se asnj\u00ebher\u00eb nuk ka pasur patent\u00eb shoferi dhe ka vozitur vazhdimisht pa patent\u00eb gjat\u00eb 16 vjet\u00ebve t\u00eb fundit. Ai tani \u00ebsht\u00eb denoncuar dhe duhet t\u00eb llogaris\u00eb me nj\u00eb gjob\u00eb t\u00eb madhe.<\/p>\n","protected":false},"excerpt":{"rendered":"<p>Rast i \u00e7uditsh\u00ebm dhe mjaft interesant. Vet\u00ebm t\u00eb kaloj\u00eb n\u00eb mendje vozitja pa patent\u00eb, \u00ebsht\u00eb e v\u00ebshtir\u00eb, por jo edhe p\u00ebr shtetasin nga Maqedonia e Veriut, i cili prej shum\u00eb vitesh jeton n\u00eb Wels t\u00eb Austris\u00eb, p\u00ebrcjell albinfo.at. Ai n\u00eb fakt ishte me fat q\u00eb p\u00ebr 16 vjet me radh\u00eb nuk i ishte n\u00ebnshtruar kurr\u00eb [&hellip;]<\/p>\n","protected":false},"author":1,"featured_media":15991,"comment_status":"closed","ping_status":"closed","sticky":false,"template":"","format":"standard","meta":{"_monsterinsights_skip_tracking":false,"_monsterinsights_sitenote_active":false,"_monsterinsights_sitenote_note":"","_monsterinsights_sitenote_category":0,"_uf_show_specific_survey":0,"_uf_disable_surveys":false,"footnotes":""},"categories":[1],"tags":[1757],"yoast_head":"<!-- This site is optimized with the Yoast SEO plugin v21.5 - https:\/\/yoast.com\/wordpress\/plugins\/seo\/ -->\n<title>Kishte vozitur 16 vjet pa patent\u00eb shofer n\u00eb Austri, kapet nga policia<\/title>\n<meta name=\"robots\" content=\"index, follow, max-snippet:-1, max-image-preview:large, max-video-preview:-1\" \/>\n<link rel=\"canonical\" href=\"https:\/\/permbledhja.com\/sq\/kishte-vozitur-16-vjet-pa-patente-shofer-ne-austri-kapet-nga-policia\/\" \/>\n<meta property=\"og:locale\" content=\"sq_AL\" \/>\n<meta property=\"og:type\" content=\"article\" \/>\n<meta property=\"og:title\" content=\"Kishte vozitur 16 vjet pa patent\u00eb shofer n\u00eb Austri, kapet nga policia\" \/>\n<meta property=\"og:description\" content=\"Rast i \u00e7uditsh\u00ebm dhe mjaft interesant. Vet\u00ebm t\u00eb kaloj\u00eb n\u00eb mendje vozitja pa patent\u00eb, \u00ebsht\u00eb e v\u00ebshtir\u00eb, por jo edhe p\u00ebr shtetasin nga Maqedonia e Veriut, i cili prej shum\u00eb vitesh jeton n\u00eb Wels t\u00eb Austris\u00eb, p\u00ebrcjell albinfo.at. Ai n\u00eb fakt ishte me fat q\u00eb p\u00ebr 16 vjet me radh\u00eb nuk i ishte n\u00ebnshtruar kurr\u00eb [&hellip;]\" \/>\n<meta property=\"og:url\" content=\"https:\/\/permbledhja.com\/sq\/kishte-vozitur-16-vjet-pa-patente-shofer-ne-austri-kapet-nga-policia\/\" \/>\n<meta property=\"og:site_name\" content=\"Ve\u00e7 artikuj p\u00ebrmbledh\u00ebs\" \/>\n<meta property=\"article:publisher\" content=\"https:\/\/www.facebook.com\/press07\/\" \/>\n<meta property=\"article:author\" content=\"https:\/\/www.facebook.com\/kafexhiu.muharrem\/\" \/>\n<meta property=\"article:published_time\" content=\"2023-06-10T09:33:57+00:00\" \/>\n<meta property=\"og:image\" content=\"https:\/\/permbledhja.com\/wp-content\/uploads\/2023\/06\/4.png\" \/>\n\t<meta property=\"og:image:width\" content=\"708\" \/>\n\t<meta property=\"og:image:height\" content=\"417\" \/>\n\t<meta property=\"og:image:type\" content=\"image\/png\" \/>\n<meta name=\"author\" content=\"P\u00ebrmbledhja\" \/>\n<meta name=\"twitter:card\" content=\"summary_large_image\" \/>\n<meta name=\"twitter:label1\" content=\"Written by\" \/>\n\t<meta name=\"twitter:data1\" content=\"P\u00ebrmbledhja\" \/>\n\t<meta name=\"twitter:label2\" content=\"Est. reading time\" \/>\n\t<meta name=\"twitter:data2\" content=\"1 minut\u00eb\" \/>\n<script type=\"application\/ld+json\" class=\"yoast-schema-graph\">{\"@context\":\"https:\/\/schema.org\",\"@graph\":[{\"@type\":\"Article\",\"@id\":\"https:\/\/permbledhja.com\/kishte-vozitur-16-vjet-pa-patente-shofer-ne-austri-kapet-nga-policia\/#article\",\"isPartOf\":{\"@id\":\"https:\/\/permbledhja.com\/kishte-vozitur-16-vjet-pa-patente-shofer-ne-austri-kapet-nga-policia\/\"},\"author\":{\"name\":\"P\u00ebrmbledhja\",\"@id\":\"https:\/\/permbledhja.com\/#\/schema\/person\/0d064377258d3221e50693947b9eb4fe\"},\"headline\":\"Kishte vozitur 16 vjet pa patent\u00eb shofer n\u00eb Austri, kapet nga policia\",\"datePublished\":\"2023-06-10T09:33:57+00:00\",\"dateModified\":\"2023-06-10T09:33:57+00:00\",\"mainEntityOfPage\":{\"@id\":\"https:\/\/permbledhja.com\/kishte-vozitur-16-vjet-pa-patente-shofer-ne-austri-kapet-nga-policia\/\"},\"wordCount\":178,\"publisher\":{\"@id\":\"https:\/\/permbledhja.com\/#organization\"},\"keywords\":[\"Austri\"],\"articleSection\":[\"Breaking News\"],\"inLanguage\":\"sq\"},{\"@type\":\"WebPage\",\"@id\":\"https:\/\/permbledhja.com\/kishte-vozitur-16-vjet-pa-patente-shofer-ne-austri-kapet-nga-policia\/\",\"url\":\"https:\/\/permbledhja.com\/kishte-vozitur-16-vjet-pa-patente-shofer-ne-austri-kapet-nga-policia\/\",\"name\":\"Kishte vozitur 16 vjet pa patent\u00eb shofer n\u00eb Austri, kapet nga policia\",\"isPartOf\":{\"@id\":\"https:\/\/permbledhja.com\/#website\"},\"datePublished\":\"2023-06-10T09:33:57+00:00\",\"dateModified\":\"2023-06-10T09:33:57+00:00\",\"breadcrumb\":{\"@id\":\"https:\/\/permbledhja.com\/kishte-vozitur-16-vjet-pa-patente-shofer-ne-austri-kapet-nga-policia\/#breadcrumb\"},\"inLanguage\":\"sq\",\"potentialAction\":[{\"@type\":\"ReadAction\",\"target\":[\"https:\/\/permbledhja.com\/kishte-vozitur-16-vjet-pa-patente-shofer-ne-austri-kapet-nga-policia\/\"]}]},{\"@type\":\"BreadcrumbList\",\"@id\":\"https:\/\/permbledhja.com\/kishte-vozitur-16-vjet-pa-patente-shofer-ne-austri-kapet-nga-policia\/#breadcrumb\",\"itemListElement\":[{\"@type\":\"ListItem\",\"position\":1,\"name\":\"Ballina\",\"item\":\"https:\/\/permbledhja.com\/sq\/\"},{\"@type\":\"ListItem\",\"position\":2,\"name\":\"Kishte vozitur 16 vjet pa patent\u00eb shofer n\u00eb Austri, kapet nga policia\"}]},{\"@type\":\"WebSite\",\"@id\":\"https:\/\/permbledhja.com\/#website\",\"url\":\"https:\/\/permbledhja.com\/\",\"name\":\"Ve\u00e7 artikuj p\u00ebrmbledh\u00ebs\",\"description\":\"\",\"publisher\":{\"@id\":\"https:\/\/permbledhja.com\/#organization\"},\"potentialAction\":[{\"@type\":\"SearchAction\",\"target\":{\"@type\":\"EntryPoint\",\"urlTemplate\":\"https:\/\/permbledhja.com\/?s={search_term_string}\"},\"query-input\":\"required name=search_term_string\"}],\"inLanguage\":\"sq\"},{\"@type\":\"Organization\",\"@id\":\"https:\/\/permbledhja.com\/#organization\",\"name\":\"MK Media & Pr\",\"url\":\"https:\/\/permbledhja.com\/\",\"logo\":{\"@type\":\"ImageObject\",\"inLanguage\":\"sq\",\"@id\":\"https:\/\/permbledhja.com\/#\/schema\/logo\/image\/\",\"url\":\"https:\/\/permbledhja.com\/wp-content\/uploads\/2021\/12\/07-Press-Logo.jpg\",\"contentUrl\":\"https:\/\/permbledhja.com\/wp-content\/uploads\/2021\/12\/07-Press-Logo.jpg\",\"width\":512,\"height\":512,\"caption\":\"MK Media & Pr\"},\"image\":{\"@id\":\"https:\/\/permbledhja.com\/#\/schema\/logo\/image\/\"},\"sameAs\":[\"https:\/\/www.facebook.com\/press07\/\"]},{\"@type\":\"Person\",\"@id\":\"https:\/\/permbledhja.com\/#\/schema\/person\/0d064377258d3221e50693947b9eb4fe\",\"name\":\"P\u00ebrmbledhja\",\"image\":{\"@type\":\"ImageObject\",\"inLanguage\":\"sq\",\"@id\":\"https:\/\/permbledhja.com\/#\/schema\/person\/image\/\",\"url\":\"https:\/\/permbledhja.com\/wp-content\/uploads\/2026\/01\/452004717_1040944174702970_8932037511805513407_n-96x96.jpg\",\"contentUrl\":\"https:\/\/permbledhja.com\/wp-content\/uploads\/2026\/01\/452004717_1040944174702970_8932037511805513407_n-96x96.jpg\",\"caption\":\"P\u00ebrmbledhja\"},\"sameAs\":[\"https:\/\/www.facebook.com\/kafexhiu.muharrem\/\",\"https:\/\/www.instagram.com\/muharrem_kafexhiu\/\"],\"url\":\"https:\/\/permbledhja.com\/sq\/author\/admin\/\"}]}<\/script>\n<!-- \/ Yoast SEO plugin. -->","yoast_head_json":{"title":"Kishte vozitur 16 vjet pa patent\u00eb shofer n\u00eb Austri, kapet nga policia","robots":{"index":"index","follow":"follow","max-snippet":"max-snippet:-1","max-image-preview":"max-image-preview:large","max-video-preview":"max-video-preview:-1"},"canonical":"https:\/\/permbledhja.com\/sq\/kishte-vozitur-16-vjet-pa-patente-shofer-ne-austri-kapet-nga-policia\/","og_locale":"sq_AL","og_type":"article","og_title":"Kishte vozitur 16 vjet pa patent\u00eb shofer n\u00eb Austri, kapet nga policia","og_description":"Rast i \u00e7uditsh\u00ebm dhe mjaft interesant. Vet\u00ebm t\u00eb kaloj\u00eb n\u00eb mendje vozitja pa patent\u00eb, \u00ebsht\u00eb e v\u00ebshtir\u00eb, por jo edhe p\u00ebr shtetasin nga Maqedonia e Veriut, i cili prej shum\u00eb vitesh jeton n\u00eb Wels t\u00eb Austris\u00eb, p\u00ebrcjell albinfo.at. Ai n\u00eb fakt ishte me fat q\u00eb p\u00ebr 16 vjet me radh\u00eb nuk i ishte n\u00ebnshtruar kurr\u00eb [&hellip;]","og_url":"https:\/\/permbledhja.com\/sq\/kishte-vozitur-16-vjet-pa-patente-shofer-ne-austri-kapet-nga-policia\/","og_site_name":"Ve\u00e7 artikuj p\u00ebrmbledh\u00ebs","article_publisher":"https:\/\/www.facebook.com\/press07\/","article_author":"https:\/\/www.facebook.com\/kafexhiu.muharrem\/","article_published_time":"2023-06-10T09:33:57+00:00","og_image":[{"width":708,"height":417,"url":"https:\/\/permbledhja.com\/wp-content\/uploads\/2023\/06\/4.png","type":"image\/png"}],"author":"P\u00ebrmbledhja","twitter_card":"summary_large_image","twitter_misc":{"Written by":"P\u00ebrmbledhja","Est. reading time":"1 minut\u00eb"},"schema":{"@context":"https:\/\/schema.org","@graph":[{"@type":"Article","@id":"https:\/\/permbledhja.com\/kishte-vozitur-16-vjet-pa-patente-shofer-ne-austri-kapet-nga-policia\/#article","isPartOf":{"@id":"https:\/\/permbledhja.com\/kishte-vozitur-16-vjet-pa-patente-shofer-ne-austri-kapet-nga-policia\/"},"author":{"name":"P\u00ebrmbledhja","@id":"https:\/\/permbledhja.com\/#\/schema\/person\/0d064377258d3221e50693947b9eb4fe"},"headline":"Kishte vozitur 16 vjet pa patent\u00eb shofer n\u00eb Austri, kapet nga policia","datePublished":"2023-06-10T09:33:57+00:00","dateModified":"2023-06-10T09:33:57+00:00","mainEntityOfPage":{"@id":"https:\/\/permbledhja.com\/kishte-vozitur-16-vjet-pa-patente-shofer-ne-austri-kapet-nga-policia\/"},"wordCount":178,"publisher":{"@id":"https:\/\/permbledhja.com\/#organization"},"keywords":["Austri"],"articleSection":["Breaking News"],"inLanguage":"sq"},{"@type":"WebPage","@id":"https:\/\/permbledhja.com\/kishte-vozitur-16-vjet-pa-patente-shofer-ne-austri-kapet-nga-policia\/","url":"https:\/\/permbledhja.com\/kishte-vozitur-16-vjet-pa-patente-shofer-ne-austri-kapet-nga-policia\/","name":"Kishte vozitur 16 vjet pa patent\u00eb shofer n\u00eb Austri, kapet nga policia","isPartOf":{"@id":"https:\/\/permbledhja.com\/#website"},"datePublished":"2023-06-10T09:33:57+00:00","dateModified":"2023-06-10T09:33:57+00:00","breadcrumb":{"@id":"https:\/\/permbledhja.com\/kishte-vozitur-16-vjet-pa-patente-shofer-ne-austri-kapet-nga-policia\/#breadcrumb"},"inLanguage":"sq","potentialAction":[{"@type":"ReadAction","target":["https:\/\/permbledhja.com\/kishte-vozitur-16-vjet-pa-patente-shofer-ne-austri-kapet-nga-policia\/"]}]},{"@type":"BreadcrumbList","@id":"https:\/\/permbledhja.com\/kishte-vozitur-16-vjet-pa-patente-shofer-ne-austri-kapet-nga-policia\/#breadcrumb","itemListElement":[{"@type":"ListItem","position":1,"name":"Ballina","item":"https:\/\/permbledhja.com\/sq\/"},{"@type":"ListItem","position":2,"name":"Kishte vozitur 16 vjet pa patent\u00eb shofer n\u00eb Austri, kapet nga policia"}]},{"@type":"WebSite","@id":"https:\/\/permbledhja.com\/#website","url":"https:\/\/permbledhja.com\/","name":"Ve\u00e7 artikuj p\u00ebrmbledh\u00ebs","description":"","publisher":{"@id":"https:\/\/permbledhja.com\/#organization"},"potentialAction":[{"@type":"SearchAction","target":{"@type":"EntryPoint","urlTemplate":"https:\/\/permbledhja.com\/?s={search_term_string}"},"query-input":"required name=search_term_string"}],"inLanguage":"sq"},{"@type":"Organization","@id":"https:\/\/permbledhja.com\/#organization","name":"MK Media & Pr","url":"https:\/\/permbledhja.com\/","logo":{"@type":"ImageObject","inLanguage":"sq","@id":"https:\/\/permbledhja.com\/#\/schema\/logo\/image\/","url":"https:\/\/permbledhja.com\/wp-content\/uploads\/2021\/12\/07-Press-Logo.jpg","contentUrl":"https:\/\/permbledhja.com\/wp-content\/uploads\/2021\/12\/07-Press-Logo.jpg","width":512,"height":512,"caption":"MK Media & Pr"},"image":{"@id":"https:\/\/permbledhja.com\/#\/schema\/logo\/image\/"},"sameAs":["https:\/\/www.facebook.com\/press07\/"]},{"@type":"Person","@id":"https:\/\/permbledhja.com\/#\/schema\/person\/0d064377258d3221e50693947b9eb4fe","name":"P\u00ebrmbledhja","image":{"@type":"ImageObject","inLanguage":"sq","@id":"https:\/\/permbledhja.com\/#\/schema\/person\/image\/","url":"https:\/\/permbledhja.com\/wp-content\/uploads\/2026\/01\/452004717_1040944174702970_8932037511805513407_n-96x96.jpg","contentUrl":"https:\/\/permbledhja.com\/wp-content\/uploads\/2026\/01\/452004717_1040944174702970_8932037511805513407_n-96x96.jpg","caption":"P\u00ebrmbledhja"},"sameAs":["https:\/\/www.facebook.com\/kafexhiu.muharrem\/","https:\/\/www.instagram.com\/muharrem_kafexhiu\/"],"url":"https:\/\/permbledhja.com\/sq\/author\/admin\/"}]}},"_links":{"self":[{"href":"https:\/\/permbledhja.com\/sq\/wp-json\/wp\/v2\/posts\/15990"}],"collection":[{"href":"https:\/\/permbledhja.com\/sq\/wp-json\/wp\/v2\/posts"}],"about":[{"href":"https:\/\/permbledhja.com\/sq\/wp-json\/wp\/v2\/types\/post"}],"author":[{"embeddable":true,"href":"https:\/\/permbledhja.com\/sq\/wp-json\/wp\/v2\/users\/1"}],"replies":[{"embeddable":true,"href":"https:\/\/permbledhja.com\/sq\/wp-json\/wp\/v2\/comments?post=15990"}],"version-history":[{"count":2,"href":"https:\/\/permbledhja.com\/sq\/wp-json\/wp\/v2\/posts\/15990\/revisions"}],"predecessor-version":[{"id":15993,"href":"https:\/\/permbledhja.com\/sq\/wp-json\/wp\/v2\/posts\/15990\/revisions\/15993"}],"wp:featuredmedia":[{"embeddable":true,"href":"https:\/\/permbledhja.com\/sq\/wp-json\/wp\/v2\/media\/15991"}],"wp:attachment":[{"href":"https:\/\/permbledhja.com\/sq\/wp-json\/wp\/v2\/media?parent=15990"}],"wp:term":[{"taxonomy":"category","embeddable":true,"href":"https:\/\/permbledhja.com\/sq\/wp-json\/wp\/v2\/categories?post=15990"},{"taxonomy":"post_tag","embeddable":true,"href":"https:\/\/permbledhja.com\/sq\/wp-json\/wp\/v2\/tags?post=15990"}],"curies":[{"name":"wp","href":"https:\/\/api.w.org\/{rel}","templated":true}]}}