{"id":15987,"date":"2023-06-10T08:45:45","date_gmt":"2023-06-10T08:45:45","guid":{"rendered":"https:\/\/permbledhja.com\/?p=15987"},"modified":"2023-06-10T08:45:45","modified_gmt":"2023-06-10T08:45:45","slug":"shkoi-per-te-fjetur-gjume-por-nuk-u-zgjua-me-nderron-jete-18-vjecari-shqiptar-ne-itali","status":"publish","type":"post","link":"https:\/\/permbledhja.com\/sq\/shkoi-per-te-fjetur-gjume-por-nuk-u-zgjua-me-nderron-jete-18-vjecari-shqiptar-ne-itali\/","title":{"rendered":"Shkoi p\u00ebr t\u00eb fjetur gjum\u00eb, por nuk u zgjua m\u00eb, nd\u00ebrron jet\u00eb 18-vje\u00e7ari shqiptar n\u00eb Itali"},"content":{"rendered":"<h2>M\u00eb 18-vje\u00e7ar shqiptar ka humbur jet\u00ebn n\u00eb Pistoia t\u00eb Italis\u00eb. B\u00ebhet fjal\u00eb p\u00ebr Daniel Re\u00e7in, i cili nd\u00ebrroi jet\u00eb n\u00eb shtrat, por nuk dihen ende shkaqet e plota.<\/h2>\n<p>B\u00ebhet e ditur se n\u00eb vendin e ngjarjes arrit\u00ebn mjek\u00ebt dhe karabinier\u00ebt, por nuk mund t\u00eb b\u00ebnin asgj\u00eb. Trupi i pajet\u00eb i Danielit \u00ebsht\u00eb d\u00ebrguar n\u00eb spital ku pritet q\u00eb t\u00eb kryhet nj\u00eb autopsi p\u00ebr t\u00eb zbuluar shkaqet e vdekjes.<\/p>\n<p>Daniel Re\u00e7i e kishte l\u00ebn\u00eb atdheun p\u00ebr nj\u00eb t\u00eb ardhme m\u00eb t\u00eb mir\u00eb. Ai kishte shkuar n\u00eb Itali majin e vitit t\u00eb kaluar kur ishte vet\u00ebm 17 vje\u00e7. P\u00ebr k\u00ebt\u00eb arsye ishte b\u00ebr\u00eb pjes\u00eb n\u00eb disa projekte n\u00eb San Domenico p\u00ebr integrimin shoq\u00ebror t\u00eb emigrant\u00ebve.<\/p>\n<p>Pasi kishte mbushur mosh\u00ebn madhore n\u00eb tetor t\u00eb 2022-shit, atij iu bashkuan an\u00ebtar\u00ebt e tjer\u00eb t\u00eb familjes. P\u00ebr k\u00ebt\u00eb arsye prej dhjetorit jetonte n\u00eb nj\u00eb sht\u00ebpi n\u00eb Pistoia bashk\u00eb me maman\u00eb dhe v\u00ebllan\u00eb e vog\u00ebl.\/Express<\/p>\n","protected":false},"excerpt":{"rendered":"<p>M\u00eb 18-vje\u00e7ar shqiptar ka humbur jet\u00ebn n\u00eb Pistoia t\u00eb Italis\u00eb. B\u00ebhet fjal\u00eb p\u00ebr Daniel Re\u00e7in, i cili nd\u00ebrroi jet\u00eb n\u00eb shtrat, por nuk dihen ende shkaqet e plota. B\u00ebhet e ditur se n\u00eb vendin e ngjarjes arrit\u00ebn mjek\u00ebt dhe karabinier\u00ebt, por nuk mund t\u00eb b\u00ebnin asgj\u00eb. Trupi i pajet\u00eb i Danielit \u00ebsht\u00eb d\u00ebrguar n\u00eb spital [&hellip;]<\/p>\n","protected":false},"author":1,"featured_media":15988,"comment_status":"closed","ping_status":"closed","sticky":false,"template":"","format":"standard","meta":{"_monsterinsights_skip_tracking":false,"_monsterinsights_sitenote_active":false,"_monsterinsights_sitenote_note":"","_monsterinsights_sitenote_category":0,"_uf_show_specific_survey":0,"_uf_disable_surveys":false,"footnotes":""},"categories":[1],"tags":[198],"yoast_head":"<!-- This site is optimized with the Yoast SEO plugin v21.5 - https:\/\/yoast.com\/wordpress\/plugins\/seo\/ -->\n<title>Shkoi p\u00ebr t\u00eb fjetur gjum\u00eb, por nuk u zgjua m\u00eb, nd\u00ebrron jet\u00eb 18-vje\u00e7ari shqiptar n\u00eb Itali<\/title>\n<meta name=\"robots\" content=\"index, follow, max-snippet:-1, max-image-preview:large, max-video-preview:-1\" \/>\n<link rel=\"canonical\" href=\"https:\/\/permbledhja.com\/sq\/shkoi-per-te-fjetur-gjume-por-nuk-u-zgjua-me-nderron-jete-18-vjecari-shqiptar-ne-itali\/\" \/>\n<meta property=\"og:locale\" content=\"sq_AL\" \/>\n<meta property=\"og:type\" content=\"article\" \/>\n<meta property=\"og:title\" content=\"Shkoi p\u00ebr t\u00eb fjetur gjum\u00eb, por nuk u zgjua m\u00eb, nd\u00ebrron jet\u00eb 18-vje\u00e7ari shqiptar n\u00eb Itali\" \/>\n<meta property=\"og:description\" content=\"M\u00eb 18-vje\u00e7ar shqiptar ka humbur jet\u00ebn n\u00eb Pistoia t\u00eb Italis\u00eb. B\u00ebhet fjal\u00eb p\u00ebr Daniel Re\u00e7in, i cili nd\u00ebrroi jet\u00eb n\u00eb shtrat, por nuk dihen ende shkaqet e plota. B\u00ebhet e ditur se n\u00eb vendin e ngjarjes arrit\u00ebn mjek\u00ebt dhe karabinier\u00ebt, por nuk mund t\u00eb b\u00ebnin asgj\u00eb. Trupi i pajet\u00eb i Danielit \u00ebsht\u00eb d\u00ebrguar n\u00eb spital [&hellip;]\" \/>\n<meta property=\"og:url\" content=\"https:\/\/permbledhja.com\/sq\/shkoi-per-te-fjetur-gjume-por-nuk-u-zgjua-me-nderron-jete-18-vjecari-shqiptar-ne-itali\/\" \/>\n<meta property=\"og:site_name\" content=\"Ve\u00e7 artikuj p\u00ebrmbledh\u00ebs\" \/>\n<meta property=\"article:publisher\" content=\"https:\/\/www.facebook.com\/press07\/\" \/>\n<meta property=\"article:author\" content=\"https:\/\/www.facebook.com\/kafexhiu.muharrem\/\" \/>\n<meta property=\"article:published_time\" content=\"2023-06-10T08:45:45+00:00\" \/>\n<meta property=\"og:image\" content=\"https:\/\/permbledhja.com\/wp-content\/uploads\/2023\/06\/reci-600x360-1.webp\" \/>\n\t<meta property=\"og:image:width\" content=\"600\" \/>\n\t<meta property=\"og:image:height\" content=\"360\" \/>\n\t<meta property=\"og:image:type\" content=\"image\/webp\" \/>\n<meta name=\"author\" content=\"P\u00ebrmbledhja\" \/>\n<meta name=\"twitter:card\" content=\"summary_large_image\" \/>\n<meta name=\"twitter:label1\" content=\"Written by\" \/>\n\t<meta name=\"twitter:data1\" content=\"P\u00ebrmbledhja\" \/>\n\t<meta name=\"twitter:label2\" content=\"Est. reading time\" \/>\n\t<meta name=\"twitter:data2\" content=\"1 minut\u00eb\" \/>\n<script type=\"application\/ld+json\" class=\"yoast-schema-graph\">{\"@context\":\"https:\/\/schema.org\",\"@graph\":[{\"@type\":\"Article\",\"@id\":\"https:\/\/permbledhja.com\/shkoi-per-te-fjetur-gjume-por-nuk-u-zgjua-me-nderron-jete-18-vjecari-shqiptar-ne-itali\/#article\",\"isPartOf\":{\"@id\":\"https:\/\/permbledhja.com\/shkoi-per-te-fjetur-gjume-por-nuk-u-zgjua-me-nderron-jete-18-vjecari-shqiptar-ne-itali\/\"},\"author\":{\"name\":\"P\u00ebrmbledhja\",\"@id\":\"https:\/\/permbledhja.com\/#\/schema\/person\/0d064377258d3221e50693947b9eb4fe\"},\"headline\":\"Shkoi p\u00ebr t\u00eb fjetur gjum\u00eb, por nuk u zgjua m\u00eb, nd\u00ebrron jet\u00eb 18-vje\u00e7ari shqiptar n\u00eb Itali\",\"datePublished\":\"2023-06-10T08:45:45+00:00\",\"dateModified\":\"2023-06-10T08:45:45+00:00\",\"mainEntityOfPage\":{\"@id\":\"https:\/\/permbledhja.com\/shkoi-per-te-fjetur-gjume-por-nuk-u-zgjua-me-nderron-jete-18-vjecari-shqiptar-ne-itali\/\"},\"wordCount\":198,\"publisher\":{\"@id\":\"https:\/\/permbledhja.com\/#organization\"},\"keywords\":[\"Itali\"],\"articleSection\":[\"Breaking News\"],\"inLanguage\":\"sq\"},{\"@type\":\"WebPage\",\"@id\":\"https:\/\/permbledhja.com\/shkoi-per-te-fjetur-gjume-por-nuk-u-zgjua-me-nderron-jete-18-vjecari-shqiptar-ne-itali\/\",\"url\":\"https:\/\/permbledhja.com\/shkoi-per-te-fjetur-gjume-por-nuk-u-zgjua-me-nderron-jete-18-vjecari-shqiptar-ne-itali\/\",\"name\":\"Shkoi p\u00ebr t\u00eb fjetur gjum\u00eb, por nuk u zgjua m\u00eb, nd\u00ebrron jet\u00eb 18-vje\u00e7ari shqiptar n\u00eb Itali\",\"isPartOf\":{\"@id\":\"https:\/\/permbledhja.com\/#website\"},\"datePublished\":\"2023-06-10T08:45:45+00:00\",\"dateModified\":\"2023-06-10T08:45:45+00:00\",\"breadcrumb\":{\"@id\":\"https:\/\/permbledhja.com\/shkoi-per-te-fjetur-gjume-por-nuk-u-zgjua-me-nderron-jete-18-vjecari-shqiptar-ne-itali\/#breadcrumb\"},\"inLanguage\":\"sq\",\"potentialAction\":[{\"@type\":\"ReadAction\",\"target\":[\"https:\/\/permbledhja.com\/shkoi-per-te-fjetur-gjume-por-nuk-u-zgjua-me-nderron-jete-18-vjecari-shqiptar-ne-itali\/\"]}]},{\"@type\":\"BreadcrumbList\",\"@id\":\"https:\/\/permbledhja.com\/shkoi-per-te-fjetur-gjume-por-nuk-u-zgjua-me-nderron-jete-18-vjecari-shqiptar-ne-itali\/#breadcrumb\",\"itemListElement\":[{\"@type\":\"ListItem\",\"position\":1,\"name\":\"Ballina\",\"item\":\"https:\/\/permbledhja.com\/sq\/\"},{\"@type\":\"ListItem\",\"position\":2,\"name\":\"Shkoi p\u00ebr t\u00eb fjetur gjum\u00eb, por nuk u zgjua m\u00eb, nd\u00ebrron jet\u00eb 18-vje\u00e7ari shqiptar n\u00eb Itali\"}]},{\"@type\":\"WebSite\",\"@id\":\"https:\/\/permbledhja.com\/#website\",\"url\":\"https:\/\/permbledhja.com\/\",\"name\":\"Ve\u00e7 artikuj p\u00ebrmbledh\u00ebs\",\"description\":\"\",\"publisher\":{\"@id\":\"https:\/\/permbledhja.com\/#organization\"},\"potentialAction\":[{\"@type\":\"SearchAction\",\"target\":{\"@type\":\"EntryPoint\",\"urlTemplate\":\"https:\/\/permbledhja.com\/?s={search_term_string}\"},\"query-input\":\"required name=search_term_string\"}],\"inLanguage\":\"sq\"},{\"@type\":\"Organization\",\"@id\":\"https:\/\/permbledhja.com\/#organization\",\"name\":\"MK Media & Pr\",\"url\":\"https:\/\/permbledhja.com\/\",\"logo\":{\"@type\":\"ImageObject\",\"inLanguage\":\"sq\",\"@id\":\"https:\/\/permbledhja.com\/#\/schema\/logo\/image\/\",\"url\":\"https:\/\/permbledhja.com\/wp-content\/uploads\/2021\/12\/07-Press-Logo.jpg\",\"contentUrl\":\"https:\/\/permbledhja.com\/wp-content\/uploads\/2021\/12\/07-Press-Logo.jpg\",\"width\":512,\"height\":512,\"caption\":\"MK Media & Pr\"},\"image\":{\"@id\":\"https:\/\/permbledhja.com\/#\/schema\/logo\/image\/\"},\"sameAs\":[\"https:\/\/www.facebook.com\/press07\/\"]},{\"@type\":\"Person\",\"@id\":\"https:\/\/permbledhja.com\/#\/schema\/person\/0d064377258d3221e50693947b9eb4fe\",\"name\":\"P\u00ebrmbledhja\",\"image\":{\"@type\":\"ImageObject\",\"inLanguage\":\"sq\",\"@id\":\"https:\/\/permbledhja.com\/#\/schema\/person\/image\/\",\"url\":\"https:\/\/permbledhja.com\/wp-content\/uploads\/2026\/01\/452004717_1040944174702970_8932037511805513407_n-96x96.jpg\",\"contentUrl\":\"https:\/\/permbledhja.com\/wp-content\/uploads\/2026\/01\/452004717_1040944174702970_8932037511805513407_n-96x96.jpg\",\"caption\":\"P\u00ebrmbledhja\"},\"sameAs\":[\"https:\/\/www.facebook.com\/kafexhiu.muharrem\/\",\"https:\/\/www.instagram.com\/muharrem_kafexhiu\/\"],\"url\":\"https:\/\/permbledhja.com\/sq\/author\/admin\/\"}]}<\/script>\n<!-- \/ Yoast SEO plugin. -->","yoast_head_json":{"title":"Shkoi p\u00ebr t\u00eb fjetur gjum\u00eb, por nuk u zgjua m\u00eb, nd\u00ebrron jet\u00eb 18-vje\u00e7ari shqiptar n\u00eb Itali","robots":{"index":"index","follow":"follow","max-snippet":"max-snippet:-1","max-image-preview":"max-image-preview:large","max-video-preview":"max-video-preview:-1"},"canonical":"https:\/\/permbledhja.com\/sq\/shkoi-per-te-fjetur-gjume-por-nuk-u-zgjua-me-nderron-jete-18-vjecari-shqiptar-ne-itali\/","og_locale":"sq_AL","og_type":"article","og_title":"Shkoi p\u00ebr t\u00eb fjetur gjum\u00eb, por nuk u zgjua m\u00eb, nd\u00ebrron jet\u00eb 18-vje\u00e7ari shqiptar n\u00eb Itali","og_description":"M\u00eb 18-vje\u00e7ar shqiptar ka humbur jet\u00ebn n\u00eb Pistoia t\u00eb Italis\u00eb. B\u00ebhet fjal\u00eb p\u00ebr Daniel Re\u00e7in, i cili nd\u00ebrroi jet\u00eb n\u00eb shtrat, por nuk dihen ende shkaqet e plota. B\u00ebhet e ditur se n\u00eb vendin e ngjarjes arrit\u00ebn mjek\u00ebt dhe karabinier\u00ebt, por nuk mund t\u00eb b\u00ebnin asgj\u00eb. Trupi i pajet\u00eb i Danielit \u00ebsht\u00eb d\u00ebrguar n\u00eb spital [&hellip;]","og_url":"https:\/\/permbledhja.com\/sq\/shkoi-per-te-fjetur-gjume-por-nuk-u-zgjua-me-nderron-jete-18-vjecari-shqiptar-ne-itali\/","og_site_name":"Ve\u00e7 artikuj p\u00ebrmbledh\u00ebs","article_publisher":"https:\/\/www.facebook.com\/press07\/","article_author":"https:\/\/www.facebook.com\/kafexhiu.muharrem\/","article_published_time":"2023-06-10T08:45:45+00:00","og_image":[{"width":600,"height":360,"url":"https:\/\/permbledhja.com\/wp-content\/uploads\/2023\/06\/reci-600x360-1.webp","type":"image\/webp"}],"author":"P\u00ebrmbledhja","twitter_card":"summary_large_image","twitter_misc":{"Written by":"P\u00ebrmbledhja","Est. reading time":"1 minut\u00eb"},"schema":{"@context":"https:\/\/schema.org","@graph":[{"@type":"Article","@id":"https:\/\/permbledhja.com\/shkoi-per-te-fjetur-gjume-por-nuk-u-zgjua-me-nderron-jete-18-vjecari-shqiptar-ne-itali\/#article","isPartOf":{"@id":"https:\/\/permbledhja.com\/shkoi-per-te-fjetur-gjume-por-nuk-u-zgjua-me-nderron-jete-18-vjecari-shqiptar-ne-itali\/"},"author":{"name":"P\u00ebrmbledhja","@id":"https:\/\/permbledhja.com\/#\/schema\/person\/0d064377258d3221e50693947b9eb4fe"},"headline":"Shkoi p\u00ebr t\u00eb fjetur gjum\u00eb, por nuk u zgjua m\u00eb, nd\u00ebrron jet\u00eb 18-vje\u00e7ari shqiptar n\u00eb Itali","datePublished":"2023-06-10T08:45:45+00:00","dateModified":"2023-06-10T08:45:45+00:00","mainEntityOfPage":{"@id":"https:\/\/permbledhja.com\/shkoi-per-te-fjetur-gjume-por-nuk-u-zgjua-me-nderron-jete-18-vjecari-shqiptar-ne-itali\/"},"wordCount":198,"publisher":{"@id":"https:\/\/permbledhja.com\/#organization"},"keywords":["Itali"],"articleSection":["Breaking News"],"inLanguage":"sq"},{"@type":"WebPage","@id":"https:\/\/permbledhja.com\/shkoi-per-te-fjetur-gjume-por-nuk-u-zgjua-me-nderron-jete-18-vjecari-shqiptar-ne-itali\/","url":"https:\/\/permbledhja.com\/shkoi-per-te-fjetur-gjume-por-nuk-u-zgjua-me-nderron-jete-18-vjecari-shqiptar-ne-itali\/","name":"Shkoi p\u00ebr t\u00eb fjetur gjum\u00eb, por nuk u zgjua m\u00eb, nd\u00ebrron jet\u00eb 18-vje\u00e7ari shqiptar n\u00eb Itali","isPartOf":{"@id":"https:\/\/permbledhja.com\/#website"},"datePublished":"2023-06-10T08:45:45+00:00","dateModified":"2023-06-10T08:45:45+00:00","breadcrumb":{"@id":"https:\/\/permbledhja.com\/shkoi-per-te-fjetur-gjume-por-nuk-u-zgjua-me-nderron-jete-18-vjecari-shqiptar-ne-itali\/#breadcrumb"},"inLanguage":"sq","potentialAction":[{"@type":"ReadAction","target":["https:\/\/permbledhja.com\/shkoi-per-te-fjetur-gjume-por-nuk-u-zgjua-me-nderron-jete-18-vjecari-shqiptar-ne-itali\/"]}]},{"@type":"BreadcrumbList","@id":"https:\/\/permbledhja.com\/shkoi-per-te-fjetur-gjume-por-nuk-u-zgjua-me-nderron-jete-18-vjecari-shqiptar-ne-itali\/#breadcrumb","itemListElement":[{"@type":"ListItem","position":1,"name":"Ballina","item":"https:\/\/permbledhja.com\/sq\/"},{"@type":"ListItem","position":2,"name":"Shkoi p\u00ebr t\u00eb fjetur gjum\u00eb, por nuk u zgjua m\u00eb, nd\u00ebrron jet\u00eb 18-vje\u00e7ari shqiptar n\u00eb Itali"}]},{"@type":"WebSite","@id":"https:\/\/permbledhja.com\/#website","url":"https:\/\/permbledhja.com\/","name":"Ve\u00e7 artikuj p\u00ebrmbledh\u00ebs","description":"","publisher":{"@id":"https:\/\/permbledhja.com\/#organization"},"potentialAction":[{"@type":"SearchAction","target":{"@type":"EntryPoint","urlTemplate":"https:\/\/permbledhja.com\/?s={search_term_string}"},"query-input":"required name=search_term_string"}],"inLanguage":"sq"},{"@type":"Organization","@id":"https:\/\/permbledhja.com\/#organization","name":"MK Media & Pr","url":"https:\/\/permbledhja.com\/","logo":{"@type":"ImageObject","inLanguage":"sq","@id":"https:\/\/permbledhja.com\/#\/schema\/logo\/image\/","url":"https:\/\/permbledhja.com\/wp-content\/uploads\/2021\/12\/07-Press-Logo.jpg","contentUrl":"https:\/\/permbledhja.com\/wp-content\/uploads\/2021\/12\/07-Press-Logo.jpg","width":512,"height":512,"caption":"MK Media & Pr"},"image":{"@id":"https:\/\/permbledhja.com\/#\/schema\/logo\/image\/"},"sameAs":["https:\/\/www.facebook.com\/press07\/"]},{"@type":"Person","@id":"https:\/\/permbledhja.com\/#\/schema\/person\/0d064377258d3221e50693947b9eb4fe","name":"P\u00ebrmbledhja","image":{"@type":"ImageObject","inLanguage":"sq","@id":"https:\/\/permbledhja.com\/#\/schema\/person\/image\/","url":"https:\/\/permbledhja.com\/wp-content\/uploads\/2026\/01\/452004717_1040944174702970_8932037511805513407_n-96x96.jpg","contentUrl":"https:\/\/permbledhja.com\/wp-content\/uploads\/2026\/01\/452004717_1040944174702970_8932037511805513407_n-96x96.jpg","caption":"P\u00ebrmbledhja"},"sameAs":["https:\/\/www.facebook.com\/kafexhiu.muharrem\/","https:\/\/www.instagram.com\/muharrem_kafexhiu\/"],"url":"https:\/\/permbledhja.com\/sq\/author\/admin\/"}]}},"_links":{"self":[{"href":"https:\/\/permbledhja.com\/sq\/wp-json\/wp\/v2\/posts\/15987"}],"collection":[{"href":"https:\/\/permbledhja.com\/sq\/wp-json\/wp\/v2\/posts"}],"about":[{"href":"https:\/\/permbledhja.com\/sq\/wp-json\/wp\/v2\/types\/post"}],"author":[{"embeddable":true,"href":"https:\/\/permbledhja.com\/sq\/wp-json\/wp\/v2\/users\/1"}],"replies":[{"embeddable":true,"href":"https:\/\/permbledhja.com\/sq\/wp-json\/wp\/v2\/comments?post=15987"}],"version-history":[{"count":1,"href":"https:\/\/permbledhja.com\/sq\/wp-json\/wp\/v2\/posts\/15987\/revisions"}],"predecessor-version":[{"id":15989,"href":"https:\/\/permbledhja.com\/sq\/wp-json\/wp\/v2\/posts\/15987\/revisions\/15989"}],"wp:featuredmedia":[{"embeddable":true,"href":"https:\/\/permbledhja.com\/sq\/wp-json\/wp\/v2\/media\/15988"}],"wp:attachment":[{"href":"https:\/\/permbledhja.com\/sq\/wp-json\/wp\/v2\/media?parent=15987"}],"wp:term":[{"taxonomy":"category","embeddable":true,"href":"https:\/\/permbledhja.com\/sq\/wp-json\/wp\/v2\/categories?post=15987"},{"taxonomy":"post_tag","embeddable":true,"href":"https:\/\/permbledhja.com\/sq\/wp-json\/wp\/v2\/tags?post=15987"}],"curies":[{"name":"wp","href":"https:\/\/api.w.org\/{rel}","templated":true}]}}