{"id":15907,"date":"2023-06-09T08:38:24","date_gmt":"2023-06-09T08:38:24","guid":{"rendered":"https:\/\/permbledhja.com\/?p=15907"},"modified":"2023-06-09T08:38:24","modified_gmt":"2023-06-09T08:38:24","slug":"drafti-i-statutit-te-asociacionit-qe-e-hartoi-edi-rama-mberrin-ne-berlin","status":"publish","type":"post","link":"https:\/\/permbledhja.com\/sq\/drafti-i-statutit-te-asociacionit-qe-e-hartoi-edi-rama-mberrin-ne-berlin\/","title":{"rendered":"Drafti i statutit t\u00eb Asociacionit q\u00eb e hartoi Edi Rama mb\u00ebrrin n\u00eb Berlin"},"content":{"rendered":"<p>Gjermania tashm\u00eb ka konfirmuar se ka pranuar propozimin e kryeministrit shqiptar Edi Rama, por q\u00eb nuk ka komentuar p\u00ebrmbajtjen e tij.<\/p>\n<p>\u201cNe mund t\u00eb konfirmojm\u00eb marrjen e nj\u00eb dokumenti t\u00eb till\u00eb. K\u00ebrkojm\u00eb mir\u00ebkuptimin tuaj se nuk duam t\u00eb komentojm\u00eb p\u00ebrmbajtjen konfidenciale\u201d, tha p\u00ebr Kosova Online z\u00ebdh\u00ebn\u00ebsi i Qeveris\u00eb gjermane.<\/p>\n<p>Rama njoftoi dje se i ka d\u00ebrguar presidentit francez Emmanuel Macron dhe kancelarit gjerman Olaf Scholz nj\u00eb propozim p\u00ebr draftstatutin e Bashk\u00ebsis\u00eb s\u00eb Komunave Serbe, duke shtuar se nuk e kupton ngurrimin e autoriteteve t\u00eb Kosov\u00ebs p\u00ebr t\u00eb dep\u00ebrshkall\u00ebzuar situat\u00ebn n\u00eb veri, e cila \u201cpo merr p\u00ebrmasat e nj\u00eb tragjedie politike p\u00ebr Kosov\u00ebn\u201d.<\/p>\n<p>Rama tha se p\u00ebr k\u00ebt\u00eb dokument e ka v\u00ebn\u00eb \u201cn\u00eb dijeni edhe pal\u00ebn amerikane\u201d.<\/p>\n<p>Kryeministri i Shqip\u00ebris\u00eb tha se dokumenti \u00ebsht\u00eb konfidencial.<\/p>\n<p>Megjithat\u00eb, ai tha se \u00ebsht\u00eb i bindur se ky draft-statut \u00ebsht\u00eb \u201cnj\u00eb dokument i nivelit m\u00eb t\u00eb lart\u00eb nd\u00ebrkomb\u00ebtar q\u00eb merr n\u00eb konsiderat\u00eb t\u00eb gjitha arsyet p\u00ebr krijimin e Asociacionit dhe q\u00eb Asociacioni \u00ebsht\u00eb pjes\u00eb e organizimit t\u00eb jet\u00ebs p\u00ebr Kosov\u00ebn\u201d.<\/p>\n<p>Ky draft-statut, sipas Ram\u00ebs, \u00ebsht\u00eb hartuar nga ekspert\u00eb t\u00eb pavarur dhe se ai vet\u00eb ka dh\u00ebn\u00eb kontribut n\u00eb t\u00eb. Megjithat\u00eb, kryeministri shqiptar e pranoi se p\u00ebr k\u00ebt\u00eb dokument nuk \u00ebsht\u00eb konsultuar me homologun e tij kosovar.<\/p>\n<p>Rama, po ashtu, tha se \u00ebsht\u00eb i shqet\u00ebsuar p\u00ebr situat\u00ebn, n\u00eb t\u00eb cil\u00ebn ndodhet Kosova dhe ai nuk d\u00ebshiron q\u00eb situata t\u00eb p\u00ebrkeq\u00ebsohet edhe m\u00eb tej apo t\u00eb vendosen sanksione ndaj Prishtin\u00ebs.<\/p>\n<p>\u201cP\u00ebr mua \u00ebsht\u00eb i pakuptimt\u00eb pozicioni i Kosov\u00ebs, se Serbia b\u00ebn at\u00eb q\u00eb ka b\u00ebr\u00eb her\u00eb tjera. Pal\u00ebt nuk po merren vesh kush duhet ta shkruaj\u00eb k\u00ebt\u00eb tekst e jo m\u00eb se si duhet hartuar\u201d, shtoi Rama.<\/p>\n<p>Kujtojm\u00eb se Ekipi Menaxhues p\u00ebr themelimin e Asociacionit, i cili \u00ebsht\u00eb i autorizuar me Marr\u00ebveshjen e Brukselit p\u00ebr hartimin e Statutit, ka paraqitur propozimin e tij gjat\u00eb raundit t\u00eb fundit t\u00eb dialogut n\u00eb nivelin m\u00eb t\u00eb lart\u00eb n\u00eb Bruksel.<\/p>\n<p>Ai propozim, megjithat\u00eb, nuk u miratua nga Qeveria e Kosov\u00ebs, q\u00eb vet\u00ebm nj\u00eb dit\u00eb m\u00eb von\u00eb shkarkoi Ekipin Menaxhues.<\/p>\n","protected":false},"excerpt":{"rendered":"<p>Gjermania tashm\u00eb ka konfirmuar se ka pranuar propozimin e kryeministrit shqiptar Edi Rama, por q\u00eb nuk ka komentuar p\u00ebrmbajtjen e tij. \u201cNe mund t\u00eb konfirmojm\u00eb marrjen e nj\u00eb dokumenti t\u00eb till\u00eb. K\u00ebrkojm\u00eb mir\u00ebkuptimin tuaj se nuk duam t\u00eb komentojm\u00eb p\u00ebrmbajtjen konfidenciale\u201d, tha p\u00ebr Kosova Online z\u00ebdh\u00ebn\u00ebsi i Qeveris\u00eb gjermane. Rama njoftoi dje se i ka [&hellip;]<\/p>\n","protected":false},"author":1,"featured_media":15908,"comment_status":"closed","ping_status":"closed","sticky":false,"template":"","format":"standard","meta":{"_monsterinsights_skip_tracking":false,"_monsterinsights_sitenote_active":false,"_monsterinsights_sitenote_note":"","_monsterinsights_sitenote_category":0,"_uf_show_specific_survey":0,"_uf_disable_surveys":false,"footnotes":""},"categories":[23,15],"tags":[1887],"yoast_head":"<!-- This site is optimized with the Yoast SEO plugin v21.5 - https:\/\/yoast.com\/wordpress\/plugins\/seo\/ -->\n<title>Drafti i statutit t\u00eb Asociacionit q\u00eb e hartoi Edi Rama mb\u00ebrrin n\u00eb Berlin<\/title>\n<meta name=\"robots\" content=\"index, follow, max-snippet:-1, max-image-preview:large, max-video-preview:-1\" \/>\n<link rel=\"canonical\" href=\"https:\/\/permbledhja.com\/sq\/drafti-i-statutit-te-asociacionit-qe-e-hartoi-edi-rama-mberrin-ne-berlin\/\" \/>\n<meta property=\"og:locale\" content=\"sq_AL\" \/>\n<meta property=\"og:type\" content=\"article\" \/>\n<meta property=\"og:title\" content=\"Drafti i statutit t\u00eb Asociacionit q\u00eb e hartoi Edi Rama mb\u00ebrrin n\u00eb Berlin\" \/>\n<meta property=\"og:description\" content=\"Gjermania tashm\u00eb ka konfirmuar se ka pranuar propozimin e kryeministrit shqiptar Edi Rama, por q\u00eb nuk ka komentuar p\u00ebrmbajtjen e tij. \u201cNe mund t\u00eb konfirmojm\u00eb marrjen e nj\u00eb dokumenti t\u00eb till\u00eb. K\u00ebrkojm\u00eb mir\u00ebkuptimin tuaj se nuk duam t\u00eb komentojm\u00eb p\u00ebrmbajtjen konfidenciale\u201d, tha p\u00ebr Kosova Online z\u00ebdh\u00ebn\u00ebsi i Qeveris\u00eb gjermane. Rama njoftoi dje se i ka [&hellip;]\" \/>\n<meta property=\"og:url\" content=\"https:\/\/permbledhja.com\/sq\/drafti-i-statutit-te-asociacionit-qe-e-hartoi-edi-rama-mberrin-ne-berlin\/\" \/>\n<meta property=\"og:site_name\" content=\"Ve\u00e7 artikuj p\u00ebrmbledh\u00ebs\" \/>\n<meta property=\"article:publisher\" content=\"https:\/\/www.facebook.com\/press07\/\" \/>\n<meta property=\"article:author\" content=\"https:\/\/www.facebook.com\/kafexhiu.muharrem\/\" \/>\n<meta property=\"article:published_time\" content=\"2023-06-09T08:38:24+00:00\" \/>\n<meta property=\"og:image\" content=\"https:\/\/permbledhja.com\/wp-content\/uploads\/2023\/06\/337D462A-3DA2-4EA7-AF9D-E0C5E0099760.webp\" \/>\n\t<meta property=\"og:image:width\" content=\"600\" \/>\n\t<meta property=\"og:image:height\" content=\"360\" \/>\n\t<meta property=\"og:image:type\" content=\"image\/webp\" \/>\n<meta name=\"author\" content=\"P\u00ebrmbledhja\" \/>\n<meta name=\"twitter:card\" content=\"summary_large_image\" \/>\n<meta name=\"twitter:label1\" content=\"Written by\" \/>\n\t<meta name=\"twitter:data1\" content=\"P\u00ebrmbledhja\" \/>\n\t<meta name=\"twitter:label2\" content=\"Est. reading time\" \/>\n\t<meta name=\"twitter:data2\" content=\"2 minuta\" \/>\n<script type=\"application\/ld+json\" class=\"yoast-schema-graph\">{\"@context\":\"https:\/\/schema.org\",\"@graph\":[{\"@type\":\"Article\",\"@id\":\"https:\/\/permbledhja.com\/drafti-i-statutit-te-asociacionit-qe-e-hartoi-edi-rama-mberrin-ne-berlin\/#article\",\"isPartOf\":{\"@id\":\"https:\/\/permbledhja.com\/drafti-i-statutit-te-asociacionit-qe-e-hartoi-edi-rama-mberrin-ne-berlin\/\"},\"author\":{\"name\":\"P\u00ebrmbledhja\",\"@id\":\"https:\/\/permbledhja.com\/#\/schema\/person\/0d064377258d3221e50693947b9eb4fe\"},\"headline\":\"Drafti i statutit t\u00eb Asociacionit q\u00eb e hartoi Edi Rama mb\u00ebrrin n\u00eb Berlin\",\"datePublished\":\"2023-06-09T08:38:24+00:00\",\"dateModified\":\"2023-06-09T08:38:24+00:00\",\"mainEntityOfPage\":{\"@id\":\"https:\/\/permbledhja.com\/drafti-i-statutit-te-asociacionit-qe-e-hartoi-edi-rama-mberrin-ne-berlin\/\"},\"wordCount\":395,\"publisher\":{\"@id\":\"https:\/\/permbledhja.com\/#organization\"},\"keywords\":[\"Drafti\"],\"articleSection\":[\"Komb\u00ebtare\",\"Lajme\"],\"inLanguage\":\"sq\"},{\"@type\":\"WebPage\",\"@id\":\"https:\/\/permbledhja.com\/drafti-i-statutit-te-asociacionit-qe-e-hartoi-edi-rama-mberrin-ne-berlin\/\",\"url\":\"https:\/\/permbledhja.com\/drafti-i-statutit-te-asociacionit-qe-e-hartoi-edi-rama-mberrin-ne-berlin\/\",\"name\":\"Drafti i statutit t\u00eb Asociacionit q\u00eb e hartoi Edi Rama mb\u00ebrrin n\u00eb Berlin\",\"isPartOf\":{\"@id\":\"https:\/\/permbledhja.com\/#website\"},\"datePublished\":\"2023-06-09T08:38:24+00:00\",\"dateModified\":\"2023-06-09T08:38:24+00:00\",\"breadcrumb\":{\"@id\":\"https:\/\/permbledhja.com\/drafti-i-statutit-te-asociacionit-qe-e-hartoi-edi-rama-mberrin-ne-berlin\/#breadcrumb\"},\"inLanguage\":\"sq\",\"potentialAction\":[{\"@type\":\"ReadAction\",\"target\":[\"https:\/\/permbledhja.com\/drafti-i-statutit-te-asociacionit-qe-e-hartoi-edi-rama-mberrin-ne-berlin\/\"]}]},{\"@type\":\"BreadcrumbList\",\"@id\":\"https:\/\/permbledhja.com\/drafti-i-statutit-te-asociacionit-qe-e-hartoi-edi-rama-mberrin-ne-berlin\/#breadcrumb\",\"itemListElement\":[{\"@type\":\"ListItem\",\"position\":1,\"name\":\"Ballina\",\"item\":\"https:\/\/permbledhja.com\/sq\/\"},{\"@type\":\"ListItem\",\"position\":2,\"name\":\"Drafti i statutit t\u00eb Asociacionit q\u00eb e hartoi Edi Rama mb\u00ebrrin n\u00eb Berlin\"}]},{\"@type\":\"WebSite\",\"@id\":\"https:\/\/permbledhja.com\/#website\",\"url\":\"https:\/\/permbledhja.com\/\",\"name\":\"Ve\u00e7 artikuj p\u00ebrmbledh\u00ebs\",\"description\":\"\",\"publisher\":{\"@id\":\"https:\/\/permbledhja.com\/#organization\"},\"potentialAction\":[{\"@type\":\"SearchAction\",\"target\":{\"@type\":\"EntryPoint\",\"urlTemplate\":\"https:\/\/permbledhja.com\/?s={search_term_string}\"},\"query-input\":\"required name=search_term_string\"}],\"inLanguage\":\"sq\"},{\"@type\":\"Organization\",\"@id\":\"https:\/\/permbledhja.com\/#organization\",\"name\":\"MK Media & Pr\",\"url\":\"https:\/\/permbledhja.com\/\",\"logo\":{\"@type\":\"ImageObject\",\"inLanguage\":\"sq\",\"@id\":\"https:\/\/permbledhja.com\/#\/schema\/logo\/image\/\",\"url\":\"https:\/\/permbledhja.com\/wp-content\/uploads\/2021\/12\/07-Press-Logo.jpg\",\"contentUrl\":\"https:\/\/permbledhja.com\/wp-content\/uploads\/2021\/12\/07-Press-Logo.jpg\",\"width\":512,\"height\":512,\"caption\":\"MK Media & Pr\"},\"image\":{\"@id\":\"https:\/\/permbledhja.com\/#\/schema\/logo\/image\/\"},\"sameAs\":[\"https:\/\/www.facebook.com\/press07\/\"]},{\"@type\":\"Person\",\"@id\":\"https:\/\/permbledhja.com\/#\/schema\/person\/0d064377258d3221e50693947b9eb4fe\",\"name\":\"P\u00ebrmbledhja\",\"image\":{\"@type\":\"ImageObject\",\"inLanguage\":\"sq\",\"@id\":\"https:\/\/permbledhja.com\/#\/schema\/person\/image\/\",\"url\":\"https:\/\/permbledhja.com\/wp-content\/uploads\/2026\/01\/452004717_1040944174702970_8932037511805513407_n-96x96.jpg\",\"contentUrl\":\"https:\/\/permbledhja.com\/wp-content\/uploads\/2026\/01\/452004717_1040944174702970_8932037511805513407_n-96x96.jpg\",\"caption\":\"P\u00ebrmbledhja\"},\"sameAs\":[\"https:\/\/www.facebook.com\/kafexhiu.muharrem\/\",\"https:\/\/www.instagram.com\/muharrem_kafexhiu\/\"],\"url\":\"https:\/\/permbledhja.com\/sq\/author\/admin\/\"}]}<\/script>\n<!-- \/ Yoast SEO plugin. -->","yoast_head_json":{"title":"Drafti i statutit t\u00eb Asociacionit q\u00eb e hartoi Edi Rama mb\u00ebrrin n\u00eb Berlin","robots":{"index":"index","follow":"follow","max-snippet":"max-snippet:-1","max-image-preview":"max-image-preview:large","max-video-preview":"max-video-preview:-1"},"canonical":"https:\/\/permbledhja.com\/sq\/drafti-i-statutit-te-asociacionit-qe-e-hartoi-edi-rama-mberrin-ne-berlin\/","og_locale":"sq_AL","og_type":"article","og_title":"Drafti i statutit t\u00eb Asociacionit q\u00eb e hartoi Edi Rama mb\u00ebrrin n\u00eb Berlin","og_description":"Gjermania tashm\u00eb ka konfirmuar se ka pranuar propozimin e kryeministrit shqiptar Edi Rama, por q\u00eb nuk ka komentuar p\u00ebrmbajtjen e tij. \u201cNe mund t\u00eb konfirmojm\u00eb marrjen e nj\u00eb dokumenti t\u00eb till\u00eb. K\u00ebrkojm\u00eb mir\u00ebkuptimin tuaj se nuk duam t\u00eb komentojm\u00eb p\u00ebrmbajtjen konfidenciale\u201d, tha p\u00ebr Kosova Online z\u00ebdh\u00ebn\u00ebsi i Qeveris\u00eb gjermane. Rama njoftoi dje se i ka [&hellip;]","og_url":"https:\/\/permbledhja.com\/sq\/drafti-i-statutit-te-asociacionit-qe-e-hartoi-edi-rama-mberrin-ne-berlin\/","og_site_name":"Ve\u00e7 artikuj p\u00ebrmbledh\u00ebs","article_publisher":"https:\/\/www.facebook.com\/press07\/","article_author":"https:\/\/www.facebook.com\/kafexhiu.muharrem\/","article_published_time":"2023-06-09T08:38:24+00:00","og_image":[{"width":600,"height":360,"url":"https:\/\/permbledhja.com\/wp-content\/uploads\/2023\/06\/337D462A-3DA2-4EA7-AF9D-E0C5E0099760.webp","type":"image\/webp"}],"author":"P\u00ebrmbledhja","twitter_card":"summary_large_image","twitter_misc":{"Written by":"P\u00ebrmbledhja","Est. reading time":"2 minuta"},"schema":{"@context":"https:\/\/schema.org","@graph":[{"@type":"Article","@id":"https:\/\/permbledhja.com\/drafti-i-statutit-te-asociacionit-qe-e-hartoi-edi-rama-mberrin-ne-berlin\/#article","isPartOf":{"@id":"https:\/\/permbledhja.com\/drafti-i-statutit-te-asociacionit-qe-e-hartoi-edi-rama-mberrin-ne-berlin\/"},"author":{"name":"P\u00ebrmbledhja","@id":"https:\/\/permbledhja.com\/#\/schema\/person\/0d064377258d3221e50693947b9eb4fe"},"headline":"Drafti i statutit t\u00eb Asociacionit q\u00eb e hartoi Edi Rama mb\u00ebrrin n\u00eb Berlin","datePublished":"2023-06-09T08:38:24+00:00","dateModified":"2023-06-09T08:38:24+00:00","mainEntityOfPage":{"@id":"https:\/\/permbledhja.com\/drafti-i-statutit-te-asociacionit-qe-e-hartoi-edi-rama-mberrin-ne-berlin\/"},"wordCount":395,"publisher":{"@id":"https:\/\/permbledhja.com\/#organization"},"keywords":["Drafti"],"articleSection":["Komb\u00ebtare","Lajme"],"inLanguage":"sq"},{"@type":"WebPage","@id":"https:\/\/permbledhja.com\/drafti-i-statutit-te-asociacionit-qe-e-hartoi-edi-rama-mberrin-ne-berlin\/","url":"https:\/\/permbledhja.com\/drafti-i-statutit-te-asociacionit-qe-e-hartoi-edi-rama-mberrin-ne-berlin\/","name":"Drafti i statutit t\u00eb Asociacionit q\u00eb e hartoi Edi Rama mb\u00ebrrin n\u00eb Berlin","isPartOf":{"@id":"https:\/\/permbledhja.com\/#website"},"datePublished":"2023-06-09T08:38:24+00:00","dateModified":"2023-06-09T08:38:24+00:00","breadcrumb":{"@id":"https:\/\/permbledhja.com\/drafti-i-statutit-te-asociacionit-qe-e-hartoi-edi-rama-mberrin-ne-berlin\/#breadcrumb"},"inLanguage":"sq","potentialAction":[{"@type":"ReadAction","target":["https:\/\/permbledhja.com\/drafti-i-statutit-te-asociacionit-qe-e-hartoi-edi-rama-mberrin-ne-berlin\/"]}]},{"@type":"BreadcrumbList","@id":"https:\/\/permbledhja.com\/drafti-i-statutit-te-asociacionit-qe-e-hartoi-edi-rama-mberrin-ne-berlin\/#breadcrumb","itemListElement":[{"@type":"ListItem","position":1,"name":"Ballina","item":"https:\/\/permbledhja.com\/sq\/"},{"@type":"ListItem","position":2,"name":"Drafti i statutit t\u00eb Asociacionit q\u00eb e hartoi Edi Rama mb\u00ebrrin n\u00eb Berlin"}]},{"@type":"WebSite","@id":"https:\/\/permbledhja.com\/#website","url":"https:\/\/permbledhja.com\/","name":"Ve\u00e7 artikuj p\u00ebrmbledh\u00ebs","description":"","publisher":{"@id":"https:\/\/permbledhja.com\/#organization"},"potentialAction":[{"@type":"SearchAction","target":{"@type":"EntryPoint","urlTemplate":"https:\/\/permbledhja.com\/?s={search_term_string}"},"query-input":"required name=search_term_string"}],"inLanguage":"sq"},{"@type":"Organization","@id":"https:\/\/permbledhja.com\/#organization","name":"MK Media & Pr","url":"https:\/\/permbledhja.com\/","logo":{"@type":"ImageObject","inLanguage":"sq","@id":"https:\/\/permbledhja.com\/#\/schema\/logo\/image\/","url":"https:\/\/permbledhja.com\/wp-content\/uploads\/2021\/12\/07-Press-Logo.jpg","contentUrl":"https:\/\/permbledhja.com\/wp-content\/uploads\/2021\/12\/07-Press-Logo.jpg","width":512,"height":512,"caption":"MK Media & Pr"},"image":{"@id":"https:\/\/permbledhja.com\/#\/schema\/logo\/image\/"},"sameAs":["https:\/\/www.facebook.com\/press07\/"]},{"@type":"Person","@id":"https:\/\/permbledhja.com\/#\/schema\/person\/0d064377258d3221e50693947b9eb4fe","name":"P\u00ebrmbledhja","image":{"@type":"ImageObject","inLanguage":"sq","@id":"https:\/\/permbledhja.com\/#\/schema\/person\/image\/","url":"https:\/\/permbledhja.com\/wp-content\/uploads\/2026\/01\/452004717_1040944174702970_8932037511805513407_n-96x96.jpg","contentUrl":"https:\/\/permbledhja.com\/wp-content\/uploads\/2026\/01\/452004717_1040944174702970_8932037511805513407_n-96x96.jpg","caption":"P\u00ebrmbledhja"},"sameAs":["https:\/\/www.facebook.com\/kafexhiu.muharrem\/","https:\/\/www.instagram.com\/muharrem_kafexhiu\/"],"url":"https:\/\/permbledhja.com\/sq\/author\/admin\/"}]}},"_links":{"self":[{"href":"https:\/\/permbledhja.com\/sq\/wp-json\/wp\/v2\/posts\/15907"}],"collection":[{"href":"https:\/\/permbledhja.com\/sq\/wp-json\/wp\/v2\/posts"}],"about":[{"href":"https:\/\/permbledhja.com\/sq\/wp-json\/wp\/v2\/types\/post"}],"author":[{"embeddable":true,"href":"https:\/\/permbledhja.com\/sq\/wp-json\/wp\/v2\/users\/1"}],"replies":[{"embeddable":true,"href":"https:\/\/permbledhja.com\/sq\/wp-json\/wp\/v2\/comments?post=15907"}],"version-history":[{"count":1,"href":"https:\/\/permbledhja.com\/sq\/wp-json\/wp\/v2\/posts\/15907\/revisions"}],"predecessor-version":[{"id":15909,"href":"https:\/\/permbledhja.com\/sq\/wp-json\/wp\/v2\/posts\/15907\/revisions\/15909"}],"wp:featuredmedia":[{"embeddable":true,"href":"https:\/\/permbledhja.com\/sq\/wp-json\/wp\/v2\/media\/15908"}],"wp:attachment":[{"href":"https:\/\/permbledhja.com\/sq\/wp-json\/wp\/v2\/media?parent=15907"}],"wp:term":[{"taxonomy":"category","embeddable":true,"href":"https:\/\/permbledhja.com\/sq\/wp-json\/wp\/v2\/categories?post=15907"},{"taxonomy":"post_tag","embeddable":true,"href":"https:\/\/permbledhja.com\/sq\/wp-json\/wp\/v2\/tags?post=15907"}],"curies":[{"name":"wp","href":"https:\/\/api.w.org\/{rel}","templated":true}]}}