{"id":15905,"date":"2023-06-09T08:11:07","date_gmt":"2023-06-09T08:11:07","guid":{"rendered":"https:\/\/permbledhja.com\/?p=15905"},"modified":"2023-06-09T08:11:07","modified_gmt":"2023-06-09T08:11:07","slug":"arrestohet-i-dyshuari-qe-vodhi-para-ne-teqene-e-gjakoves","status":"publish","type":"post","link":"https:\/\/permbledhja.com\/sq\/arrestohet-i-dyshuari-qe-vodhi-para-ne-teqene-e-gjakoves\/","title":{"rendered":"Arrestohet i dyshuari q\u00eb vodhi para n\u00eb Teqen\u00eb e Gjakov\u00ebs"},"content":{"rendered":"<p>Policia n\u00eb Gjakov\u00eb njofton se gjat\u00eb dit\u00ebs s\u00eb djeshme \u00ebsht\u00eb arrestuar nj\u00eb 48-vje\u00e7ar me inicialet Xh. Th., i cili dyshohet se me dat\u00eb 22.05.2023 kishte dep\u00ebrtuar brenda teqes\u00eb duke vjedhur nga aty dy kasaforta me para t\u00eb gatshme n\u00eb vler\u00eb t\u00eb konsiderueshme, disa \u00e7el\u00ebsa personal dhe disa stoli t\u00eb arit.<\/p>\n<p>Organet e rendit njoftojn\u00eb se deri te identifikimi dhe arrestimi i t\u00eb dyshuarit kishte ardhur pas nj\u00eb hetimi t\u00eb gjer\u00eb dhe intensiv, ku jan\u00eb shikuar qindra or\u00eb video incizime nga lokacione t\u00eb ndryshme dhe jan\u00eb analizuar shum\u00eb prova.<\/p>\n<p>Po ashtu b\u00ebhet e ditur se me vendim t\u00eb gjykat\u00ebs \u00ebsht\u00eb kryer kontroll n\u00eb objektet e banimit t\u00eb t\u00eb dyshuarit, me \u00e7\u2019rast jan\u00eb gjetur dhe sekuestruar: nj\u00eb pistolet\u00eb me nj\u00eb karikator, gjasht\u00eb cop\u00eb fishek\u00eb, disa stoli ari, rrobe, telefona dhe disa gj\u00ebra tjera t\u00eb cilat dyshohet se jan\u00eb p\u00ebrdorur me rastin e kryerjes s\u00eb vjedhjes.<\/p>\n<p>I dyshuari \u00ebsht\u00eb ndalur n\u00eb mbajtje dhe ndaj tij \u00ebsht\u00eb iniciuar rast penal p\u00ebr hetim \u201cVjedhje e r\u00ebnd\u00eb\u201d dhe \u201cMbajtje n\u00eb pron\u00ebsi dhe kontroll t\u00eb paautorizuar t\u00eb arm\u00ebve\u201d\u2019.<\/p>\n","protected":false},"excerpt":{"rendered":"<p>Policia n\u00eb Gjakov\u00eb njofton se gjat\u00eb dit\u00ebs s\u00eb djeshme \u00ebsht\u00eb arrestuar nj\u00eb 48-vje\u00e7ar me inicialet Xh. Th., i cili dyshohet se me dat\u00eb 22.05.2023 kishte dep\u00ebrtuar brenda teqes\u00eb duke vjedhur nga aty dy kasaforta me para t\u00eb gatshme n\u00eb vler\u00eb t\u00eb konsiderueshme, disa \u00e7el\u00ebsa personal dhe disa stoli t\u00eb arit. Organet e rendit njoftojn\u00eb se [&hellip;]<\/p>\n","protected":false},"author":1,"featured_media":8604,"comment_status":"closed","ping_status":"closed","sticky":false,"template":"","format":"standard","meta":{"_monsterinsights_skip_tracking":false,"_monsterinsights_sitenote_active":false,"_monsterinsights_sitenote_note":"","_monsterinsights_sitenote_category":0,"_uf_show_specific_survey":0,"_uf_disable_surveys":false,"footnotes":""},"categories":[16,23,15],"tags":[],"yoast_head":"<!-- This site is optimized with the Yoast SEO plugin v21.5 - https:\/\/yoast.com\/wordpress\/plugins\/seo\/ -->\n<title>Arrestohet i dyshuari q\u00eb vodhi para n\u00eb Teqen\u00eb e Gjakov\u00ebs<\/title>\n<meta name=\"robots\" content=\"index, follow, max-snippet:-1, max-image-preview:large, max-video-preview:-1\" \/>\n<link rel=\"canonical\" href=\"https:\/\/permbledhja.com\/sq\/arrestohet-i-dyshuari-qe-vodhi-para-ne-teqene-e-gjakoves\/\" \/>\n<meta property=\"og:locale\" content=\"sq_AL\" \/>\n<meta property=\"og:type\" content=\"article\" \/>\n<meta property=\"og:title\" content=\"Arrestohet i dyshuari q\u00eb vodhi para n\u00eb Teqen\u00eb e Gjakov\u00ebs\" \/>\n<meta property=\"og:description\" content=\"Policia n\u00eb Gjakov\u00eb njofton se gjat\u00eb dit\u00ebs s\u00eb djeshme \u00ebsht\u00eb arrestuar nj\u00eb 48-vje\u00e7ar me inicialet Xh. Th., i cili dyshohet se me dat\u00eb 22.05.2023 kishte dep\u00ebrtuar brenda teqes\u00eb duke vjedhur nga aty dy kasaforta me para t\u00eb gatshme n\u00eb vler\u00eb t\u00eb konsiderueshme, disa \u00e7el\u00ebsa personal dhe disa stoli t\u00eb arit. Organet e rendit njoftojn\u00eb se [&hellip;]\" \/>\n<meta property=\"og:url\" content=\"https:\/\/permbledhja.com\/sq\/arrestohet-i-dyshuari-qe-vodhi-para-ne-teqene-e-gjakoves\/\" \/>\n<meta property=\"og:site_name\" content=\"Ve\u00e7 artikuj p\u00ebrmbledh\u00ebs\" \/>\n<meta property=\"article:publisher\" content=\"https:\/\/www.facebook.com\/press07\/\" \/>\n<meta property=\"article:author\" content=\"https:\/\/www.facebook.com\/kafexhiu.muharrem\/\" \/>\n<meta property=\"article:published_time\" content=\"2023-06-09T08:11:07+00:00\" \/>\n<meta property=\"og:image\" content=\"https:\/\/permbledhja.com\/wp-content\/uploads\/2022\/10\/01-droga-ne-gjakove.jpg\" \/>\n\t<meta property=\"og:image:width\" content=\"1920\" \/>\n\t<meta property=\"og:image:height\" content=\"1080\" \/>\n\t<meta property=\"og:image:type\" content=\"image\/jpeg\" \/>\n<meta name=\"author\" content=\"P\u00ebrmbledhja\" \/>\n<meta name=\"twitter:card\" content=\"summary_large_image\" \/>\n<meta name=\"twitter:label1\" content=\"Written by\" \/>\n\t<meta name=\"twitter:data1\" content=\"P\u00ebrmbledhja\" \/>\n\t<meta name=\"twitter:label2\" content=\"Est. reading time\" \/>\n\t<meta name=\"twitter:data2\" content=\"1 minut\u00eb\" \/>\n<script type=\"application\/ld+json\" class=\"yoast-schema-graph\">{\"@context\":\"https:\/\/schema.org\",\"@graph\":[{\"@type\":\"Article\",\"@id\":\"https:\/\/permbledhja.com\/arrestohet-i-dyshuari-qe-vodhi-para-ne-teqene-e-gjakoves\/#article\",\"isPartOf\":{\"@id\":\"https:\/\/permbledhja.com\/arrestohet-i-dyshuari-qe-vodhi-para-ne-teqene-e-gjakoves\/\"},\"author\":{\"name\":\"P\u00ebrmbledhja\",\"@id\":\"https:\/\/permbledhja.com\/#\/schema\/person\/0d064377258d3221e50693947b9eb4fe\"},\"headline\":\"Arrestohet i dyshuari q\u00eb vodhi para n\u00eb Teqen\u00eb e Gjakov\u00ebs\",\"datePublished\":\"2023-06-09T08:11:07+00:00\",\"dateModified\":\"2023-06-09T08:11:07+00:00\",\"mainEntityOfPage\":{\"@id\":\"https:\/\/permbledhja.com\/arrestohet-i-dyshuari-qe-vodhi-para-ne-teqene-e-gjakoves\/\"},\"wordCount\":193,\"publisher\":{\"@id\":\"https:\/\/permbledhja.com\/#organization\"},\"articleSection\":[\"Gjakov\u00eb\",\"Komb\u00ebtare\",\"Lajme\"],\"inLanguage\":\"sq\"},{\"@type\":\"WebPage\",\"@id\":\"https:\/\/permbledhja.com\/arrestohet-i-dyshuari-qe-vodhi-para-ne-teqene-e-gjakoves\/\",\"url\":\"https:\/\/permbledhja.com\/arrestohet-i-dyshuari-qe-vodhi-para-ne-teqene-e-gjakoves\/\",\"name\":\"Arrestohet i dyshuari q\u00eb vodhi para n\u00eb Teqen\u00eb e Gjakov\u00ebs\",\"isPartOf\":{\"@id\":\"https:\/\/permbledhja.com\/#website\"},\"datePublished\":\"2023-06-09T08:11:07+00:00\",\"dateModified\":\"2023-06-09T08:11:07+00:00\",\"breadcrumb\":{\"@id\":\"https:\/\/permbledhja.com\/arrestohet-i-dyshuari-qe-vodhi-para-ne-teqene-e-gjakoves\/#breadcrumb\"},\"inLanguage\":\"sq\",\"potentialAction\":[{\"@type\":\"ReadAction\",\"target\":[\"https:\/\/permbledhja.com\/arrestohet-i-dyshuari-qe-vodhi-para-ne-teqene-e-gjakoves\/\"]}]},{\"@type\":\"BreadcrumbList\",\"@id\":\"https:\/\/permbledhja.com\/arrestohet-i-dyshuari-qe-vodhi-para-ne-teqene-e-gjakoves\/#breadcrumb\",\"itemListElement\":[{\"@type\":\"ListItem\",\"position\":1,\"name\":\"Ballina\",\"item\":\"https:\/\/permbledhja.com\/sq\/\"},{\"@type\":\"ListItem\",\"position\":2,\"name\":\"Arrestohet i dyshuari q\u00eb vodhi para n\u00eb Teqen\u00eb e Gjakov\u00ebs\"}]},{\"@type\":\"WebSite\",\"@id\":\"https:\/\/permbledhja.com\/#website\",\"url\":\"https:\/\/permbledhja.com\/\",\"name\":\"Ve\u00e7 artikuj p\u00ebrmbledh\u00ebs\",\"description\":\"\",\"publisher\":{\"@id\":\"https:\/\/permbledhja.com\/#organization\"},\"potentialAction\":[{\"@type\":\"SearchAction\",\"target\":{\"@type\":\"EntryPoint\",\"urlTemplate\":\"https:\/\/permbledhja.com\/?s={search_term_string}\"},\"query-input\":\"required name=search_term_string\"}],\"inLanguage\":\"sq\"},{\"@type\":\"Organization\",\"@id\":\"https:\/\/permbledhja.com\/#organization\",\"name\":\"MK Media & Pr\",\"url\":\"https:\/\/permbledhja.com\/\",\"logo\":{\"@type\":\"ImageObject\",\"inLanguage\":\"sq\",\"@id\":\"https:\/\/permbledhja.com\/#\/schema\/logo\/image\/\",\"url\":\"https:\/\/permbledhja.com\/wp-content\/uploads\/2021\/12\/07-Press-Logo.jpg\",\"contentUrl\":\"https:\/\/permbledhja.com\/wp-content\/uploads\/2021\/12\/07-Press-Logo.jpg\",\"width\":512,\"height\":512,\"caption\":\"MK Media & Pr\"},\"image\":{\"@id\":\"https:\/\/permbledhja.com\/#\/schema\/logo\/image\/\"},\"sameAs\":[\"https:\/\/www.facebook.com\/press07\/\"]},{\"@type\":\"Person\",\"@id\":\"https:\/\/permbledhja.com\/#\/schema\/person\/0d064377258d3221e50693947b9eb4fe\",\"name\":\"P\u00ebrmbledhja\",\"image\":{\"@type\":\"ImageObject\",\"inLanguage\":\"sq\",\"@id\":\"https:\/\/permbledhja.com\/#\/schema\/person\/image\/\",\"url\":\"https:\/\/permbledhja.com\/wp-content\/uploads\/2026\/01\/452004717_1040944174702970_8932037511805513407_n-96x96.jpg\",\"contentUrl\":\"https:\/\/permbledhja.com\/wp-content\/uploads\/2026\/01\/452004717_1040944174702970_8932037511805513407_n-96x96.jpg\",\"caption\":\"P\u00ebrmbledhja\"},\"sameAs\":[\"https:\/\/www.facebook.com\/kafexhiu.muharrem\/\",\"https:\/\/www.instagram.com\/muharrem_kafexhiu\/\"],\"url\":\"https:\/\/permbledhja.com\/sq\/author\/admin\/\"}]}<\/script>\n<!-- \/ Yoast SEO plugin. -->","yoast_head_json":{"title":"Arrestohet i dyshuari q\u00eb vodhi para n\u00eb Teqen\u00eb e Gjakov\u00ebs","robots":{"index":"index","follow":"follow","max-snippet":"max-snippet:-1","max-image-preview":"max-image-preview:large","max-video-preview":"max-video-preview:-1"},"canonical":"https:\/\/permbledhja.com\/sq\/arrestohet-i-dyshuari-qe-vodhi-para-ne-teqene-e-gjakoves\/","og_locale":"sq_AL","og_type":"article","og_title":"Arrestohet i dyshuari q\u00eb vodhi para n\u00eb Teqen\u00eb e Gjakov\u00ebs","og_description":"Policia n\u00eb Gjakov\u00eb njofton se gjat\u00eb dit\u00ebs s\u00eb djeshme \u00ebsht\u00eb arrestuar nj\u00eb 48-vje\u00e7ar me inicialet Xh. Th., i cili dyshohet se me dat\u00eb 22.05.2023 kishte dep\u00ebrtuar brenda teqes\u00eb duke vjedhur nga aty dy kasaforta me para t\u00eb gatshme n\u00eb vler\u00eb t\u00eb konsiderueshme, disa \u00e7el\u00ebsa personal dhe disa stoli t\u00eb arit. Organet e rendit njoftojn\u00eb se [&hellip;]","og_url":"https:\/\/permbledhja.com\/sq\/arrestohet-i-dyshuari-qe-vodhi-para-ne-teqene-e-gjakoves\/","og_site_name":"Ve\u00e7 artikuj p\u00ebrmbledh\u00ebs","article_publisher":"https:\/\/www.facebook.com\/press07\/","article_author":"https:\/\/www.facebook.com\/kafexhiu.muharrem\/","article_published_time":"2023-06-09T08:11:07+00:00","og_image":[{"width":1920,"height":1080,"url":"https:\/\/permbledhja.com\/wp-content\/uploads\/2022\/10\/01-droga-ne-gjakove.jpg","type":"image\/jpeg"}],"author":"P\u00ebrmbledhja","twitter_card":"summary_large_image","twitter_misc":{"Written by":"P\u00ebrmbledhja","Est. reading time":"1 minut\u00eb"},"schema":{"@context":"https:\/\/schema.org","@graph":[{"@type":"Article","@id":"https:\/\/permbledhja.com\/arrestohet-i-dyshuari-qe-vodhi-para-ne-teqene-e-gjakoves\/#article","isPartOf":{"@id":"https:\/\/permbledhja.com\/arrestohet-i-dyshuari-qe-vodhi-para-ne-teqene-e-gjakoves\/"},"author":{"name":"P\u00ebrmbledhja","@id":"https:\/\/permbledhja.com\/#\/schema\/person\/0d064377258d3221e50693947b9eb4fe"},"headline":"Arrestohet i dyshuari q\u00eb vodhi para n\u00eb Teqen\u00eb e Gjakov\u00ebs","datePublished":"2023-06-09T08:11:07+00:00","dateModified":"2023-06-09T08:11:07+00:00","mainEntityOfPage":{"@id":"https:\/\/permbledhja.com\/arrestohet-i-dyshuari-qe-vodhi-para-ne-teqene-e-gjakoves\/"},"wordCount":193,"publisher":{"@id":"https:\/\/permbledhja.com\/#organization"},"articleSection":["Gjakov\u00eb","Komb\u00ebtare","Lajme"],"inLanguage":"sq"},{"@type":"WebPage","@id":"https:\/\/permbledhja.com\/arrestohet-i-dyshuari-qe-vodhi-para-ne-teqene-e-gjakoves\/","url":"https:\/\/permbledhja.com\/arrestohet-i-dyshuari-qe-vodhi-para-ne-teqene-e-gjakoves\/","name":"Arrestohet i dyshuari q\u00eb vodhi para n\u00eb Teqen\u00eb e Gjakov\u00ebs","isPartOf":{"@id":"https:\/\/permbledhja.com\/#website"},"datePublished":"2023-06-09T08:11:07+00:00","dateModified":"2023-06-09T08:11:07+00:00","breadcrumb":{"@id":"https:\/\/permbledhja.com\/arrestohet-i-dyshuari-qe-vodhi-para-ne-teqene-e-gjakoves\/#breadcrumb"},"inLanguage":"sq","potentialAction":[{"@type":"ReadAction","target":["https:\/\/permbledhja.com\/arrestohet-i-dyshuari-qe-vodhi-para-ne-teqene-e-gjakoves\/"]}]},{"@type":"BreadcrumbList","@id":"https:\/\/permbledhja.com\/arrestohet-i-dyshuari-qe-vodhi-para-ne-teqene-e-gjakoves\/#breadcrumb","itemListElement":[{"@type":"ListItem","position":1,"name":"Ballina","item":"https:\/\/permbledhja.com\/sq\/"},{"@type":"ListItem","position":2,"name":"Arrestohet i dyshuari q\u00eb vodhi para n\u00eb Teqen\u00eb e Gjakov\u00ebs"}]},{"@type":"WebSite","@id":"https:\/\/permbledhja.com\/#website","url":"https:\/\/permbledhja.com\/","name":"Ve\u00e7 artikuj p\u00ebrmbledh\u00ebs","description":"","publisher":{"@id":"https:\/\/permbledhja.com\/#organization"},"potentialAction":[{"@type":"SearchAction","target":{"@type":"EntryPoint","urlTemplate":"https:\/\/permbledhja.com\/?s={search_term_string}"},"query-input":"required name=search_term_string"}],"inLanguage":"sq"},{"@type":"Organization","@id":"https:\/\/permbledhja.com\/#organization","name":"MK Media & Pr","url":"https:\/\/permbledhja.com\/","logo":{"@type":"ImageObject","inLanguage":"sq","@id":"https:\/\/permbledhja.com\/#\/schema\/logo\/image\/","url":"https:\/\/permbledhja.com\/wp-content\/uploads\/2021\/12\/07-Press-Logo.jpg","contentUrl":"https:\/\/permbledhja.com\/wp-content\/uploads\/2021\/12\/07-Press-Logo.jpg","width":512,"height":512,"caption":"MK Media & Pr"},"image":{"@id":"https:\/\/permbledhja.com\/#\/schema\/logo\/image\/"},"sameAs":["https:\/\/www.facebook.com\/press07\/"]},{"@type":"Person","@id":"https:\/\/permbledhja.com\/#\/schema\/person\/0d064377258d3221e50693947b9eb4fe","name":"P\u00ebrmbledhja","image":{"@type":"ImageObject","inLanguage":"sq","@id":"https:\/\/permbledhja.com\/#\/schema\/person\/image\/","url":"https:\/\/permbledhja.com\/wp-content\/uploads\/2026\/01\/452004717_1040944174702970_8932037511805513407_n-96x96.jpg","contentUrl":"https:\/\/permbledhja.com\/wp-content\/uploads\/2026\/01\/452004717_1040944174702970_8932037511805513407_n-96x96.jpg","caption":"P\u00ebrmbledhja"},"sameAs":["https:\/\/www.facebook.com\/kafexhiu.muharrem\/","https:\/\/www.instagram.com\/muharrem_kafexhiu\/"],"url":"https:\/\/permbledhja.com\/sq\/author\/admin\/"}]}},"_links":{"self":[{"href":"https:\/\/permbledhja.com\/sq\/wp-json\/wp\/v2\/posts\/15905"}],"collection":[{"href":"https:\/\/permbledhja.com\/sq\/wp-json\/wp\/v2\/posts"}],"about":[{"href":"https:\/\/permbledhja.com\/sq\/wp-json\/wp\/v2\/types\/post"}],"author":[{"embeddable":true,"href":"https:\/\/permbledhja.com\/sq\/wp-json\/wp\/v2\/users\/1"}],"replies":[{"embeddable":true,"href":"https:\/\/permbledhja.com\/sq\/wp-json\/wp\/v2\/comments?post=15905"}],"version-history":[{"count":1,"href":"https:\/\/permbledhja.com\/sq\/wp-json\/wp\/v2\/posts\/15905\/revisions"}],"predecessor-version":[{"id":15906,"href":"https:\/\/permbledhja.com\/sq\/wp-json\/wp\/v2\/posts\/15905\/revisions\/15906"}],"wp:featuredmedia":[{"embeddable":true,"href":"https:\/\/permbledhja.com\/sq\/wp-json\/wp\/v2\/media\/8604"}],"wp:attachment":[{"href":"https:\/\/permbledhja.com\/sq\/wp-json\/wp\/v2\/media?parent=15905"}],"wp:term":[{"taxonomy":"category","embeddable":true,"href":"https:\/\/permbledhja.com\/sq\/wp-json\/wp\/v2\/categories?post=15905"},{"taxonomy":"post_tag","embeddable":true,"href":"https:\/\/permbledhja.com\/sq\/wp-json\/wp\/v2\/tags?post=15905"}],"curies":[{"name":"wp","href":"https:\/\/api.w.org\/{rel}","templated":true}]}}