{"id":1589,"date":"2022-07-06T19:33:40","date_gmt":"2022-07-06T19:33:40","guid":{"rendered":"https:\/\/permbledhja.com\/?p=1589"},"modified":"2022-07-06T19:33:40","modified_gmt":"2022-07-06T19:33:40","slug":"vdes-mjeku-dhe-profesori-i-njohur-kosovar","status":"publish","type":"post","link":"https:\/\/permbledhja.com\/sq\/vdes-mjeku-dhe-profesori-i-njohur-kosovar\/","title":{"rendered":"Vdes mjeku dhe profesori i njohur kosovar"},"content":{"rendered":"<p><strong>Sot ka vdekur doktori i njohur shqiptar Ali Iljazi.<\/strong><\/p>\n<p>Vdekjen e Iljazit e ka njoftuar rektori i Universitetit t\u00eb Gjakov\u00ebs, Artan Nimani.<\/p>\n<p>https:\/\/permbledhja.com\/shqiptaret-u-rrahen-e-u-gjakosen-ne-perugia-shkak-nje-vajze-italiane\/<\/p>\n<p>\u201cP\u00ebrmes k\u00ebtij komunikimi, n\u00eb emrin tim dhe n\u00eb em\u00ebr t\u00eb Universitetit q\u00eb drejtoj, shpreh dhimbjen e thell\u00eb p\u00ebr ndarjen nga jeta t\u00eb Prof. Dr. Ali Iljazi , ish \u2013 profesorit t\u00eb Universitetit \u201cFehmi Agani\u201d Gjakov\u00eb. Profesor Iljazi ka dh\u00ebn\u00eb kontribut t\u00eb jasht\u00ebzakonsh\u00ebm n\u00eb edukimin e shum\u00eb brezave n\u00eb l\u00ebmin e shkencave mjek\u00ebsore, si n\u00eb Kosov\u00eb, po ashtu dhe n\u00eb trojet etnike shqiptare\u201d.<\/p>\n<p>\u201cNdaj, sot, ne, stafi i universitetit dhe student\u00ebt e profesorit t\u00eb \u00e7muar, u shprehim ngush\u00ebllimet tona m\u00eb t\u00eb thella familjes Iljazi, koleg\u00ebve dhe gjith\u00eb miqve t\u00eb tij\u201d, ka njoftuar Nimani.<\/p>\n<p>Prof. Dr. Ali Iljazi, ishte dekani i par\u00eb i Fakultetit t\u00eb Mjek\u00ebsis\u00eb n\u00eb Universitetin \u201cFehmi Agani\u201d Gjakov\u00eb.<\/p>\n","protected":false},"excerpt":{"rendered":"<p>Sot ka vdekur doktori i njohur shqiptar Ali Iljazi. Vdekjen e Iljazit e ka njoftuar rektori i Universitetit t\u00eb Gjakov\u00ebs, Artan Nimani. https:\/\/permbledhja.com\/shqiptaret-u-rrahen-e-u-gjakosen-ne-perugia-shkak-nje-vajze-italiane\/ \u201cP\u00ebrmes k\u00ebtij komunikimi, n\u00eb emrin tim dhe n\u00eb em\u00ebr t\u00eb Universitetit q\u00eb drejtoj, shpreh dhimbjen e thell\u00eb p\u00ebr ndarjen nga jeta t\u00eb Prof. Dr. Ali Iljazi , ish \u2013 profesorit t\u00eb Universitetit [&hellip;]<\/p>\n","protected":false},"author":1,"featured_media":996,"comment_status":"closed","ping_status":"closed","sticky":false,"template":"","format":"standard","meta":{"_monsterinsights_skip_tracking":false,"_monsterinsights_sitenote_active":false,"_monsterinsights_sitenote_note":"","_monsterinsights_sitenote_category":0,"_uf_show_specific_survey":0,"_uf_disable_surveys":false,"footnotes":""},"categories":[23,15],"tags":[238,257],"yoast_head":"<!-- This site is optimized with the Yoast SEO plugin v21.5 - https:\/\/yoast.com\/wordpress\/plugins\/seo\/ -->\n<title>Vdes mjeku dhe profesori i njohur kosovar<\/title>\n<meta name=\"robots\" content=\"index, follow, max-snippet:-1, max-image-preview:large, max-video-preview:-1\" \/>\n<link rel=\"canonical\" href=\"https:\/\/permbledhja.com\/sq\/vdes-mjeku-dhe-profesori-i-njohur-kosovar\/\" \/>\n<meta property=\"og:locale\" content=\"sq_AL\" \/>\n<meta property=\"og:type\" content=\"article\" \/>\n<meta property=\"og:title\" content=\"Vdes mjeku dhe profesori i njohur kosovar\" \/>\n<meta property=\"og:description\" content=\"Sot ka vdekur doktori i njohur shqiptar Ali Iljazi. Vdekjen e Iljazit e ka njoftuar rektori i Universitetit t\u00eb Gjakov\u00ebs, Artan Nimani. https:\/\/permbledhja.com\/shqiptaret-u-rrahen-e-u-gjakosen-ne-perugia-shkak-nje-vajze-italiane\/ \u201cP\u00ebrmes k\u00ebtij komunikimi, n\u00eb emrin tim dhe n\u00eb em\u00ebr t\u00eb Universitetit q\u00eb drejtoj, shpreh dhimbjen e thell\u00eb p\u00ebr ndarjen nga jeta t\u00eb Prof. Dr. Ali Iljazi , ish \u2013 profesorit t\u00eb Universitetit [&hellip;]\" \/>\n<meta property=\"og:url\" content=\"https:\/\/permbledhja.com\/sq\/vdes-mjeku-dhe-profesori-i-njohur-kosovar\/\" \/>\n<meta property=\"og:site_name\" content=\"Ve\u00e7 artikuj p\u00ebrmbledh\u00ebs\" \/>\n<meta property=\"article:publisher\" content=\"https:\/\/www.facebook.com\/press07\/\" \/>\n<meta property=\"article:author\" content=\"https:\/\/www.facebook.com\/kafexhiu.muharrem\/\" \/>\n<meta property=\"article:published_time\" content=\"2022-07-06T19:33:40+00:00\" \/>\n<meta property=\"og:image\" content=\"https:\/\/permbledhja.com\/wp-content\/uploads\/2022\/07\/Blue-Breaking-News-YouTube-Channel-Art-1024x576.png\" \/>\n\t<meta property=\"og:image:width\" content=\"1024\" \/>\n\t<meta property=\"og:image:height\" content=\"576\" \/>\n\t<meta property=\"og:image:type\" content=\"image\/png\" \/>\n<meta name=\"author\" content=\"P\u00ebrmbledhja\" \/>\n<meta name=\"twitter:card\" content=\"summary_large_image\" \/>\n<meta name=\"twitter:label1\" content=\"Written by\" \/>\n\t<meta name=\"twitter:data1\" content=\"P\u00ebrmbledhja\" \/>\n\t<meta name=\"twitter:label2\" content=\"Est. reading time\" \/>\n\t<meta name=\"twitter:data2\" content=\"1 minut\u00eb\" \/>\n<script type=\"application\/ld+json\" class=\"yoast-schema-graph\">{\"@context\":\"https:\/\/schema.org\",\"@graph\":[{\"@type\":\"Article\",\"@id\":\"https:\/\/permbledhja.com\/vdes-mjeku-dhe-profesori-i-njohur-kosovar\/#article\",\"isPartOf\":{\"@id\":\"https:\/\/permbledhja.com\/vdes-mjeku-dhe-profesori-i-njohur-kosovar\/\"},\"author\":{\"name\":\"P\u00ebrmbledhja\",\"@id\":\"https:\/\/permbledhja.com\/#\/schema\/person\/0d064377258d3221e50693947b9eb4fe\"},\"headline\":\"Vdes mjeku dhe profesori i njohur kosovar\",\"datePublished\":\"2022-07-06T19:33:40+00:00\",\"dateModified\":\"2022-07-06T19:33:40+00:00\",\"mainEntityOfPage\":{\"@id\":\"https:\/\/permbledhja.com\/vdes-mjeku-dhe-profesori-i-njohur-kosovar\/\"},\"wordCount\":154,\"publisher\":{\"@id\":\"https:\/\/permbledhja.com\/#organization\"},\"keywords\":[\"Mjeku\",\"Profesori\"],\"articleSection\":[\"Komb\u00ebtare\",\"Lajme\"],\"inLanguage\":\"sq\"},{\"@type\":\"WebPage\",\"@id\":\"https:\/\/permbledhja.com\/vdes-mjeku-dhe-profesori-i-njohur-kosovar\/\",\"url\":\"https:\/\/permbledhja.com\/vdes-mjeku-dhe-profesori-i-njohur-kosovar\/\",\"name\":\"Vdes mjeku dhe profesori i njohur kosovar\",\"isPartOf\":{\"@id\":\"https:\/\/permbledhja.com\/#website\"},\"datePublished\":\"2022-07-06T19:33:40+00:00\",\"dateModified\":\"2022-07-06T19:33:40+00:00\",\"breadcrumb\":{\"@id\":\"https:\/\/permbledhja.com\/vdes-mjeku-dhe-profesori-i-njohur-kosovar\/#breadcrumb\"},\"inLanguage\":\"sq\",\"potentialAction\":[{\"@type\":\"ReadAction\",\"target\":[\"https:\/\/permbledhja.com\/vdes-mjeku-dhe-profesori-i-njohur-kosovar\/\"]}]},{\"@type\":\"BreadcrumbList\",\"@id\":\"https:\/\/permbledhja.com\/vdes-mjeku-dhe-profesori-i-njohur-kosovar\/#breadcrumb\",\"itemListElement\":[{\"@type\":\"ListItem\",\"position\":1,\"name\":\"Ballina\",\"item\":\"https:\/\/permbledhja.com\/sq\/\"},{\"@type\":\"ListItem\",\"position\":2,\"name\":\"Vdes mjeku dhe profesori i njohur kosovar\"}]},{\"@type\":\"WebSite\",\"@id\":\"https:\/\/permbledhja.com\/#website\",\"url\":\"https:\/\/permbledhja.com\/\",\"name\":\"Ve\u00e7 artikuj p\u00ebrmbledh\u00ebs\",\"description\":\"\",\"publisher\":{\"@id\":\"https:\/\/permbledhja.com\/#organization\"},\"potentialAction\":[{\"@type\":\"SearchAction\",\"target\":{\"@type\":\"EntryPoint\",\"urlTemplate\":\"https:\/\/permbledhja.com\/?s={search_term_string}\"},\"query-input\":\"required name=search_term_string\"}],\"inLanguage\":\"sq\"},{\"@type\":\"Organization\",\"@id\":\"https:\/\/permbledhja.com\/#organization\",\"name\":\"MK Media & Pr\",\"url\":\"https:\/\/permbledhja.com\/\",\"logo\":{\"@type\":\"ImageObject\",\"inLanguage\":\"sq\",\"@id\":\"https:\/\/permbledhja.com\/#\/schema\/logo\/image\/\",\"url\":\"https:\/\/permbledhja.com\/wp-content\/uploads\/2021\/12\/07-Press-Logo.jpg\",\"contentUrl\":\"https:\/\/permbledhja.com\/wp-content\/uploads\/2021\/12\/07-Press-Logo.jpg\",\"width\":512,\"height\":512,\"caption\":\"MK Media & Pr\"},\"image\":{\"@id\":\"https:\/\/permbledhja.com\/#\/schema\/logo\/image\/\"},\"sameAs\":[\"https:\/\/www.facebook.com\/press07\/\"]},{\"@type\":\"Person\",\"@id\":\"https:\/\/permbledhja.com\/#\/schema\/person\/0d064377258d3221e50693947b9eb4fe\",\"name\":\"P\u00ebrmbledhja\",\"image\":{\"@type\":\"ImageObject\",\"inLanguage\":\"sq\",\"@id\":\"https:\/\/permbledhja.com\/#\/schema\/person\/image\/\",\"url\":\"https:\/\/permbledhja.com\/wp-content\/uploads\/2026\/01\/452004717_1040944174702970_8932037511805513407_n-96x96.jpg\",\"contentUrl\":\"https:\/\/permbledhja.com\/wp-content\/uploads\/2026\/01\/452004717_1040944174702970_8932037511805513407_n-96x96.jpg\",\"caption\":\"P\u00ebrmbledhja\"},\"sameAs\":[\"https:\/\/www.facebook.com\/kafexhiu.muharrem\/\",\"https:\/\/www.instagram.com\/muharrem_kafexhiu\/\"],\"url\":\"https:\/\/permbledhja.com\/sq\/author\/admin\/\"}]}<\/script>\n<!-- \/ Yoast SEO plugin. -->","yoast_head_json":{"title":"Vdes mjeku dhe profesori i njohur kosovar","robots":{"index":"index","follow":"follow","max-snippet":"max-snippet:-1","max-image-preview":"max-image-preview:large","max-video-preview":"max-video-preview:-1"},"canonical":"https:\/\/permbledhja.com\/sq\/vdes-mjeku-dhe-profesori-i-njohur-kosovar\/","og_locale":"sq_AL","og_type":"article","og_title":"Vdes mjeku dhe profesori i njohur kosovar","og_description":"Sot ka vdekur doktori i njohur shqiptar Ali Iljazi. Vdekjen e Iljazit e ka njoftuar rektori i Universitetit t\u00eb Gjakov\u00ebs, Artan Nimani. https:\/\/permbledhja.com\/shqiptaret-u-rrahen-e-u-gjakosen-ne-perugia-shkak-nje-vajze-italiane\/ \u201cP\u00ebrmes k\u00ebtij komunikimi, n\u00eb emrin tim dhe n\u00eb em\u00ebr t\u00eb Universitetit q\u00eb drejtoj, shpreh dhimbjen e thell\u00eb p\u00ebr ndarjen nga jeta t\u00eb Prof. Dr. Ali Iljazi , ish \u2013 profesorit t\u00eb Universitetit [&hellip;]","og_url":"https:\/\/permbledhja.com\/sq\/vdes-mjeku-dhe-profesori-i-njohur-kosovar\/","og_site_name":"Ve\u00e7 artikuj p\u00ebrmbledh\u00ebs","article_publisher":"https:\/\/www.facebook.com\/press07\/","article_author":"https:\/\/www.facebook.com\/kafexhiu.muharrem\/","article_published_time":"2022-07-06T19:33:40+00:00","og_image":[{"width":1024,"height":576,"url":"https:\/\/permbledhja.com\/wp-content\/uploads\/2022\/07\/Blue-Breaking-News-YouTube-Channel-Art-1024x576.png","type":"image\/png"}],"author":"P\u00ebrmbledhja","twitter_card":"summary_large_image","twitter_misc":{"Written by":"P\u00ebrmbledhja","Est. reading time":"1 minut\u00eb"},"schema":{"@context":"https:\/\/schema.org","@graph":[{"@type":"Article","@id":"https:\/\/permbledhja.com\/vdes-mjeku-dhe-profesori-i-njohur-kosovar\/#article","isPartOf":{"@id":"https:\/\/permbledhja.com\/vdes-mjeku-dhe-profesori-i-njohur-kosovar\/"},"author":{"name":"P\u00ebrmbledhja","@id":"https:\/\/permbledhja.com\/#\/schema\/person\/0d064377258d3221e50693947b9eb4fe"},"headline":"Vdes mjeku dhe profesori i njohur kosovar","datePublished":"2022-07-06T19:33:40+00:00","dateModified":"2022-07-06T19:33:40+00:00","mainEntityOfPage":{"@id":"https:\/\/permbledhja.com\/vdes-mjeku-dhe-profesori-i-njohur-kosovar\/"},"wordCount":154,"publisher":{"@id":"https:\/\/permbledhja.com\/#organization"},"keywords":["Mjeku","Profesori"],"articleSection":["Komb\u00ebtare","Lajme"],"inLanguage":"sq"},{"@type":"WebPage","@id":"https:\/\/permbledhja.com\/vdes-mjeku-dhe-profesori-i-njohur-kosovar\/","url":"https:\/\/permbledhja.com\/vdes-mjeku-dhe-profesori-i-njohur-kosovar\/","name":"Vdes mjeku dhe profesori i njohur kosovar","isPartOf":{"@id":"https:\/\/permbledhja.com\/#website"},"datePublished":"2022-07-06T19:33:40+00:00","dateModified":"2022-07-06T19:33:40+00:00","breadcrumb":{"@id":"https:\/\/permbledhja.com\/vdes-mjeku-dhe-profesori-i-njohur-kosovar\/#breadcrumb"},"inLanguage":"sq","potentialAction":[{"@type":"ReadAction","target":["https:\/\/permbledhja.com\/vdes-mjeku-dhe-profesori-i-njohur-kosovar\/"]}]},{"@type":"BreadcrumbList","@id":"https:\/\/permbledhja.com\/vdes-mjeku-dhe-profesori-i-njohur-kosovar\/#breadcrumb","itemListElement":[{"@type":"ListItem","position":1,"name":"Ballina","item":"https:\/\/permbledhja.com\/sq\/"},{"@type":"ListItem","position":2,"name":"Vdes mjeku dhe profesori i njohur kosovar"}]},{"@type":"WebSite","@id":"https:\/\/permbledhja.com\/#website","url":"https:\/\/permbledhja.com\/","name":"Ve\u00e7 artikuj p\u00ebrmbledh\u00ebs","description":"","publisher":{"@id":"https:\/\/permbledhja.com\/#organization"},"potentialAction":[{"@type":"SearchAction","target":{"@type":"EntryPoint","urlTemplate":"https:\/\/permbledhja.com\/?s={search_term_string}"},"query-input":"required name=search_term_string"}],"inLanguage":"sq"},{"@type":"Organization","@id":"https:\/\/permbledhja.com\/#organization","name":"MK Media & Pr","url":"https:\/\/permbledhja.com\/","logo":{"@type":"ImageObject","inLanguage":"sq","@id":"https:\/\/permbledhja.com\/#\/schema\/logo\/image\/","url":"https:\/\/permbledhja.com\/wp-content\/uploads\/2021\/12\/07-Press-Logo.jpg","contentUrl":"https:\/\/permbledhja.com\/wp-content\/uploads\/2021\/12\/07-Press-Logo.jpg","width":512,"height":512,"caption":"MK Media & Pr"},"image":{"@id":"https:\/\/permbledhja.com\/#\/schema\/logo\/image\/"},"sameAs":["https:\/\/www.facebook.com\/press07\/"]},{"@type":"Person","@id":"https:\/\/permbledhja.com\/#\/schema\/person\/0d064377258d3221e50693947b9eb4fe","name":"P\u00ebrmbledhja","image":{"@type":"ImageObject","inLanguage":"sq","@id":"https:\/\/permbledhja.com\/#\/schema\/person\/image\/","url":"https:\/\/permbledhja.com\/wp-content\/uploads\/2026\/01\/452004717_1040944174702970_8932037511805513407_n-96x96.jpg","contentUrl":"https:\/\/permbledhja.com\/wp-content\/uploads\/2026\/01\/452004717_1040944174702970_8932037511805513407_n-96x96.jpg","caption":"P\u00ebrmbledhja"},"sameAs":["https:\/\/www.facebook.com\/kafexhiu.muharrem\/","https:\/\/www.instagram.com\/muharrem_kafexhiu\/"],"url":"https:\/\/permbledhja.com\/sq\/author\/admin\/"}]}},"_links":{"self":[{"href":"https:\/\/permbledhja.com\/sq\/wp-json\/wp\/v2\/posts\/1589"}],"collection":[{"href":"https:\/\/permbledhja.com\/sq\/wp-json\/wp\/v2\/posts"}],"about":[{"href":"https:\/\/permbledhja.com\/sq\/wp-json\/wp\/v2\/types\/post"}],"author":[{"embeddable":true,"href":"https:\/\/permbledhja.com\/sq\/wp-json\/wp\/v2\/users\/1"}],"replies":[{"embeddable":true,"href":"https:\/\/permbledhja.com\/sq\/wp-json\/wp\/v2\/comments?post=1589"}],"version-history":[{"count":2,"href":"https:\/\/permbledhja.com\/sq\/wp-json\/wp\/v2\/posts\/1589\/revisions"}],"predecessor-version":[{"id":1591,"href":"https:\/\/permbledhja.com\/sq\/wp-json\/wp\/v2\/posts\/1589\/revisions\/1591"}],"wp:featuredmedia":[{"embeddable":true,"href":"https:\/\/permbledhja.com\/sq\/wp-json\/wp\/v2\/media\/996"}],"wp:attachment":[{"href":"https:\/\/permbledhja.com\/sq\/wp-json\/wp\/v2\/media?parent=1589"}],"wp:term":[{"taxonomy":"category","embeddable":true,"href":"https:\/\/permbledhja.com\/sq\/wp-json\/wp\/v2\/categories?post=1589"},{"taxonomy":"post_tag","embeddable":true,"href":"https:\/\/permbledhja.com\/sq\/wp-json\/wp\/v2\/tags?post=1589"}],"curies":[{"name":"wp","href":"https:\/\/api.w.org\/{rel}","templated":true}]}}