{"id":15813,"date":"2023-06-07T21:22:49","date_gmt":"2023-06-07T21:22:49","guid":{"rendered":"https:\/\/permbledhja.com\/?p=15813"},"modified":"2023-06-07T21:22:49","modified_gmt":"2023-06-07T21:22:49","slug":"perplasjet-kosove-shba-vjosa-osmani-mbron-kurtin-ne-reuters-mosmarreveshjet-ekzistojne-edhe-ne-familje","status":"publish","type":"post","link":"https:\/\/permbledhja.com\/sq\/perplasjet-kosove-shba-vjosa-osmani-mbron-kurtin-ne-reuters-mosmarreveshjet-ekzistojne-edhe-ne-familje\/","title":{"rendered":"&#8216;P\u00ebrplasjet&#8217; Kosov\u00eb &#8211; ShBA, Vjosa Osmani mbron Kurtin n\u00eb Reuters: Mosmarr\u00ebveshjet ekzistojn\u00eb edhe n\u00eb familje"},"content":{"rendered":"<h3>Presidentja e Kosov\u00ebs, Vjosa Osmani ka mbrojtur Kurtin sa u p\u00ebrket mosmarr\u00ebveshjeve t\u00eb fundit me faktorin nd\u00ebrkomb\u00ebtar.<\/h3>\n<p>N\u00eb nj\u00eb intervist\u00eb dh\u00ebn\u00eb agjencis\u00eb \u201cReuters\u201d ka th\u00ebn\u00eb se k\u00ebto keqkuptime jan\u00eb t\u00eb pranishme ndonj\u00ebher\u00eb mes miqve, p\u00ebrcjell lajmi.net.<\/p>\n<p>Tutje ajo shtoi se madje k\u00ebto mosmarr\u00ebveshje ndodhin edhe brenda familjes, andaj nuk duhet v\u00ebn\u00eb fokusin te to.<\/p>\n<p>Sipas Osmanit, pika e r\u00ebnd\u00ebsishme ku nuk kan\u00eb mosmarr\u00ebveshje me partner\u00ebt nd\u00ebrkomb\u00ebtar\u00eb \u00ebsht\u00eb \u00e7\u00ebshtja e integrimit euro-atlantik.<\/p>\n<p><em>\u201cKa momente kur ne kemi komunitetin nd\u00ebrkomb\u00ebtar p\u00ebr taktikat. Por edhe mes miqve m\u00eb t\u00eb mir\u00eb, edhe mes familjes, ju nganj\u00ebher\u00eb keni mosmarr\u00ebveshje. Ku ne nuk kemi mosmarr\u00ebveshje, sipas vler\u00ebsimit tim, me bashk\u00ebsin\u00eb nd\u00ebrkomb\u00ebtare, \u00ebsht\u00eb integrimi euro-atlantik i rajonit\u201d<\/em>, tha Osmani.<\/p>\n","protected":false},"excerpt":{"rendered":"<p>Presidentja e Kosov\u00ebs, Vjosa Osmani ka mbrojtur Kurtin sa u p\u00ebrket mosmarr\u00ebveshjeve t\u00eb fundit me faktorin nd\u00ebrkomb\u00ebtar. N\u00eb nj\u00eb intervist\u00eb dh\u00ebn\u00eb agjencis\u00eb \u201cReuters\u201d ka th\u00ebn\u00eb se k\u00ebto keqkuptime jan\u00eb t\u00eb pranishme ndonj\u00ebher\u00eb mes miqve, p\u00ebrcjell lajmi.net. Tutje ajo shtoi se madje k\u00ebto mosmarr\u00ebveshje ndodhin edhe brenda familjes, andaj nuk duhet v\u00ebn\u00eb fokusin te to. Sipas [&hellip;]<\/p>\n","protected":false},"author":1,"featured_media":2954,"comment_status":"closed","ping_status":"closed","sticky":false,"template":"","format":"standard","meta":{"_monsterinsights_skip_tracking":false,"_monsterinsights_sitenote_active":false,"_monsterinsights_sitenote_note":"","_monsterinsights_sitenote_category":0,"_uf_show_specific_survey":0,"_uf_disable_surveys":false,"footnotes":""},"categories":[1146],"tags":[163],"yoast_head":"<!-- This site is optimized with the Yoast SEO plugin v21.5 - https:\/\/yoast.com\/wordpress\/plugins\/seo\/ -->\n<title>&#039;P\u00ebrplasjet&#039; Kosov\u00eb - ShBA, Vjosa Osmani mbron Kurtin n\u00eb Reuters: Mosmarr\u00ebveshjet ekzistojn\u00eb edhe n\u00eb familje<\/title>\n<meta name=\"robots\" content=\"index, follow, max-snippet:-1, max-image-preview:large, max-video-preview:-1\" \/>\n<link rel=\"canonical\" href=\"https:\/\/permbledhja.com\/sq\/perplasjet-kosove-shba-vjosa-osmani-mbron-kurtin-ne-reuters-mosmarreveshjet-ekzistojne-edhe-ne-familje\/\" \/>\n<meta property=\"og:locale\" content=\"sq_AL\" \/>\n<meta property=\"og:type\" content=\"article\" \/>\n<meta property=\"og:title\" content=\"&#039;P\u00ebrplasjet&#039; Kosov\u00eb - ShBA, Vjosa Osmani mbron Kurtin n\u00eb Reuters: Mosmarr\u00ebveshjet ekzistojn\u00eb edhe n\u00eb familje\" \/>\n<meta property=\"og:description\" content=\"Presidentja e Kosov\u00ebs, Vjosa Osmani ka mbrojtur Kurtin sa u p\u00ebrket mosmarr\u00ebveshjeve t\u00eb fundit me faktorin nd\u00ebrkomb\u00ebtar. N\u00eb nj\u00eb intervist\u00eb dh\u00ebn\u00eb agjencis\u00eb \u201cReuters\u201d ka th\u00ebn\u00eb se k\u00ebto keqkuptime jan\u00eb t\u00eb pranishme ndonj\u00ebher\u00eb mes miqve, p\u00ebrcjell lajmi.net. Tutje ajo shtoi se madje k\u00ebto mosmarr\u00ebveshje ndodhin edhe brenda familjes, andaj nuk duhet v\u00ebn\u00eb fokusin te to. Sipas [&hellip;]\" \/>\n<meta property=\"og:url\" content=\"https:\/\/permbledhja.com\/sq\/perplasjet-kosove-shba-vjosa-osmani-mbron-kurtin-ne-reuters-mosmarreveshjet-ekzistojne-edhe-ne-familje\/\" \/>\n<meta property=\"og:site_name\" content=\"Ve\u00e7 artikuj p\u00ebrmbledh\u00ebs\" \/>\n<meta property=\"article:publisher\" content=\"https:\/\/www.facebook.com\/press07\/\" \/>\n<meta property=\"article:author\" content=\"https:\/\/www.facebook.com\/kafexhiu.muharrem\/\" \/>\n<meta property=\"article:published_time\" content=\"2023-06-07T21:22:49+00:00\" \/>\n<meta property=\"og:image\" content=\"https:\/\/permbledhja.com\/wp-content\/uploads\/2022\/07\/Vjosa-Osmani-dhe-Albin-Kurti-1-600x360-1.jpg\" \/>\n\t<meta property=\"og:image:width\" content=\"600\" \/>\n\t<meta property=\"og:image:height\" content=\"360\" \/>\n\t<meta property=\"og:image:type\" content=\"image\/jpeg\" \/>\n<meta name=\"author\" content=\"P\u00ebrmbledhja\" \/>\n<meta name=\"twitter:card\" content=\"summary_large_image\" \/>\n<meta name=\"twitter:label1\" content=\"Written by\" \/>\n\t<meta name=\"twitter:data1\" content=\"P\u00ebrmbledhja\" \/>\n\t<meta name=\"twitter:label2\" content=\"Est. reading time\" \/>\n\t<meta name=\"twitter:data2\" content=\"1 minut\u00eb\" \/>\n<script type=\"application\/ld+json\" class=\"yoast-schema-graph\">{\"@context\":\"https:\/\/schema.org\",\"@graph\":[{\"@type\":\"Article\",\"@id\":\"https:\/\/permbledhja.com\/perplasjet-kosove-shba-vjosa-osmani-mbron-kurtin-ne-reuters-mosmarreveshjet-ekzistojne-edhe-ne-familje\/#article\",\"isPartOf\":{\"@id\":\"https:\/\/permbledhja.com\/perplasjet-kosove-shba-vjosa-osmani-mbron-kurtin-ne-reuters-mosmarreveshjet-ekzistojne-edhe-ne-familje\/\"},\"author\":{\"name\":\"P\u00ebrmbledhja\",\"@id\":\"https:\/\/permbledhja.com\/#\/schema\/person\/0d064377258d3221e50693947b9eb4fe\"},\"headline\":\"&#8216;P\u00ebrplasjet&#8217; Kosov\u00eb &#8211; ShBA, Vjosa Osmani mbron Kurtin n\u00eb Reuters: Mosmarr\u00ebveshjet ekzistojn\u00eb edhe n\u00eb familje\",\"datePublished\":\"2023-06-07T21:22:49+00:00\",\"dateModified\":\"2023-06-07T21:22:49+00:00\",\"mainEntityOfPage\":{\"@id\":\"https:\/\/permbledhja.com\/perplasjet-kosove-shba-vjosa-osmani-mbron-kurtin-ne-reuters-mosmarreveshjet-ekzistojne-edhe-ne-familje\/\"},\"wordCount\":159,\"publisher\":{\"@id\":\"https:\/\/permbledhja.com\/#organization\"},\"keywords\":[\"Vjosa Osmani\"],\"articleSection\":[\"Kryesoret\"],\"inLanguage\":\"sq\"},{\"@type\":\"WebPage\",\"@id\":\"https:\/\/permbledhja.com\/perplasjet-kosove-shba-vjosa-osmani-mbron-kurtin-ne-reuters-mosmarreveshjet-ekzistojne-edhe-ne-familje\/\",\"url\":\"https:\/\/permbledhja.com\/perplasjet-kosove-shba-vjosa-osmani-mbron-kurtin-ne-reuters-mosmarreveshjet-ekzistojne-edhe-ne-familje\/\",\"name\":\"'P\u00ebrplasjet' Kosov\u00eb - ShBA, Vjosa Osmani mbron Kurtin n\u00eb Reuters: Mosmarr\u00ebveshjet ekzistojn\u00eb edhe n\u00eb familje\",\"isPartOf\":{\"@id\":\"https:\/\/permbledhja.com\/#website\"},\"datePublished\":\"2023-06-07T21:22:49+00:00\",\"dateModified\":\"2023-06-07T21:22:49+00:00\",\"breadcrumb\":{\"@id\":\"https:\/\/permbledhja.com\/perplasjet-kosove-shba-vjosa-osmani-mbron-kurtin-ne-reuters-mosmarreveshjet-ekzistojne-edhe-ne-familje\/#breadcrumb\"},\"inLanguage\":\"sq\",\"potentialAction\":[{\"@type\":\"ReadAction\",\"target\":[\"https:\/\/permbledhja.com\/perplasjet-kosove-shba-vjosa-osmani-mbron-kurtin-ne-reuters-mosmarreveshjet-ekzistojne-edhe-ne-familje\/\"]}]},{\"@type\":\"BreadcrumbList\",\"@id\":\"https:\/\/permbledhja.com\/perplasjet-kosove-shba-vjosa-osmani-mbron-kurtin-ne-reuters-mosmarreveshjet-ekzistojne-edhe-ne-familje\/#breadcrumb\",\"itemListElement\":[{\"@type\":\"ListItem\",\"position\":1,\"name\":\"Ballina\",\"item\":\"https:\/\/permbledhja.com\/sq\/\"},{\"@type\":\"ListItem\",\"position\":2,\"name\":\"&#8216;P\u00ebrplasjet&#8217; Kosov\u00eb &#8211; ShBA, Vjosa Osmani mbron Kurtin n\u00eb Reuters: Mosmarr\u00ebveshjet ekzistojn\u00eb edhe n\u00eb familje\"}]},{\"@type\":\"WebSite\",\"@id\":\"https:\/\/permbledhja.com\/#website\",\"url\":\"https:\/\/permbledhja.com\/\",\"name\":\"Ve\u00e7 artikuj p\u00ebrmbledh\u00ebs\",\"description\":\"\",\"publisher\":{\"@id\":\"https:\/\/permbledhja.com\/#organization\"},\"potentialAction\":[{\"@type\":\"SearchAction\",\"target\":{\"@type\":\"EntryPoint\",\"urlTemplate\":\"https:\/\/permbledhja.com\/?s={search_term_string}\"},\"query-input\":\"required name=search_term_string\"}],\"inLanguage\":\"sq\"},{\"@type\":\"Organization\",\"@id\":\"https:\/\/permbledhja.com\/#organization\",\"name\":\"MK Media & Pr\",\"url\":\"https:\/\/permbledhja.com\/\",\"logo\":{\"@type\":\"ImageObject\",\"inLanguage\":\"sq\",\"@id\":\"https:\/\/permbledhja.com\/#\/schema\/logo\/image\/\",\"url\":\"https:\/\/permbledhja.com\/wp-content\/uploads\/2021\/12\/07-Press-Logo.jpg\",\"contentUrl\":\"https:\/\/permbledhja.com\/wp-content\/uploads\/2021\/12\/07-Press-Logo.jpg\",\"width\":512,\"height\":512,\"caption\":\"MK Media & Pr\"},\"image\":{\"@id\":\"https:\/\/permbledhja.com\/#\/schema\/logo\/image\/\"},\"sameAs\":[\"https:\/\/www.facebook.com\/press07\/\"]},{\"@type\":\"Person\",\"@id\":\"https:\/\/permbledhja.com\/#\/schema\/person\/0d064377258d3221e50693947b9eb4fe\",\"name\":\"P\u00ebrmbledhja\",\"image\":{\"@type\":\"ImageObject\",\"inLanguage\":\"sq\",\"@id\":\"https:\/\/permbledhja.com\/#\/schema\/person\/image\/\",\"url\":\"https:\/\/permbledhja.com\/wp-content\/uploads\/2026\/01\/452004717_1040944174702970_8932037511805513407_n-96x96.jpg\",\"contentUrl\":\"https:\/\/permbledhja.com\/wp-content\/uploads\/2026\/01\/452004717_1040944174702970_8932037511805513407_n-96x96.jpg\",\"caption\":\"P\u00ebrmbledhja\"},\"sameAs\":[\"https:\/\/www.facebook.com\/kafexhiu.muharrem\/\",\"https:\/\/www.instagram.com\/muharrem_kafexhiu\/\"],\"url\":\"https:\/\/permbledhja.com\/sq\/author\/admin\/\"}]}<\/script>\n<!-- \/ Yoast SEO plugin. -->","yoast_head_json":{"title":"'P\u00ebrplasjet' Kosov\u00eb - ShBA, Vjosa Osmani mbron Kurtin n\u00eb Reuters: Mosmarr\u00ebveshjet ekzistojn\u00eb edhe n\u00eb familje","robots":{"index":"index","follow":"follow","max-snippet":"max-snippet:-1","max-image-preview":"max-image-preview:large","max-video-preview":"max-video-preview:-1"},"canonical":"https:\/\/permbledhja.com\/sq\/perplasjet-kosove-shba-vjosa-osmani-mbron-kurtin-ne-reuters-mosmarreveshjet-ekzistojne-edhe-ne-familje\/","og_locale":"sq_AL","og_type":"article","og_title":"'P\u00ebrplasjet' Kosov\u00eb - ShBA, Vjosa Osmani mbron Kurtin n\u00eb Reuters: Mosmarr\u00ebveshjet ekzistojn\u00eb edhe n\u00eb familje","og_description":"Presidentja e Kosov\u00ebs, Vjosa Osmani ka mbrojtur Kurtin sa u p\u00ebrket mosmarr\u00ebveshjeve t\u00eb fundit me faktorin nd\u00ebrkomb\u00ebtar. N\u00eb nj\u00eb intervist\u00eb dh\u00ebn\u00eb agjencis\u00eb \u201cReuters\u201d ka th\u00ebn\u00eb se k\u00ebto keqkuptime jan\u00eb t\u00eb pranishme ndonj\u00ebher\u00eb mes miqve, p\u00ebrcjell lajmi.net. Tutje ajo shtoi se madje k\u00ebto mosmarr\u00ebveshje ndodhin edhe brenda familjes, andaj nuk duhet v\u00ebn\u00eb fokusin te to. Sipas [&hellip;]","og_url":"https:\/\/permbledhja.com\/sq\/perplasjet-kosove-shba-vjosa-osmani-mbron-kurtin-ne-reuters-mosmarreveshjet-ekzistojne-edhe-ne-familje\/","og_site_name":"Ve\u00e7 artikuj p\u00ebrmbledh\u00ebs","article_publisher":"https:\/\/www.facebook.com\/press07\/","article_author":"https:\/\/www.facebook.com\/kafexhiu.muharrem\/","article_published_time":"2023-06-07T21:22:49+00:00","og_image":[{"width":600,"height":360,"url":"https:\/\/permbledhja.com\/wp-content\/uploads\/2022\/07\/Vjosa-Osmani-dhe-Albin-Kurti-1-600x360-1.jpg","type":"image\/jpeg"}],"author":"P\u00ebrmbledhja","twitter_card":"summary_large_image","twitter_misc":{"Written by":"P\u00ebrmbledhja","Est. reading time":"1 minut\u00eb"},"schema":{"@context":"https:\/\/schema.org","@graph":[{"@type":"Article","@id":"https:\/\/permbledhja.com\/perplasjet-kosove-shba-vjosa-osmani-mbron-kurtin-ne-reuters-mosmarreveshjet-ekzistojne-edhe-ne-familje\/#article","isPartOf":{"@id":"https:\/\/permbledhja.com\/perplasjet-kosove-shba-vjosa-osmani-mbron-kurtin-ne-reuters-mosmarreveshjet-ekzistojne-edhe-ne-familje\/"},"author":{"name":"P\u00ebrmbledhja","@id":"https:\/\/permbledhja.com\/#\/schema\/person\/0d064377258d3221e50693947b9eb4fe"},"headline":"&#8216;P\u00ebrplasjet&#8217; Kosov\u00eb &#8211; ShBA, Vjosa Osmani mbron Kurtin n\u00eb Reuters: Mosmarr\u00ebveshjet ekzistojn\u00eb edhe n\u00eb familje","datePublished":"2023-06-07T21:22:49+00:00","dateModified":"2023-06-07T21:22:49+00:00","mainEntityOfPage":{"@id":"https:\/\/permbledhja.com\/perplasjet-kosove-shba-vjosa-osmani-mbron-kurtin-ne-reuters-mosmarreveshjet-ekzistojne-edhe-ne-familje\/"},"wordCount":159,"publisher":{"@id":"https:\/\/permbledhja.com\/#organization"},"keywords":["Vjosa Osmani"],"articleSection":["Kryesoret"],"inLanguage":"sq"},{"@type":"WebPage","@id":"https:\/\/permbledhja.com\/perplasjet-kosove-shba-vjosa-osmani-mbron-kurtin-ne-reuters-mosmarreveshjet-ekzistojne-edhe-ne-familje\/","url":"https:\/\/permbledhja.com\/perplasjet-kosove-shba-vjosa-osmani-mbron-kurtin-ne-reuters-mosmarreveshjet-ekzistojne-edhe-ne-familje\/","name":"'P\u00ebrplasjet' Kosov\u00eb - ShBA, Vjosa Osmani mbron Kurtin n\u00eb Reuters: Mosmarr\u00ebveshjet ekzistojn\u00eb edhe n\u00eb familje","isPartOf":{"@id":"https:\/\/permbledhja.com\/#website"},"datePublished":"2023-06-07T21:22:49+00:00","dateModified":"2023-06-07T21:22:49+00:00","breadcrumb":{"@id":"https:\/\/permbledhja.com\/perplasjet-kosove-shba-vjosa-osmani-mbron-kurtin-ne-reuters-mosmarreveshjet-ekzistojne-edhe-ne-familje\/#breadcrumb"},"inLanguage":"sq","potentialAction":[{"@type":"ReadAction","target":["https:\/\/permbledhja.com\/perplasjet-kosove-shba-vjosa-osmani-mbron-kurtin-ne-reuters-mosmarreveshjet-ekzistojne-edhe-ne-familje\/"]}]},{"@type":"BreadcrumbList","@id":"https:\/\/permbledhja.com\/perplasjet-kosove-shba-vjosa-osmani-mbron-kurtin-ne-reuters-mosmarreveshjet-ekzistojne-edhe-ne-familje\/#breadcrumb","itemListElement":[{"@type":"ListItem","position":1,"name":"Ballina","item":"https:\/\/permbledhja.com\/sq\/"},{"@type":"ListItem","position":2,"name":"&#8216;P\u00ebrplasjet&#8217; Kosov\u00eb &#8211; ShBA, Vjosa Osmani mbron Kurtin n\u00eb Reuters: Mosmarr\u00ebveshjet ekzistojn\u00eb edhe n\u00eb familje"}]},{"@type":"WebSite","@id":"https:\/\/permbledhja.com\/#website","url":"https:\/\/permbledhja.com\/","name":"Ve\u00e7 artikuj p\u00ebrmbledh\u00ebs","description":"","publisher":{"@id":"https:\/\/permbledhja.com\/#organization"},"potentialAction":[{"@type":"SearchAction","target":{"@type":"EntryPoint","urlTemplate":"https:\/\/permbledhja.com\/?s={search_term_string}"},"query-input":"required name=search_term_string"}],"inLanguage":"sq"},{"@type":"Organization","@id":"https:\/\/permbledhja.com\/#organization","name":"MK Media & Pr","url":"https:\/\/permbledhja.com\/","logo":{"@type":"ImageObject","inLanguage":"sq","@id":"https:\/\/permbledhja.com\/#\/schema\/logo\/image\/","url":"https:\/\/permbledhja.com\/wp-content\/uploads\/2021\/12\/07-Press-Logo.jpg","contentUrl":"https:\/\/permbledhja.com\/wp-content\/uploads\/2021\/12\/07-Press-Logo.jpg","width":512,"height":512,"caption":"MK Media & Pr"},"image":{"@id":"https:\/\/permbledhja.com\/#\/schema\/logo\/image\/"},"sameAs":["https:\/\/www.facebook.com\/press07\/"]},{"@type":"Person","@id":"https:\/\/permbledhja.com\/#\/schema\/person\/0d064377258d3221e50693947b9eb4fe","name":"P\u00ebrmbledhja","image":{"@type":"ImageObject","inLanguage":"sq","@id":"https:\/\/permbledhja.com\/#\/schema\/person\/image\/","url":"https:\/\/permbledhja.com\/wp-content\/uploads\/2026\/01\/452004717_1040944174702970_8932037511805513407_n-96x96.jpg","contentUrl":"https:\/\/permbledhja.com\/wp-content\/uploads\/2026\/01\/452004717_1040944174702970_8932037511805513407_n-96x96.jpg","caption":"P\u00ebrmbledhja"},"sameAs":["https:\/\/www.facebook.com\/kafexhiu.muharrem\/","https:\/\/www.instagram.com\/muharrem_kafexhiu\/"],"url":"https:\/\/permbledhja.com\/sq\/author\/admin\/"}]}},"_links":{"self":[{"href":"https:\/\/permbledhja.com\/sq\/wp-json\/wp\/v2\/posts\/15813"}],"collection":[{"href":"https:\/\/permbledhja.com\/sq\/wp-json\/wp\/v2\/posts"}],"about":[{"href":"https:\/\/permbledhja.com\/sq\/wp-json\/wp\/v2\/types\/post"}],"author":[{"embeddable":true,"href":"https:\/\/permbledhja.com\/sq\/wp-json\/wp\/v2\/users\/1"}],"replies":[{"embeddable":true,"href":"https:\/\/permbledhja.com\/sq\/wp-json\/wp\/v2\/comments?post=15813"}],"version-history":[{"count":1,"href":"https:\/\/permbledhja.com\/sq\/wp-json\/wp\/v2\/posts\/15813\/revisions"}],"predecessor-version":[{"id":15814,"href":"https:\/\/permbledhja.com\/sq\/wp-json\/wp\/v2\/posts\/15813\/revisions\/15814"}],"wp:featuredmedia":[{"embeddable":true,"href":"https:\/\/permbledhja.com\/sq\/wp-json\/wp\/v2\/media\/2954"}],"wp:attachment":[{"href":"https:\/\/permbledhja.com\/sq\/wp-json\/wp\/v2\/media?parent=15813"}],"wp:term":[{"taxonomy":"category","embeddable":true,"href":"https:\/\/permbledhja.com\/sq\/wp-json\/wp\/v2\/categories?post=15813"},{"taxonomy":"post_tag","embeddable":true,"href":"https:\/\/permbledhja.com\/sq\/wp-json\/wp\/v2\/tags?post=15813"}],"curies":[{"name":"wp","href":"https:\/\/api.w.org\/{rel}","templated":true}]}}