{"id":15810,"date":"2023-06-07T20:05:56","date_gmt":"2023-06-07T20:05:56","guid":{"rendered":"https:\/\/permbledhja.com\/?p=15810"},"modified":"2023-06-07T20:05:56","modified_gmt":"2023-06-07T20:05:56","slug":"escobar-i-kerkoi-zgjedhjet-para-korrikut-kurti-ne-mediumin-francez-zgjedhje-mund-te-kemi-pas-disa-muajve","status":"publish","type":"post","link":"https:\/\/permbledhja.com\/sq\/escobar-i-kerkoi-zgjedhjet-para-korrikut-kurti-ne-mediumin-francez-zgjedhje-mund-te-kemi-pas-disa-muajve\/","title":{"rendered":"Escobar i k\u00ebrkoi zgjedhjet para korrikut, Kurti n\u00eb mediumin francez: Zgjedhje mund t\u00eb kemi pas disa muajve"},"content":{"rendered":"<p>P\u00ebr situat\u00ebn e krijuar n\u00eb veri dhe k\u00ebrkesat e nd\u00ebrkomb\u00ebtar\u00ebve p\u00ebr shtensionimin e shpejt\u00eb t\u00eb situat\u00ebs, n\u00eb televizionin France24, ka folur kryeministri i Kosov\u00ebs, Albin Kurti.<\/p>\n<p>Gjat\u00eb intervist\u00ebs disaminut\u00ebshe, Kurti ka th\u00ebn\u00eb se zgjedhje t\u00eb parakohshme n\u00eb veri mund t\u00eb ket\u00eb pas disa muajve. Kurti ka th\u00ebn\u00eb se zgjedhjet mund t\u00eb ket\u00eb vet\u00ebm pas heqjes s\u00eb grupeve t\u00eb dhunshme nga veriu.<\/p>\n<p>\u201cPas disa muajve mund t\u00eb kemi zgjedhje t\u00eb parakohshme, por ky nuk \u00ebsht\u00eb q\u00ebllimi. Q\u00ebllimi \u00ebsht\u00eb sundimi i ligjit. Duhet s\u00eb pari t\u00eb heqim bandat e dhunshme dhe vet\u00ebm at\u00ebher\u00eb mund t\u00eb kemi zgjedhje\u201d, ka deklaruar kryeminstri.<\/p>\n<p>Nd\u00ebrkoh\u00eb, i d\u00ebrguari i SHBA-s\u00eb p\u00ebr Ballkanin Per\u00ebndimor, Gabriel Escobar, ka th\u00ebn\u00eb se zgjedhjet e reja n\u00eb kat\u00ebr komunat n\u00eb veri nuk duhet ta presin fundin e korrikut.<\/p>\n<p>Po ashtu, kryeministri Kurti ka th\u00ebn\u00eb se zgjedhjeve duhet t\u2019i paraprij\u00eb edhe nj\u00eb kampanj\u00eb e lir\u00eb dhe fer. Ai ka deklaruar se n\u00eb Kosov\u00eb nuk mund t\u00eb merret pushteti pa pjes\u00ebmarrje n\u00eb zgjedhje.<\/p>\n<p>\u201cS\u00eb pari na duhet nj\u00eb kampanj\u00eb e liur\u00eb dhe fer, e pastaj zgjedhje t\u00eb parakohshme. E di q\u00eb di k\u00ebta kat\u00ebr kryetar\u00eb nuk do t\u00eb rizgjedhen. Por n\u00eb Kosov\u00eb s\u2019mund ta marr\u00ebsh pushtetin pa pjes\u00ebmarrje n\u00eb zgjedhje\u201d, ka deklaruar kryeministri, transmeton Gazeta Express.<\/p>\n<p>P\u00ebr kat\u00ebr kryerar\u00ebt shqiptar\u00eb n\u00eb komunat veriore, Kurti ka th\u00ebn\u00eb se legjitimiteti i tyre \u00ebsht\u00eb i ul\u00ebt, por ka deklaruar se nuk \u00ebsht\u00eb faji i tyre p\u00ebr bojkotin e zgjedhjeve n\u00eb k\u00ebto komuna.<\/p>\n<p>\u201cNuk \u00ebsht\u00eb faji i kryetar\u00ebve aktual\u00eb, q\u00eb kishte dal\u00eb dalje t\u00eb ul\u00ebt n\u00eb zgjedhje. Ata jan\u00eb legal\u00eb. \u00cbsht\u00eb e v\u00ebrtet\u00eb q\u00eb legjitimiteti i tyre politik \u00ebsht\u00eb i dob\u00ebt, por i t\u00eb tjer\u00ebve \u00ebsht\u00eb zero\u201d, ka th\u00ebn\u00eb tutje ai.<\/p>\n<p>Sipas kryeministrit, p\u00ebr shkak se ka d\u00ebshtuar ideja e shk\u00ebmbimit territorial me Serbin\u00eb, tani kjo p\u00ebrpjekje \u00ebsht\u00eb b\u00ebr\u00eb e dhunshme.<\/p>\n<p>\u201cPara disa viteve, shk\u00ebmbimi kufitar ishte eufemiz\u00ebm p\u00ebr ndarjen e Kosov\u00ebs. Tani, projekti p\u00ebr ndarjen e Kosov\u00ebs, \u00ebsht\u00eb b\u00ebr\u00eb i dhunsh\u00ebm. Serbia dhe Rusia e urrejn\u00eb faktin q\u00eb Kosova \u00ebsht\u00eb storie suksesi e nd\u00ebrhyrjes s\u00eb NATO-s dhe progresit ekonomik dhe demokratik\u201d, ka th\u00ebn\u00eb n\u00eb fund ai.\/Express<\/p>\n","protected":false},"excerpt":{"rendered":"<p>P\u00ebr situat\u00ebn e krijuar n\u00eb veri dhe k\u00ebrkesat e nd\u00ebrkomb\u00ebtar\u00ebve p\u00ebr shtensionimin e shpejt\u00eb t\u00eb situat\u00ebs, n\u00eb televizionin France24, ka folur kryeministri i Kosov\u00ebs, Albin Kurti. Gjat\u00eb intervist\u00ebs disaminut\u00ebshe, Kurti ka th\u00ebn\u00eb se zgjedhje t\u00eb parakohshme n\u00eb veri mund t\u00eb ket\u00eb pas disa muajve. Kurti ka th\u00ebn\u00eb se zgjedhjet mund t\u00eb ket\u00eb vet\u00ebm pas heqjes [&hellip;]<\/p>\n","protected":false},"author":1,"featured_media":15811,"comment_status":"closed","ping_status":"closed","sticky":false,"template":"","format":"standard","meta":{"_monsterinsights_skip_tracking":false,"_monsterinsights_sitenote_active":false,"_monsterinsights_sitenote_note":"","_monsterinsights_sitenote_category":0,"_uf_show_specific_survey":0,"_uf_disable_surveys":false,"footnotes":""},"categories":[1146],"tags":[45],"yoast_head":"<!-- This site is optimized with the Yoast SEO plugin v21.5 - https:\/\/yoast.com\/wordpress\/plugins\/seo\/ -->\n<title>Escobar i k\u00ebrkoi zgjedhjet para korrikut, Kurti n\u00eb mediumin francez: Zgjedhje mund t\u00eb kemi pas disa muajve<\/title>\n<meta name=\"robots\" content=\"index, follow, max-snippet:-1, max-image-preview:large, max-video-preview:-1\" \/>\n<link rel=\"canonical\" href=\"https:\/\/permbledhja.com\/sq\/escobar-i-kerkoi-zgjedhjet-para-korrikut-kurti-ne-mediumin-francez-zgjedhje-mund-te-kemi-pas-disa-muajve\/\" \/>\n<meta property=\"og:locale\" content=\"sq_AL\" \/>\n<meta property=\"og:type\" content=\"article\" \/>\n<meta property=\"og:title\" content=\"Escobar i k\u00ebrkoi zgjedhjet para korrikut, Kurti n\u00eb mediumin francez: Zgjedhje mund t\u00eb kemi pas disa muajve\" \/>\n<meta property=\"og:description\" content=\"P\u00ebr situat\u00ebn e krijuar n\u00eb veri dhe k\u00ebrkesat e nd\u00ebrkomb\u00ebtar\u00ebve p\u00ebr shtensionimin e shpejt\u00eb t\u00eb situat\u00ebs, n\u00eb televizionin France24, ka folur kryeministri i Kosov\u00ebs, Albin Kurti. Gjat\u00eb intervist\u00ebs disaminut\u00ebshe, Kurti ka th\u00ebn\u00eb se zgjedhje t\u00eb parakohshme n\u00eb veri mund t\u00eb ket\u00eb pas disa muajve. Kurti ka th\u00ebn\u00eb se zgjedhjet mund t\u00eb ket\u00eb vet\u00ebm pas heqjes [&hellip;]\" \/>\n<meta property=\"og:url\" content=\"https:\/\/permbledhja.com\/sq\/escobar-i-kerkoi-zgjedhjet-para-korrikut-kurti-ne-mediumin-francez-zgjedhje-mund-te-kemi-pas-disa-muajve\/\" \/>\n<meta property=\"og:site_name\" content=\"Ve\u00e7 artikuj p\u00ebrmbledh\u00ebs\" \/>\n<meta property=\"article:publisher\" content=\"https:\/\/www.facebook.com\/press07\/\" \/>\n<meta property=\"article:author\" content=\"https:\/\/www.facebook.com\/kafexhiu.muharrem\/\" \/>\n<meta property=\"article:published_time\" content=\"2023-06-07T20:05:56+00:00\" \/>\n<meta property=\"og:image\" content=\"https:\/\/permbledhja.com\/wp-content\/uploads\/2023\/06\/albin-kurti-france24-600x360-1.webp\" \/>\n\t<meta property=\"og:image:width\" content=\"600\" \/>\n\t<meta property=\"og:image:height\" content=\"360\" \/>\n\t<meta property=\"og:image:type\" content=\"image\/webp\" \/>\n<meta name=\"author\" content=\"P\u00ebrmbledhja\" \/>\n<meta name=\"twitter:card\" content=\"summary_large_image\" \/>\n<meta name=\"twitter:label1\" content=\"Written by\" \/>\n\t<meta name=\"twitter:data1\" content=\"P\u00ebrmbledhja\" \/>\n\t<meta name=\"twitter:label2\" content=\"Est. reading time\" \/>\n\t<meta name=\"twitter:data2\" content=\"2 minuta\" \/>\n<script type=\"application\/ld+json\" class=\"yoast-schema-graph\">{\"@context\":\"https:\/\/schema.org\",\"@graph\":[{\"@type\":\"Article\",\"@id\":\"https:\/\/permbledhja.com\/sq\/escobar-i-kerkoi-zgjedhjet-para-korrikut-kurti-ne-mediumin-francez-zgjedhje-mund-te-kemi-pas-disa-muajve\/#article\",\"isPartOf\":{\"@id\":\"https:\/\/permbledhja.com\/sq\/escobar-i-kerkoi-zgjedhjet-para-korrikut-kurti-ne-mediumin-francez-zgjedhje-mund-te-kemi-pas-disa-muajve\/\"},\"author\":{\"name\":\"P\u00ebrmbledhja\",\"@id\":\"https:\/\/permbledhja.com\/#\/schema\/person\/0d064377258d3221e50693947b9eb4fe\"},\"headline\":\"Escobar i k\u00ebrkoi zgjedhjet para korrikut, Kurti n\u00eb mediumin francez: Zgjedhje mund t\u00eb kemi pas disa muajve\",\"datePublished\":\"2023-06-07T20:05:56+00:00\",\"dateModified\":\"2023-06-07T20:05:56+00:00\",\"mainEntityOfPage\":{\"@id\":\"https:\/\/permbledhja.com\/sq\/escobar-i-kerkoi-zgjedhjet-para-korrikut-kurti-ne-mediumin-francez-zgjedhje-mund-te-kemi-pas-disa-muajve\/\"},\"wordCount\":418,\"publisher\":{\"@id\":\"https:\/\/permbledhja.com\/#organization\"},\"keywords\":[\"Kurti\"],\"articleSection\":[\"Kryesoret\"],\"inLanguage\":\"sq\"},{\"@type\":\"WebPage\",\"@id\":\"https:\/\/permbledhja.com\/sq\/escobar-i-kerkoi-zgjedhjet-para-korrikut-kurti-ne-mediumin-francez-zgjedhje-mund-te-kemi-pas-disa-muajve\/\",\"url\":\"https:\/\/permbledhja.com\/sq\/escobar-i-kerkoi-zgjedhjet-para-korrikut-kurti-ne-mediumin-francez-zgjedhje-mund-te-kemi-pas-disa-muajve\/\",\"name\":\"Escobar i k\u00ebrkoi zgjedhjet para korrikut, Kurti n\u00eb mediumin francez: Zgjedhje mund t\u00eb kemi pas disa muajve\",\"isPartOf\":{\"@id\":\"https:\/\/permbledhja.com\/#website\"},\"datePublished\":\"2023-06-07T20:05:56+00:00\",\"dateModified\":\"2023-06-07T20:05:56+00:00\",\"breadcrumb\":{\"@id\":\"https:\/\/permbledhja.com\/sq\/escobar-i-kerkoi-zgjedhjet-para-korrikut-kurti-ne-mediumin-francez-zgjedhje-mund-te-kemi-pas-disa-muajve\/#breadcrumb\"},\"inLanguage\":\"sq\",\"potentialAction\":[{\"@type\":\"ReadAction\",\"target\":[\"https:\/\/permbledhja.com\/sq\/escobar-i-kerkoi-zgjedhjet-para-korrikut-kurti-ne-mediumin-francez-zgjedhje-mund-te-kemi-pas-disa-muajve\/\"]}]},{\"@type\":\"BreadcrumbList\",\"@id\":\"https:\/\/permbledhja.com\/sq\/escobar-i-kerkoi-zgjedhjet-para-korrikut-kurti-ne-mediumin-francez-zgjedhje-mund-te-kemi-pas-disa-muajve\/#breadcrumb\",\"itemListElement\":[{\"@type\":\"ListItem\",\"position\":1,\"name\":\"Ballina\",\"item\":\"https:\/\/permbledhja.com\/sq\/\"},{\"@type\":\"ListItem\",\"position\":2,\"name\":\"Escobar i k\u00ebrkoi zgjedhjet para korrikut, Kurti n\u00eb mediumin francez: Zgjedhje mund t\u00eb kemi pas disa muajve\"}]},{\"@type\":\"WebSite\",\"@id\":\"https:\/\/permbledhja.com\/#website\",\"url\":\"https:\/\/permbledhja.com\/\",\"name\":\"Ve\u00e7 artikuj p\u00ebrmbledh\u00ebs\",\"description\":\"\",\"publisher\":{\"@id\":\"https:\/\/permbledhja.com\/#organization\"},\"potentialAction\":[{\"@type\":\"SearchAction\",\"target\":{\"@type\":\"EntryPoint\",\"urlTemplate\":\"https:\/\/permbledhja.com\/?s={search_term_string}\"},\"query-input\":\"required name=search_term_string\"}],\"inLanguage\":\"sq\"},{\"@type\":\"Organization\",\"@id\":\"https:\/\/permbledhja.com\/#organization\",\"name\":\"MK Media & Pr\",\"url\":\"https:\/\/permbledhja.com\/\",\"logo\":{\"@type\":\"ImageObject\",\"inLanguage\":\"sq\",\"@id\":\"https:\/\/permbledhja.com\/#\/schema\/logo\/image\/\",\"url\":\"https:\/\/permbledhja.com\/wp-content\/uploads\/2021\/12\/07-Press-Logo.jpg\",\"contentUrl\":\"https:\/\/permbledhja.com\/wp-content\/uploads\/2021\/12\/07-Press-Logo.jpg\",\"width\":512,\"height\":512,\"caption\":\"MK Media & Pr\"},\"image\":{\"@id\":\"https:\/\/permbledhja.com\/#\/schema\/logo\/image\/\"},\"sameAs\":[\"https:\/\/www.facebook.com\/press07\/\"]},{\"@type\":\"Person\",\"@id\":\"https:\/\/permbledhja.com\/#\/schema\/person\/0d064377258d3221e50693947b9eb4fe\",\"name\":\"P\u00ebrmbledhja\",\"image\":{\"@type\":\"ImageObject\",\"inLanguage\":\"sq\",\"@id\":\"https:\/\/permbledhja.com\/#\/schema\/person\/image\/\",\"url\":\"https:\/\/permbledhja.com\/wp-content\/uploads\/2026\/01\/452004717_1040944174702970_8932037511805513407_n-96x96.jpg\",\"contentUrl\":\"https:\/\/permbledhja.com\/wp-content\/uploads\/2026\/01\/452004717_1040944174702970_8932037511805513407_n-96x96.jpg\",\"caption\":\"P\u00ebrmbledhja\"},\"sameAs\":[\"https:\/\/www.facebook.com\/kafexhiu.muharrem\/\",\"https:\/\/www.instagram.com\/muharrem_kafexhiu\/\"],\"url\":\"https:\/\/permbledhja.com\/sq\/author\/admin\/\"}]}<\/script>\n<!-- \/ Yoast SEO plugin. -->","yoast_head_json":{"title":"Escobar i k\u00ebrkoi zgjedhjet para korrikut, Kurti n\u00eb mediumin francez: Zgjedhje mund t\u00eb kemi pas disa muajve","robots":{"index":"index","follow":"follow","max-snippet":"max-snippet:-1","max-image-preview":"max-image-preview:large","max-video-preview":"max-video-preview:-1"},"canonical":"https:\/\/permbledhja.com\/sq\/escobar-i-kerkoi-zgjedhjet-para-korrikut-kurti-ne-mediumin-francez-zgjedhje-mund-te-kemi-pas-disa-muajve\/","og_locale":"sq_AL","og_type":"article","og_title":"Escobar i k\u00ebrkoi zgjedhjet para korrikut, Kurti n\u00eb mediumin francez: Zgjedhje mund t\u00eb kemi pas disa muajve","og_description":"P\u00ebr situat\u00ebn e krijuar n\u00eb veri dhe k\u00ebrkesat e nd\u00ebrkomb\u00ebtar\u00ebve p\u00ebr shtensionimin e shpejt\u00eb t\u00eb situat\u00ebs, n\u00eb televizionin France24, ka folur kryeministri i Kosov\u00ebs, Albin Kurti. Gjat\u00eb intervist\u00ebs disaminut\u00ebshe, Kurti ka th\u00ebn\u00eb se zgjedhje t\u00eb parakohshme n\u00eb veri mund t\u00eb ket\u00eb pas disa muajve. Kurti ka th\u00ebn\u00eb se zgjedhjet mund t\u00eb ket\u00eb vet\u00ebm pas heqjes [&hellip;]","og_url":"https:\/\/permbledhja.com\/sq\/escobar-i-kerkoi-zgjedhjet-para-korrikut-kurti-ne-mediumin-francez-zgjedhje-mund-te-kemi-pas-disa-muajve\/","og_site_name":"Ve\u00e7 artikuj p\u00ebrmbledh\u00ebs","article_publisher":"https:\/\/www.facebook.com\/press07\/","article_author":"https:\/\/www.facebook.com\/kafexhiu.muharrem\/","article_published_time":"2023-06-07T20:05:56+00:00","og_image":[{"width":600,"height":360,"url":"https:\/\/permbledhja.com\/wp-content\/uploads\/2023\/06\/albin-kurti-france24-600x360-1.webp","type":"image\/webp"}],"author":"P\u00ebrmbledhja","twitter_card":"summary_large_image","twitter_misc":{"Written by":"P\u00ebrmbledhja","Est. reading time":"2 minuta"},"schema":{"@context":"https:\/\/schema.org","@graph":[{"@type":"Article","@id":"https:\/\/permbledhja.com\/sq\/escobar-i-kerkoi-zgjedhjet-para-korrikut-kurti-ne-mediumin-francez-zgjedhje-mund-te-kemi-pas-disa-muajve\/#article","isPartOf":{"@id":"https:\/\/permbledhja.com\/sq\/escobar-i-kerkoi-zgjedhjet-para-korrikut-kurti-ne-mediumin-francez-zgjedhje-mund-te-kemi-pas-disa-muajve\/"},"author":{"name":"P\u00ebrmbledhja","@id":"https:\/\/permbledhja.com\/#\/schema\/person\/0d064377258d3221e50693947b9eb4fe"},"headline":"Escobar i k\u00ebrkoi zgjedhjet para korrikut, Kurti n\u00eb mediumin francez: Zgjedhje mund t\u00eb kemi pas disa muajve","datePublished":"2023-06-07T20:05:56+00:00","dateModified":"2023-06-07T20:05:56+00:00","mainEntityOfPage":{"@id":"https:\/\/permbledhja.com\/sq\/escobar-i-kerkoi-zgjedhjet-para-korrikut-kurti-ne-mediumin-francez-zgjedhje-mund-te-kemi-pas-disa-muajve\/"},"wordCount":418,"publisher":{"@id":"https:\/\/permbledhja.com\/#organization"},"keywords":["Kurti"],"articleSection":["Kryesoret"],"inLanguage":"sq"},{"@type":"WebPage","@id":"https:\/\/permbledhja.com\/sq\/escobar-i-kerkoi-zgjedhjet-para-korrikut-kurti-ne-mediumin-francez-zgjedhje-mund-te-kemi-pas-disa-muajve\/","url":"https:\/\/permbledhja.com\/sq\/escobar-i-kerkoi-zgjedhjet-para-korrikut-kurti-ne-mediumin-francez-zgjedhje-mund-te-kemi-pas-disa-muajve\/","name":"Escobar i k\u00ebrkoi zgjedhjet para korrikut, Kurti n\u00eb mediumin francez: Zgjedhje mund t\u00eb kemi pas disa muajve","isPartOf":{"@id":"https:\/\/permbledhja.com\/#website"},"datePublished":"2023-06-07T20:05:56+00:00","dateModified":"2023-06-07T20:05:56+00:00","breadcrumb":{"@id":"https:\/\/permbledhja.com\/sq\/escobar-i-kerkoi-zgjedhjet-para-korrikut-kurti-ne-mediumin-francez-zgjedhje-mund-te-kemi-pas-disa-muajve\/#breadcrumb"},"inLanguage":"sq","potentialAction":[{"@type":"ReadAction","target":["https:\/\/permbledhja.com\/sq\/escobar-i-kerkoi-zgjedhjet-para-korrikut-kurti-ne-mediumin-francez-zgjedhje-mund-te-kemi-pas-disa-muajve\/"]}]},{"@type":"BreadcrumbList","@id":"https:\/\/permbledhja.com\/sq\/escobar-i-kerkoi-zgjedhjet-para-korrikut-kurti-ne-mediumin-francez-zgjedhje-mund-te-kemi-pas-disa-muajve\/#breadcrumb","itemListElement":[{"@type":"ListItem","position":1,"name":"Ballina","item":"https:\/\/permbledhja.com\/sq\/"},{"@type":"ListItem","position":2,"name":"Escobar i k\u00ebrkoi zgjedhjet para korrikut, Kurti n\u00eb mediumin francez: Zgjedhje mund t\u00eb kemi pas disa muajve"}]},{"@type":"WebSite","@id":"https:\/\/permbledhja.com\/#website","url":"https:\/\/permbledhja.com\/","name":"Ve\u00e7 artikuj p\u00ebrmbledh\u00ebs","description":"","publisher":{"@id":"https:\/\/permbledhja.com\/#organization"},"potentialAction":[{"@type":"SearchAction","target":{"@type":"EntryPoint","urlTemplate":"https:\/\/permbledhja.com\/?s={search_term_string}"},"query-input":"required name=search_term_string"}],"inLanguage":"sq"},{"@type":"Organization","@id":"https:\/\/permbledhja.com\/#organization","name":"MK Media & Pr","url":"https:\/\/permbledhja.com\/","logo":{"@type":"ImageObject","inLanguage":"sq","@id":"https:\/\/permbledhja.com\/#\/schema\/logo\/image\/","url":"https:\/\/permbledhja.com\/wp-content\/uploads\/2021\/12\/07-Press-Logo.jpg","contentUrl":"https:\/\/permbledhja.com\/wp-content\/uploads\/2021\/12\/07-Press-Logo.jpg","width":512,"height":512,"caption":"MK Media & Pr"},"image":{"@id":"https:\/\/permbledhja.com\/#\/schema\/logo\/image\/"},"sameAs":["https:\/\/www.facebook.com\/press07\/"]},{"@type":"Person","@id":"https:\/\/permbledhja.com\/#\/schema\/person\/0d064377258d3221e50693947b9eb4fe","name":"P\u00ebrmbledhja","image":{"@type":"ImageObject","inLanguage":"sq","@id":"https:\/\/permbledhja.com\/#\/schema\/person\/image\/","url":"https:\/\/permbledhja.com\/wp-content\/uploads\/2026\/01\/452004717_1040944174702970_8932037511805513407_n-96x96.jpg","contentUrl":"https:\/\/permbledhja.com\/wp-content\/uploads\/2026\/01\/452004717_1040944174702970_8932037511805513407_n-96x96.jpg","caption":"P\u00ebrmbledhja"},"sameAs":["https:\/\/www.facebook.com\/kafexhiu.muharrem\/","https:\/\/www.instagram.com\/muharrem_kafexhiu\/"],"url":"https:\/\/permbledhja.com\/sq\/author\/admin\/"}]}},"_links":{"self":[{"href":"https:\/\/permbledhja.com\/sq\/wp-json\/wp\/v2\/posts\/15810"}],"collection":[{"href":"https:\/\/permbledhja.com\/sq\/wp-json\/wp\/v2\/posts"}],"about":[{"href":"https:\/\/permbledhja.com\/sq\/wp-json\/wp\/v2\/types\/post"}],"author":[{"embeddable":true,"href":"https:\/\/permbledhja.com\/sq\/wp-json\/wp\/v2\/users\/1"}],"replies":[{"embeddable":true,"href":"https:\/\/permbledhja.com\/sq\/wp-json\/wp\/v2\/comments?post=15810"}],"version-history":[{"count":1,"href":"https:\/\/permbledhja.com\/sq\/wp-json\/wp\/v2\/posts\/15810\/revisions"}],"predecessor-version":[{"id":15812,"href":"https:\/\/permbledhja.com\/sq\/wp-json\/wp\/v2\/posts\/15810\/revisions\/15812"}],"wp:featuredmedia":[{"embeddable":true,"href":"https:\/\/permbledhja.com\/sq\/wp-json\/wp\/v2\/media\/15811"}],"wp:attachment":[{"href":"https:\/\/permbledhja.com\/sq\/wp-json\/wp\/v2\/media?parent=15810"}],"wp:term":[{"taxonomy":"category","embeddable":true,"href":"https:\/\/permbledhja.com\/sq\/wp-json\/wp\/v2\/categories?post=15810"},{"taxonomy":"post_tag","embeddable":true,"href":"https:\/\/permbledhja.com\/sq\/wp-json\/wp\/v2\/tags?post=15810"}],"curies":[{"name":"wp","href":"https:\/\/api.w.org\/{rel}","templated":true}]}}