{"id":15804,"date":"2023-06-07T19:35:52","date_gmt":"2023-06-07T19:35:52","guid":{"rendered":"https:\/\/permbledhja.com\/?p=15804"},"modified":"2023-06-07T19:35:52","modified_gmt":"2023-06-07T19:35:52","slug":"kurti-per-france24-sot-ishte-situate-e-qete-ne-veri-sepse-beogradi-nuk-dha-urdher-per-dhune","status":"publish","type":"post","link":"https:\/\/permbledhja.com\/sq\/kurti-per-france24-sot-ishte-situate-e-qete-ne-veri-sepse-beogradi-nuk-dha-urdher-per-dhune\/","title":{"rendered":"Kurti p\u00ebr France24: Sot ishte situat\u00eb e qet\u00eb n\u00eb veri, sepse Beogradi nuk dha urdh\u00ebr p\u00ebr dhun\u00eb"},"content":{"rendered":"<p>Kryeministri Albin Kurti ka th\u00ebn\u00eb se para se t\u00eb mbahen zgjedhje t\u00eb reja n\u00eb kat\u00ebr komunat veriore, duhet t\u00eb mbizot\u00ebroj\u00eb ligji.<\/p>\n<p>\u201cZgjedhjet do t\u00eb mbahen sipas rendit dhe ligjit. Duhet t\u00eb ket\u00eb vendosje t\u00eb rendit dhe ligjit. Pa lig nuk mund t\u00eb ket\u00eb zgjedhje demokratike\u201d, \u00ebsht\u00eb shprehur Kurti p\u00ebr France 24.<\/p>\n<p>\u201cNuk dua d\u00ebshtim pas d\u00ebshtimit. Dua t\u00eb angazhohem p\u00ebr konstruktivitet, rend, ligj dhe demokraci. P\u00ebr k\u00ebto nuk ka kompromis\u201d.<\/p>\n<p>Kurti ka p\u00ebrs\u00ebritur se legjitimiteti i kryetar\u00ebve aktual\u00eb \u00ebsht\u00eb i dob\u00ebt, por q\u00eb askush tjet\u00ebr nuk \u00ebsht\u00eb m\u00eb legjitim\u00eb s\u00eb ata p\u00ebr t\u00eb pasur qasje n\u00eb objektet komunale.<\/p>\n<p>\u201cSot n\u00eb tri komunat veriore situata p\u00ebrgjith\u00ebsisht ishte e qet\u00eb. Pse? Sepse nuk ka pasur urdh\u00ebr p\u00ebr dhun\u00eb nga Beogradi\u201d.<\/p>\n<p>\u201cNuk ju kan\u00eb dal\u00eb llogarit\u00eb. Kan\u00eb menduar se atje do t\u00eb d\u00ebshtoj\u00eb sistemi, por nuk ka ndodhur. Jan\u00eb kat\u00ebr kryetar\u00eb. N\u00ebse nuk do t\u00eb hyjn\u00eb n\u00eb nd\u00ebrtesa zyrtare, ku duhet t\u00eb hyjn\u00eb? N\u00ebse ato s\u2019jan\u00eb p\u00ebr ta, p\u00ebr k\u00eb jan\u00eb?\u201d<\/p>\n<p>\u201cNe kemi p\u00ebr ta mbrojtur kushtetutshm\u00ebrin\u00eb. K\u00ebta kat\u00ebr kryetar\u00eb nuk shoh se do ta p\u00ebrfundojn\u00eb mandatin. Brenda muajsh mund t\u00eb kemi zgjedhje, por nuk duhet t\u00eb ket\u00eb banda. Duhet pasur kushte p\u00ebr zgjedhje t\u00eb parakohshme\u201d.<\/p>\n","protected":false},"excerpt":{"rendered":"<p>Kryeministri Albin Kurti ka th\u00ebn\u00eb se para se t\u00eb mbahen zgjedhje t\u00eb reja n\u00eb kat\u00ebr komunat veriore, duhet t\u00eb mbizot\u00ebroj\u00eb ligji. \u201cZgjedhjet do t\u00eb mbahen sipas rendit dhe ligjit. Duhet t\u00eb ket\u00eb vendosje t\u00eb rendit dhe ligjit. Pa lig nuk mund t\u00eb ket\u00eb zgjedhje demokratike\u201d, \u00ebsht\u00eb shprehur Kurti p\u00ebr France 24. \u201cNuk dua d\u00ebshtim pas [&hellip;]<\/p>\n","protected":false},"author":1,"featured_media":8586,"comment_status":"closed","ping_status":"closed","sticky":false,"template":"","format":"standard","meta":{"_monsterinsights_skip_tracking":false,"_monsterinsights_sitenote_active":false,"_monsterinsights_sitenote_note":"","_monsterinsights_sitenote_category":0,"_uf_show_specific_survey":0,"_uf_disable_surveys":false,"footnotes":""},"categories":[23,15],"tags":[45],"yoast_head":"<!-- This site is optimized with the Yoast SEO plugin v21.5 - https:\/\/yoast.com\/wordpress\/plugins\/seo\/ -->\n<title>Kurti p\u00ebr France24: Sot ishte situat\u00eb e qet\u00eb n\u00eb veri, sepse Beogradi nuk dha urdh\u00ebr p\u00ebr dhun\u00eb<\/title>\n<meta name=\"robots\" content=\"index, follow, max-snippet:-1, max-image-preview:large, max-video-preview:-1\" \/>\n<link rel=\"canonical\" href=\"https:\/\/permbledhja.com\/sq\/kurti-per-france24-sot-ishte-situate-e-qete-ne-veri-sepse-beogradi-nuk-dha-urdher-per-dhune\/\" \/>\n<meta property=\"og:locale\" content=\"sq_AL\" \/>\n<meta property=\"og:type\" content=\"article\" \/>\n<meta property=\"og:title\" content=\"Kurti p\u00ebr France24: Sot ishte situat\u00eb e qet\u00eb n\u00eb veri, sepse Beogradi nuk dha urdh\u00ebr p\u00ebr dhun\u00eb\" \/>\n<meta property=\"og:description\" content=\"Kryeministri Albin Kurti ka th\u00ebn\u00eb se para se t\u00eb mbahen zgjedhje t\u00eb reja n\u00eb kat\u00ebr komunat veriore, duhet t\u00eb mbizot\u00ebroj\u00eb ligji. \u201cZgjedhjet do t\u00eb mbahen sipas rendit dhe ligjit. Duhet t\u00eb ket\u00eb vendosje t\u00eb rendit dhe ligjit. Pa lig nuk mund t\u00eb ket\u00eb zgjedhje demokratike\u201d, \u00ebsht\u00eb shprehur Kurti p\u00ebr France 24. \u201cNuk dua d\u00ebshtim pas [&hellip;]\" \/>\n<meta property=\"og:url\" content=\"https:\/\/permbledhja.com\/sq\/kurti-per-france24-sot-ishte-situate-e-qete-ne-veri-sepse-beogradi-nuk-dha-urdher-per-dhune\/\" \/>\n<meta property=\"og:site_name\" content=\"Ve\u00e7 artikuj p\u00ebrmbledh\u00ebs\" \/>\n<meta property=\"article:publisher\" content=\"https:\/\/www.facebook.com\/press07\/\" \/>\n<meta property=\"article:author\" content=\"https:\/\/www.facebook.com\/kafexhiu.muharrem\/\" \/>\n<meta property=\"article:published_time\" content=\"2023-06-07T19:35:52+00:00\" \/>\n<meta property=\"og:image\" content=\"https:\/\/permbledhja.com\/wp-content\/uploads\/2022\/10\/albin-kurti.jpg\" \/>\n\t<meta property=\"og:image:width\" content=\"782\" \/>\n\t<meta property=\"og:image:height\" content=\"509\" \/>\n\t<meta property=\"og:image:type\" content=\"image\/jpeg\" \/>\n<meta name=\"author\" content=\"P\u00ebrmbledhja\" \/>\n<meta name=\"twitter:card\" content=\"summary_large_image\" \/>\n<meta name=\"twitter:label1\" content=\"Written by\" \/>\n\t<meta name=\"twitter:data1\" content=\"P\u00ebrmbledhja\" \/>\n\t<meta name=\"twitter:label2\" content=\"Est. reading time\" \/>\n\t<meta name=\"twitter:data2\" content=\"1 minut\u00eb\" \/>\n<script type=\"application\/ld+json\" class=\"yoast-schema-graph\">{\"@context\":\"https:\/\/schema.org\",\"@graph\":[{\"@type\":\"Article\",\"@id\":\"https:\/\/permbledhja.com\/kurti-per-france24-sot-ishte-situate-e-qete-ne-veri-sepse-beogradi-nuk-dha-urdher-per-dhune\/#article\",\"isPartOf\":{\"@id\":\"https:\/\/permbledhja.com\/kurti-per-france24-sot-ishte-situate-e-qete-ne-veri-sepse-beogradi-nuk-dha-urdher-per-dhune\/\"},\"author\":{\"name\":\"P\u00ebrmbledhja\",\"@id\":\"https:\/\/permbledhja.com\/#\/schema\/person\/0d064377258d3221e50693947b9eb4fe\"},\"headline\":\"Kurti p\u00ebr France24: Sot ishte situat\u00eb e qet\u00eb n\u00eb veri, sepse Beogradi nuk dha urdh\u00ebr p\u00ebr dhun\u00eb\",\"datePublished\":\"2023-06-07T19:35:52+00:00\",\"dateModified\":\"2023-06-07T19:35:52+00:00\",\"mainEntityOfPage\":{\"@id\":\"https:\/\/permbledhja.com\/kurti-per-france24-sot-ishte-situate-e-qete-ne-veri-sepse-beogradi-nuk-dha-urdher-per-dhune\/\"},\"wordCount\":245,\"publisher\":{\"@id\":\"https:\/\/permbledhja.com\/#organization\"},\"keywords\":[\"Kurti\"],\"articleSection\":[\"Komb\u00ebtare\",\"Lajme\"],\"inLanguage\":\"sq\"},{\"@type\":\"WebPage\",\"@id\":\"https:\/\/permbledhja.com\/kurti-per-france24-sot-ishte-situate-e-qete-ne-veri-sepse-beogradi-nuk-dha-urdher-per-dhune\/\",\"url\":\"https:\/\/permbledhja.com\/kurti-per-france24-sot-ishte-situate-e-qete-ne-veri-sepse-beogradi-nuk-dha-urdher-per-dhune\/\",\"name\":\"Kurti p\u00ebr France24: Sot ishte situat\u00eb e qet\u00eb n\u00eb veri, sepse Beogradi nuk dha urdh\u00ebr p\u00ebr dhun\u00eb\",\"isPartOf\":{\"@id\":\"https:\/\/permbledhja.com\/#website\"},\"datePublished\":\"2023-06-07T19:35:52+00:00\",\"dateModified\":\"2023-06-07T19:35:52+00:00\",\"breadcrumb\":{\"@id\":\"https:\/\/permbledhja.com\/kurti-per-france24-sot-ishte-situate-e-qete-ne-veri-sepse-beogradi-nuk-dha-urdher-per-dhune\/#breadcrumb\"},\"inLanguage\":\"sq\",\"potentialAction\":[{\"@type\":\"ReadAction\",\"target\":[\"https:\/\/permbledhja.com\/kurti-per-france24-sot-ishte-situate-e-qete-ne-veri-sepse-beogradi-nuk-dha-urdher-per-dhune\/\"]}]},{\"@type\":\"BreadcrumbList\",\"@id\":\"https:\/\/permbledhja.com\/kurti-per-france24-sot-ishte-situate-e-qete-ne-veri-sepse-beogradi-nuk-dha-urdher-per-dhune\/#breadcrumb\",\"itemListElement\":[{\"@type\":\"ListItem\",\"position\":1,\"name\":\"Ballina\",\"item\":\"https:\/\/permbledhja.com\/sq\/\"},{\"@type\":\"ListItem\",\"position\":2,\"name\":\"Kurti p\u00ebr France24: Sot ishte situat\u00eb e qet\u00eb n\u00eb veri, sepse Beogradi nuk dha urdh\u00ebr p\u00ebr dhun\u00eb\"}]},{\"@type\":\"WebSite\",\"@id\":\"https:\/\/permbledhja.com\/#website\",\"url\":\"https:\/\/permbledhja.com\/\",\"name\":\"Ve\u00e7 artikuj p\u00ebrmbledh\u00ebs\",\"description\":\"\",\"publisher\":{\"@id\":\"https:\/\/permbledhja.com\/#organization\"},\"potentialAction\":[{\"@type\":\"SearchAction\",\"target\":{\"@type\":\"EntryPoint\",\"urlTemplate\":\"https:\/\/permbledhja.com\/?s={search_term_string}\"},\"query-input\":\"required name=search_term_string\"}],\"inLanguage\":\"sq\"},{\"@type\":\"Organization\",\"@id\":\"https:\/\/permbledhja.com\/#organization\",\"name\":\"MK Media & Pr\",\"url\":\"https:\/\/permbledhja.com\/\",\"logo\":{\"@type\":\"ImageObject\",\"inLanguage\":\"sq\",\"@id\":\"https:\/\/permbledhja.com\/#\/schema\/logo\/image\/\",\"url\":\"https:\/\/permbledhja.com\/wp-content\/uploads\/2021\/12\/07-Press-Logo.jpg\",\"contentUrl\":\"https:\/\/permbledhja.com\/wp-content\/uploads\/2021\/12\/07-Press-Logo.jpg\",\"width\":512,\"height\":512,\"caption\":\"MK Media & Pr\"},\"image\":{\"@id\":\"https:\/\/permbledhja.com\/#\/schema\/logo\/image\/\"},\"sameAs\":[\"https:\/\/www.facebook.com\/press07\/\"]},{\"@type\":\"Person\",\"@id\":\"https:\/\/permbledhja.com\/#\/schema\/person\/0d064377258d3221e50693947b9eb4fe\",\"name\":\"P\u00ebrmbledhja\",\"image\":{\"@type\":\"ImageObject\",\"inLanguage\":\"sq\",\"@id\":\"https:\/\/permbledhja.com\/#\/schema\/person\/image\/\",\"url\":\"https:\/\/permbledhja.com\/wp-content\/uploads\/2026\/01\/452004717_1040944174702970_8932037511805513407_n-96x96.jpg\",\"contentUrl\":\"https:\/\/permbledhja.com\/wp-content\/uploads\/2026\/01\/452004717_1040944174702970_8932037511805513407_n-96x96.jpg\",\"caption\":\"P\u00ebrmbledhja\"},\"sameAs\":[\"https:\/\/www.facebook.com\/kafexhiu.muharrem\/\",\"https:\/\/www.instagram.com\/muharrem_kafexhiu\/\"],\"url\":\"https:\/\/permbledhja.com\/sq\/author\/admin\/\"}]}<\/script>\n<!-- \/ Yoast SEO plugin. -->","yoast_head_json":{"title":"Kurti p\u00ebr France24: Sot ishte situat\u00eb e qet\u00eb n\u00eb veri, sepse Beogradi nuk dha urdh\u00ebr p\u00ebr dhun\u00eb","robots":{"index":"index","follow":"follow","max-snippet":"max-snippet:-1","max-image-preview":"max-image-preview:large","max-video-preview":"max-video-preview:-1"},"canonical":"https:\/\/permbledhja.com\/sq\/kurti-per-france24-sot-ishte-situate-e-qete-ne-veri-sepse-beogradi-nuk-dha-urdher-per-dhune\/","og_locale":"sq_AL","og_type":"article","og_title":"Kurti p\u00ebr France24: Sot ishte situat\u00eb e qet\u00eb n\u00eb veri, sepse Beogradi nuk dha urdh\u00ebr p\u00ebr dhun\u00eb","og_description":"Kryeministri Albin Kurti ka th\u00ebn\u00eb se para se t\u00eb mbahen zgjedhje t\u00eb reja n\u00eb kat\u00ebr komunat veriore, duhet t\u00eb mbizot\u00ebroj\u00eb ligji. \u201cZgjedhjet do t\u00eb mbahen sipas rendit dhe ligjit. Duhet t\u00eb ket\u00eb vendosje t\u00eb rendit dhe ligjit. Pa lig nuk mund t\u00eb ket\u00eb zgjedhje demokratike\u201d, \u00ebsht\u00eb shprehur Kurti p\u00ebr France 24. \u201cNuk dua d\u00ebshtim pas [&hellip;]","og_url":"https:\/\/permbledhja.com\/sq\/kurti-per-france24-sot-ishte-situate-e-qete-ne-veri-sepse-beogradi-nuk-dha-urdher-per-dhune\/","og_site_name":"Ve\u00e7 artikuj p\u00ebrmbledh\u00ebs","article_publisher":"https:\/\/www.facebook.com\/press07\/","article_author":"https:\/\/www.facebook.com\/kafexhiu.muharrem\/","article_published_time":"2023-06-07T19:35:52+00:00","og_image":[{"width":782,"height":509,"url":"https:\/\/permbledhja.com\/wp-content\/uploads\/2022\/10\/albin-kurti.jpg","type":"image\/jpeg"}],"author":"P\u00ebrmbledhja","twitter_card":"summary_large_image","twitter_misc":{"Written by":"P\u00ebrmbledhja","Est. reading time":"1 minut\u00eb"},"schema":{"@context":"https:\/\/schema.org","@graph":[{"@type":"Article","@id":"https:\/\/permbledhja.com\/kurti-per-france24-sot-ishte-situate-e-qete-ne-veri-sepse-beogradi-nuk-dha-urdher-per-dhune\/#article","isPartOf":{"@id":"https:\/\/permbledhja.com\/kurti-per-france24-sot-ishte-situate-e-qete-ne-veri-sepse-beogradi-nuk-dha-urdher-per-dhune\/"},"author":{"name":"P\u00ebrmbledhja","@id":"https:\/\/permbledhja.com\/#\/schema\/person\/0d064377258d3221e50693947b9eb4fe"},"headline":"Kurti p\u00ebr France24: Sot ishte situat\u00eb e qet\u00eb n\u00eb veri, sepse Beogradi nuk dha urdh\u00ebr p\u00ebr dhun\u00eb","datePublished":"2023-06-07T19:35:52+00:00","dateModified":"2023-06-07T19:35:52+00:00","mainEntityOfPage":{"@id":"https:\/\/permbledhja.com\/kurti-per-france24-sot-ishte-situate-e-qete-ne-veri-sepse-beogradi-nuk-dha-urdher-per-dhune\/"},"wordCount":245,"publisher":{"@id":"https:\/\/permbledhja.com\/#organization"},"keywords":["Kurti"],"articleSection":["Komb\u00ebtare","Lajme"],"inLanguage":"sq"},{"@type":"WebPage","@id":"https:\/\/permbledhja.com\/kurti-per-france24-sot-ishte-situate-e-qete-ne-veri-sepse-beogradi-nuk-dha-urdher-per-dhune\/","url":"https:\/\/permbledhja.com\/kurti-per-france24-sot-ishte-situate-e-qete-ne-veri-sepse-beogradi-nuk-dha-urdher-per-dhune\/","name":"Kurti p\u00ebr France24: Sot ishte situat\u00eb e qet\u00eb n\u00eb veri, sepse Beogradi nuk dha urdh\u00ebr p\u00ebr dhun\u00eb","isPartOf":{"@id":"https:\/\/permbledhja.com\/#website"},"datePublished":"2023-06-07T19:35:52+00:00","dateModified":"2023-06-07T19:35:52+00:00","breadcrumb":{"@id":"https:\/\/permbledhja.com\/kurti-per-france24-sot-ishte-situate-e-qete-ne-veri-sepse-beogradi-nuk-dha-urdher-per-dhune\/#breadcrumb"},"inLanguage":"sq","potentialAction":[{"@type":"ReadAction","target":["https:\/\/permbledhja.com\/kurti-per-france24-sot-ishte-situate-e-qete-ne-veri-sepse-beogradi-nuk-dha-urdher-per-dhune\/"]}]},{"@type":"BreadcrumbList","@id":"https:\/\/permbledhja.com\/kurti-per-france24-sot-ishte-situate-e-qete-ne-veri-sepse-beogradi-nuk-dha-urdher-per-dhune\/#breadcrumb","itemListElement":[{"@type":"ListItem","position":1,"name":"Ballina","item":"https:\/\/permbledhja.com\/sq\/"},{"@type":"ListItem","position":2,"name":"Kurti p\u00ebr France24: Sot ishte situat\u00eb e qet\u00eb n\u00eb veri, sepse Beogradi nuk dha urdh\u00ebr p\u00ebr dhun\u00eb"}]},{"@type":"WebSite","@id":"https:\/\/permbledhja.com\/#website","url":"https:\/\/permbledhja.com\/","name":"Ve\u00e7 artikuj p\u00ebrmbledh\u00ebs","description":"","publisher":{"@id":"https:\/\/permbledhja.com\/#organization"},"potentialAction":[{"@type":"SearchAction","target":{"@type":"EntryPoint","urlTemplate":"https:\/\/permbledhja.com\/?s={search_term_string}"},"query-input":"required name=search_term_string"}],"inLanguage":"sq"},{"@type":"Organization","@id":"https:\/\/permbledhja.com\/#organization","name":"MK Media & Pr","url":"https:\/\/permbledhja.com\/","logo":{"@type":"ImageObject","inLanguage":"sq","@id":"https:\/\/permbledhja.com\/#\/schema\/logo\/image\/","url":"https:\/\/permbledhja.com\/wp-content\/uploads\/2021\/12\/07-Press-Logo.jpg","contentUrl":"https:\/\/permbledhja.com\/wp-content\/uploads\/2021\/12\/07-Press-Logo.jpg","width":512,"height":512,"caption":"MK Media & Pr"},"image":{"@id":"https:\/\/permbledhja.com\/#\/schema\/logo\/image\/"},"sameAs":["https:\/\/www.facebook.com\/press07\/"]},{"@type":"Person","@id":"https:\/\/permbledhja.com\/#\/schema\/person\/0d064377258d3221e50693947b9eb4fe","name":"P\u00ebrmbledhja","image":{"@type":"ImageObject","inLanguage":"sq","@id":"https:\/\/permbledhja.com\/#\/schema\/person\/image\/","url":"https:\/\/permbledhja.com\/wp-content\/uploads\/2026\/01\/452004717_1040944174702970_8932037511805513407_n-96x96.jpg","contentUrl":"https:\/\/permbledhja.com\/wp-content\/uploads\/2026\/01\/452004717_1040944174702970_8932037511805513407_n-96x96.jpg","caption":"P\u00ebrmbledhja"},"sameAs":["https:\/\/www.facebook.com\/kafexhiu.muharrem\/","https:\/\/www.instagram.com\/muharrem_kafexhiu\/"],"url":"https:\/\/permbledhja.com\/sq\/author\/admin\/"}]}},"_links":{"self":[{"href":"https:\/\/permbledhja.com\/sq\/wp-json\/wp\/v2\/posts\/15804"}],"collection":[{"href":"https:\/\/permbledhja.com\/sq\/wp-json\/wp\/v2\/posts"}],"about":[{"href":"https:\/\/permbledhja.com\/sq\/wp-json\/wp\/v2\/types\/post"}],"author":[{"embeddable":true,"href":"https:\/\/permbledhja.com\/sq\/wp-json\/wp\/v2\/users\/1"}],"replies":[{"embeddable":true,"href":"https:\/\/permbledhja.com\/sq\/wp-json\/wp\/v2\/comments?post=15804"}],"version-history":[{"count":1,"href":"https:\/\/permbledhja.com\/sq\/wp-json\/wp\/v2\/posts\/15804\/revisions"}],"predecessor-version":[{"id":15805,"href":"https:\/\/permbledhja.com\/sq\/wp-json\/wp\/v2\/posts\/15804\/revisions\/15805"}],"wp:featuredmedia":[{"embeddable":true,"href":"https:\/\/permbledhja.com\/sq\/wp-json\/wp\/v2\/media\/8586"}],"wp:attachment":[{"href":"https:\/\/permbledhja.com\/sq\/wp-json\/wp\/v2\/media?parent=15804"}],"wp:term":[{"taxonomy":"category","embeddable":true,"href":"https:\/\/permbledhja.com\/sq\/wp-json\/wp\/v2\/categories?post=15804"},{"taxonomy":"post_tag","embeddable":true,"href":"https:\/\/permbledhja.com\/sq\/wp-json\/wp\/v2\/tags?post=15804"}],"curies":[{"name":"wp","href":"https:\/\/api.w.org\/{rel}","templated":true}]}}