{"id":15680,"date":"2023-06-05T07:08:12","date_gmt":"2023-06-05T07:08:12","guid":{"rendered":"https:\/\/permbledhja.com\/?p=15680"},"modified":"2023-06-05T07:08:12","modified_gmt":"2023-06-05T07:08:12","slug":"kfori-qorton-kurtin-qe-nga-2021a-vec-perkeqesim-sjemi-ne-cader-sigurie-per-tu-strehuar-pas-veprimeve-te-njeanshme","status":"publish","type":"post","link":"https:\/\/permbledhja.com\/sq\/kfori-qorton-kurtin-qe-nga-2021a-vec-perkeqesim-sjemi-ne-cader-sigurie-per-tu-strehuar-pas-veprimeve-te-njeanshme\/","title":{"rendered":"KFOR\u2019i qorton Kurtin: Q\u00eb nga 2021\u2019a ve\u00e7 p\u00ebrkeq\u00ebsim, s\u2019jemi ne \u00e7ad\u00ebr sigurie p\u00ebr t&#8217;u strehuar pas veprimeve t\u00eb nj\u00ebanshme"},"content":{"rendered":"<p>\u201cKFOR\u2019i nuk \u00ebsht\u00eb \u00e7ad\u00ebr p\u00ebr t\u2019u strehuar pas veprimeve t\u00eb nj\u00ebanshme\u201d. K\u00ebshtu iu drejtua Kryeministrit t\u00eb Kosov\u00ebs, Albin Kurtit, komandanti i Misionit Paqeruajt\u00ebs t\u00eb NATO\u2019s n\u00eb Kosov\u00eb, Gjeneral Majori italian, Angelo Michele Ristuccia duke folur p\u00ebr gazet\u00ebn italiane \u201cCorriere\u201d. N\u00eb intervist\u00ebn e tij t\u00eb dyt\u00eb brenda tri dit\u00ebsh dhe pas plagosjes s\u00eb rreth 30 ushtar\u00ebve t\u00eb KFOR&#8217;it (11 prej tyre italian\u00eb) n\u00eb Zve\u00e7an t\u00eb h\u00ebn\u00ebn, Ristuccia i kishte mprehur tonet. Dit\u00eb m\u00eb par\u00eb, Ristuccia i tha gazet\u00ebs italiane \u201cla Repubblica\u201d di\u00e7ka tejet t\u00eb frikshme p\u00ebr nga ting\u00ebllima: Se po t\u00eb mos ishte p\u00ebr intervenimin e KFOR\u2019it t\u00eb h\u00ebn\u00ebn, \u201cdo t\u00eb ishim duke mbajtur zi p\u00ebr t\u00eb vdekur\u201d. K\u00ebtu ai kishte nd\u00ebrmend viktima t\u00eb mundshme nga Nj\u00ebsitet Speciale t\u00eb Kosov\u00ebs dhe protuestuesve sulmues barbar\u00eb.<\/p>\n<p>Tashm\u00eb Ristuccia nuk do t\u2019i kursente fjal\u00ebt dhe do t\u00eb l\u00ebshohej n\u00eb vler\u00ebsime politike p\u00ebr t\u00eb identifikuar kush-\u00ebsht\u00eb-fajtor-p\u00ebr-\u00e7ka. Me em\u00ebr t\u00eb p\u00ebrvetsh\u00ebm e sh\u00ebnoi Albin Kurtin, e madje edhe p\u00ebrtej. \u201cQ\u00eb nga 2021 vet\u00ebm hapa mbrapsht\u201d, tha ai, derisa vler\u00ebsoi se jan\u00eb b\u00ebr\u00eb p\u00ebrpjekje t\u00eb m\u00ebdha nj\u00ebzet vje\u00e7are p\u00ebr t\u00eb arritur \u201crezultate t\u00eb r\u00ebnd\u00ebsishme\u201d. K\u00ebtu komandanti e pranoi se nuk \u00ebsht\u00eb pun\u00eb e tij t\u00eb b\u00ebj\u00eb vler\u00ebsime politike, por se n\u00eb k\u00ebso rastesh ku prodhohen pasoja s\u2019ka se si t\u00eb mos b\u00ebj\u00eb konstatime t\u00eb tilla.<\/p>\n<p>T\u00eb h\u00ebn\u00ebn, tha Rusticcia, \u201cshmang\u00ebm nj\u00eb tragjedi\u201d. Shpjegimi i tij ishte k\u00ebsisoji se pse erdh\u00ebn si\u00e7 erdh\u00ebn gj\u00ebrat: p\u00ebr shkak t\u00eb vendimit \u201ct\u00eb dyt\u00eb t\u00eb nj\u00ebansh\u00ebm\u201d t\u00eb qeveris\u00eb kosovare \u201cp\u00ebr t\u00eb p\u00ebrdorur forc\u00ebn pa u konsultuar me ne\u201d.<\/p>\n<p>Fjalia e tij do t\u00eb zhveshej nga ato t\u00eb zakonshmeve t\u00eb KFOR\u2019it. Tash ai do t\u2019u binte toneve q\u00eb pasqyrojn\u00eb drit\u00ebn reale t\u00eb gjendjes n\u00eb terren: \u201cP\u00ebr t\u00eb qen\u00eb edhe m\u00eb i sakt\u00eb, them se n\u00ebse sot nuk jemi k\u00ebtu p\u00ebr t\u00eb mbajtur zi p\u00ebr t\u00eb vdekurit n\u00eb mesin e popullat\u00ebs serbe apo n\u00eb mesin e polic\u00ebve shqiptar\u00eb etnik\u00eb, kjo \u00ebsht\u00eb p\u00ebr shkak se KFOR-i nd\u00ebrhyri dhe arriti t\u00eb rivendos\u00eb qet\u00ebsin\u00eb\u201d.<\/p>\n<p>Para m\u00ebse tri dit\u00ebsh, Komandanti i KFOR\u2019it, kishte faj\u00ebsuar dhe t\u00ebrhequr v\u00ebrejtjen t\u00eb dyja pal\u00ebve me nj\u00eb k\u00ebrkes\u00eb: Merrni p\u00ebrgjegj\u00ebsi, mos u fshini para narrativave t\u00eb rrem\u00eb. Ishte e pad\u00ebgjuar m\u00eb par\u00eb q\u00eb nj\u00eb udh\u00ebheq\u00ebs i forc\u00ebs paqeruajt\u00ebse t\u00eb jepte konstatime t\u00eb k\u00ebsaj natyre.<\/p>\n<p>N\u00eb n\u00ebntor t\u00eb vitit t\u00eb kaluar, edhe ish-Komandanti hungarez i KFOR\u2019it kishte dh\u00ebn\u00eb disa detaje t\u00eb nj\u00eb krize tjet\u00ebr n\u00eb veri asokohe, p\u00ebr \u00e7ka pati treguar se si i kishte b\u00ebr\u00eb thirrje kryeministrit kosovar, q\u00eb asokohe t\u00eb shihej t\u00eb operohej konsensualisht. Kurti ia kishte kthyer prerazi se \u201cun\u00eb nuk negocioj me kriminel\u00eb\u201d.<\/p>\n<p>\u201cQ\u00ebllimi ka qen\u00eb t\u00eb formojn\u00eb nj\u00ebfar\u00eb konsensusi, pasi q\u00eb edhe serb\u00ebt e Kosov\u00ebs kan\u00eb interes t\u00eb eliminojn\u00eb grupet aktuale kriminale. Q\u00ebndrimi i Qeveris\u00eb s\u00eb Kosov\u00ebs, sidoqoft\u00eb, ishte se ne nuk negociojm\u00eb me kriminel\u00eb dhe se policia kryen operacionet e saj ashtu si\u00e7 u shkojn\u00eb p\u00ebr shtati\u201d, pati treguar Ferenc Kajari p\u00ebr median hungareze \u201cHonvedelem\u201d.<\/p>\n<p>K\u00ebtu, edhe Ristuccia do t\u00eb tregonte sakt\u00ebsisht p\u00ebr \u201ckok\u00ebfort\u00ebsin\u00eb\u201d e koh\u00ebve t\u00eb fundit, sipas tij, t\u00eb treguar nga qeveria kosovare.<\/p>\n<p>\u201cKok\u00ebfort\u00ebsia e autoriteteve vendore shqiptare p\u00ebr t\u00eb mos vepruar sipas indikacioneve t\u00eb marra nga partner\u00ebt per\u00ebndimor\u00eb, indikacione q\u00eb sh\u00ebrbejn\u00eb p\u00ebr t\u00eb leht\u00ebsuar dialogun ve\u00e7an\u00ebrisht n\u00eb drit\u00ebn e progresit t\u00eb b\u00ebr\u00eb me marr\u00ebveshjet n\u00eb Bruksel dhe Oh\u00ebr, ka dob\u00ebsuar shum\u00eb ekuilibrin\u201d, i tha ai dit\u00eb m\u00eb par\u00eb gazet\u00ebs italiane \u201cla Repubblica\u201d.<\/p>\n<p>Nj\u00ebjt\u00eb do t\u00eb shprehej edhe n\u00eb intervist\u00ebn e tij t\u00eb fundit t\u00eb dh\u00ebn\u00eb mbr\u00ebmjen e s\u00eb shtun\u00ebs. \u201cVeprimi i dyt\u00eb i nj\u00ebansh\u00ebm i qeveris\u00eb s\u00eb Prishtin\u00ebs ishte p\u00ebrdorimi i forc\u00ebs pa u konsultuar me ne, duke b\u00ebr\u00eb k\u00ebshtu t\u00eb nevojshme nd\u00ebrhyrjen ton\u00eb p\u00ebr t\u00eb shmangur nj\u00eb tragjedi\u201d.<\/p>\n<p>Kurti, i cili asobote opozitare shprehej nga foltorja e Kuvendit t\u00eb Kosov\u00ebs se \u201cKFOR\u2019i mbron Rezolut\u00ebn 12\/44\u201d dhe se \u201cKFOR\u2019i nuk mbron pavar\u00ebsin\u00eb e Kosov\u00ebs\u201d dhe se \u201ckufjt\u00eb i Kosov\u00ebs i sheh si vij\u00eb administrative e jo si kufij nd\u00ebrshteror\u00eb\u201d, megjithat\u00eb, tash n\u00eb \u00e7do paraqitje t\u00eb tij k\u00ebrkon nga NATO q\u00eb t\u00eb dislokoj\u00eb m\u00eb shum\u00eb trupa n\u00eb Kosov\u00eb brenda k\u00ebsaj Rezolute 12\/44, rezolut\u00eb kjo e vitit 1999 q\u00eb ende e ka t\u00eb shkruar Kosov\u00ebn si \u201cpjes\u00eb integrale t\u00eb Republk\u00ebs Federale t\u00eb Jugosllavis\u00eb\u201d dhe e cila rezolut\u00eb nuk \u00ebsht\u00eb zhb\u00ebr\u00eb asnj\u00ebher\u00eb, p\u00ebr shkak t\u00eb vetos ruse dhe kineze, dy shtete k\u00ebto an\u00ebtare t\u00eb p\u00ebrhershme t\u00eb K\u00ebshillit t\u00eb Sigurmit t\u00eb OKB-s\u00eb.<\/p>\n<p>Kurti, do t\u00eb k\u00ebrkonte m\u00eb shum\u00eb e m\u00eb shum\u00eb forca, n\u00eb ve\u00e7anti gjermane. Kjo d\u00ebshir\u00eb do t\u2019i plot\u00ebsohej pas kriz\u00ebs q\u00eb ngjau n\u00eb veri, p\u00ebr shkak t\u00eb vendimit t\u00eb tij solo e pa mb\u00ebshtetjen e asnj\u00eb aleati, e n\u00eb ve\u00e7anti t\u00eb aleatit dhe hisedarin m\u00eb t\u00eb madh t\u00eb siguris\u00eb n\u00eb Kosov\u00eb, Shtetet e Bashkuara t\u00eb Amerik\u00ebs s\u00eb Kosov\u00ebs. Sekretari Gjeneral i NATO\u2019s, Jens Stoltenberg, do t\u00eb lajm\u00ebronte p\u00ebr nisjen e 700 trupave shtes\u00eb t\u00eb NATO\u2019s n\u00eb Kosov\u00eb. Kurti k\u00ebt\u00eb do ta mir\u00ebpriste.<\/p>\n<p>Por, \u00e7ka s\u2019do t\u00eb mir\u00ebpritej nga Kurti, dje e shpjegoi shefi i k\u00ebtij misioni paqeruajt\u00ebs. \u201cKFOR\u2019i nuk \u00ebsht\u00eb \u00e7ad\u00ebr p\u00ebr t\u2019u strehuar nga veprimet e nj\u00ebanshme\u201d.<\/p>\n<p>\u201cAsgj\u00eb nuk ka ndryshuar p\u00ebr ne dhe asgj\u00eb nuk ka ndryshuar pas p\u00ebrplasjeve t\u00eb 29 majit. Mandati i rezolut\u00ebs 1244 t\u00eb K\u00ebshillit t\u00eb Sigurimit t\u00eb OKB-s\u00eb mbetet i pandryshuar. Dhe ne jemi gati p\u00ebr \u00e7do rast\u201d, do t\u00eb shtonte Ristuccia.\/Nacionale<\/p>\n","protected":false},"excerpt":{"rendered":"<p>\u201cKFOR\u2019i nuk \u00ebsht\u00eb \u00e7ad\u00ebr p\u00ebr t\u2019u strehuar pas veprimeve t\u00eb nj\u00ebanshme\u201d. K\u00ebshtu iu drejtua Kryeministrit t\u00eb Kosov\u00ebs, Albin Kurtit, komandanti i Misionit Paqeruajt\u00ebs t\u00eb NATO\u2019s n\u00eb Kosov\u00eb, Gjeneral Majori italian, Angelo Michele Ristuccia duke folur p\u00ebr gazet\u00ebn italiane \u201cCorriere\u201d. N\u00eb intervist\u00ebn e tij t\u00eb dyt\u00eb brenda tri dit\u00ebsh dhe pas plagosjes s\u00eb rreth 30 ushtar\u00ebve [&hellip;]<\/p>\n","protected":false},"author":1,"featured_media":15681,"comment_status":"closed","ping_status":"closed","sticky":false,"template":"","format":"standard","meta":{"_monsterinsights_skip_tracking":false,"_monsterinsights_sitenote_active":false,"_monsterinsights_sitenote_note":"","_monsterinsights_sitenote_category":0,"_uf_show_specific_survey":0,"_uf_disable_surveys":false,"footnotes":""},"categories":[1],"tags":[517],"yoast_head":"<!-- This site is optimized with the Yoast SEO plugin v21.5 - https:\/\/yoast.com\/wordpress\/plugins\/seo\/ -->\n<title>KFOR\u2019i qorton Kurtin: Q\u00eb nga 2021\u2019a ve\u00e7 p\u00ebrkeq\u00ebsim, s\u2019jemi ne \u00e7ad\u00ebr sigurie p\u00ebr t&#039;u strehuar pas veprimeve t\u00eb nj\u00ebanshme<\/title>\n<meta name=\"robots\" content=\"index, follow, max-snippet:-1, max-image-preview:large, max-video-preview:-1\" \/>\n<link rel=\"canonical\" href=\"https:\/\/permbledhja.com\/sq\/kfori-qorton-kurtin-qe-nga-2021a-vec-perkeqesim-sjemi-ne-cader-sigurie-per-tu-strehuar-pas-veprimeve-te-njeanshme\/\" \/>\n<meta property=\"og:locale\" content=\"sq_AL\" \/>\n<meta property=\"og:type\" content=\"article\" \/>\n<meta property=\"og:title\" content=\"KFOR\u2019i qorton Kurtin: Q\u00eb nga 2021\u2019a ve\u00e7 p\u00ebrkeq\u00ebsim, s\u2019jemi ne \u00e7ad\u00ebr sigurie p\u00ebr t&#039;u strehuar pas veprimeve t\u00eb nj\u00ebanshme\" \/>\n<meta property=\"og:description\" content=\"\u201cKFOR\u2019i nuk \u00ebsht\u00eb \u00e7ad\u00ebr p\u00ebr t\u2019u strehuar pas veprimeve t\u00eb nj\u00ebanshme\u201d. K\u00ebshtu iu drejtua Kryeministrit t\u00eb Kosov\u00ebs, Albin Kurtit, komandanti i Misionit Paqeruajt\u00ebs t\u00eb NATO\u2019s n\u00eb Kosov\u00eb, Gjeneral Majori italian, Angelo Michele Ristuccia duke folur p\u00ebr gazet\u00ebn italiane \u201cCorriere\u201d. N\u00eb intervist\u00ebn e tij t\u00eb dyt\u00eb brenda tri dit\u00ebsh dhe pas plagosjes s\u00eb rreth 30 ushtar\u00ebve [&hellip;]\" \/>\n<meta property=\"og:url\" content=\"https:\/\/permbledhja.com\/sq\/kfori-qorton-kurtin-qe-nga-2021a-vec-perkeqesim-sjemi-ne-cader-sigurie-per-tu-strehuar-pas-veprimeve-te-njeanshme\/\" \/>\n<meta property=\"og:site_name\" content=\"Ve\u00e7 artikuj p\u00ebrmbledh\u00ebs\" \/>\n<meta property=\"article:publisher\" content=\"https:\/\/www.facebook.com\/press07\/\" \/>\n<meta property=\"article:author\" content=\"https:\/\/www.facebook.com\/kafexhiu.muharrem\/\" \/>\n<meta property=\"article:published_time\" content=\"2023-06-05T07:08:12+00:00\" \/>\n<meta property=\"og:image\" content=\"https:\/\/permbledhja.com\/wp-content\/uploads\/2023\/06\/83938278-4CBD-49B0-B70D-9733FE947794.jpeg\" \/>\n\t<meta property=\"og:image:width\" content=\"1156\" \/>\n\t<meta property=\"og:image:height\" content=\"875\" \/>\n\t<meta property=\"og:image:type\" content=\"image\/jpeg\" \/>\n<meta name=\"author\" content=\"P\u00ebrmbledhja\" \/>\n<meta name=\"twitter:card\" content=\"summary_large_image\" \/>\n<meta name=\"twitter:label1\" content=\"Written by\" \/>\n\t<meta name=\"twitter:data1\" content=\"P\u00ebrmbledhja\" \/>\n\t<meta name=\"twitter:label2\" content=\"Est. reading time\" \/>\n\t<meta name=\"twitter:data2\" content=\"5 minuta\" \/>\n<script type=\"application\/ld+json\" class=\"yoast-schema-graph\">{\"@context\":\"https:\/\/schema.org\",\"@graph\":[{\"@type\":\"Article\",\"@id\":\"https:\/\/permbledhja.com\/kfori-qorton-kurtin-qe-nga-2021a-vec-perkeqesim-sjemi-ne-cader-sigurie-per-tu-strehuar-pas-veprimeve-te-njeanshme\/#article\",\"isPartOf\":{\"@id\":\"https:\/\/permbledhja.com\/kfori-qorton-kurtin-qe-nga-2021a-vec-perkeqesim-sjemi-ne-cader-sigurie-per-tu-strehuar-pas-veprimeve-te-njeanshme\/\"},\"author\":{\"name\":\"P\u00ebrmbledhja\",\"@id\":\"https:\/\/permbledhja.com\/#\/schema\/person\/0d064377258d3221e50693947b9eb4fe\"},\"headline\":\"KFOR\u2019i qorton Kurtin: Q\u00eb nga 2021\u2019a ve\u00e7 p\u00ebrkeq\u00ebsim, s\u2019jemi ne \u00e7ad\u00ebr sigurie p\u00ebr t&#8217;u strehuar pas veprimeve t\u00eb nj\u00ebanshme\",\"datePublished\":\"2023-06-05T07:08:12+00:00\",\"dateModified\":\"2023-06-05T07:08:12+00:00\",\"mainEntityOfPage\":{\"@id\":\"https:\/\/permbledhja.com\/kfori-qorton-kurtin-qe-nga-2021a-vec-perkeqesim-sjemi-ne-cader-sigurie-per-tu-strehuar-pas-veprimeve-te-njeanshme\/\"},\"wordCount\":1061,\"publisher\":{\"@id\":\"https:\/\/permbledhja.com\/#organization\"},\"keywords\":[\"KFOR\"],\"articleSection\":[\"Breaking News\"],\"inLanguage\":\"sq\"},{\"@type\":\"WebPage\",\"@id\":\"https:\/\/permbledhja.com\/kfori-qorton-kurtin-qe-nga-2021a-vec-perkeqesim-sjemi-ne-cader-sigurie-per-tu-strehuar-pas-veprimeve-te-njeanshme\/\",\"url\":\"https:\/\/permbledhja.com\/kfori-qorton-kurtin-qe-nga-2021a-vec-perkeqesim-sjemi-ne-cader-sigurie-per-tu-strehuar-pas-veprimeve-te-njeanshme\/\",\"name\":\"KFOR\u2019i qorton Kurtin: Q\u00eb nga 2021\u2019a ve\u00e7 p\u00ebrkeq\u00ebsim, s\u2019jemi ne \u00e7ad\u00ebr sigurie p\u00ebr t'u strehuar pas veprimeve t\u00eb nj\u00ebanshme\",\"isPartOf\":{\"@id\":\"https:\/\/permbledhja.com\/#website\"},\"datePublished\":\"2023-06-05T07:08:12+00:00\",\"dateModified\":\"2023-06-05T07:08:12+00:00\",\"breadcrumb\":{\"@id\":\"https:\/\/permbledhja.com\/kfori-qorton-kurtin-qe-nga-2021a-vec-perkeqesim-sjemi-ne-cader-sigurie-per-tu-strehuar-pas-veprimeve-te-njeanshme\/#breadcrumb\"},\"inLanguage\":\"sq\",\"potentialAction\":[{\"@type\":\"ReadAction\",\"target\":[\"https:\/\/permbledhja.com\/kfori-qorton-kurtin-qe-nga-2021a-vec-perkeqesim-sjemi-ne-cader-sigurie-per-tu-strehuar-pas-veprimeve-te-njeanshme\/\"]}]},{\"@type\":\"BreadcrumbList\",\"@id\":\"https:\/\/permbledhja.com\/kfori-qorton-kurtin-qe-nga-2021a-vec-perkeqesim-sjemi-ne-cader-sigurie-per-tu-strehuar-pas-veprimeve-te-njeanshme\/#breadcrumb\",\"itemListElement\":[{\"@type\":\"ListItem\",\"position\":1,\"name\":\"Ballina\",\"item\":\"https:\/\/permbledhja.com\/sq\/\"},{\"@type\":\"ListItem\",\"position\":2,\"name\":\"KFOR\u2019i qorton Kurtin: Q\u00eb nga 2021\u2019a ve\u00e7 p\u00ebrkeq\u00ebsim, s\u2019jemi ne \u00e7ad\u00ebr sigurie p\u00ebr t&#8217;u strehuar pas veprimeve t\u00eb nj\u00ebanshme\"}]},{\"@type\":\"WebSite\",\"@id\":\"https:\/\/permbledhja.com\/#website\",\"url\":\"https:\/\/permbledhja.com\/\",\"name\":\"Ve\u00e7 artikuj p\u00ebrmbledh\u00ebs\",\"description\":\"\",\"publisher\":{\"@id\":\"https:\/\/permbledhja.com\/#organization\"},\"potentialAction\":[{\"@type\":\"SearchAction\",\"target\":{\"@type\":\"EntryPoint\",\"urlTemplate\":\"https:\/\/permbledhja.com\/?s={search_term_string}\"},\"query-input\":\"required name=search_term_string\"}],\"inLanguage\":\"sq\"},{\"@type\":\"Organization\",\"@id\":\"https:\/\/permbledhja.com\/#organization\",\"name\":\"MK Media & Pr\",\"url\":\"https:\/\/permbledhja.com\/\",\"logo\":{\"@type\":\"ImageObject\",\"inLanguage\":\"sq\",\"@id\":\"https:\/\/permbledhja.com\/#\/schema\/logo\/image\/\",\"url\":\"https:\/\/permbledhja.com\/wp-content\/uploads\/2021\/12\/07-Press-Logo.jpg\",\"contentUrl\":\"https:\/\/permbledhja.com\/wp-content\/uploads\/2021\/12\/07-Press-Logo.jpg\",\"width\":512,\"height\":512,\"caption\":\"MK Media & Pr\"},\"image\":{\"@id\":\"https:\/\/permbledhja.com\/#\/schema\/logo\/image\/\"},\"sameAs\":[\"https:\/\/www.facebook.com\/press07\/\"]},{\"@type\":\"Person\",\"@id\":\"https:\/\/permbledhja.com\/#\/schema\/person\/0d064377258d3221e50693947b9eb4fe\",\"name\":\"P\u00ebrmbledhja\",\"image\":{\"@type\":\"ImageObject\",\"inLanguage\":\"sq\",\"@id\":\"https:\/\/permbledhja.com\/#\/schema\/person\/image\/\",\"url\":\"https:\/\/permbledhja.com\/wp-content\/uploads\/2026\/01\/452004717_1040944174702970_8932037511805513407_n-96x96.jpg\",\"contentUrl\":\"https:\/\/permbledhja.com\/wp-content\/uploads\/2026\/01\/452004717_1040944174702970_8932037511805513407_n-96x96.jpg\",\"caption\":\"P\u00ebrmbledhja\"},\"sameAs\":[\"https:\/\/www.facebook.com\/kafexhiu.muharrem\/\",\"https:\/\/www.instagram.com\/muharrem_kafexhiu\/\"],\"url\":\"https:\/\/permbledhja.com\/sq\/author\/admin\/\"}]}<\/script>\n<!-- \/ Yoast SEO plugin. -->","yoast_head_json":{"title":"KFOR\u2019i qorton Kurtin: Q\u00eb nga 2021\u2019a ve\u00e7 p\u00ebrkeq\u00ebsim, s\u2019jemi ne \u00e7ad\u00ebr sigurie p\u00ebr t'u strehuar pas veprimeve t\u00eb nj\u00ebanshme","robots":{"index":"index","follow":"follow","max-snippet":"max-snippet:-1","max-image-preview":"max-image-preview:large","max-video-preview":"max-video-preview:-1"},"canonical":"https:\/\/permbledhja.com\/sq\/kfori-qorton-kurtin-qe-nga-2021a-vec-perkeqesim-sjemi-ne-cader-sigurie-per-tu-strehuar-pas-veprimeve-te-njeanshme\/","og_locale":"sq_AL","og_type":"article","og_title":"KFOR\u2019i qorton Kurtin: Q\u00eb nga 2021\u2019a ve\u00e7 p\u00ebrkeq\u00ebsim, s\u2019jemi ne \u00e7ad\u00ebr sigurie p\u00ebr t'u strehuar pas veprimeve t\u00eb nj\u00ebanshme","og_description":"\u201cKFOR\u2019i nuk \u00ebsht\u00eb \u00e7ad\u00ebr p\u00ebr t\u2019u strehuar pas veprimeve t\u00eb nj\u00ebanshme\u201d. K\u00ebshtu iu drejtua Kryeministrit t\u00eb Kosov\u00ebs, Albin Kurtit, komandanti i Misionit Paqeruajt\u00ebs t\u00eb NATO\u2019s n\u00eb Kosov\u00eb, Gjeneral Majori italian, Angelo Michele Ristuccia duke folur p\u00ebr gazet\u00ebn italiane \u201cCorriere\u201d. N\u00eb intervist\u00ebn e tij t\u00eb dyt\u00eb brenda tri dit\u00ebsh dhe pas plagosjes s\u00eb rreth 30 ushtar\u00ebve [&hellip;]","og_url":"https:\/\/permbledhja.com\/sq\/kfori-qorton-kurtin-qe-nga-2021a-vec-perkeqesim-sjemi-ne-cader-sigurie-per-tu-strehuar-pas-veprimeve-te-njeanshme\/","og_site_name":"Ve\u00e7 artikuj p\u00ebrmbledh\u00ebs","article_publisher":"https:\/\/www.facebook.com\/press07\/","article_author":"https:\/\/www.facebook.com\/kafexhiu.muharrem\/","article_published_time":"2023-06-05T07:08:12+00:00","og_image":[{"width":1156,"height":875,"url":"https:\/\/permbledhja.com\/wp-content\/uploads\/2023\/06\/83938278-4CBD-49B0-B70D-9733FE947794.jpeg","type":"image\/jpeg"}],"author":"P\u00ebrmbledhja","twitter_card":"summary_large_image","twitter_misc":{"Written by":"P\u00ebrmbledhja","Est. reading time":"5 minuta"},"schema":{"@context":"https:\/\/schema.org","@graph":[{"@type":"Article","@id":"https:\/\/permbledhja.com\/kfori-qorton-kurtin-qe-nga-2021a-vec-perkeqesim-sjemi-ne-cader-sigurie-per-tu-strehuar-pas-veprimeve-te-njeanshme\/#article","isPartOf":{"@id":"https:\/\/permbledhja.com\/kfori-qorton-kurtin-qe-nga-2021a-vec-perkeqesim-sjemi-ne-cader-sigurie-per-tu-strehuar-pas-veprimeve-te-njeanshme\/"},"author":{"name":"P\u00ebrmbledhja","@id":"https:\/\/permbledhja.com\/#\/schema\/person\/0d064377258d3221e50693947b9eb4fe"},"headline":"KFOR\u2019i qorton Kurtin: Q\u00eb nga 2021\u2019a ve\u00e7 p\u00ebrkeq\u00ebsim, s\u2019jemi ne \u00e7ad\u00ebr sigurie p\u00ebr t&#8217;u strehuar pas veprimeve t\u00eb nj\u00ebanshme","datePublished":"2023-06-05T07:08:12+00:00","dateModified":"2023-06-05T07:08:12+00:00","mainEntityOfPage":{"@id":"https:\/\/permbledhja.com\/kfori-qorton-kurtin-qe-nga-2021a-vec-perkeqesim-sjemi-ne-cader-sigurie-per-tu-strehuar-pas-veprimeve-te-njeanshme\/"},"wordCount":1061,"publisher":{"@id":"https:\/\/permbledhja.com\/#organization"},"keywords":["KFOR"],"articleSection":["Breaking News"],"inLanguage":"sq"},{"@type":"WebPage","@id":"https:\/\/permbledhja.com\/kfori-qorton-kurtin-qe-nga-2021a-vec-perkeqesim-sjemi-ne-cader-sigurie-per-tu-strehuar-pas-veprimeve-te-njeanshme\/","url":"https:\/\/permbledhja.com\/kfori-qorton-kurtin-qe-nga-2021a-vec-perkeqesim-sjemi-ne-cader-sigurie-per-tu-strehuar-pas-veprimeve-te-njeanshme\/","name":"KFOR\u2019i qorton Kurtin: Q\u00eb nga 2021\u2019a ve\u00e7 p\u00ebrkeq\u00ebsim, s\u2019jemi ne \u00e7ad\u00ebr sigurie p\u00ebr t'u strehuar pas veprimeve t\u00eb nj\u00ebanshme","isPartOf":{"@id":"https:\/\/permbledhja.com\/#website"},"datePublished":"2023-06-05T07:08:12+00:00","dateModified":"2023-06-05T07:08:12+00:00","breadcrumb":{"@id":"https:\/\/permbledhja.com\/kfori-qorton-kurtin-qe-nga-2021a-vec-perkeqesim-sjemi-ne-cader-sigurie-per-tu-strehuar-pas-veprimeve-te-njeanshme\/#breadcrumb"},"inLanguage":"sq","potentialAction":[{"@type":"ReadAction","target":["https:\/\/permbledhja.com\/kfori-qorton-kurtin-qe-nga-2021a-vec-perkeqesim-sjemi-ne-cader-sigurie-per-tu-strehuar-pas-veprimeve-te-njeanshme\/"]}]},{"@type":"BreadcrumbList","@id":"https:\/\/permbledhja.com\/kfori-qorton-kurtin-qe-nga-2021a-vec-perkeqesim-sjemi-ne-cader-sigurie-per-tu-strehuar-pas-veprimeve-te-njeanshme\/#breadcrumb","itemListElement":[{"@type":"ListItem","position":1,"name":"Ballina","item":"https:\/\/permbledhja.com\/sq\/"},{"@type":"ListItem","position":2,"name":"KFOR\u2019i qorton Kurtin: Q\u00eb nga 2021\u2019a ve\u00e7 p\u00ebrkeq\u00ebsim, s\u2019jemi ne \u00e7ad\u00ebr sigurie p\u00ebr t&#8217;u strehuar pas veprimeve t\u00eb nj\u00ebanshme"}]},{"@type":"WebSite","@id":"https:\/\/permbledhja.com\/#website","url":"https:\/\/permbledhja.com\/","name":"Ve\u00e7 artikuj p\u00ebrmbledh\u00ebs","description":"","publisher":{"@id":"https:\/\/permbledhja.com\/#organization"},"potentialAction":[{"@type":"SearchAction","target":{"@type":"EntryPoint","urlTemplate":"https:\/\/permbledhja.com\/?s={search_term_string}"},"query-input":"required name=search_term_string"}],"inLanguage":"sq"},{"@type":"Organization","@id":"https:\/\/permbledhja.com\/#organization","name":"MK Media & Pr","url":"https:\/\/permbledhja.com\/","logo":{"@type":"ImageObject","inLanguage":"sq","@id":"https:\/\/permbledhja.com\/#\/schema\/logo\/image\/","url":"https:\/\/permbledhja.com\/wp-content\/uploads\/2021\/12\/07-Press-Logo.jpg","contentUrl":"https:\/\/permbledhja.com\/wp-content\/uploads\/2021\/12\/07-Press-Logo.jpg","width":512,"height":512,"caption":"MK Media & Pr"},"image":{"@id":"https:\/\/permbledhja.com\/#\/schema\/logo\/image\/"},"sameAs":["https:\/\/www.facebook.com\/press07\/"]},{"@type":"Person","@id":"https:\/\/permbledhja.com\/#\/schema\/person\/0d064377258d3221e50693947b9eb4fe","name":"P\u00ebrmbledhja","image":{"@type":"ImageObject","inLanguage":"sq","@id":"https:\/\/permbledhja.com\/#\/schema\/person\/image\/","url":"https:\/\/permbledhja.com\/wp-content\/uploads\/2026\/01\/452004717_1040944174702970_8932037511805513407_n-96x96.jpg","contentUrl":"https:\/\/permbledhja.com\/wp-content\/uploads\/2026\/01\/452004717_1040944174702970_8932037511805513407_n-96x96.jpg","caption":"P\u00ebrmbledhja"},"sameAs":["https:\/\/www.facebook.com\/kafexhiu.muharrem\/","https:\/\/www.instagram.com\/muharrem_kafexhiu\/"],"url":"https:\/\/permbledhja.com\/sq\/author\/admin\/"}]}},"_links":{"self":[{"href":"https:\/\/permbledhja.com\/sq\/wp-json\/wp\/v2\/posts\/15680"}],"collection":[{"href":"https:\/\/permbledhja.com\/sq\/wp-json\/wp\/v2\/posts"}],"about":[{"href":"https:\/\/permbledhja.com\/sq\/wp-json\/wp\/v2\/types\/post"}],"author":[{"embeddable":true,"href":"https:\/\/permbledhja.com\/sq\/wp-json\/wp\/v2\/users\/1"}],"replies":[{"embeddable":true,"href":"https:\/\/permbledhja.com\/sq\/wp-json\/wp\/v2\/comments?post=15680"}],"version-history":[{"count":1,"href":"https:\/\/permbledhja.com\/sq\/wp-json\/wp\/v2\/posts\/15680\/revisions"}],"predecessor-version":[{"id":15682,"href":"https:\/\/permbledhja.com\/sq\/wp-json\/wp\/v2\/posts\/15680\/revisions\/15682"}],"wp:featuredmedia":[{"embeddable":true,"href":"https:\/\/permbledhja.com\/sq\/wp-json\/wp\/v2\/media\/15681"}],"wp:attachment":[{"href":"https:\/\/permbledhja.com\/sq\/wp-json\/wp\/v2\/media?parent=15680"}],"wp:term":[{"taxonomy":"category","embeddable":true,"href":"https:\/\/permbledhja.com\/sq\/wp-json\/wp\/v2\/categories?post=15680"},{"taxonomy":"post_tag","embeddable":true,"href":"https:\/\/permbledhja.com\/sq\/wp-json\/wp\/v2\/tags?post=15680"}],"curies":[{"name":"wp","href":"https:\/\/api.w.org\/{rel}","templated":true}]}}