{"id":15678,"date":"2023-06-05T05:45:16","date_gmt":"2023-06-05T05:45:16","guid":{"rendered":"https:\/\/permbledhja.com\/?p=15678"},"modified":"2023-06-05T05:45:16","modified_gmt":"2023-06-05T05:45:16","slug":"sot-do-te-kete-bllokim-te-disa-rrugeve-ne-prishtine-policia-jep-detaje","status":"publish","type":"post","link":"https:\/\/permbledhja.com\/sq\/sot-do-te-kete-bllokim-te-disa-rrugeve-ne-prishtine-policia-jep-detaje\/","title":{"rendered":"Sot do t\u00eb ket\u00eb bllokim t\u00eb disa rrug\u00ebve n\u00eb Prishtin\u00eb, Policia jep detaje"},"content":{"rendered":"<p>Policia e Kosov\u00ebs ka njoftuar se p\u00ebr shkak t\u00eb ndeshjes s\u00eb futbollit Prishtina-Gjilani, e cila do t\u00eb zhvillohet sot, n\u00eb stadiumin \u201cFadil Vokrri\u201d, n\u00eb Prishtin\u00eb, ka b\u00ebr\u00eb t\u00eb gjitha p\u00ebrgatitjet e duhura policore p\u00ebr t\u00eb ofruar siguri p\u00ebr t\u00eb gjith\u00eb pjes\u00ebmarr\u00ebsit, si dhe ka nd\u00ebrmarr\u00eb masat e nevojshme p\u00ebr t\u00eb p\u00ebrcaktuar lirimet, kufizimet, bllokimet e plota apo t\u00eb pjesshme t\u00eb segmenteve t\u00eb caktuara rrugore n\u00eb kryeqend\u00ebr, me q\u00ebllim t\u00eb rregullimit t\u00eb qarkullimit rrugor dhe drejtimit t\u00eb trafikut, n\u00eb m\u00ebnyr\u00eb q\u00eb t\u00eb krijohet rrjedhshm\u00ebri normale n\u00eb trafik, si dhe nj\u00eb ambient i qet\u00eb dhe i sigurt.<\/p>\n<p>Policia e Kosov\u00ebs p\u00ebr t\u00eb evituar bllokadat n\u00eb rrug\u00eb, kolonat e gjata t\u00eb automjeteve, p\u00ebr t\u00eb mund\u00ebsuar nj\u00eb qarkullim n\u00eb suaza t\u00eb normales, do t\u00eb veproj\u00eb n\u00eb t\u00eb gjitha rrug\u00ebt t\u00eb cilat lidhen me stadiumin \u201cFadil Vokrri\u201d, duke formuar pikat e kontrollit me q\u00ebllim t\u00eb ndalimit dhe udh\u00ebzimit t\u00eb automjeteve, si dhe vendosjen e rregullit p\u00ebrgjat\u00eb atyre rrug\u00ebve.<\/p>\n<p>N\u00eb k\u00ebt\u00eb kontekst, policia do t\u00eb nd\u00ebrpres qarkullimin e t\u00eb gjitha automjeteve n\u00eb rrug\u00ebt Enver Zymberi dhe Rinia. Plani n\u00eb fjal\u00eb do t\u00eb filloj t\u00eb implementohet nes\u00ebr (05.06.2023), q\u00eb nga ora 07:00 deri n\u00eb p\u00ebrfundim t\u00eb ndeshjes. Andaj p\u00ebr t\u00eb p\u00ebrballuar sa m\u00eb leht\u00eb rrethanat q\u00eb do t\u00eb paraqiten n\u00eb qarkullimin rrugor, k\u00ebrkojm\u00eb ndihm\u00ebn, besimin dhe mir\u00ebkuptimin e gjith\u00eb qytetar\u00ebve dhe ve\u00e7an\u00ebrisht lusim qytetar\u00ebt e kryeqytetit q\u00eb t\u00eb shmangin l\u00ebvizjet e tyre drejt stadiumit t\u00eb qytetit me vetura\u201d, thuhet n\u00eb njoftim.<\/p>\n<p>P\u00ebrndryshe nes\u00ebr n\u00eb stadiumin \u201cFadil Vokrri\u201d, duke filluar nga ora 18:00, do t\u00eb ballafaqohen Prishtina-Gjilani, n\u00eb finalen e Kup\u00ebs s\u00eb Kosov\u00ebs.<\/p>\n","protected":false},"excerpt":{"rendered":"<p>Policia e Kosov\u00ebs ka njoftuar se p\u00ebr shkak t\u00eb ndeshjes s\u00eb futbollit Prishtina-Gjilani, e cila do t\u00eb zhvillohet sot, n\u00eb stadiumin \u201cFadil Vokrri\u201d, n\u00eb Prishtin\u00eb, ka b\u00ebr\u00eb t\u00eb gjitha p\u00ebrgatitjet e duhura policore p\u00ebr t\u00eb ofruar siguri p\u00ebr t\u00eb gjith\u00eb pjes\u00ebmarr\u00ebsit, si dhe ka nd\u00ebrmarr\u00eb masat e nevojshme p\u00ebr t\u00eb p\u00ebrcaktuar lirimet, kufizimet, bllokimet e [&hellip;]<\/p>\n","protected":false},"author":1,"featured_media":12112,"comment_status":"closed","ping_status":"closed","sticky":false,"template":"","format":"standard","meta":{"_monsterinsights_skip_tracking":false,"_monsterinsights_sitenote_active":false,"_monsterinsights_sitenote_note":"","_monsterinsights_sitenote_category":0,"_uf_show_specific_survey":0,"_uf_disable_surveys":false,"footnotes":""},"categories":[23,15],"tags":[50],"yoast_head":"<!-- This site is optimized with the Yoast SEO plugin v21.5 - https:\/\/yoast.com\/wordpress\/plugins\/seo\/ -->\n<title>Sot do t\u00eb ket\u00eb bllokim t\u00eb disa rrug\u00ebve n\u00eb Prishtin\u00eb, Policia jep detaje<\/title>\n<meta name=\"robots\" content=\"index, follow, max-snippet:-1, max-image-preview:large, max-video-preview:-1\" \/>\n<link rel=\"canonical\" href=\"https:\/\/permbledhja.com\/sq\/sot-do-te-kete-bllokim-te-disa-rrugeve-ne-prishtine-policia-jep-detaje\/\" \/>\n<meta property=\"og:locale\" content=\"sq_AL\" \/>\n<meta property=\"og:type\" content=\"article\" \/>\n<meta property=\"og:title\" content=\"Sot do t\u00eb ket\u00eb bllokim t\u00eb disa rrug\u00ebve n\u00eb Prishtin\u00eb, Policia jep detaje\" \/>\n<meta property=\"og:description\" content=\"Policia e Kosov\u00ebs ka njoftuar se p\u00ebr shkak t\u00eb ndeshjes s\u00eb futbollit Prishtina-Gjilani, e cila do t\u00eb zhvillohet sot, n\u00eb stadiumin \u201cFadil Vokrri\u201d, n\u00eb Prishtin\u00eb, ka b\u00ebr\u00eb t\u00eb gjitha p\u00ebrgatitjet e duhura policore p\u00ebr t\u00eb ofruar siguri p\u00ebr t\u00eb gjith\u00eb pjes\u00ebmarr\u00ebsit, si dhe ka nd\u00ebrmarr\u00eb masat e nevojshme p\u00ebr t\u00eb p\u00ebrcaktuar lirimet, kufizimet, bllokimet e [&hellip;]\" \/>\n<meta property=\"og:url\" content=\"https:\/\/permbledhja.com\/sq\/sot-do-te-kete-bllokim-te-disa-rrugeve-ne-prishtine-policia-jep-detaje\/\" \/>\n<meta property=\"og:site_name\" content=\"Ve\u00e7 artikuj p\u00ebrmbledh\u00ebs\" \/>\n<meta property=\"article:publisher\" content=\"https:\/\/www.facebook.com\/press07\/\" \/>\n<meta property=\"article:author\" content=\"https:\/\/www.facebook.com\/kafexhiu.muharrem\/\" \/>\n<meta property=\"article:published_time\" content=\"2023-06-05T05:45:16+00:00\" \/>\n<meta property=\"og:image\" content=\"https:\/\/permbledhja.com\/wp-content\/uploads\/2023\/02\/Emily-Lush-Prishtina-Kosovo-37-600x360-1.jpg\" \/>\n\t<meta property=\"og:image:width\" content=\"600\" \/>\n\t<meta property=\"og:image:height\" content=\"360\" \/>\n\t<meta property=\"og:image:type\" content=\"image\/jpeg\" \/>\n<meta name=\"author\" content=\"P\u00ebrmbledhja\" \/>\n<meta name=\"twitter:card\" content=\"summary_large_image\" \/>\n<meta name=\"twitter:label1\" content=\"Written by\" \/>\n\t<meta name=\"twitter:data1\" content=\"P\u00ebrmbledhja\" \/>\n\t<meta name=\"twitter:label2\" content=\"Est. reading time\" \/>\n\t<meta name=\"twitter:data2\" content=\"1 minut\u00eb\" \/>\n<script type=\"application\/ld+json\" class=\"yoast-schema-graph\">{\"@context\":\"https:\/\/schema.org\",\"@graph\":[{\"@type\":\"Article\",\"@id\":\"https:\/\/permbledhja.com\/sot-do-te-kete-bllokim-te-disa-rrugeve-ne-prishtine-policia-jep-detaje\/#article\",\"isPartOf\":{\"@id\":\"https:\/\/permbledhja.com\/sot-do-te-kete-bllokim-te-disa-rrugeve-ne-prishtine-policia-jep-detaje\/\"},\"author\":{\"name\":\"P\u00ebrmbledhja\",\"@id\":\"https:\/\/permbledhja.com\/#\/schema\/person\/0d064377258d3221e50693947b9eb4fe\"},\"headline\":\"Sot do t\u00eb ket\u00eb bllokim t\u00eb disa rrug\u00ebve n\u00eb Prishtin\u00eb, Policia jep detaje\",\"datePublished\":\"2023-06-05T05:45:16+00:00\",\"dateModified\":\"2023-06-05T05:45:16+00:00\",\"mainEntityOfPage\":{\"@id\":\"https:\/\/permbledhja.com\/sot-do-te-kete-bllokim-te-disa-rrugeve-ne-prishtine-policia-jep-detaje\/\"},\"wordCount\":309,\"publisher\":{\"@id\":\"https:\/\/permbledhja.com\/#organization\"},\"keywords\":[\"Policia\"],\"articleSection\":[\"Komb\u00ebtare\",\"Lajme\"],\"inLanguage\":\"sq\"},{\"@type\":\"WebPage\",\"@id\":\"https:\/\/permbledhja.com\/sot-do-te-kete-bllokim-te-disa-rrugeve-ne-prishtine-policia-jep-detaje\/\",\"url\":\"https:\/\/permbledhja.com\/sot-do-te-kete-bllokim-te-disa-rrugeve-ne-prishtine-policia-jep-detaje\/\",\"name\":\"Sot do t\u00eb ket\u00eb bllokim t\u00eb disa rrug\u00ebve n\u00eb Prishtin\u00eb, Policia jep detaje\",\"isPartOf\":{\"@id\":\"https:\/\/permbledhja.com\/#website\"},\"datePublished\":\"2023-06-05T05:45:16+00:00\",\"dateModified\":\"2023-06-05T05:45:16+00:00\",\"breadcrumb\":{\"@id\":\"https:\/\/permbledhja.com\/sot-do-te-kete-bllokim-te-disa-rrugeve-ne-prishtine-policia-jep-detaje\/#breadcrumb\"},\"inLanguage\":\"sq\",\"potentialAction\":[{\"@type\":\"ReadAction\",\"target\":[\"https:\/\/permbledhja.com\/sot-do-te-kete-bllokim-te-disa-rrugeve-ne-prishtine-policia-jep-detaje\/\"]}]},{\"@type\":\"BreadcrumbList\",\"@id\":\"https:\/\/permbledhja.com\/sot-do-te-kete-bllokim-te-disa-rrugeve-ne-prishtine-policia-jep-detaje\/#breadcrumb\",\"itemListElement\":[{\"@type\":\"ListItem\",\"position\":1,\"name\":\"Ballina\",\"item\":\"https:\/\/permbledhja.com\/sq\/\"},{\"@type\":\"ListItem\",\"position\":2,\"name\":\"Sot do t\u00eb ket\u00eb bllokim t\u00eb disa rrug\u00ebve n\u00eb Prishtin\u00eb, Policia jep detaje\"}]},{\"@type\":\"WebSite\",\"@id\":\"https:\/\/permbledhja.com\/#website\",\"url\":\"https:\/\/permbledhja.com\/\",\"name\":\"Ve\u00e7 artikuj p\u00ebrmbledh\u00ebs\",\"description\":\"\",\"publisher\":{\"@id\":\"https:\/\/permbledhja.com\/#organization\"},\"potentialAction\":[{\"@type\":\"SearchAction\",\"target\":{\"@type\":\"EntryPoint\",\"urlTemplate\":\"https:\/\/permbledhja.com\/?s={search_term_string}\"},\"query-input\":\"required name=search_term_string\"}],\"inLanguage\":\"sq\"},{\"@type\":\"Organization\",\"@id\":\"https:\/\/permbledhja.com\/#organization\",\"name\":\"MK Media & Pr\",\"url\":\"https:\/\/permbledhja.com\/\",\"logo\":{\"@type\":\"ImageObject\",\"inLanguage\":\"sq\",\"@id\":\"https:\/\/permbledhja.com\/#\/schema\/logo\/image\/\",\"url\":\"https:\/\/permbledhja.com\/wp-content\/uploads\/2021\/12\/07-Press-Logo.jpg\",\"contentUrl\":\"https:\/\/permbledhja.com\/wp-content\/uploads\/2021\/12\/07-Press-Logo.jpg\",\"width\":512,\"height\":512,\"caption\":\"MK Media & Pr\"},\"image\":{\"@id\":\"https:\/\/permbledhja.com\/#\/schema\/logo\/image\/\"},\"sameAs\":[\"https:\/\/www.facebook.com\/press07\/\"]},{\"@type\":\"Person\",\"@id\":\"https:\/\/permbledhja.com\/#\/schema\/person\/0d064377258d3221e50693947b9eb4fe\",\"name\":\"P\u00ebrmbledhja\",\"image\":{\"@type\":\"ImageObject\",\"inLanguage\":\"sq\",\"@id\":\"https:\/\/permbledhja.com\/#\/schema\/person\/image\/\",\"url\":\"https:\/\/permbledhja.com\/wp-content\/uploads\/2026\/01\/452004717_1040944174702970_8932037511805513407_n-96x96.jpg\",\"contentUrl\":\"https:\/\/permbledhja.com\/wp-content\/uploads\/2026\/01\/452004717_1040944174702970_8932037511805513407_n-96x96.jpg\",\"caption\":\"P\u00ebrmbledhja\"},\"sameAs\":[\"https:\/\/www.facebook.com\/kafexhiu.muharrem\/\",\"https:\/\/www.instagram.com\/muharrem_kafexhiu\/\"],\"url\":\"https:\/\/permbledhja.com\/sq\/author\/admin\/\"}]}<\/script>\n<!-- \/ Yoast SEO plugin. -->","yoast_head_json":{"title":"Sot do t\u00eb ket\u00eb bllokim t\u00eb disa rrug\u00ebve n\u00eb Prishtin\u00eb, Policia jep detaje","robots":{"index":"index","follow":"follow","max-snippet":"max-snippet:-1","max-image-preview":"max-image-preview:large","max-video-preview":"max-video-preview:-1"},"canonical":"https:\/\/permbledhja.com\/sq\/sot-do-te-kete-bllokim-te-disa-rrugeve-ne-prishtine-policia-jep-detaje\/","og_locale":"sq_AL","og_type":"article","og_title":"Sot do t\u00eb ket\u00eb bllokim t\u00eb disa rrug\u00ebve n\u00eb Prishtin\u00eb, Policia jep detaje","og_description":"Policia e Kosov\u00ebs ka njoftuar se p\u00ebr shkak t\u00eb ndeshjes s\u00eb futbollit Prishtina-Gjilani, e cila do t\u00eb zhvillohet sot, n\u00eb stadiumin \u201cFadil Vokrri\u201d, n\u00eb Prishtin\u00eb, ka b\u00ebr\u00eb t\u00eb gjitha p\u00ebrgatitjet e duhura policore p\u00ebr t\u00eb ofruar siguri p\u00ebr t\u00eb gjith\u00eb pjes\u00ebmarr\u00ebsit, si dhe ka nd\u00ebrmarr\u00eb masat e nevojshme p\u00ebr t\u00eb p\u00ebrcaktuar lirimet, kufizimet, bllokimet e [&hellip;]","og_url":"https:\/\/permbledhja.com\/sq\/sot-do-te-kete-bllokim-te-disa-rrugeve-ne-prishtine-policia-jep-detaje\/","og_site_name":"Ve\u00e7 artikuj p\u00ebrmbledh\u00ebs","article_publisher":"https:\/\/www.facebook.com\/press07\/","article_author":"https:\/\/www.facebook.com\/kafexhiu.muharrem\/","article_published_time":"2023-06-05T05:45:16+00:00","og_image":[{"width":600,"height":360,"url":"https:\/\/permbledhja.com\/wp-content\/uploads\/2023\/02\/Emily-Lush-Prishtina-Kosovo-37-600x360-1.jpg","type":"image\/jpeg"}],"author":"P\u00ebrmbledhja","twitter_card":"summary_large_image","twitter_misc":{"Written by":"P\u00ebrmbledhja","Est. reading time":"1 minut\u00eb"},"schema":{"@context":"https:\/\/schema.org","@graph":[{"@type":"Article","@id":"https:\/\/permbledhja.com\/sot-do-te-kete-bllokim-te-disa-rrugeve-ne-prishtine-policia-jep-detaje\/#article","isPartOf":{"@id":"https:\/\/permbledhja.com\/sot-do-te-kete-bllokim-te-disa-rrugeve-ne-prishtine-policia-jep-detaje\/"},"author":{"name":"P\u00ebrmbledhja","@id":"https:\/\/permbledhja.com\/#\/schema\/person\/0d064377258d3221e50693947b9eb4fe"},"headline":"Sot do t\u00eb ket\u00eb bllokim t\u00eb disa rrug\u00ebve n\u00eb Prishtin\u00eb, Policia jep detaje","datePublished":"2023-06-05T05:45:16+00:00","dateModified":"2023-06-05T05:45:16+00:00","mainEntityOfPage":{"@id":"https:\/\/permbledhja.com\/sot-do-te-kete-bllokim-te-disa-rrugeve-ne-prishtine-policia-jep-detaje\/"},"wordCount":309,"publisher":{"@id":"https:\/\/permbledhja.com\/#organization"},"keywords":["Policia"],"articleSection":["Komb\u00ebtare","Lajme"],"inLanguage":"sq"},{"@type":"WebPage","@id":"https:\/\/permbledhja.com\/sot-do-te-kete-bllokim-te-disa-rrugeve-ne-prishtine-policia-jep-detaje\/","url":"https:\/\/permbledhja.com\/sot-do-te-kete-bllokim-te-disa-rrugeve-ne-prishtine-policia-jep-detaje\/","name":"Sot do t\u00eb ket\u00eb bllokim t\u00eb disa rrug\u00ebve n\u00eb Prishtin\u00eb, Policia jep detaje","isPartOf":{"@id":"https:\/\/permbledhja.com\/#website"},"datePublished":"2023-06-05T05:45:16+00:00","dateModified":"2023-06-05T05:45:16+00:00","breadcrumb":{"@id":"https:\/\/permbledhja.com\/sot-do-te-kete-bllokim-te-disa-rrugeve-ne-prishtine-policia-jep-detaje\/#breadcrumb"},"inLanguage":"sq","potentialAction":[{"@type":"ReadAction","target":["https:\/\/permbledhja.com\/sot-do-te-kete-bllokim-te-disa-rrugeve-ne-prishtine-policia-jep-detaje\/"]}]},{"@type":"BreadcrumbList","@id":"https:\/\/permbledhja.com\/sot-do-te-kete-bllokim-te-disa-rrugeve-ne-prishtine-policia-jep-detaje\/#breadcrumb","itemListElement":[{"@type":"ListItem","position":1,"name":"Ballina","item":"https:\/\/permbledhja.com\/sq\/"},{"@type":"ListItem","position":2,"name":"Sot do t\u00eb ket\u00eb bllokim t\u00eb disa rrug\u00ebve n\u00eb Prishtin\u00eb, Policia jep detaje"}]},{"@type":"WebSite","@id":"https:\/\/permbledhja.com\/#website","url":"https:\/\/permbledhja.com\/","name":"Ve\u00e7 artikuj p\u00ebrmbledh\u00ebs","description":"","publisher":{"@id":"https:\/\/permbledhja.com\/#organization"},"potentialAction":[{"@type":"SearchAction","target":{"@type":"EntryPoint","urlTemplate":"https:\/\/permbledhja.com\/?s={search_term_string}"},"query-input":"required name=search_term_string"}],"inLanguage":"sq"},{"@type":"Organization","@id":"https:\/\/permbledhja.com\/#organization","name":"MK Media & Pr","url":"https:\/\/permbledhja.com\/","logo":{"@type":"ImageObject","inLanguage":"sq","@id":"https:\/\/permbledhja.com\/#\/schema\/logo\/image\/","url":"https:\/\/permbledhja.com\/wp-content\/uploads\/2021\/12\/07-Press-Logo.jpg","contentUrl":"https:\/\/permbledhja.com\/wp-content\/uploads\/2021\/12\/07-Press-Logo.jpg","width":512,"height":512,"caption":"MK Media & Pr"},"image":{"@id":"https:\/\/permbledhja.com\/#\/schema\/logo\/image\/"},"sameAs":["https:\/\/www.facebook.com\/press07\/"]},{"@type":"Person","@id":"https:\/\/permbledhja.com\/#\/schema\/person\/0d064377258d3221e50693947b9eb4fe","name":"P\u00ebrmbledhja","image":{"@type":"ImageObject","inLanguage":"sq","@id":"https:\/\/permbledhja.com\/#\/schema\/person\/image\/","url":"https:\/\/permbledhja.com\/wp-content\/uploads\/2026\/01\/452004717_1040944174702970_8932037511805513407_n-96x96.jpg","contentUrl":"https:\/\/permbledhja.com\/wp-content\/uploads\/2026\/01\/452004717_1040944174702970_8932037511805513407_n-96x96.jpg","caption":"P\u00ebrmbledhja"},"sameAs":["https:\/\/www.facebook.com\/kafexhiu.muharrem\/","https:\/\/www.instagram.com\/muharrem_kafexhiu\/"],"url":"https:\/\/permbledhja.com\/sq\/author\/admin\/"}]}},"_links":{"self":[{"href":"https:\/\/permbledhja.com\/sq\/wp-json\/wp\/v2\/posts\/15678"}],"collection":[{"href":"https:\/\/permbledhja.com\/sq\/wp-json\/wp\/v2\/posts"}],"about":[{"href":"https:\/\/permbledhja.com\/sq\/wp-json\/wp\/v2\/types\/post"}],"author":[{"embeddable":true,"href":"https:\/\/permbledhja.com\/sq\/wp-json\/wp\/v2\/users\/1"}],"replies":[{"embeddable":true,"href":"https:\/\/permbledhja.com\/sq\/wp-json\/wp\/v2\/comments?post=15678"}],"version-history":[{"count":1,"href":"https:\/\/permbledhja.com\/sq\/wp-json\/wp\/v2\/posts\/15678\/revisions"}],"predecessor-version":[{"id":15679,"href":"https:\/\/permbledhja.com\/sq\/wp-json\/wp\/v2\/posts\/15678\/revisions\/15679"}],"wp:featuredmedia":[{"embeddable":true,"href":"https:\/\/permbledhja.com\/sq\/wp-json\/wp\/v2\/media\/12112"}],"wp:attachment":[{"href":"https:\/\/permbledhja.com\/sq\/wp-json\/wp\/v2\/media?parent=15678"}],"wp:term":[{"taxonomy":"category","embeddable":true,"href":"https:\/\/permbledhja.com\/sq\/wp-json\/wp\/v2\/categories?post=15678"},{"taxonomy":"post_tag","embeddable":true,"href":"https:\/\/permbledhja.com\/sq\/wp-json\/wp\/v2\/tags?post=15678"}],"curies":[{"name":"wp","href":"https:\/\/api.w.org\/{rel}","templated":true}]}}