{"id":15609,"date":"2023-06-03T12:34:12","date_gmt":"2023-06-03T12:34:12","guid":{"rendered":"https:\/\/permbledhja.com\/?p=15609"},"modified":"2023-06-03T12:34:12","modified_gmt":"2023-06-03T12:34:12","slug":"pas-kerkeses-se-natos-turqia-dergon-nje-batalion-te-komandove-ne-kosove","status":"publish","type":"post","link":"https:\/\/permbledhja.com\/sq\/pas-kerkeses-se-natos-turqia-dergon-nje-batalion-te-komandove-ne-kosove\/","title":{"rendered":"Pas k\u00ebrkes\u00ebs s\u00eb NATO\u2019s, Turqia d\u00ebrgon nj\u00eb batalion t\u00eb komandove n\u00eb Kosov\u00eb"},"content":{"rendered":"<p>Ministria e Mbrojtjes s\u00eb Turqis\u00eb p\u00ebrmes nj\u00eb komunikate p\u00ebr media ka b\u00ebr\u00eb t\u00eb ditur se do t\u00eb nis p\u00ebr n\u00eb Kosov\u00eb nj\u00eb batalion rezerv\u00eb t\u00eb ushtar\u00ebve pas k\u00ebrkes\u00ebs s\u00eb b\u00ebr\u00eb nga NATO. Nj\u00eb vendim i till\u00eb i NATO-s p\u00ebr rritjen e numrit t\u00eb forcave n\u00eb Kosov\u00eb ka ardhur pas ngjarjeve dhe tensioneve n\u00eb veri t\u00eb Kosov\u00ebs.<\/p>\n<p>Ushtar\u00ebt turq do t\u00eb vendosen n\u00eb Kazerm\u00ebn \u201cSulltan Murat\u201d p\u00ebrgjat\u00eb kat\u00ebr dhe pes\u00eb qershorit, shkruan Gazeta Express.<\/p>\n<p>Pas ngjarjeve t\u00eb ndodhura n\u00eb Kosov\u00eb, nj\u00eb batalion komando i lidhur me komand\u00ebn ton\u00eb t\u00eb Brigad\u00ebs s\u00eb 65-t\u00eb t\u00eb Mekanizuar t\u00eb K\u00ebmb\u00ebsoris\u00eb (K\u0131rklareli), i cili m\u00eb par\u00eb ishte caktuar n\u00eb Forc\u00ebn e NATO-s n\u00eb Kosov\u00eb (KFOR), u caktua si nj\u00ebsi rezerv\u00eb, n\u00eb baz\u00eb t\u00eb k\u00ebrkes\u00ebs s\u00eb b\u00ebr\u00eb nga Komanda e Forcave t\u00eb P\u00ebrbashk\u00ebta t\u00eb NATO-s\/Napoli (Itali)\u201d, thuhet n\u00eb njoftim.<\/p>\n<p>N\u00eb komunikat\u00eb thuhet se Turqia vazhdon t\u00eb kontribuoj\u00eb n\u00eb paqen dhe stabilitetin rajonal dhe global p\u00ebrmes Kombeve t\u00eb Bashkuara, NATO-s, BE-s\u00eb e OSBE-s\u00eb dhe p\u00ebrmes raporteve dypal\u00ebshe.<\/p>\n<p>N\u00eb k\u00ebt\u00eb kontekst thon\u00eb se Turqia po ndjek nga af\u00ebr zhvillimet n\u00eb Ballkan, ku thon\u00eb se Turqia ka lidhje historike dhe kulturore.<\/p>\n<p>Ministria e Mbrojtjes s\u00eb Turqis\u00eb thot\u00eb se k\u00ebrkohet nj\u00eb q\u00ebndrim konstruktiv dhe thirrje p\u00ebr p\u00ebrmbajtje tek pal\u00ebt, p\u00ebr zgjidhjen e situat\u00ebs n\u00eb veriun e \u201cKosov\u00ebs miq\u00ebsore e v\u00ebllaz\u00ebrore\u201d p\u00ebrmes dialogut, meq\u00eb sipas tyre e d\u00ebmton sigurin\u00eb dhe stabilitetin rajonal.<\/p>\n<p>NATO ka vendosur p\u00ebr 700 trupa shtes\u00eb n\u00eb Kosov\u00eb, nd\u00ebrkoh\u00eb edhe nj\u00eb batalion tjet\u00ebr rezerv\u00eb \u00ebsht\u00eb v\u00ebn\u00eb n\u00eb gjendje t\u00eb lart\u00eb gatishm\u00ebrie.<\/p>\n","protected":false},"excerpt":{"rendered":"<p>Ministria e Mbrojtjes s\u00eb Turqis\u00eb p\u00ebrmes nj\u00eb komunikate p\u00ebr media ka b\u00ebr\u00eb t\u00eb ditur se do t\u00eb nis p\u00ebr n\u00eb Kosov\u00eb nj\u00eb batalion rezerv\u00eb t\u00eb ushtar\u00ebve pas k\u00ebrkes\u00ebs s\u00eb b\u00ebr\u00eb nga NATO. Nj\u00eb vendim i till\u00eb i NATO-s p\u00ebr rritjen e numrit t\u00eb forcave n\u00eb Kosov\u00eb ka ardhur pas ngjarjeve dhe tensioneve n\u00eb veri t\u00eb [&hellip;]<\/p>\n","protected":false},"author":1,"featured_media":15610,"comment_status":"closed","ping_status":"closed","sticky":false,"template":"","format":"standard","meta":{"_monsterinsights_skip_tracking":false,"_monsterinsights_sitenote_active":false,"_monsterinsights_sitenote_note":"","_monsterinsights_sitenote_category":0,"_uf_show_specific_survey":0,"_uf_disable_surveys":false,"footnotes":""},"categories":[1146],"tags":[250],"yoast_head":"<!-- This site is optimized with the Yoast SEO plugin v21.5 - https:\/\/yoast.com\/wordpress\/plugins\/seo\/ -->\n<title>Pas k\u00ebrkes\u00ebs s\u00eb NATO\u2019s, Turqia d\u00ebrgon nj\u00eb batalion t\u00eb komandove n\u00eb Kosov\u00eb<\/title>\n<meta name=\"robots\" content=\"index, follow, max-snippet:-1, max-image-preview:large, max-video-preview:-1\" \/>\n<link rel=\"canonical\" href=\"https:\/\/permbledhja.com\/sq\/pas-kerkeses-se-natos-turqia-dergon-nje-batalion-te-komandove-ne-kosove\/\" \/>\n<meta property=\"og:locale\" content=\"sq_AL\" \/>\n<meta property=\"og:type\" content=\"article\" \/>\n<meta property=\"og:title\" content=\"Pas k\u00ebrkes\u00ebs s\u00eb NATO\u2019s, Turqia d\u00ebrgon nj\u00eb batalion t\u00eb komandove n\u00eb Kosov\u00eb\" \/>\n<meta property=\"og:description\" content=\"Ministria e Mbrojtjes s\u00eb Turqis\u00eb p\u00ebrmes nj\u00eb komunikate p\u00ebr media ka b\u00ebr\u00eb t\u00eb ditur se do t\u00eb nis p\u00ebr n\u00eb Kosov\u00eb nj\u00eb batalion rezerv\u00eb t\u00eb ushtar\u00ebve pas k\u00ebrkes\u00ebs s\u00eb b\u00ebr\u00eb nga NATO. Nj\u00eb vendim i till\u00eb i NATO-s p\u00ebr rritjen e numrit t\u00eb forcave n\u00eb Kosov\u00eb ka ardhur pas ngjarjeve dhe tensioneve n\u00eb veri t\u00eb [&hellip;]\" \/>\n<meta property=\"og:url\" content=\"https:\/\/permbledhja.com\/sq\/pas-kerkeses-se-natos-turqia-dergon-nje-batalion-te-komandove-ne-kosove\/\" \/>\n<meta property=\"og:site_name\" content=\"Ve\u00e7 artikuj p\u00ebrmbledh\u00ebs\" \/>\n<meta property=\"article:publisher\" content=\"https:\/\/www.facebook.com\/press07\/\" \/>\n<meta property=\"article:author\" content=\"https:\/\/www.facebook.com\/kafexhiu.muharrem\/\" \/>\n<meta property=\"article:published_time\" content=\"2023-06-03T12:34:12+00:00\" \/>\n<meta property=\"og:image\" content=\"https:\/\/permbledhja.com\/wp-content\/uploads\/2023\/06\/467D2A4F-DCF2-4269-836F-B3BF5BF5C536.jpeg\" \/>\n\t<meta property=\"og:image:width\" content=\"1172\" \/>\n\t<meta property=\"og:image:height\" content=\"701\" \/>\n\t<meta property=\"og:image:type\" content=\"image\/jpeg\" \/>\n<meta name=\"author\" content=\"P\u00ebrmbledhja\" \/>\n<meta name=\"twitter:card\" content=\"summary_large_image\" \/>\n<meta name=\"twitter:label1\" content=\"Written by\" \/>\n\t<meta name=\"twitter:data1\" content=\"P\u00ebrmbledhja\" \/>\n\t<meta name=\"twitter:label2\" content=\"Est. reading time\" \/>\n\t<meta name=\"twitter:data2\" content=\"1 minut\u00eb\" \/>\n<script type=\"application\/ld+json\" class=\"yoast-schema-graph\">{\"@context\":\"https:\/\/schema.org\",\"@graph\":[{\"@type\":\"Article\",\"@id\":\"https:\/\/permbledhja.com\/pas-kerkeses-se-natos-turqia-dergon-nje-batalion-te-komandove-ne-kosove\/#article\",\"isPartOf\":{\"@id\":\"https:\/\/permbledhja.com\/pas-kerkeses-se-natos-turqia-dergon-nje-batalion-te-komandove-ne-kosove\/\"},\"author\":{\"name\":\"P\u00ebrmbledhja\",\"@id\":\"https:\/\/permbledhja.com\/#\/schema\/person\/0d064377258d3221e50693947b9eb4fe\"},\"headline\":\"Pas k\u00ebrkes\u00ebs s\u00eb NATO\u2019s, Turqia d\u00ebrgon nj\u00eb batalion t\u00eb komandove n\u00eb Kosov\u00eb\",\"datePublished\":\"2023-06-03T12:34:12+00:00\",\"dateModified\":\"2023-06-03T12:34:12+00:00\",\"mainEntityOfPage\":{\"@id\":\"https:\/\/permbledhja.com\/pas-kerkeses-se-natos-turqia-dergon-nje-batalion-te-komandove-ne-kosove\/\"},\"wordCount\":307,\"publisher\":{\"@id\":\"https:\/\/permbledhja.com\/#organization\"},\"keywords\":[\"NATO\"],\"articleSection\":[\"Kryesoret\"],\"inLanguage\":\"sq\"},{\"@type\":\"WebPage\",\"@id\":\"https:\/\/permbledhja.com\/pas-kerkeses-se-natos-turqia-dergon-nje-batalion-te-komandove-ne-kosove\/\",\"url\":\"https:\/\/permbledhja.com\/pas-kerkeses-se-natos-turqia-dergon-nje-batalion-te-komandove-ne-kosove\/\",\"name\":\"Pas k\u00ebrkes\u00ebs s\u00eb NATO\u2019s, Turqia d\u00ebrgon nj\u00eb batalion t\u00eb komandove n\u00eb Kosov\u00eb\",\"isPartOf\":{\"@id\":\"https:\/\/permbledhja.com\/#website\"},\"datePublished\":\"2023-06-03T12:34:12+00:00\",\"dateModified\":\"2023-06-03T12:34:12+00:00\",\"breadcrumb\":{\"@id\":\"https:\/\/permbledhja.com\/pas-kerkeses-se-natos-turqia-dergon-nje-batalion-te-komandove-ne-kosove\/#breadcrumb\"},\"inLanguage\":\"sq\",\"potentialAction\":[{\"@type\":\"ReadAction\",\"target\":[\"https:\/\/permbledhja.com\/pas-kerkeses-se-natos-turqia-dergon-nje-batalion-te-komandove-ne-kosove\/\"]}]},{\"@type\":\"BreadcrumbList\",\"@id\":\"https:\/\/permbledhja.com\/pas-kerkeses-se-natos-turqia-dergon-nje-batalion-te-komandove-ne-kosove\/#breadcrumb\",\"itemListElement\":[{\"@type\":\"ListItem\",\"position\":1,\"name\":\"Ballina\",\"item\":\"https:\/\/permbledhja.com\/sq\/\"},{\"@type\":\"ListItem\",\"position\":2,\"name\":\"Pas k\u00ebrkes\u00ebs s\u00eb NATO\u2019s, Turqia d\u00ebrgon nj\u00eb batalion t\u00eb komandove n\u00eb Kosov\u00eb\"}]},{\"@type\":\"WebSite\",\"@id\":\"https:\/\/permbledhja.com\/#website\",\"url\":\"https:\/\/permbledhja.com\/\",\"name\":\"Ve\u00e7 artikuj p\u00ebrmbledh\u00ebs\",\"description\":\"\",\"publisher\":{\"@id\":\"https:\/\/permbledhja.com\/#organization\"},\"potentialAction\":[{\"@type\":\"SearchAction\",\"target\":{\"@type\":\"EntryPoint\",\"urlTemplate\":\"https:\/\/permbledhja.com\/?s={search_term_string}\"},\"query-input\":\"required name=search_term_string\"}],\"inLanguage\":\"sq\"},{\"@type\":\"Organization\",\"@id\":\"https:\/\/permbledhja.com\/#organization\",\"name\":\"MK Media & Pr\",\"url\":\"https:\/\/permbledhja.com\/\",\"logo\":{\"@type\":\"ImageObject\",\"inLanguage\":\"sq\",\"@id\":\"https:\/\/permbledhja.com\/#\/schema\/logo\/image\/\",\"url\":\"https:\/\/permbledhja.com\/wp-content\/uploads\/2021\/12\/07-Press-Logo.jpg\",\"contentUrl\":\"https:\/\/permbledhja.com\/wp-content\/uploads\/2021\/12\/07-Press-Logo.jpg\",\"width\":512,\"height\":512,\"caption\":\"MK Media & Pr\"},\"image\":{\"@id\":\"https:\/\/permbledhja.com\/#\/schema\/logo\/image\/\"},\"sameAs\":[\"https:\/\/www.facebook.com\/press07\/\"]},{\"@type\":\"Person\",\"@id\":\"https:\/\/permbledhja.com\/#\/schema\/person\/0d064377258d3221e50693947b9eb4fe\",\"name\":\"P\u00ebrmbledhja\",\"image\":{\"@type\":\"ImageObject\",\"inLanguage\":\"sq\",\"@id\":\"https:\/\/permbledhja.com\/#\/schema\/person\/image\/\",\"url\":\"https:\/\/permbledhja.com\/wp-content\/uploads\/2026\/01\/452004717_1040944174702970_8932037511805513407_n-96x96.jpg\",\"contentUrl\":\"https:\/\/permbledhja.com\/wp-content\/uploads\/2026\/01\/452004717_1040944174702970_8932037511805513407_n-96x96.jpg\",\"caption\":\"P\u00ebrmbledhja\"},\"sameAs\":[\"https:\/\/www.facebook.com\/kafexhiu.muharrem\/\",\"https:\/\/www.instagram.com\/muharrem_kafexhiu\/\"],\"url\":\"https:\/\/permbledhja.com\/sq\/author\/admin\/\"}]}<\/script>\n<!-- \/ Yoast SEO plugin. -->","yoast_head_json":{"title":"Pas k\u00ebrkes\u00ebs s\u00eb NATO\u2019s, Turqia d\u00ebrgon nj\u00eb batalion t\u00eb komandove n\u00eb Kosov\u00eb","robots":{"index":"index","follow":"follow","max-snippet":"max-snippet:-1","max-image-preview":"max-image-preview:large","max-video-preview":"max-video-preview:-1"},"canonical":"https:\/\/permbledhja.com\/sq\/pas-kerkeses-se-natos-turqia-dergon-nje-batalion-te-komandove-ne-kosove\/","og_locale":"sq_AL","og_type":"article","og_title":"Pas k\u00ebrkes\u00ebs s\u00eb NATO\u2019s, Turqia d\u00ebrgon nj\u00eb batalion t\u00eb komandove n\u00eb Kosov\u00eb","og_description":"Ministria e Mbrojtjes s\u00eb Turqis\u00eb p\u00ebrmes nj\u00eb komunikate p\u00ebr media ka b\u00ebr\u00eb t\u00eb ditur se do t\u00eb nis p\u00ebr n\u00eb Kosov\u00eb nj\u00eb batalion rezerv\u00eb t\u00eb ushtar\u00ebve pas k\u00ebrkes\u00ebs s\u00eb b\u00ebr\u00eb nga NATO. Nj\u00eb vendim i till\u00eb i NATO-s p\u00ebr rritjen e numrit t\u00eb forcave n\u00eb Kosov\u00eb ka ardhur pas ngjarjeve dhe tensioneve n\u00eb veri t\u00eb [&hellip;]","og_url":"https:\/\/permbledhja.com\/sq\/pas-kerkeses-se-natos-turqia-dergon-nje-batalion-te-komandove-ne-kosove\/","og_site_name":"Ve\u00e7 artikuj p\u00ebrmbledh\u00ebs","article_publisher":"https:\/\/www.facebook.com\/press07\/","article_author":"https:\/\/www.facebook.com\/kafexhiu.muharrem\/","article_published_time":"2023-06-03T12:34:12+00:00","og_image":[{"width":1172,"height":701,"url":"https:\/\/permbledhja.com\/wp-content\/uploads\/2023\/06\/467D2A4F-DCF2-4269-836F-B3BF5BF5C536.jpeg","type":"image\/jpeg"}],"author":"P\u00ebrmbledhja","twitter_card":"summary_large_image","twitter_misc":{"Written by":"P\u00ebrmbledhja","Est. reading time":"1 minut\u00eb"},"schema":{"@context":"https:\/\/schema.org","@graph":[{"@type":"Article","@id":"https:\/\/permbledhja.com\/pas-kerkeses-se-natos-turqia-dergon-nje-batalion-te-komandove-ne-kosove\/#article","isPartOf":{"@id":"https:\/\/permbledhja.com\/pas-kerkeses-se-natos-turqia-dergon-nje-batalion-te-komandove-ne-kosove\/"},"author":{"name":"P\u00ebrmbledhja","@id":"https:\/\/permbledhja.com\/#\/schema\/person\/0d064377258d3221e50693947b9eb4fe"},"headline":"Pas k\u00ebrkes\u00ebs s\u00eb NATO\u2019s, Turqia d\u00ebrgon nj\u00eb batalion t\u00eb komandove n\u00eb Kosov\u00eb","datePublished":"2023-06-03T12:34:12+00:00","dateModified":"2023-06-03T12:34:12+00:00","mainEntityOfPage":{"@id":"https:\/\/permbledhja.com\/pas-kerkeses-se-natos-turqia-dergon-nje-batalion-te-komandove-ne-kosove\/"},"wordCount":307,"publisher":{"@id":"https:\/\/permbledhja.com\/#organization"},"keywords":["NATO"],"articleSection":["Kryesoret"],"inLanguage":"sq"},{"@type":"WebPage","@id":"https:\/\/permbledhja.com\/pas-kerkeses-se-natos-turqia-dergon-nje-batalion-te-komandove-ne-kosove\/","url":"https:\/\/permbledhja.com\/pas-kerkeses-se-natos-turqia-dergon-nje-batalion-te-komandove-ne-kosove\/","name":"Pas k\u00ebrkes\u00ebs s\u00eb NATO\u2019s, Turqia d\u00ebrgon nj\u00eb batalion t\u00eb komandove n\u00eb Kosov\u00eb","isPartOf":{"@id":"https:\/\/permbledhja.com\/#website"},"datePublished":"2023-06-03T12:34:12+00:00","dateModified":"2023-06-03T12:34:12+00:00","breadcrumb":{"@id":"https:\/\/permbledhja.com\/pas-kerkeses-se-natos-turqia-dergon-nje-batalion-te-komandove-ne-kosove\/#breadcrumb"},"inLanguage":"sq","potentialAction":[{"@type":"ReadAction","target":["https:\/\/permbledhja.com\/pas-kerkeses-se-natos-turqia-dergon-nje-batalion-te-komandove-ne-kosove\/"]}]},{"@type":"BreadcrumbList","@id":"https:\/\/permbledhja.com\/pas-kerkeses-se-natos-turqia-dergon-nje-batalion-te-komandove-ne-kosove\/#breadcrumb","itemListElement":[{"@type":"ListItem","position":1,"name":"Ballina","item":"https:\/\/permbledhja.com\/sq\/"},{"@type":"ListItem","position":2,"name":"Pas k\u00ebrkes\u00ebs s\u00eb NATO\u2019s, Turqia d\u00ebrgon nj\u00eb batalion t\u00eb komandove n\u00eb Kosov\u00eb"}]},{"@type":"WebSite","@id":"https:\/\/permbledhja.com\/#website","url":"https:\/\/permbledhja.com\/","name":"Ve\u00e7 artikuj p\u00ebrmbledh\u00ebs","description":"","publisher":{"@id":"https:\/\/permbledhja.com\/#organization"},"potentialAction":[{"@type":"SearchAction","target":{"@type":"EntryPoint","urlTemplate":"https:\/\/permbledhja.com\/?s={search_term_string}"},"query-input":"required name=search_term_string"}],"inLanguage":"sq"},{"@type":"Organization","@id":"https:\/\/permbledhja.com\/#organization","name":"MK Media & Pr","url":"https:\/\/permbledhja.com\/","logo":{"@type":"ImageObject","inLanguage":"sq","@id":"https:\/\/permbledhja.com\/#\/schema\/logo\/image\/","url":"https:\/\/permbledhja.com\/wp-content\/uploads\/2021\/12\/07-Press-Logo.jpg","contentUrl":"https:\/\/permbledhja.com\/wp-content\/uploads\/2021\/12\/07-Press-Logo.jpg","width":512,"height":512,"caption":"MK Media & Pr"},"image":{"@id":"https:\/\/permbledhja.com\/#\/schema\/logo\/image\/"},"sameAs":["https:\/\/www.facebook.com\/press07\/"]},{"@type":"Person","@id":"https:\/\/permbledhja.com\/#\/schema\/person\/0d064377258d3221e50693947b9eb4fe","name":"P\u00ebrmbledhja","image":{"@type":"ImageObject","inLanguage":"sq","@id":"https:\/\/permbledhja.com\/#\/schema\/person\/image\/","url":"https:\/\/permbledhja.com\/wp-content\/uploads\/2026\/01\/452004717_1040944174702970_8932037511805513407_n-96x96.jpg","contentUrl":"https:\/\/permbledhja.com\/wp-content\/uploads\/2026\/01\/452004717_1040944174702970_8932037511805513407_n-96x96.jpg","caption":"P\u00ebrmbledhja"},"sameAs":["https:\/\/www.facebook.com\/kafexhiu.muharrem\/","https:\/\/www.instagram.com\/muharrem_kafexhiu\/"],"url":"https:\/\/permbledhja.com\/sq\/author\/admin\/"}]}},"_links":{"self":[{"href":"https:\/\/permbledhja.com\/sq\/wp-json\/wp\/v2\/posts\/15609"}],"collection":[{"href":"https:\/\/permbledhja.com\/sq\/wp-json\/wp\/v2\/posts"}],"about":[{"href":"https:\/\/permbledhja.com\/sq\/wp-json\/wp\/v2\/types\/post"}],"author":[{"embeddable":true,"href":"https:\/\/permbledhja.com\/sq\/wp-json\/wp\/v2\/users\/1"}],"replies":[{"embeddable":true,"href":"https:\/\/permbledhja.com\/sq\/wp-json\/wp\/v2\/comments?post=15609"}],"version-history":[{"count":1,"href":"https:\/\/permbledhja.com\/sq\/wp-json\/wp\/v2\/posts\/15609\/revisions"}],"predecessor-version":[{"id":15611,"href":"https:\/\/permbledhja.com\/sq\/wp-json\/wp\/v2\/posts\/15609\/revisions\/15611"}],"wp:featuredmedia":[{"embeddable":true,"href":"https:\/\/permbledhja.com\/sq\/wp-json\/wp\/v2\/media\/15610"}],"wp:attachment":[{"href":"https:\/\/permbledhja.com\/sq\/wp-json\/wp\/v2\/media?parent=15609"}],"wp:term":[{"taxonomy":"category","embeddable":true,"href":"https:\/\/permbledhja.com\/sq\/wp-json\/wp\/v2\/categories?post=15609"},{"taxonomy":"post_tag","embeddable":true,"href":"https:\/\/permbledhja.com\/sq\/wp-json\/wp\/v2\/tags?post=15609"}],"curies":[{"name":"wp","href":"https:\/\/api.w.org\/{rel}","templated":true}]}}