{"id":15606,"date":"2023-06-03T11:49:19","date_gmt":"2023-06-03T11:49:19","guid":{"rendered":"https:\/\/permbledhja.com\/?p=15606"},"modified":"2023-06-03T11:49:19","modified_gmt":"2023-06-03T11:49:19","slug":"aksident-i-rende-ne-kantonin-valis-te-zvicres-vdes-nje-kosovar","status":"publish","type":"post","link":"https:\/\/permbledhja.com\/sq\/aksident-i-rende-ne-kantonin-valis-te-zvicres-vdes-nje-kosovar\/","title":{"rendered":"Aksident i r\u00ebnd\u00eb n\u00eb kantonin Valis t\u00eb Zvicr\u00ebs, vdes nj\u00eb kosovar"},"content":{"rendered":"<p>N\u00eb p\u00ebrplasjen kok\u00eb m\u00eb kok\u00eb mes nj\u00eb furgoni (kombibusi) dhe nj\u00eb makine n\u00eb Valiss, nj\u00eb person ka humbur jet\u00ebn t\u00eb premten, nj\u00eb tjet\u00ebr \u00ebsht\u00eb l\u00ebnduar r\u00ebnd\u00eb dhe nj\u00eb i tret\u00eb, ka marr\u00eb l\u00ebndime t\u00eb lehta, transmeton albinfo.ch.<\/p>\n<p>Aksidenti n\u00eb drejtim t\u00eb Grosser St. Bernhard ndodhi p\u00ebr shkak se makina po vinte n\u00eb korsin\u00eb e kund\u00ebrt, t\u00eb gabuar.<\/p>\n<p>Me gjith\u00eb nd\u00ebrhyrjen e shpejt\u00eb t\u00eb ekipeve t\u00eb shp\u00ebtimit, drejtuesi i furgonit ka nd\u00ebrruar jet\u00eb nga l\u00ebndimet e r\u00ebnda n\u00eb vendin e aksidentit, ka njoftuar t\u00eb shtun\u00ebn policia e kantonit Valis, shkruan sda.ch.<\/p>\n<p>Pak pas or\u00ebs 17:00, nj\u00eb person 66 vje\u00e7ar nga Kantoni Valis po nguiste makin\u00ebn e tij n\u00eb Route du Grand St. Bernard nga Martinach n\u00eb drejtim t\u00eb lokalitetit Sembrancher.<\/p>\n<p>P\u00ebr arsye q\u00eb ende nuk dihen, automjeti i tij ka hyr\u00eb n\u00eb korsin\u00eb e kund\u00ebrt dhe \u00ebsht\u00eb p\u00ebrplasur kok\u00eb m\u00eb kok\u00eb me nj\u00eb furgon transporti q\u00eb po l\u00ebvizte me korrekt\u00ebsi n\u00eb drejtim t\u00eb lokalitetit Martinach.<\/p>\n<p>Personi i vdekur \u00ebsht\u00eb nj\u00eb kosovar 47 vje\u00e7ar me banim n\u00eb rajon i cili drejtonte furgonin.<\/p>\n<p>Pasagjeri i tij, nj\u00eb 53 vje\u00e7ar po ashtu nga  Valisi ka p\u00ebsuar l\u00ebndime t\u00eb r\u00ebnda dhe \u00ebsht\u00eb d\u00ebrguar n\u00eb spitalin e Sionit, p\u00ebrcjell albinfo.ch. Drejtuesi i mjetit t\u00eb pasagjer\u00ebve ka mbetur i l\u00ebnduar leht\u00eb. P\u00ebr shkak t\u00eb aksidentit rruga ka mbetur e mbyllur deri n\u00eb or\u00ebn 22:40.<\/p>\n","protected":false},"excerpt":{"rendered":"<p>N\u00eb p\u00ebrplasjen kok\u00eb m\u00eb kok\u00eb mes nj\u00eb furgoni (kombibusi) dhe nj\u00eb makine n\u00eb Valiss, nj\u00eb person ka humbur jet\u00ebn t\u00eb premten, nj\u00eb tjet\u00ebr \u00ebsht\u00eb l\u00ebnduar r\u00ebnd\u00eb dhe nj\u00eb i tret\u00eb, ka marr\u00eb l\u00ebndime t\u00eb lehta, transmeton albinfo.ch. Aksidenti n\u00eb drejtim t\u00eb Grosser St. Bernhard ndodhi p\u00ebr shkak se makina po vinte n\u00eb korsin\u00eb e kund\u00ebrt, [&hellip;]<\/p>\n","protected":false},"author":1,"featured_media":15607,"comment_status":"closed","ping_status":"closed","sticky":false,"template":"","format":"standard","meta":{"_monsterinsights_skip_tracking":false,"_monsterinsights_sitenote_active":false,"_monsterinsights_sitenote_note":"","_monsterinsights_sitenote_category":0,"_uf_show_specific_survey":0,"_uf_disable_surveys":false,"footnotes":""},"categories":[1],"tags":[40,247],"yoast_head":"<!-- This site is optimized with the Yoast SEO plugin v21.5 - https:\/\/yoast.com\/wordpress\/plugins\/seo\/ -->\n<title>Aksident i r\u00ebnd\u00eb n\u00eb kantonin Valis t\u00eb Zvicr\u00ebs, vdes nj\u00eb kosovar<\/title>\n<meta name=\"robots\" content=\"index, follow, max-snippet:-1, max-image-preview:large, max-video-preview:-1\" \/>\n<link rel=\"canonical\" href=\"https:\/\/permbledhja.com\/sq\/aksident-i-rende-ne-kantonin-valis-te-zvicres-vdes-nje-kosovar\/\" \/>\n<meta property=\"og:locale\" content=\"sq_AL\" \/>\n<meta property=\"og:type\" content=\"article\" \/>\n<meta property=\"og:title\" content=\"Aksident i r\u00ebnd\u00eb n\u00eb kantonin Valis t\u00eb Zvicr\u00ebs, vdes nj\u00eb kosovar\" \/>\n<meta property=\"og:description\" content=\"N\u00eb p\u00ebrplasjen kok\u00eb m\u00eb kok\u00eb mes nj\u00eb furgoni (kombibusi) dhe nj\u00eb makine n\u00eb Valiss, nj\u00eb person ka humbur jet\u00ebn t\u00eb premten, nj\u00eb tjet\u00ebr \u00ebsht\u00eb l\u00ebnduar r\u00ebnd\u00eb dhe nj\u00eb i tret\u00eb, ka marr\u00eb l\u00ebndime t\u00eb lehta, transmeton albinfo.ch. Aksidenti n\u00eb drejtim t\u00eb Grosser St. Bernhard ndodhi p\u00ebr shkak se makina po vinte n\u00eb korsin\u00eb e kund\u00ebrt, [&hellip;]\" \/>\n<meta property=\"og:url\" content=\"https:\/\/permbledhja.com\/sq\/aksident-i-rende-ne-kantonin-valis-te-zvicres-vdes-nje-kosovar\/\" \/>\n<meta property=\"og:site_name\" content=\"Ve\u00e7 artikuj p\u00ebrmbledh\u00ebs\" \/>\n<meta property=\"article:publisher\" content=\"https:\/\/www.facebook.com\/press07\/\" \/>\n<meta property=\"article:author\" content=\"https:\/\/www.facebook.com\/kafexhiu.muharrem\/\" \/>\n<meta property=\"article:published_time\" content=\"2023-06-03T11:49:19+00:00\" \/>\n<meta property=\"og:image\" content=\"https:\/\/permbledhja.com\/wp-content\/uploads\/2023\/06\/sa.png\" \/>\n\t<meta property=\"og:image:width\" content=\"684\" \/>\n\t<meta property=\"og:image:height\" content=\"414\" \/>\n\t<meta property=\"og:image:type\" content=\"image\/png\" \/>\n<meta name=\"author\" content=\"P\u00ebrmbledhja\" \/>\n<meta name=\"twitter:card\" content=\"summary_large_image\" \/>\n<meta name=\"twitter:label1\" content=\"Written by\" \/>\n\t<meta name=\"twitter:data1\" content=\"P\u00ebrmbledhja\" \/>\n\t<meta name=\"twitter:label2\" content=\"Est. reading time\" \/>\n\t<meta name=\"twitter:data2\" content=\"1 minut\u00eb\" \/>\n<script type=\"application\/ld+json\" class=\"yoast-schema-graph\">{\"@context\":\"https:\/\/schema.org\",\"@graph\":[{\"@type\":\"Article\",\"@id\":\"https:\/\/permbledhja.com\/aksident-i-rende-ne-kantonin-valis-te-zvicres-vdes-nje-kosovar\/#article\",\"isPartOf\":{\"@id\":\"https:\/\/permbledhja.com\/aksident-i-rende-ne-kantonin-valis-te-zvicres-vdes-nje-kosovar\/\"},\"author\":{\"name\":\"P\u00ebrmbledhja\",\"@id\":\"https:\/\/permbledhja.com\/#\/schema\/person\/0d064377258d3221e50693947b9eb4fe\"},\"headline\":\"Aksident i r\u00ebnd\u00eb n\u00eb kantonin Valis t\u00eb Zvicr\u00ebs, vdes nj\u00eb kosovar\",\"datePublished\":\"2023-06-03T11:49:19+00:00\",\"dateModified\":\"2023-06-03T11:49:19+00:00\",\"mainEntityOfPage\":{\"@id\":\"https:\/\/permbledhja.com\/aksident-i-rende-ne-kantonin-valis-te-zvicres-vdes-nje-kosovar\/\"},\"wordCount\":261,\"publisher\":{\"@id\":\"https:\/\/permbledhja.com\/#organization\"},\"keywords\":[\"Aksident\",\"Zvic\u00ebr\"],\"articleSection\":[\"Breaking News\"],\"inLanguage\":\"sq\"},{\"@type\":\"WebPage\",\"@id\":\"https:\/\/permbledhja.com\/aksident-i-rende-ne-kantonin-valis-te-zvicres-vdes-nje-kosovar\/\",\"url\":\"https:\/\/permbledhja.com\/aksident-i-rende-ne-kantonin-valis-te-zvicres-vdes-nje-kosovar\/\",\"name\":\"Aksident i r\u00ebnd\u00eb n\u00eb kantonin Valis t\u00eb Zvicr\u00ebs, vdes nj\u00eb kosovar\",\"isPartOf\":{\"@id\":\"https:\/\/permbledhja.com\/#website\"},\"datePublished\":\"2023-06-03T11:49:19+00:00\",\"dateModified\":\"2023-06-03T11:49:19+00:00\",\"breadcrumb\":{\"@id\":\"https:\/\/permbledhja.com\/aksident-i-rende-ne-kantonin-valis-te-zvicres-vdes-nje-kosovar\/#breadcrumb\"},\"inLanguage\":\"sq\",\"potentialAction\":[{\"@type\":\"ReadAction\",\"target\":[\"https:\/\/permbledhja.com\/aksident-i-rende-ne-kantonin-valis-te-zvicres-vdes-nje-kosovar\/\"]}]},{\"@type\":\"BreadcrumbList\",\"@id\":\"https:\/\/permbledhja.com\/aksident-i-rende-ne-kantonin-valis-te-zvicres-vdes-nje-kosovar\/#breadcrumb\",\"itemListElement\":[{\"@type\":\"ListItem\",\"position\":1,\"name\":\"Ballina\",\"item\":\"https:\/\/permbledhja.com\/sq\/\"},{\"@type\":\"ListItem\",\"position\":2,\"name\":\"Aksident i r\u00ebnd\u00eb n\u00eb kantonin Valis t\u00eb Zvicr\u00ebs, vdes nj\u00eb kosovar\"}]},{\"@type\":\"WebSite\",\"@id\":\"https:\/\/permbledhja.com\/#website\",\"url\":\"https:\/\/permbledhja.com\/\",\"name\":\"Ve\u00e7 artikuj p\u00ebrmbledh\u00ebs\",\"description\":\"\",\"publisher\":{\"@id\":\"https:\/\/permbledhja.com\/#organization\"},\"potentialAction\":[{\"@type\":\"SearchAction\",\"target\":{\"@type\":\"EntryPoint\",\"urlTemplate\":\"https:\/\/permbledhja.com\/?s={search_term_string}\"},\"query-input\":\"required name=search_term_string\"}],\"inLanguage\":\"sq\"},{\"@type\":\"Organization\",\"@id\":\"https:\/\/permbledhja.com\/#organization\",\"name\":\"MK Media & Pr\",\"url\":\"https:\/\/permbledhja.com\/\",\"logo\":{\"@type\":\"ImageObject\",\"inLanguage\":\"sq\",\"@id\":\"https:\/\/permbledhja.com\/#\/schema\/logo\/image\/\",\"url\":\"https:\/\/permbledhja.com\/wp-content\/uploads\/2021\/12\/07-Press-Logo.jpg\",\"contentUrl\":\"https:\/\/permbledhja.com\/wp-content\/uploads\/2021\/12\/07-Press-Logo.jpg\",\"width\":512,\"height\":512,\"caption\":\"MK Media & Pr\"},\"image\":{\"@id\":\"https:\/\/permbledhja.com\/#\/schema\/logo\/image\/\"},\"sameAs\":[\"https:\/\/www.facebook.com\/press07\/\"]},{\"@type\":\"Person\",\"@id\":\"https:\/\/permbledhja.com\/#\/schema\/person\/0d064377258d3221e50693947b9eb4fe\",\"name\":\"P\u00ebrmbledhja\",\"image\":{\"@type\":\"ImageObject\",\"inLanguage\":\"sq\",\"@id\":\"https:\/\/permbledhja.com\/#\/schema\/person\/image\/\",\"url\":\"https:\/\/permbledhja.com\/wp-content\/uploads\/2026\/01\/452004717_1040944174702970_8932037511805513407_n-96x96.jpg\",\"contentUrl\":\"https:\/\/permbledhja.com\/wp-content\/uploads\/2026\/01\/452004717_1040944174702970_8932037511805513407_n-96x96.jpg\",\"caption\":\"P\u00ebrmbledhja\"},\"sameAs\":[\"https:\/\/www.facebook.com\/kafexhiu.muharrem\/\",\"https:\/\/www.instagram.com\/muharrem_kafexhiu\/\"],\"url\":\"https:\/\/permbledhja.com\/sq\/author\/admin\/\"}]}<\/script>\n<!-- \/ Yoast SEO plugin. -->","yoast_head_json":{"title":"Aksident i r\u00ebnd\u00eb n\u00eb kantonin Valis t\u00eb Zvicr\u00ebs, vdes nj\u00eb kosovar","robots":{"index":"index","follow":"follow","max-snippet":"max-snippet:-1","max-image-preview":"max-image-preview:large","max-video-preview":"max-video-preview:-1"},"canonical":"https:\/\/permbledhja.com\/sq\/aksident-i-rende-ne-kantonin-valis-te-zvicres-vdes-nje-kosovar\/","og_locale":"sq_AL","og_type":"article","og_title":"Aksident i r\u00ebnd\u00eb n\u00eb kantonin Valis t\u00eb Zvicr\u00ebs, vdes nj\u00eb kosovar","og_description":"N\u00eb p\u00ebrplasjen kok\u00eb m\u00eb kok\u00eb mes nj\u00eb furgoni (kombibusi) dhe nj\u00eb makine n\u00eb Valiss, nj\u00eb person ka humbur jet\u00ebn t\u00eb premten, nj\u00eb tjet\u00ebr \u00ebsht\u00eb l\u00ebnduar r\u00ebnd\u00eb dhe nj\u00eb i tret\u00eb, ka marr\u00eb l\u00ebndime t\u00eb lehta, transmeton albinfo.ch. Aksidenti n\u00eb drejtim t\u00eb Grosser St. Bernhard ndodhi p\u00ebr shkak se makina po vinte n\u00eb korsin\u00eb e kund\u00ebrt, [&hellip;]","og_url":"https:\/\/permbledhja.com\/sq\/aksident-i-rende-ne-kantonin-valis-te-zvicres-vdes-nje-kosovar\/","og_site_name":"Ve\u00e7 artikuj p\u00ebrmbledh\u00ebs","article_publisher":"https:\/\/www.facebook.com\/press07\/","article_author":"https:\/\/www.facebook.com\/kafexhiu.muharrem\/","article_published_time":"2023-06-03T11:49:19+00:00","og_image":[{"width":684,"height":414,"url":"https:\/\/permbledhja.com\/wp-content\/uploads\/2023\/06\/sa.png","type":"image\/png"}],"author":"P\u00ebrmbledhja","twitter_card":"summary_large_image","twitter_misc":{"Written by":"P\u00ebrmbledhja","Est. reading time":"1 minut\u00eb"},"schema":{"@context":"https:\/\/schema.org","@graph":[{"@type":"Article","@id":"https:\/\/permbledhja.com\/aksident-i-rende-ne-kantonin-valis-te-zvicres-vdes-nje-kosovar\/#article","isPartOf":{"@id":"https:\/\/permbledhja.com\/aksident-i-rende-ne-kantonin-valis-te-zvicres-vdes-nje-kosovar\/"},"author":{"name":"P\u00ebrmbledhja","@id":"https:\/\/permbledhja.com\/#\/schema\/person\/0d064377258d3221e50693947b9eb4fe"},"headline":"Aksident i r\u00ebnd\u00eb n\u00eb kantonin Valis t\u00eb Zvicr\u00ebs, vdes nj\u00eb kosovar","datePublished":"2023-06-03T11:49:19+00:00","dateModified":"2023-06-03T11:49:19+00:00","mainEntityOfPage":{"@id":"https:\/\/permbledhja.com\/aksident-i-rende-ne-kantonin-valis-te-zvicres-vdes-nje-kosovar\/"},"wordCount":261,"publisher":{"@id":"https:\/\/permbledhja.com\/#organization"},"keywords":["Aksident","Zvic\u00ebr"],"articleSection":["Breaking News"],"inLanguage":"sq"},{"@type":"WebPage","@id":"https:\/\/permbledhja.com\/aksident-i-rende-ne-kantonin-valis-te-zvicres-vdes-nje-kosovar\/","url":"https:\/\/permbledhja.com\/aksident-i-rende-ne-kantonin-valis-te-zvicres-vdes-nje-kosovar\/","name":"Aksident i r\u00ebnd\u00eb n\u00eb kantonin Valis t\u00eb Zvicr\u00ebs, vdes nj\u00eb kosovar","isPartOf":{"@id":"https:\/\/permbledhja.com\/#website"},"datePublished":"2023-06-03T11:49:19+00:00","dateModified":"2023-06-03T11:49:19+00:00","breadcrumb":{"@id":"https:\/\/permbledhja.com\/aksident-i-rende-ne-kantonin-valis-te-zvicres-vdes-nje-kosovar\/#breadcrumb"},"inLanguage":"sq","potentialAction":[{"@type":"ReadAction","target":["https:\/\/permbledhja.com\/aksident-i-rende-ne-kantonin-valis-te-zvicres-vdes-nje-kosovar\/"]}]},{"@type":"BreadcrumbList","@id":"https:\/\/permbledhja.com\/aksident-i-rende-ne-kantonin-valis-te-zvicres-vdes-nje-kosovar\/#breadcrumb","itemListElement":[{"@type":"ListItem","position":1,"name":"Ballina","item":"https:\/\/permbledhja.com\/sq\/"},{"@type":"ListItem","position":2,"name":"Aksident i r\u00ebnd\u00eb n\u00eb kantonin Valis t\u00eb Zvicr\u00ebs, vdes nj\u00eb kosovar"}]},{"@type":"WebSite","@id":"https:\/\/permbledhja.com\/#website","url":"https:\/\/permbledhja.com\/","name":"Ve\u00e7 artikuj p\u00ebrmbledh\u00ebs","description":"","publisher":{"@id":"https:\/\/permbledhja.com\/#organization"},"potentialAction":[{"@type":"SearchAction","target":{"@type":"EntryPoint","urlTemplate":"https:\/\/permbledhja.com\/?s={search_term_string}"},"query-input":"required name=search_term_string"}],"inLanguage":"sq"},{"@type":"Organization","@id":"https:\/\/permbledhja.com\/#organization","name":"MK Media & Pr","url":"https:\/\/permbledhja.com\/","logo":{"@type":"ImageObject","inLanguage":"sq","@id":"https:\/\/permbledhja.com\/#\/schema\/logo\/image\/","url":"https:\/\/permbledhja.com\/wp-content\/uploads\/2021\/12\/07-Press-Logo.jpg","contentUrl":"https:\/\/permbledhja.com\/wp-content\/uploads\/2021\/12\/07-Press-Logo.jpg","width":512,"height":512,"caption":"MK Media & Pr"},"image":{"@id":"https:\/\/permbledhja.com\/#\/schema\/logo\/image\/"},"sameAs":["https:\/\/www.facebook.com\/press07\/"]},{"@type":"Person","@id":"https:\/\/permbledhja.com\/#\/schema\/person\/0d064377258d3221e50693947b9eb4fe","name":"P\u00ebrmbledhja","image":{"@type":"ImageObject","inLanguage":"sq","@id":"https:\/\/permbledhja.com\/#\/schema\/person\/image\/","url":"https:\/\/permbledhja.com\/wp-content\/uploads\/2026\/01\/452004717_1040944174702970_8932037511805513407_n-96x96.jpg","contentUrl":"https:\/\/permbledhja.com\/wp-content\/uploads\/2026\/01\/452004717_1040944174702970_8932037511805513407_n-96x96.jpg","caption":"P\u00ebrmbledhja"},"sameAs":["https:\/\/www.facebook.com\/kafexhiu.muharrem\/","https:\/\/www.instagram.com\/muharrem_kafexhiu\/"],"url":"https:\/\/permbledhja.com\/sq\/author\/admin\/"}]}},"_links":{"self":[{"href":"https:\/\/permbledhja.com\/sq\/wp-json\/wp\/v2\/posts\/15606"}],"collection":[{"href":"https:\/\/permbledhja.com\/sq\/wp-json\/wp\/v2\/posts"}],"about":[{"href":"https:\/\/permbledhja.com\/sq\/wp-json\/wp\/v2\/types\/post"}],"author":[{"embeddable":true,"href":"https:\/\/permbledhja.com\/sq\/wp-json\/wp\/v2\/users\/1"}],"replies":[{"embeddable":true,"href":"https:\/\/permbledhja.com\/sq\/wp-json\/wp\/v2\/comments?post=15606"}],"version-history":[{"count":1,"href":"https:\/\/permbledhja.com\/sq\/wp-json\/wp\/v2\/posts\/15606\/revisions"}],"predecessor-version":[{"id":15608,"href":"https:\/\/permbledhja.com\/sq\/wp-json\/wp\/v2\/posts\/15606\/revisions\/15608"}],"wp:featuredmedia":[{"embeddable":true,"href":"https:\/\/permbledhja.com\/sq\/wp-json\/wp\/v2\/media\/15607"}],"wp:attachment":[{"href":"https:\/\/permbledhja.com\/sq\/wp-json\/wp\/v2\/media?parent=15606"}],"wp:term":[{"taxonomy":"category","embeddable":true,"href":"https:\/\/permbledhja.com\/sq\/wp-json\/wp\/v2\/categories?post=15606"},{"taxonomy":"post_tag","embeddable":true,"href":"https:\/\/permbledhja.com\/sq\/wp-json\/wp\/v2\/tags?post=15606"}],"curies":[{"name":"wp","href":"https:\/\/api.w.org\/{rel}","templated":true}]}}