{"id":15590,"date":"2023-06-03T10:49:00","date_gmt":"2023-06-03T10:49:00","guid":{"rendered":"https:\/\/permbledhja.com\/?p=15590"},"modified":"2023-06-03T10:49:00","modified_gmt":"2023-06-03T10:49:00","slug":"cmenduria-serbe-fushate-e-organizuar-me-thirrje-per-vrasjen-e-ushtarit-amerikan-ne-veri","status":"publish","type":"post","link":"https:\/\/permbledhja.com\/sq\/cmenduria-serbe-fushate-e-organizuar-me-thirrje-per-vrasjen-e-ushtarit-amerikan-ne-veri\/","title":{"rendered":"\u00c7menduria serbe | Fushat\u00eb e organizuar me thirrje p\u00ebr vrasjen e ushtarit amerikan n\u00eb veri"},"content":{"rendered":"<p>N\u00eb veri t\u00eb Republik\u00ebs s\u00eb Kosov\u00ebs ka disa dit\u00eb q\u00eb jan\u00eb vendosur trupat e KFOR-it, p\u00ebrfshir\u00eb edhe ato amerikane, q\u00eb t\u00eb kujdes\u00ebn p\u00ebr sigurin\u00eb n\u00eb at\u00eb pjes\u00eb, pas protestave t\u00eb dhunshme t\u00eb organizuara nga serb\u00ebt lokal\u00eb.<\/p>\n<p>Nga aktet e dhun\u00ebs t\u00eb serb\u00ebve lokal\u00eb disa ushtar\u00eb t\u00eb KFOR-it, italian\u00eb e hungarez, kan\u00eb mbetur t\u00eb plagosur nga arma e zjarrit, nd\u00ebrsa disa t\u00eb tjer\u00eb kan\u00eb mbetur me fraktura e djegie nga mjetet e p\u00ebrdorura. Por duket se serb\u00ebt nuk po mjaftohen me kaq.<\/p>\n<p>N\u00eb rrjetin social \u201ctwitter\u201d disa llogari me emra t\u00eb ndrysh\u00ebm, kan\u00eb nisur nj\u00eb fushat\u00eb lin\u00e7uese kund\u00ebr nj\u00eb ushtari t\u00eb Shteteve t\u00eb Bashkuara t\u00eb Amerik\u00ebs, t\u00eb cilin kan\u00eb arritur q\u00eb t\u00eb identifikojn\u00eb nga nj\u00eb fotografi q\u00eb i \u00ebsht\u00eb shkrepur atij n\u00eb veri t\u00eb vendit.<\/p>\n<p>\u201cAmerikan, Kosova \u00ebsht\u00eb Serbi, kthehu n\u00eb sht\u00ebpi\u201d, ka shkruar nj\u00eb prej llogarive q\u00eb ka shp\u00ebrndar\u00eb fotografin\u00eb e ushtarit amerikan, raporton Express.<\/p>\n<p>Nj\u00eb tjet\u00ebr llogari, ka komentuar tek postimi i nj\u00ebjt\u00eb duke b\u00ebr\u00eb thirrje p\u00ebr vrasjen e ushtarit.<\/p>\n<p>\u201cKthehu n\u00eb sht\u00ebpi, ose do t\u00eb vritesh\u201d, shkruan nj\u00eb komentues tjet\u00ebr.<\/p>\n<p>\u201cStanley solli nj\u00eb arm\u00eb automatike n\u00eb tok\u00ebn e shenjt serbe, ai kurr\u00eb s\u2019duhet t\u00eb kthehet m\u00eb n\u00eb sht\u00ebpi\u201d, \u00ebsht\u00eb komenti tjet\u00ebr.<\/p>\n<p>Nj\u00eb tjet\u00ebr llogari ka shkruar se \u201cStanley \u00ebsht\u00eb nj\u00eb ushtar fashist\u201d dhe se \u201cNATO \u00ebsht\u00eb organizat\u00eb Naziste q\u00eb synon shkat\u00ebrrimin e Rusis\u00eb\u201d.<\/p>\n<p>P\u00ebrve\u00e7 k\u00ebtyre komenteve e thirrjeve p\u00ebr vrasje ka edhe dhjet\u00ebra komente tjera q\u00eb lin\u00e7ojn\u00eb e shajn\u00eb n\u00eb drejtim t\u00eb ushtarit amerikan.<\/p>\n<p>Pas krimeve monstruoze t\u00eb forcave serbe ndaj shqiptar\u00ebve t\u00eb paarmatosur, d\u00ebbimeve masive dhe masakrave t\u00eb shumta t\u00eb forcave paramilitare serbe ndaj civil\u00ebve shqiptar\u00eb, Shtetet e Bashkuara t\u00eb Amerik\u00ebs n\u00eb vitin 1999 m\u00eb 24 mars kishin marr\u00eb vendimin p\u00ebr bombardimin e Jugosllavis\u00eb. Pas 78 dit\u00eb bombardimesh nga Aleanca Veri-Atlantike, Sllobodan Millosheviq kishte n\u00ebnshkruar kapitullimin e Serbis\u00eb dhe forcat serbe ishin larguar nga territori i Kosov\u00ebs.<\/p>\n<p>Forcat amerikane q\u00eb nga ajo koh\u00eb vazhdojn\u00eb t\u00eb jen\u00eb t\u00eb pranishme n\u00eb Kosov\u00eb dhe jan\u00eb t\u00eb vendosura n\u00eb nj\u00eb prej bazave m\u00eb t\u00eb m\u00ebdha n\u00eb rajon e vendosur n\u00eb qytetin e Ferizajt e q\u00eb quhet \u201cBondsteel\u201d. Bazuar n\u00eb Rezolut\u00ebn 1244 forcat amerikane bashk\u00eb me forcat e tjera t\u00eb KFOR-it kujdesen p\u00ebr mjedis t\u00eb sigurt dhe liri t\u00eb l\u00ebvizjes p\u00ebr t\u00eb gjith\u00eb qytetar\u00ebt e Republik\u00ebs s\u00eb Kosov\u00ebs pa dallim.<\/p>\n<p>Disa prej \u201cscreen shot\u201d t\u00eb marruar n\u00eb postimin e llogaris\u00eb s\u00eb Darko Bubonja nj\u00eb person nga Serbia. Ky postim i Darko Bubonja ka marr\u00eb mbi 600 shp\u00ebrndarje, mbi 2 mij\u00eb p\u00eblqime dhe e kan\u00eb par\u00eb afro 62 mij\u00eb njer\u00ebz n\u00eb \u201ctwitter\u201d.<\/p>\n<p><img loading=\"lazy\" decoding=\"async\" class=\"alignnone size-full wp-image-15593\" src=\"https:\/\/permbledhja.com\/wp-content\/uploads\/2023\/06\/350630116_938867777404697_2306417661786382191_n-277x600-1.webp\" alt=\"\" width=\"277\" height=\"600\" srcset=\"https:\/\/permbledhja.com\/wp-content\/uploads\/2023\/06\/350630116_938867777404697_2306417661786382191_n-277x600-1.webp 277w, https:\/\/permbledhja.com\/wp-content\/uploads\/2023\/06\/350630116_938867777404697_2306417661786382191_n-277x600-1-139x300.webp 139w, https:\/\/permbledhja.com\/wp-content\/uploads\/2023\/06\/350630116_938867777404697_2306417661786382191_n-277x600-1-6x12.webp 6w\" sizes=\"(max-width: 277px) 100vw, 277px\" \/><\/p>\n<p><img loading=\"lazy\" decoding=\"async\" class=\"alignnone size-full wp-image-15594\" src=\"https:\/\/permbledhja.com\/wp-content\/uploads\/2023\/06\/351647859_3330821793895903_4546915992607745551_n-277x600-1.webp\" alt=\"\" width=\"277\" height=\"600\" srcset=\"https:\/\/permbledhja.com\/wp-content\/uploads\/2023\/06\/351647859_3330821793895903_4546915992607745551_n-277x600-1.webp 277w, https:\/\/permbledhja.com\/wp-content\/uploads\/2023\/06\/351647859_3330821793895903_4546915992607745551_n-277x600-1-139x300.webp 139w, https:\/\/permbledhja.com\/wp-content\/uploads\/2023\/06\/351647859_3330821793895903_4546915992607745551_n-277x600-1-6x12.webp 6w\" sizes=\"(max-width: 277px) 100vw, 277px\" \/><\/p>\n<p><img loading=\"lazy\" decoding=\"async\" class=\"alignnone size-full wp-image-15595\" src=\"https:\/\/permbledhja.com\/wp-content\/uploads\/2023\/06\/1-10-277x600-1.webp\" alt=\"\" width=\"277\" height=\"600\" srcset=\"https:\/\/permbledhja.com\/wp-content\/uploads\/2023\/06\/1-10-277x600-1.webp 277w, https:\/\/permbledhja.com\/wp-content\/uploads\/2023\/06\/1-10-277x600-1-139x300.webp 139w, https:\/\/permbledhja.com\/wp-content\/uploads\/2023\/06\/1-10-277x600-1-6x12.webp 6w\" sizes=\"(max-width: 277px) 100vw, 277px\" \/><\/p>\n","protected":false},"excerpt":{"rendered":"<p>N\u00eb veri t\u00eb Republik\u00ebs s\u00eb Kosov\u00ebs ka disa dit\u00eb q\u00eb jan\u00eb vendosur trupat e KFOR-it, p\u00ebrfshir\u00eb edhe ato amerikane, q\u00eb t\u00eb kujdes\u00ebn p\u00ebr sigurin\u00eb n\u00eb at\u00eb pjes\u00eb, pas protestave t\u00eb dhunshme t\u00eb organizuara nga serb\u00ebt lokal\u00eb. Nga aktet e dhun\u00ebs t\u00eb serb\u00ebve lokal\u00eb disa ushtar\u00eb t\u00eb KFOR-it, italian\u00eb e hungarez, kan\u00eb mbetur t\u00eb plagosur nga [&hellip;]<\/p>\n","protected":false},"author":1,"featured_media":15592,"comment_status":"closed","ping_status":"closed","sticky":false,"template":"","format":"standard","meta":{"_monsterinsights_skip_tracking":false,"_monsterinsights_sitenote_active":false,"_monsterinsights_sitenote_note":"","_monsterinsights_sitenote_category":0,"_uf_show_specific_survey":0,"_uf_disable_surveys":false,"footnotes":""},"categories":[1146],"tags":[1854],"yoast_head":"<!-- This site is optimized with the Yoast SEO plugin v21.5 - https:\/\/yoast.com\/wordpress\/plugins\/seo\/ -->\n<title>\u00c7menduria serbe | Fushat\u00eb e organizuar me thirrje p\u00ebr vrasjen e ushtarit amerikan n\u00eb veri<\/title>\n<meta name=\"robots\" content=\"index, follow, max-snippet:-1, max-image-preview:large, max-video-preview:-1\" \/>\n<link rel=\"canonical\" href=\"https:\/\/permbledhja.com\/sq\/cmenduria-serbe-fushate-e-organizuar-me-thirrje-per-vrasjen-e-ushtarit-amerikan-ne-veri\/\" \/>\n<meta property=\"og:locale\" content=\"sq_AL\" \/>\n<meta property=\"og:type\" content=\"article\" \/>\n<meta property=\"og:title\" content=\"\u00c7menduria serbe | Fushat\u00eb e organizuar me thirrje p\u00ebr vrasjen e ushtarit amerikan n\u00eb veri\" \/>\n<meta property=\"og:description\" content=\"N\u00eb veri t\u00eb Republik\u00ebs s\u00eb Kosov\u00ebs ka disa dit\u00eb q\u00eb jan\u00eb vendosur trupat e KFOR-it, p\u00ebrfshir\u00eb edhe ato amerikane, q\u00eb t\u00eb kujdes\u00ebn p\u00ebr sigurin\u00eb n\u00eb at\u00eb pjes\u00eb, pas protestave t\u00eb dhunshme t\u00eb organizuara nga serb\u00ebt lokal\u00eb. Nga aktet e dhun\u00ebs t\u00eb serb\u00ebve lokal\u00eb disa ushtar\u00eb t\u00eb KFOR-it, italian\u00eb e hungarez, kan\u00eb mbetur t\u00eb plagosur nga [&hellip;]\" \/>\n<meta property=\"og:url\" content=\"https:\/\/permbledhja.com\/sq\/cmenduria-serbe-fushate-e-organizuar-me-thirrje-per-vrasjen-e-ushtarit-amerikan-ne-veri\/\" \/>\n<meta property=\"og:site_name\" content=\"Ve\u00e7 artikuj p\u00ebrmbledh\u00ebs\" \/>\n<meta property=\"article:publisher\" content=\"https:\/\/www.facebook.com\/press07\/\" \/>\n<meta property=\"article:author\" content=\"https:\/\/www.facebook.com\/kafexhiu.muharrem\/\" \/>\n<meta property=\"article:published_time\" content=\"2023-06-03T10:49:00+00:00\" \/>\n<meta property=\"og:image\" content=\"https:\/\/permbledhja.com\/wp-content\/uploads\/2023\/06\/a1-1-600x360-1.webp\" \/>\n\t<meta property=\"og:image:width\" content=\"600\" \/>\n\t<meta property=\"og:image:height\" content=\"360\" \/>\n\t<meta property=\"og:image:type\" content=\"image\/webp\" \/>\n<meta name=\"author\" content=\"P\u00ebrmbledhja\" \/>\n<meta name=\"twitter:card\" content=\"summary_large_image\" \/>\n<meta name=\"twitter:label1\" content=\"Written by\" \/>\n\t<meta name=\"twitter:data1\" content=\"P\u00ebrmbledhja\" \/>\n\t<meta name=\"twitter:label2\" content=\"Est. reading time\" \/>\n\t<meta name=\"twitter:data2\" content=\"2 minuta\" \/>\n<script type=\"application\/ld+json\" class=\"yoast-schema-graph\">{\"@context\":\"https:\/\/schema.org\",\"@graph\":[{\"@type\":\"Article\",\"@id\":\"https:\/\/permbledhja.com\/cmenduria-serbe-fushate-e-organizuar-me-thirrje-per-vrasjen-e-ushtarit-amerikan-ne-veri\/#article\",\"isPartOf\":{\"@id\":\"https:\/\/permbledhja.com\/cmenduria-serbe-fushate-e-organizuar-me-thirrje-per-vrasjen-e-ushtarit-amerikan-ne-veri\/\"},\"author\":{\"name\":\"P\u00ebrmbledhja\",\"@id\":\"https:\/\/permbledhja.com\/#\/schema\/person\/0d064377258d3221e50693947b9eb4fe\"},\"headline\":\"\u00c7menduria serbe | Fushat\u00eb e organizuar me thirrje p\u00ebr vrasjen e ushtarit amerikan n\u00eb veri\",\"datePublished\":\"2023-06-03T10:49:00+00:00\",\"dateModified\":\"2023-06-03T10:49:00+00:00\",\"mainEntityOfPage\":{\"@id\":\"https:\/\/permbledhja.com\/cmenduria-serbe-fushate-e-organizuar-me-thirrje-per-vrasjen-e-ushtarit-amerikan-ne-veri\/\"},\"wordCount\":469,\"publisher\":{\"@id\":\"https:\/\/permbledhja.com\/#organization\"},\"keywords\":[\"Fushat\u00eb\"],\"articleSection\":[\"Kryesoret\"],\"inLanguage\":\"sq\"},{\"@type\":\"WebPage\",\"@id\":\"https:\/\/permbledhja.com\/cmenduria-serbe-fushate-e-organizuar-me-thirrje-per-vrasjen-e-ushtarit-amerikan-ne-veri\/\",\"url\":\"https:\/\/permbledhja.com\/cmenduria-serbe-fushate-e-organizuar-me-thirrje-per-vrasjen-e-ushtarit-amerikan-ne-veri\/\",\"name\":\"\u00c7menduria serbe | Fushat\u00eb e organizuar me thirrje p\u00ebr vrasjen e ushtarit amerikan n\u00eb veri\",\"isPartOf\":{\"@id\":\"https:\/\/permbledhja.com\/#website\"},\"datePublished\":\"2023-06-03T10:49:00+00:00\",\"dateModified\":\"2023-06-03T10:49:00+00:00\",\"breadcrumb\":{\"@id\":\"https:\/\/permbledhja.com\/cmenduria-serbe-fushate-e-organizuar-me-thirrje-per-vrasjen-e-ushtarit-amerikan-ne-veri\/#breadcrumb\"},\"inLanguage\":\"sq\",\"potentialAction\":[{\"@type\":\"ReadAction\",\"target\":[\"https:\/\/permbledhja.com\/cmenduria-serbe-fushate-e-organizuar-me-thirrje-per-vrasjen-e-ushtarit-amerikan-ne-veri\/\"]}]},{\"@type\":\"BreadcrumbList\",\"@id\":\"https:\/\/permbledhja.com\/cmenduria-serbe-fushate-e-organizuar-me-thirrje-per-vrasjen-e-ushtarit-amerikan-ne-veri\/#breadcrumb\",\"itemListElement\":[{\"@type\":\"ListItem\",\"position\":1,\"name\":\"Ballina\",\"item\":\"https:\/\/permbledhja.com\/sq\/\"},{\"@type\":\"ListItem\",\"position\":2,\"name\":\"\u00c7menduria serbe | Fushat\u00eb e organizuar me thirrje p\u00ebr vrasjen e ushtarit amerikan n\u00eb veri\"}]},{\"@type\":\"WebSite\",\"@id\":\"https:\/\/permbledhja.com\/#website\",\"url\":\"https:\/\/permbledhja.com\/\",\"name\":\"Ve\u00e7 artikuj p\u00ebrmbledh\u00ebs\",\"description\":\"\",\"publisher\":{\"@id\":\"https:\/\/permbledhja.com\/#organization\"},\"potentialAction\":[{\"@type\":\"SearchAction\",\"target\":{\"@type\":\"EntryPoint\",\"urlTemplate\":\"https:\/\/permbledhja.com\/?s={search_term_string}\"},\"query-input\":\"required name=search_term_string\"}],\"inLanguage\":\"sq\"},{\"@type\":\"Organization\",\"@id\":\"https:\/\/permbledhja.com\/#organization\",\"name\":\"MK Media & Pr\",\"url\":\"https:\/\/permbledhja.com\/\",\"logo\":{\"@type\":\"ImageObject\",\"inLanguage\":\"sq\",\"@id\":\"https:\/\/permbledhja.com\/#\/schema\/logo\/image\/\",\"url\":\"https:\/\/permbledhja.com\/wp-content\/uploads\/2021\/12\/07-Press-Logo.jpg\",\"contentUrl\":\"https:\/\/permbledhja.com\/wp-content\/uploads\/2021\/12\/07-Press-Logo.jpg\",\"width\":512,\"height\":512,\"caption\":\"MK Media & Pr\"},\"image\":{\"@id\":\"https:\/\/permbledhja.com\/#\/schema\/logo\/image\/\"},\"sameAs\":[\"https:\/\/www.facebook.com\/press07\/\"]},{\"@type\":\"Person\",\"@id\":\"https:\/\/permbledhja.com\/#\/schema\/person\/0d064377258d3221e50693947b9eb4fe\",\"name\":\"P\u00ebrmbledhja\",\"image\":{\"@type\":\"ImageObject\",\"inLanguage\":\"sq\",\"@id\":\"https:\/\/permbledhja.com\/#\/schema\/person\/image\/\",\"url\":\"https:\/\/permbledhja.com\/wp-content\/uploads\/2026\/01\/452004717_1040944174702970_8932037511805513407_n-96x96.jpg\",\"contentUrl\":\"https:\/\/permbledhja.com\/wp-content\/uploads\/2026\/01\/452004717_1040944174702970_8932037511805513407_n-96x96.jpg\",\"caption\":\"P\u00ebrmbledhja\"},\"sameAs\":[\"https:\/\/www.facebook.com\/kafexhiu.muharrem\/\",\"https:\/\/www.instagram.com\/muharrem_kafexhiu\/\"],\"url\":\"https:\/\/permbledhja.com\/sq\/author\/admin\/\"}]}<\/script>\n<!-- \/ Yoast SEO plugin. -->","yoast_head_json":{"title":"\u00c7menduria serbe | Fushat\u00eb e organizuar me thirrje p\u00ebr vrasjen e ushtarit amerikan n\u00eb veri","robots":{"index":"index","follow":"follow","max-snippet":"max-snippet:-1","max-image-preview":"max-image-preview:large","max-video-preview":"max-video-preview:-1"},"canonical":"https:\/\/permbledhja.com\/sq\/cmenduria-serbe-fushate-e-organizuar-me-thirrje-per-vrasjen-e-ushtarit-amerikan-ne-veri\/","og_locale":"sq_AL","og_type":"article","og_title":"\u00c7menduria serbe | Fushat\u00eb e organizuar me thirrje p\u00ebr vrasjen e ushtarit amerikan n\u00eb veri","og_description":"N\u00eb veri t\u00eb Republik\u00ebs s\u00eb Kosov\u00ebs ka disa dit\u00eb q\u00eb jan\u00eb vendosur trupat e KFOR-it, p\u00ebrfshir\u00eb edhe ato amerikane, q\u00eb t\u00eb kujdes\u00ebn p\u00ebr sigurin\u00eb n\u00eb at\u00eb pjes\u00eb, pas protestave t\u00eb dhunshme t\u00eb organizuara nga serb\u00ebt lokal\u00eb. Nga aktet e dhun\u00ebs t\u00eb serb\u00ebve lokal\u00eb disa ushtar\u00eb t\u00eb KFOR-it, italian\u00eb e hungarez, kan\u00eb mbetur t\u00eb plagosur nga [&hellip;]","og_url":"https:\/\/permbledhja.com\/sq\/cmenduria-serbe-fushate-e-organizuar-me-thirrje-per-vrasjen-e-ushtarit-amerikan-ne-veri\/","og_site_name":"Ve\u00e7 artikuj p\u00ebrmbledh\u00ebs","article_publisher":"https:\/\/www.facebook.com\/press07\/","article_author":"https:\/\/www.facebook.com\/kafexhiu.muharrem\/","article_published_time":"2023-06-03T10:49:00+00:00","og_image":[{"width":600,"height":360,"url":"https:\/\/permbledhja.com\/wp-content\/uploads\/2023\/06\/a1-1-600x360-1.webp","type":"image\/webp"}],"author":"P\u00ebrmbledhja","twitter_card":"summary_large_image","twitter_misc":{"Written by":"P\u00ebrmbledhja","Est. reading time":"2 minuta"},"schema":{"@context":"https:\/\/schema.org","@graph":[{"@type":"Article","@id":"https:\/\/permbledhja.com\/cmenduria-serbe-fushate-e-organizuar-me-thirrje-per-vrasjen-e-ushtarit-amerikan-ne-veri\/#article","isPartOf":{"@id":"https:\/\/permbledhja.com\/cmenduria-serbe-fushate-e-organizuar-me-thirrje-per-vrasjen-e-ushtarit-amerikan-ne-veri\/"},"author":{"name":"P\u00ebrmbledhja","@id":"https:\/\/permbledhja.com\/#\/schema\/person\/0d064377258d3221e50693947b9eb4fe"},"headline":"\u00c7menduria serbe | Fushat\u00eb e organizuar me thirrje p\u00ebr vrasjen e ushtarit amerikan n\u00eb veri","datePublished":"2023-06-03T10:49:00+00:00","dateModified":"2023-06-03T10:49:00+00:00","mainEntityOfPage":{"@id":"https:\/\/permbledhja.com\/cmenduria-serbe-fushate-e-organizuar-me-thirrje-per-vrasjen-e-ushtarit-amerikan-ne-veri\/"},"wordCount":469,"publisher":{"@id":"https:\/\/permbledhja.com\/#organization"},"keywords":["Fushat\u00eb"],"articleSection":["Kryesoret"],"inLanguage":"sq"},{"@type":"WebPage","@id":"https:\/\/permbledhja.com\/cmenduria-serbe-fushate-e-organizuar-me-thirrje-per-vrasjen-e-ushtarit-amerikan-ne-veri\/","url":"https:\/\/permbledhja.com\/cmenduria-serbe-fushate-e-organizuar-me-thirrje-per-vrasjen-e-ushtarit-amerikan-ne-veri\/","name":"\u00c7menduria serbe | Fushat\u00eb e organizuar me thirrje p\u00ebr vrasjen e ushtarit amerikan n\u00eb veri","isPartOf":{"@id":"https:\/\/permbledhja.com\/#website"},"datePublished":"2023-06-03T10:49:00+00:00","dateModified":"2023-06-03T10:49:00+00:00","breadcrumb":{"@id":"https:\/\/permbledhja.com\/cmenduria-serbe-fushate-e-organizuar-me-thirrje-per-vrasjen-e-ushtarit-amerikan-ne-veri\/#breadcrumb"},"inLanguage":"sq","potentialAction":[{"@type":"ReadAction","target":["https:\/\/permbledhja.com\/cmenduria-serbe-fushate-e-organizuar-me-thirrje-per-vrasjen-e-ushtarit-amerikan-ne-veri\/"]}]},{"@type":"BreadcrumbList","@id":"https:\/\/permbledhja.com\/cmenduria-serbe-fushate-e-organizuar-me-thirrje-per-vrasjen-e-ushtarit-amerikan-ne-veri\/#breadcrumb","itemListElement":[{"@type":"ListItem","position":1,"name":"Ballina","item":"https:\/\/permbledhja.com\/sq\/"},{"@type":"ListItem","position":2,"name":"\u00c7menduria serbe | Fushat\u00eb e organizuar me thirrje p\u00ebr vrasjen e ushtarit amerikan n\u00eb veri"}]},{"@type":"WebSite","@id":"https:\/\/permbledhja.com\/#website","url":"https:\/\/permbledhja.com\/","name":"Ve\u00e7 artikuj p\u00ebrmbledh\u00ebs","description":"","publisher":{"@id":"https:\/\/permbledhja.com\/#organization"},"potentialAction":[{"@type":"SearchAction","target":{"@type":"EntryPoint","urlTemplate":"https:\/\/permbledhja.com\/?s={search_term_string}"},"query-input":"required name=search_term_string"}],"inLanguage":"sq"},{"@type":"Organization","@id":"https:\/\/permbledhja.com\/#organization","name":"MK Media & Pr","url":"https:\/\/permbledhja.com\/","logo":{"@type":"ImageObject","inLanguage":"sq","@id":"https:\/\/permbledhja.com\/#\/schema\/logo\/image\/","url":"https:\/\/permbledhja.com\/wp-content\/uploads\/2021\/12\/07-Press-Logo.jpg","contentUrl":"https:\/\/permbledhja.com\/wp-content\/uploads\/2021\/12\/07-Press-Logo.jpg","width":512,"height":512,"caption":"MK Media & Pr"},"image":{"@id":"https:\/\/permbledhja.com\/#\/schema\/logo\/image\/"},"sameAs":["https:\/\/www.facebook.com\/press07\/"]},{"@type":"Person","@id":"https:\/\/permbledhja.com\/#\/schema\/person\/0d064377258d3221e50693947b9eb4fe","name":"P\u00ebrmbledhja","image":{"@type":"ImageObject","inLanguage":"sq","@id":"https:\/\/permbledhja.com\/#\/schema\/person\/image\/","url":"https:\/\/permbledhja.com\/wp-content\/uploads\/2026\/01\/452004717_1040944174702970_8932037511805513407_n-96x96.jpg","contentUrl":"https:\/\/permbledhja.com\/wp-content\/uploads\/2026\/01\/452004717_1040944174702970_8932037511805513407_n-96x96.jpg","caption":"P\u00ebrmbledhja"},"sameAs":["https:\/\/www.facebook.com\/kafexhiu.muharrem\/","https:\/\/www.instagram.com\/muharrem_kafexhiu\/"],"url":"https:\/\/permbledhja.com\/sq\/author\/admin\/"}]}},"_links":{"self":[{"href":"https:\/\/permbledhja.com\/sq\/wp-json\/wp\/v2\/posts\/15590"}],"collection":[{"href":"https:\/\/permbledhja.com\/sq\/wp-json\/wp\/v2\/posts"}],"about":[{"href":"https:\/\/permbledhja.com\/sq\/wp-json\/wp\/v2\/types\/post"}],"author":[{"embeddable":true,"href":"https:\/\/permbledhja.com\/sq\/wp-json\/wp\/v2\/users\/1"}],"replies":[{"embeddable":true,"href":"https:\/\/permbledhja.com\/sq\/wp-json\/wp\/v2\/comments?post=15590"}],"version-history":[{"count":2,"href":"https:\/\/permbledhja.com\/sq\/wp-json\/wp\/v2\/posts\/15590\/revisions"}],"predecessor-version":[{"id":15596,"href":"https:\/\/permbledhja.com\/sq\/wp-json\/wp\/v2\/posts\/15590\/revisions\/15596"}],"wp:featuredmedia":[{"embeddable":true,"href":"https:\/\/permbledhja.com\/sq\/wp-json\/wp\/v2\/media\/15592"}],"wp:attachment":[{"href":"https:\/\/permbledhja.com\/sq\/wp-json\/wp\/v2\/media?parent=15590"}],"wp:term":[{"taxonomy":"category","embeddable":true,"href":"https:\/\/permbledhja.com\/sq\/wp-json\/wp\/v2\/categories?post=15590"},{"taxonomy":"post_tag","embeddable":true,"href":"https:\/\/permbledhja.com\/sq\/wp-json\/wp\/v2\/tags?post=15590"}],"curies":[{"name":"wp","href":"https:\/\/api.w.org\/{rel}","templated":true}]}}