{"id":15585,"date":"2023-06-03T09:35:16","date_gmt":"2023-06-03T09:35:16","guid":{"rendered":"https:\/\/permbledhja.com\/?p=15585"},"modified":"2023-06-03T09:35:16","modified_gmt":"2023-06-03T09:35:16","slug":"degjova-qe-kurti-po-kerkon-zgjedhje-ne-gjithe-vendin","status":"publish","type":"post","link":"https:\/\/permbledhja.com\/sq\/degjova-qe-kurti-po-kerkon-zgjedhje-ne-gjithe-vendin\/","title":{"rendered":"\u201cD\u00ebgjova q\u00eb Kurti po k\u00ebrkon zgjedhje n\u00eb gjith\u00eb vendin\u201d"},"content":{"rendered":"<p>Deputeti gjerman Peter Beyer, i cili po q\u00ebndron n\u00eb Kosov\u00eb pas tensioneve n\u00eb Veri, ka folur rreth k\u00ebrkesave t\u00eb Franc\u00ebs, Gjermanis\u00eb dhe BE\u2019s\u00eb p\u00ebr zgjedhje t\u00eb parakohshme n\u00eb kat\u00ebr komunat komunat e Veriut si nj\u00eb rrug\u00ebdalje nga ng\u00ebr\u00e7i atje, duke th\u00ebn\u00eb \u201cta shohim si do t\u00eb shkoj\u00eb kjo\u201d. Ai ka theksuar se kthimi i serb\u00ebve n\u00eb institucione \u00ebsht\u00eb i domosdosh\u00ebm dhe se zgjedhjet nuk duhet t\u00eb bojkotohen edhe nj\u00eb her\u00eb.<\/p>\n<p>Por, Beyer q\u00eb pret ta takoj\u00eb Kryeministrin gjat\u00eb vizit\u00ebs n\u00eb Kosov\u00eb, ka deklaruar se ka d\u00ebgjuar q\u00eb Kurti \u00ebsht\u00eb duke menduar p\u00ebr zgjedhje t\u00eb jasht\u00ebzakonshme n\u00eb gjith\u00eb vendin.<\/p>\n<p>\u201cM\u00eb lejoni t\u00eb shtoj\u00eb q\u00eb d\u00ebgjova sot di\u00e7ka q\u00eb Kryeministri Albin Kurti \u00ebsht\u00eb duke menduar p\u00ebr zgjedhje t\u00eb jasht\u00ebzakonshme, pra jo vet\u00ebm n\u00eb Veri por ndoshta n\u00eb gjith\u00eb vendin. K\u00ebshtu q\u00eb nuk e di, \u00ebsht\u00eb di\u00e7ka q\u00eb kam d\u00ebgjuar sot\u201d ka th\u00ebn\u00eb Beyer n\u00eb nj\u00eb intervist\u00eb p\u00ebr Klan Kosova.<\/p>\n<p>N\u00eb k\u00ebt\u00eb kontekst, Beyer duke iu referuar Kurtit dhe Vu\u00e7iqit ka folur kund\u00ebr loj\u00ebrave taktike dhe kund\u00ebr influencimit t\u00eb serbv\u00eb nga Vu\u00e7iq p\u00ebr t\u2019i bojkotuar zgjedhjet.<\/p>\n<p>\u201cPra asnj\u00eb bojkot, asnj\u00eb loj\u00eb taktike, n\u00ebse ekziston nj\u00eb vullnet serioz p\u00ebr t\u00eb shtyr\u00eb k\u00ebt\u00eb vend p\u00ebrpara\u201d ka th\u00ebn\u00eb Beyer duke i p\u00ebrmendur Kurtin e Vu\u00e7iqin. P\u00ebr k\u00ebt\u00eb t\u00eb fundit ai ka k\u00ebrkuar direkt q\u00eb t\u00eb mos i shtyj\u00eb serb\u00ebt drejt bojkotit t\u00eb pasi ata jan\u00eb shtetas t\u00eb Kosov\u00ebs dhe askush s\u2019duhet t\u00eb p\u00ebrzihet n\u00eb k\u00ebt\u00eb situat\u00eb.<\/p>\n","protected":false},"excerpt":{"rendered":"<p>Deputeti gjerman Peter Beyer, i cili po q\u00ebndron n\u00eb Kosov\u00eb pas tensioneve n\u00eb Veri, ka folur rreth k\u00ebrkesave t\u00eb Franc\u00ebs, Gjermanis\u00eb dhe BE\u2019s\u00eb p\u00ebr zgjedhje t\u00eb parakohshme n\u00eb kat\u00ebr komunat komunat e Veriut si nj\u00eb rrug\u00ebdalje nga ng\u00ebr\u00e7i atje, duke th\u00ebn\u00eb \u201cta shohim si do t\u00eb shkoj\u00eb kjo\u201d. Ai ka theksuar se kthimi i serb\u00ebve [&hellip;]<\/p>\n","protected":false},"author":1,"featured_media":14582,"comment_status":"closed","ping_status":"closed","sticky":false,"template":"","format":"standard","meta":{"_monsterinsights_skip_tracking":false,"_monsterinsights_sitenote_active":false,"_monsterinsights_sitenote_note":"","_monsterinsights_sitenote_category":0,"_uf_show_specific_survey":0,"_uf_disable_surveys":false,"footnotes":""},"categories":[1],"tags":[132],"yoast_head":"<!-- This site is optimized with the Yoast SEO plugin v21.5 - https:\/\/yoast.com\/wordpress\/plugins\/seo\/ -->\n<title>\u201cD\u00ebgjova q\u00eb Kurti po k\u00ebrkon zgjedhje n\u00eb gjith\u00eb vendin\u201d<\/title>\n<meta name=\"robots\" content=\"index, follow, max-snippet:-1, max-image-preview:large, max-video-preview:-1\" \/>\n<link rel=\"canonical\" href=\"https:\/\/permbledhja.com\/sq\/degjova-qe-kurti-po-kerkon-zgjedhje-ne-gjithe-vendin\/\" \/>\n<meta property=\"og:locale\" content=\"sq_AL\" \/>\n<meta property=\"og:type\" content=\"article\" \/>\n<meta property=\"og:title\" content=\"\u201cD\u00ebgjova q\u00eb Kurti po k\u00ebrkon zgjedhje n\u00eb gjith\u00eb vendin\u201d\" \/>\n<meta property=\"og:description\" content=\"Deputeti gjerman Peter Beyer, i cili po q\u00ebndron n\u00eb Kosov\u00eb pas tensioneve n\u00eb Veri, ka folur rreth k\u00ebrkesave t\u00eb Franc\u00ebs, Gjermanis\u00eb dhe BE\u2019s\u00eb p\u00ebr zgjedhje t\u00eb parakohshme n\u00eb kat\u00ebr komunat komunat e Veriut si nj\u00eb rrug\u00ebdalje nga ng\u00ebr\u00e7i atje, duke th\u00ebn\u00eb \u201cta shohim si do t\u00eb shkoj\u00eb kjo\u201d. Ai ka theksuar se kthimi i serb\u00ebve [&hellip;]\" \/>\n<meta property=\"og:url\" content=\"https:\/\/permbledhja.com\/sq\/degjova-qe-kurti-po-kerkon-zgjedhje-ne-gjithe-vendin\/\" \/>\n<meta property=\"og:site_name\" content=\"Ve\u00e7 artikuj p\u00ebrmbledh\u00ebs\" \/>\n<meta property=\"article:publisher\" content=\"https:\/\/www.facebook.com\/press07\/\" \/>\n<meta property=\"article:author\" content=\"https:\/\/www.facebook.com\/kafexhiu.muharrem\/\" \/>\n<meta property=\"article:published_time\" content=\"2023-06-03T09:35:16+00:00\" \/>\n<meta property=\"og:image\" content=\"https:\/\/permbledhja.com\/wp-content\/uploads\/2023\/05\/albin-kurti-16-e1679073756208-637x439-1.jpg\" \/>\n\t<meta property=\"og:image:width\" content=\"637\" \/>\n\t<meta property=\"og:image:height\" content=\"439\" \/>\n\t<meta property=\"og:image:type\" content=\"image\/jpeg\" \/>\n<meta name=\"author\" content=\"P\u00ebrmbledhja\" \/>\n<meta name=\"twitter:card\" content=\"summary_large_image\" \/>\n<meta name=\"twitter:label1\" content=\"Written by\" \/>\n\t<meta name=\"twitter:data1\" content=\"P\u00ebrmbledhja\" \/>\n\t<meta name=\"twitter:label2\" content=\"Est. reading time\" \/>\n\t<meta name=\"twitter:data2\" content=\"1 minut\u00eb\" \/>\n<script type=\"application\/ld+json\" class=\"yoast-schema-graph\">{\"@context\":\"https:\/\/schema.org\",\"@graph\":[{\"@type\":\"Article\",\"@id\":\"https:\/\/permbledhja.com\/degjova-qe-kurti-po-kerkon-zgjedhje-ne-gjithe-vendin\/#article\",\"isPartOf\":{\"@id\":\"https:\/\/permbledhja.com\/degjova-qe-kurti-po-kerkon-zgjedhje-ne-gjithe-vendin\/\"},\"author\":{\"name\":\"P\u00ebrmbledhja\",\"@id\":\"https:\/\/permbledhja.com\/#\/schema\/person\/0d064377258d3221e50693947b9eb4fe\"},\"headline\":\"\u201cD\u00ebgjova q\u00eb Kurti po k\u00ebrkon zgjedhje n\u00eb gjith\u00eb vendin\u201d\",\"datePublished\":\"2023-06-03T09:35:16+00:00\",\"dateModified\":\"2023-06-03T09:35:16+00:00\",\"mainEntityOfPage\":{\"@id\":\"https:\/\/permbledhja.com\/degjova-qe-kurti-po-kerkon-zgjedhje-ne-gjithe-vendin\/\"},\"wordCount\":290,\"publisher\":{\"@id\":\"https:\/\/permbledhja.com\/#organization\"},\"keywords\":[\"Gjermani\"],\"articleSection\":[\"Breaking News\"],\"inLanguage\":\"sq\"},{\"@type\":\"WebPage\",\"@id\":\"https:\/\/permbledhja.com\/degjova-qe-kurti-po-kerkon-zgjedhje-ne-gjithe-vendin\/\",\"url\":\"https:\/\/permbledhja.com\/degjova-qe-kurti-po-kerkon-zgjedhje-ne-gjithe-vendin\/\",\"name\":\"\u201cD\u00ebgjova q\u00eb Kurti po k\u00ebrkon zgjedhje n\u00eb gjith\u00eb vendin\u201d\",\"isPartOf\":{\"@id\":\"https:\/\/permbledhja.com\/#website\"},\"datePublished\":\"2023-06-03T09:35:16+00:00\",\"dateModified\":\"2023-06-03T09:35:16+00:00\",\"breadcrumb\":{\"@id\":\"https:\/\/permbledhja.com\/degjova-qe-kurti-po-kerkon-zgjedhje-ne-gjithe-vendin\/#breadcrumb\"},\"inLanguage\":\"sq\",\"potentialAction\":[{\"@type\":\"ReadAction\",\"target\":[\"https:\/\/permbledhja.com\/degjova-qe-kurti-po-kerkon-zgjedhje-ne-gjithe-vendin\/\"]}]},{\"@type\":\"BreadcrumbList\",\"@id\":\"https:\/\/permbledhja.com\/degjova-qe-kurti-po-kerkon-zgjedhje-ne-gjithe-vendin\/#breadcrumb\",\"itemListElement\":[{\"@type\":\"ListItem\",\"position\":1,\"name\":\"Ballina\",\"item\":\"https:\/\/permbledhja.com\/sq\/\"},{\"@type\":\"ListItem\",\"position\":2,\"name\":\"\u201cD\u00ebgjova q\u00eb Kurti po k\u00ebrkon zgjedhje n\u00eb gjith\u00eb vendin\u201d\"}]},{\"@type\":\"WebSite\",\"@id\":\"https:\/\/permbledhja.com\/#website\",\"url\":\"https:\/\/permbledhja.com\/\",\"name\":\"Ve\u00e7 artikuj p\u00ebrmbledh\u00ebs\",\"description\":\"\",\"publisher\":{\"@id\":\"https:\/\/permbledhja.com\/#organization\"},\"potentialAction\":[{\"@type\":\"SearchAction\",\"target\":{\"@type\":\"EntryPoint\",\"urlTemplate\":\"https:\/\/permbledhja.com\/?s={search_term_string}\"},\"query-input\":\"required name=search_term_string\"}],\"inLanguage\":\"sq\"},{\"@type\":\"Organization\",\"@id\":\"https:\/\/permbledhja.com\/#organization\",\"name\":\"MK Media & Pr\",\"url\":\"https:\/\/permbledhja.com\/\",\"logo\":{\"@type\":\"ImageObject\",\"inLanguage\":\"sq\",\"@id\":\"https:\/\/permbledhja.com\/#\/schema\/logo\/image\/\",\"url\":\"https:\/\/permbledhja.com\/wp-content\/uploads\/2021\/12\/07-Press-Logo.jpg\",\"contentUrl\":\"https:\/\/permbledhja.com\/wp-content\/uploads\/2021\/12\/07-Press-Logo.jpg\",\"width\":512,\"height\":512,\"caption\":\"MK Media & Pr\"},\"image\":{\"@id\":\"https:\/\/permbledhja.com\/#\/schema\/logo\/image\/\"},\"sameAs\":[\"https:\/\/www.facebook.com\/press07\/\"]},{\"@type\":\"Person\",\"@id\":\"https:\/\/permbledhja.com\/#\/schema\/person\/0d064377258d3221e50693947b9eb4fe\",\"name\":\"P\u00ebrmbledhja\",\"image\":{\"@type\":\"ImageObject\",\"inLanguage\":\"sq\",\"@id\":\"https:\/\/permbledhja.com\/#\/schema\/person\/image\/\",\"url\":\"https:\/\/permbledhja.com\/wp-content\/uploads\/2026\/01\/452004717_1040944174702970_8932037511805513407_n-96x96.jpg\",\"contentUrl\":\"https:\/\/permbledhja.com\/wp-content\/uploads\/2026\/01\/452004717_1040944174702970_8932037511805513407_n-96x96.jpg\",\"caption\":\"P\u00ebrmbledhja\"},\"sameAs\":[\"https:\/\/www.facebook.com\/kafexhiu.muharrem\/\",\"https:\/\/www.instagram.com\/muharrem_kafexhiu\/\"],\"url\":\"https:\/\/permbledhja.com\/sq\/author\/admin\/\"}]}<\/script>\n<!-- \/ Yoast SEO plugin. -->","yoast_head_json":{"title":"\u201cD\u00ebgjova q\u00eb Kurti po k\u00ebrkon zgjedhje n\u00eb gjith\u00eb vendin\u201d","robots":{"index":"index","follow":"follow","max-snippet":"max-snippet:-1","max-image-preview":"max-image-preview:large","max-video-preview":"max-video-preview:-1"},"canonical":"https:\/\/permbledhja.com\/sq\/degjova-qe-kurti-po-kerkon-zgjedhje-ne-gjithe-vendin\/","og_locale":"sq_AL","og_type":"article","og_title":"\u201cD\u00ebgjova q\u00eb Kurti po k\u00ebrkon zgjedhje n\u00eb gjith\u00eb vendin\u201d","og_description":"Deputeti gjerman Peter Beyer, i cili po q\u00ebndron n\u00eb Kosov\u00eb pas tensioneve n\u00eb Veri, ka folur rreth k\u00ebrkesave t\u00eb Franc\u00ebs, Gjermanis\u00eb dhe BE\u2019s\u00eb p\u00ebr zgjedhje t\u00eb parakohshme n\u00eb kat\u00ebr komunat komunat e Veriut si nj\u00eb rrug\u00ebdalje nga ng\u00ebr\u00e7i atje, duke th\u00ebn\u00eb \u201cta shohim si do t\u00eb shkoj\u00eb kjo\u201d. Ai ka theksuar se kthimi i serb\u00ebve [&hellip;]","og_url":"https:\/\/permbledhja.com\/sq\/degjova-qe-kurti-po-kerkon-zgjedhje-ne-gjithe-vendin\/","og_site_name":"Ve\u00e7 artikuj p\u00ebrmbledh\u00ebs","article_publisher":"https:\/\/www.facebook.com\/press07\/","article_author":"https:\/\/www.facebook.com\/kafexhiu.muharrem\/","article_published_time":"2023-06-03T09:35:16+00:00","og_image":[{"width":637,"height":439,"url":"https:\/\/permbledhja.com\/wp-content\/uploads\/2023\/05\/albin-kurti-16-e1679073756208-637x439-1.jpg","type":"image\/jpeg"}],"author":"P\u00ebrmbledhja","twitter_card":"summary_large_image","twitter_misc":{"Written by":"P\u00ebrmbledhja","Est. reading time":"1 minut\u00eb"},"schema":{"@context":"https:\/\/schema.org","@graph":[{"@type":"Article","@id":"https:\/\/permbledhja.com\/degjova-qe-kurti-po-kerkon-zgjedhje-ne-gjithe-vendin\/#article","isPartOf":{"@id":"https:\/\/permbledhja.com\/degjova-qe-kurti-po-kerkon-zgjedhje-ne-gjithe-vendin\/"},"author":{"name":"P\u00ebrmbledhja","@id":"https:\/\/permbledhja.com\/#\/schema\/person\/0d064377258d3221e50693947b9eb4fe"},"headline":"\u201cD\u00ebgjova q\u00eb Kurti po k\u00ebrkon zgjedhje n\u00eb gjith\u00eb vendin\u201d","datePublished":"2023-06-03T09:35:16+00:00","dateModified":"2023-06-03T09:35:16+00:00","mainEntityOfPage":{"@id":"https:\/\/permbledhja.com\/degjova-qe-kurti-po-kerkon-zgjedhje-ne-gjithe-vendin\/"},"wordCount":290,"publisher":{"@id":"https:\/\/permbledhja.com\/#organization"},"keywords":["Gjermani"],"articleSection":["Breaking News"],"inLanguage":"sq"},{"@type":"WebPage","@id":"https:\/\/permbledhja.com\/degjova-qe-kurti-po-kerkon-zgjedhje-ne-gjithe-vendin\/","url":"https:\/\/permbledhja.com\/degjova-qe-kurti-po-kerkon-zgjedhje-ne-gjithe-vendin\/","name":"\u201cD\u00ebgjova q\u00eb Kurti po k\u00ebrkon zgjedhje n\u00eb gjith\u00eb vendin\u201d","isPartOf":{"@id":"https:\/\/permbledhja.com\/#website"},"datePublished":"2023-06-03T09:35:16+00:00","dateModified":"2023-06-03T09:35:16+00:00","breadcrumb":{"@id":"https:\/\/permbledhja.com\/degjova-qe-kurti-po-kerkon-zgjedhje-ne-gjithe-vendin\/#breadcrumb"},"inLanguage":"sq","potentialAction":[{"@type":"ReadAction","target":["https:\/\/permbledhja.com\/degjova-qe-kurti-po-kerkon-zgjedhje-ne-gjithe-vendin\/"]}]},{"@type":"BreadcrumbList","@id":"https:\/\/permbledhja.com\/degjova-qe-kurti-po-kerkon-zgjedhje-ne-gjithe-vendin\/#breadcrumb","itemListElement":[{"@type":"ListItem","position":1,"name":"Ballina","item":"https:\/\/permbledhja.com\/sq\/"},{"@type":"ListItem","position":2,"name":"\u201cD\u00ebgjova q\u00eb Kurti po k\u00ebrkon zgjedhje n\u00eb gjith\u00eb vendin\u201d"}]},{"@type":"WebSite","@id":"https:\/\/permbledhja.com\/#website","url":"https:\/\/permbledhja.com\/","name":"Ve\u00e7 artikuj p\u00ebrmbledh\u00ebs","description":"","publisher":{"@id":"https:\/\/permbledhja.com\/#organization"},"potentialAction":[{"@type":"SearchAction","target":{"@type":"EntryPoint","urlTemplate":"https:\/\/permbledhja.com\/?s={search_term_string}"},"query-input":"required name=search_term_string"}],"inLanguage":"sq"},{"@type":"Organization","@id":"https:\/\/permbledhja.com\/#organization","name":"MK Media & Pr","url":"https:\/\/permbledhja.com\/","logo":{"@type":"ImageObject","inLanguage":"sq","@id":"https:\/\/permbledhja.com\/#\/schema\/logo\/image\/","url":"https:\/\/permbledhja.com\/wp-content\/uploads\/2021\/12\/07-Press-Logo.jpg","contentUrl":"https:\/\/permbledhja.com\/wp-content\/uploads\/2021\/12\/07-Press-Logo.jpg","width":512,"height":512,"caption":"MK Media & Pr"},"image":{"@id":"https:\/\/permbledhja.com\/#\/schema\/logo\/image\/"},"sameAs":["https:\/\/www.facebook.com\/press07\/"]},{"@type":"Person","@id":"https:\/\/permbledhja.com\/#\/schema\/person\/0d064377258d3221e50693947b9eb4fe","name":"P\u00ebrmbledhja","image":{"@type":"ImageObject","inLanguage":"sq","@id":"https:\/\/permbledhja.com\/#\/schema\/person\/image\/","url":"https:\/\/permbledhja.com\/wp-content\/uploads\/2026\/01\/452004717_1040944174702970_8932037511805513407_n-96x96.jpg","contentUrl":"https:\/\/permbledhja.com\/wp-content\/uploads\/2026\/01\/452004717_1040944174702970_8932037511805513407_n-96x96.jpg","caption":"P\u00ebrmbledhja"},"sameAs":["https:\/\/www.facebook.com\/kafexhiu.muharrem\/","https:\/\/www.instagram.com\/muharrem_kafexhiu\/"],"url":"https:\/\/permbledhja.com\/sq\/author\/admin\/"}]}},"_links":{"self":[{"href":"https:\/\/permbledhja.com\/sq\/wp-json\/wp\/v2\/posts\/15585"}],"collection":[{"href":"https:\/\/permbledhja.com\/sq\/wp-json\/wp\/v2\/posts"}],"about":[{"href":"https:\/\/permbledhja.com\/sq\/wp-json\/wp\/v2\/types\/post"}],"author":[{"embeddable":true,"href":"https:\/\/permbledhja.com\/sq\/wp-json\/wp\/v2\/users\/1"}],"replies":[{"embeddable":true,"href":"https:\/\/permbledhja.com\/sq\/wp-json\/wp\/v2\/comments?post=15585"}],"version-history":[{"count":1,"href":"https:\/\/permbledhja.com\/sq\/wp-json\/wp\/v2\/posts\/15585\/revisions"}],"predecessor-version":[{"id":15586,"href":"https:\/\/permbledhja.com\/sq\/wp-json\/wp\/v2\/posts\/15585\/revisions\/15586"}],"wp:featuredmedia":[{"embeddable":true,"href":"https:\/\/permbledhja.com\/sq\/wp-json\/wp\/v2\/media\/14582"}],"wp:attachment":[{"href":"https:\/\/permbledhja.com\/sq\/wp-json\/wp\/v2\/media?parent=15585"}],"wp:term":[{"taxonomy":"category","embeddable":true,"href":"https:\/\/permbledhja.com\/sq\/wp-json\/wp\/v2\/categories?post=15585"},{"taxonomy":"post_tag","embeddable":true,"href":"https:\/\/permbledhja.com\/sq\/wp-json\/wp\/v2\/tags?post=15585"}],"curies":[{"name":"wp","href":"https:\/\/api.w.org\/{rel}","templated":true}]}}