{"id":15576,"date":"2023-06-03T08:06:54","date_gmt":"2023-06-03T08:06:54","guid":{"rendered":"https:\/\/permbledhja.com\/?p=15576"},"modified":"2023-06-03T08:06:54","modified_gmt":"2023-06-03T08:06:54","slug":"protesta-ne-leposaviq-gazetari-e-pa-se-po-i-afrohej-nje-protestues-me-thike-e-pistolete","status":"publish","type":"post","link":"https:\/\/permbledhja.com\/sq\/protesta-ne-leposaviq-gazetari-e-pa-se-po-i-afrohej-nje-protestues-me-thike-e-pistolete\/","title":{"rendered":"Protesta n\u00eb Leposaviq, gazetari e pa se po i afrohej nj\u00eb protestues me thik\u00eb e pistolet\u00eb"},"content":{"rendered":"<p>Policia e Kosov\u00ebs n\u00eb raportin 24 or\u00ebsh ka dh\u00ebn\u00eb detaje p\u00ebr nj\u00eb rast n\u00eb komun\u00ebn e Leposaviqit ku nj\u00eb gazetar ka qen\u00eb n\u00eb rrezik p\u00ebr jet\u00eb.<\/p>\n<p>Sipas policis\u00eb, gazetari ka v\u00ebrejtur nj\u00eb person af\u00ebr komun\u00ebs, i maskuar dhe i veshur me duks e kapel\u00eb dhe nj\u00eb mask\u00eb t\u00eb zez\u00eb i cili \u00ebsht\u00eb nisur n\u00eb drejtim t\u00eb tij me thik\u00eb e pistolet\u00eb n\u00eb dor\u00eb.<\/p>\n<p>Posa ka v\u00ebrejtur t\u00eb dyshuarin, gazetari ka hipur n\u00eb vetur\u00eb dhe \u00ebsht\u00eb drejtuar n\u00eb stacion policor.<\/p>\n<p>\u201cRr. JNA, Leposaviq 02.06.2023 \u2013 17:10. Viktima mashkull kosovar, gazetar i nj\u00eb televizioni, ka raportuar se p\u00ebrderisa ka qen\u00eb duke b\u00ebr\u00eb p\u00ebrgatitje p\u00ebr t\u00eb raportuar lidhur me situat\u00ebn af\u00ebr komun\u00ebs ka v\u00ebrejtur nj\u00eb person t\u00eb maskuar t\u00eb mosh\u00ebs rreth 25-30 vje\u00e7are t\u00eb veshur me duk\u00ebs me kapel\u00eb dhe nj\u00eb mask\u00eb t\u00eb zez\u00eb, i cili ka qen\u00eb n\u00eb drejtim t\u00eb tij, sipas ankuesit tek i dyshuari ka vrenjt\u00eb nj\u00eb pistolet\u00eb dhe nj\u00eb thik\u00eb. Posa ka v\u00ebrejtur t\u00eb dyshuarin menj\u00ebher\u00eb ka hipur ne vetur\u00eb dhe \u00ebsht\u00eb larguare n\u00eb drejtim t\u00eb stacionit policor. N\u00eb konsultim me prokurorin kujdestar rasti \u00ebsht\u00eb hapur si \u2018kanosje\u2019 dhe \u00ebsht\u00eb duke u hetuar.\u201d<\/p>\n","protected":false},"excerpt":{"rendered":"<p>Policia e Kosov\u00ebs n\u00eb raportin 24 or\u00ebsh ka dh\u00ebn\u00eb detaje p\u00ebr nj\u00eb rast n\u00eb komun\u00ebn e Leposaviqit ku nj\u00eb gazetar ka qen\u00eb n\u00eb rrezik p\u00ebr jet\u00eb. Sipas policis\u00eb, gazetari ka v\u00ebrejtur nj\u00eb person af\u00ebr komun\u00ebs, i maskuar dhe i veshur me duks e kapel\u00eb dhe nj\u00eb mask\u00eb t\u00eb zez\u00eb i cili \u00ebsht\u00eb nisur n\u00eb drejtim [&hellip;]<\/p>\n","protected":false},"author":1,"featured_media":15577,"comment_status":"closed","ping_status":"closed","sticky":false,"template":"","format":"standard","meta":{"_monsterinsights_skip_tracking":false,"_monsterinsights_sitenote_active":false,"_monsterinsights_sitenote_note":"","_monsterinsights_sitenote_category":0,"_uf_show_specific_survey":0,"_uf_disable_surveys":false,"footnotes":""},"categories":[1],"tags":[1819],"yoast_head":"<!-- This site is optimized with the Yoast SEO plugin v21.5 - https:\/\/yoast.com\/wordpress\/plugins\/seo\/ -->\n<title>Protesta n\u00eb Leposaviq, gazetari e pa se po i afrohej nj\u00eb protestues me thik\u00eb e pistolet\u00eb<\/title>\n<meta name=\"robots\" content=\"index, follow, max-snippet:-1, max-image-preview:large, max-video-preview:-1\" \/>\n<link rel=\"canonical\" href=\"https:\/\/permbledhja.com\/sq\/protesta-ne-leposaviq-gazetari-e-pa-se-po-i-afrohej-nje-protestues-me-thike-e-pistolete\/\" \/>\n<meta property=\"og:locale\" content=\"sq_AL\" \/>\n<meta property=\"og:type\" content=\"article\" \/>\n<meta property=\"og:title\" content=\"Protesta n\u00eb Leposaviq, gazetari e pa se po i afrohej nj\u00eb protestues me thik\u00eb e pistolet\u00eb\" \/>\n<meta property=\"og:description\" content=\"Policia e Kosov\u00ebs n\u00eb raportin 24 or\u00ebsh ka dh\u00ebn\u00eb detaje p\u00ebr nj\u00eb rast n\u00eb komun\u00ebn e Leposaviqit ku nj\u00eb gazetar ka qen\u00eb n\u00eb rrezik p\u00ebr jet\u00eb. Sipas policis\u00eb, gazetari ka v\u00ebrejtur nj\u00eb person af\u00ebr komun\u00ebs, i maskuar dhe i veshur me duks e kapel\u00eb dhe nj\u00eb mask\u00eb t\u00eb zez\u00eb i cili \u00ebsht\u00eb nisur n\u00eb drejtim [&hellip;]\" \/>\n<meta property=\"og:url\" content=\"https:\/\/permbledhja.com\/sq\/protesta-ne-leposaviq-gazetari-e-pa-se-po-i-afrohej-nje-protestues-me-thike-e-pistolete\/\" \/>\n<meta property=\"og:site_name\" content=\"Ve\u00e7 artikuj p\u00ebrmbledh\u00ebs\" \/>\n<meta property=\"article:publisher\" content=\"https:\/\/www.facebook.com\/press07\/\" \/>\n<meta property=\"article:author\" content=\"https:\/\/www.facebook.com\/kafexhiu.muharrem\/\" \/>\n<meta property=\"article:published_time\" content=\"2023-06-03T08:06:54+00:00\" \/>\n<meta property=\"og:image\" content=\"https:\/\/permbledhja.com\/wp-content\/uploads\/2023\/06\/E846713A-3AB4-479D-9E54-349050FA3684.jpeg\" \/>\n\t<meta property=\"og:image:width\" content=\"1139\" \/>\n\t<meta property=\"og:image:height\" content=\"671\" \/>\n\t<meta property=\"og:image:type\" content=\"image\/jpeg\" \/>\n<meta name=\"author\" content=\"P\u00ebrmbledhja\" \/>\n<meta name=\"twitter:card\" content=\"summary_large_image\" \/>\n<meta name=\"twitter:label1\" content=\"Written by\" \/>\n\t<meta name=\"twitter:data1\" content=\"P\u00ebrmbledhja\" \/>\n\t<meta name=\"twitter:label2\" content=\"Est. reading time\" \/>\n\t<meta name=\"twitter:data2\" content=\"1 minut\u00eb\" \/>\n<script type=\"application\/ld+json\" class=\"yoast-schema-graph\">{\"@context\":\"https:\/\/schema.org\",\"@graph\":[{\"@type\":\"Article\",\"@id\":\"https:\/\/permbledhja.com\/sq\/protesta-ne-leposaviq-gazetari-e-pa-se-po-i-afrohej-nje-protestues-me-thike-e-pistolete\/#article\",\"isPartOf\":{\"@id\":\"https:\/\/permbledhja.com\/sq\/protesta-ne-leposaviq-gazetari-e-pa-se-po-i-afrohej-nje-protestues-me-thike-e-pistolete\/\"},\"author\":{\"name\":\"P\u00ebrmbledhja\",\"@id\":\"https:\/\/permbledhja.com\/#\/schema\/person\/0d064377258d3221e50693947b9eb4fe\"},\"headline\":\"Protesta n\u00eb Leposaviq, gazetari e pa se po i afrohej nj\u00eb protestues me thik\u00eb e pistolet\u00eb\",\"datePublished\":\"2023-06-03T08:06:54+00:00\",\"dateModified\":\"2023-06-03T08:06:54+00:00\",\"mainEntityOfPage\":{\"@id\":\"https:\/\/permbledhja.com\/sq\/protesta-ne-leposaviq-gazetari-e-pa-se-po-i-afrohej-nje-protestues-me-thike-e-pistolete\/\"},\"wordCount\":219,\"publisher\":{\"@id\":\"https:\/\/permbledhja.com\/#organization\"},\"keywords\":[\"Leposaviq\"],\"articleSection\":[\"Breaking News\"],\"inLanguage\":\"sq\"},{\"@type\":\"WebPage\",\"@id\":\"https:\/\/permbledhja.com\/sq\/protesta-ne-leposaviq-gazetari-e-pa-se-po-i-afrohej-nje-protestues-me-thike-e-pistolete\/\",\"url\":\"https:\/\/permbledhja.com\/sq\/protesta-ne-leposaviq-gazetari-e-pa-se-po-i-afrohej-nje-protestues-me-thike-e-pistolete\/\",\"name\":\"Protesta n\u00eb Leposaviq, gazetari e pa se po i afrohej nj\u00eb protestues me thik\u00eb e pistolet\u00eb\",\"isPartOf\":{\"@id\":\"https:\/\/permbledhja.com\/#website\"},\"datePublished\":\"2023-06-03T08:06:54+00:00\",\"dateModified\":\"2023-06-03T08:06:54+00:00\",\"breadcrumb\":{\"@id\":\"https:\/\/permbledhja.com\/sq\/protesta-ne-leposaviq-gazetari-e-pa-se-po-i-afrohej-nje-protestues-me-thike-e-pistolete\/#breadcrumb\"},\"inLanguage\":\"sq\",\"potentialAction\":[{\"@type\":\"ReadAction\",\"target\":[\"https:\/\/permbledhja.com\/sq\/protesta-ne-leposaviq-gazetari-e-pa-se-po-i-afrohej-nje-protestues-me-thike-e-pistolete\/\"]}]},{\"@type\":\"BreadcrumbList\",\"@id\":\"https:\/\/permbledhja.com\/sq\/protesta-ne-leposaviq-gazetari-e-pa-se-po-i-afrohej-nje-protestues-me-thike-e-pistolete\/#breadcrumb\",\"itemListElement\":[{\"@type\":\"ListItem\",\"position\":1,\"name\":\"Ballina\",\"item\":\"https:\/\/permbledhja.com\/sq\/\"},{\"@type\":\"ListItem\",\"position\":2,\"name\":\"Protesta n\u00eb Leposaviq, gazetari e pa se po i afrohej nj\u00eb protestues me thik\u00eb e pistolet\u00eb\"}]},{\"@type\":\"WebSite\",\"@id\":\"https:\/\/permbledhja.com\/#website\",\"url\":\"https:\/\/permbledhja.com\/\",\"name\":\"Ve\u00e7 artikuj p\u00ebrmbledh\u00ebs\",\"description\":\"\",\"publisher\":{\"@id\":\"https:\/\/permbledhja.com\/#organization\"},\"potentialAction\":[{\"@type\":\"SearchAction\",\"target\":{\"@type\":\"EntryPoint\",\"urlTemplate\":\"https:\/\/permbledhja.com\/?s={search_term_string}\"},\"query-input\":\"required name=search_term_string\"}],\"inLanguage\":\"sq\"},{\"@type\":\"Organization\",\"@id\":\"https:\/\/permbledhja.com\/#organization\",\"name\":\"MK Media & Pr\",\"url\":\"https:\/\/permbledhja.com\/\",\"logo\":{\"@type\":\"ImageObject\",\"inLanguage\":\"sq\",\"@id\":\"https:\/\/permbledhja.com\/#\/schema\/logo\/image\/\",\"url\":\"https:\/\/permbledhja.com\/wp-content\/uploads\/2021\/12\/07-Press-Logo.jpg\",\"contentUrl\":\"https:\/\/permbledhja.com\/wp-content\/uploads\/2021\/12\/07-Press-Logo.jpg\",\"width\":512,\"height\":512,\"caption\":\"MK Media & Pr\"},\"image\":{\"@id\":\"https:\/\/permbledhja.com\/#\/schema\/logo\/image\/\"},\"sameAs\":[\"https:\/\/www.facebook.com\/press07\/\"]},{\"@type\":\"Person\",\"@id\":\"https:\/\/permbledhja.com\/#\/schema\/person\/0d064377258d3221e50693947b9eb4fe\",\"name\":\"P\u00ebrmbledhja\",\"image\":{\"@type\":\"ImageObject\",\"inLanguage\":\"sq\",\"@id\":\"https:\/\/permbledhja.com\/#\/schema\/person\/image\/\",\"url\":\"https:\/\/permbledhja.com\/wp-content\/uploads\/2026\/01\/452004717_1040944174702970_8932037511805513407_n-96x96.jpg\",\"contentUrl\":\"https:\/\/permbledhja.com\/wp-content\/uploads\/2026\/01\/452004717_1040944174702970_8932037511805513407_n-96x96.jpg\",\"caption\":\"P\u00ebrmbledhja\"},\"sameAs\":[\"https:\/\/www.facebook.com\/kafexhiu.muharrem\/\",\"https:\/\/www.instagram.com\/muharrem_kafexhiu\/\"],\"url\":\"https:\/\/permbledhja.com\/sq\/author\/admin\/\"}]}<\/script>\n<!-- \/ Yoast SEO plugin. -->","yoast_head_json":{"title":"Protesta n\u00eb Leposaviq, gazetari e pa se po i afrohej nj\u00eb protestues me thik\u00eb e pistolet\u00eb","robots":{"index":"index","follow":"follow","max-snippet":"max-snippet:-1","max-image-preview":"max-image-preview:large","max-video-preview":"max-video-preview:-1"},"canonical":"https:\/\/permbledhja.com\/sq\/protesta-ne-leposaviq-gazetari-e-pa-se-po-i-afrohej-nje-protestues-me-thike-e-pistolete\/","og_locale":"sq_AL","og_type":"article","og_title":"Protesta n\u00eb Leposaviq, gazetari e pa se po i afrohej nj\u00eb protestues me thik\u00eb e pistolet\u00eb","og_description":"Policia e Kosov\u00ebs n\u00eb raportin 24 or\u00ebsh ka dh\u00ebn\u00eb detaje p\u00ebr nj\u00eb rast n\u00eb komun\u00ebn e Leposaviqit ku nj\u00eb gazetar ka qen\u00eb n\u00eb rrezik p\u00ebr jet\u00eb. Sipas policis\u00eb, gazetari ka v\u00ebrejtur nj\u00eb person af\u00ebr komun\u00ebs, i maskuar dhe i veshur me duks e kapel\u00eb dhe nj\u00eb mask\u00eb t\u00eb zez\u00eb i cili \u00ebsht\u00eb nisur n\u00eb drejtim [&hellip;]","og_url":"https:\/\/permbledhja.com\/sq\/protesta-ne-leposaviq-gazetari-e-pa-se-po-i-afrohej-nje-protestues-me-thike-e-pistolete\/","og_site_name":"Ve\u00e7 artikuj p\u00ebrmbledh\u00ebs","article_publisher":"https:\/\/www.facebook.com\/press07\/","article_author":"https:\/\/www.facebook.com\/kafexhiu.muharrem\/","article_published_time":"2023-06-03T08:06:54+00:00","og_image":[{"width":1139,"height":671,"url":"https:\/\/permbledhja.com\/wp-content\/uploads\/2023\/06\/E846713A-3AB4-479D-9E54-349050FA3684.jpeg","type":"image\/jpeg"}],"author":"P\u00ebrmbledhja","twitter_card":"summary_large_image","twitter_misc":{"Written by":"P\u00ebrmbledhja","Est. reading time":"1 minut\u00eb"},"schema":{"@context":"https:\/\/schema.org","@graph":[{"@type":"Article","@id":"https:\/\/permbledhja.com\/sq\/protesta-ne-leposaviq-gazetari-e-pa-se-po-i-afrohej-nje-protestues-me-thike-e-pistolete\/#article","isPartOf":{"@id":"https:\/\/permbledhja.com\/sq\/protesta-ne-leposaviq-gazetari-e-pa-se-po-i-afrohej-nje-protestues-me-thike-e-pistolete\/"},"author":{"name":"P\u00ebrmbledhja","@id":"https:\/\/permbledhja.com\/#\/schema\/person\/0d064377258d3221e50693947b9eb4fe"},"headline":"Protesta n\u00eb Leposaviq, gazetari e pa se po i afrohej nj\u00eb protestues me thik\u00eb e pistolet\u00eb","datePublished":"2023-06-03T08:06:54+00:00","dateModified":"2023-06-03T08:06:54+00:00","mainEntityOfPage":{"@id":"https:\/\/permbledhja.com\/sq\/protesta-ne-leposaviq-gazetari-e-pa-se-po-i-afrohej-nje-protestues-me-thike-e-pistolete\/"},"wordCount":219,"publisher":{"@id":"https:\/\/permbledhja.com\/#organization"},"keywords":["Leposaviq"],"articleSection":["Breaking News"],"inLanguage":"sq"},{"@type":"WebPage","@id":"https:\/\/permbledhja.com\/sq\/protesta-ne-leposaviq-gazetari-e-pa-se-po-i-afrohej-nje-protestues-me-thike-e-pistolete\/","url":"https:\/\/permbledhja.com\/sq\/protesta-ne-leposaviq-gazetari-e-pa-se-po-i-afrohej-nje-protestues-me-thike-e-pistolete\/","name":"Protesta n\u00eb Leposaviq, gazetari e pa se po i afrohej nj\u00eb protestues me thik\u00eb e pistolet\u00eb","isPartOf":{"@id":"https:\/\/permbledhja.com\/#website"},"datePublished":"2023-06-03T08:06:54+00:00","dateModified":"2023-06-03T08:06:54+00:00","breadcrumb":{"@id":"https:\/\/permbledhja.com\/sq\/protesta-ne-leposaviq-gazetari-e-pa-se-po-i-afrohej-nje-protestues-me-thike-e-pistolete\/#breadcrumb"},"inLanguage":"sq","potentialAction":[{"@type":"ReadAction","target":["https:\/\/permbledhja.com\/sq\/protesta-ne-leposaviq-gazetari-e-pa-se-po-i-afrohej-nje-protestues-me-thike-e-pistolete\/"]}]},{"@type":"BreadcrumbList","@id":"https:\/\/permbledhja.com\/sq\/protesta-ne-leposaviq-gazetari-e-pa-se-po-i-afrohej-nje-protestues-me-thike-e-pistolete\/#breadcrumb","itemListElement":[{"@type":"ListItem","position":1,"name":"Ballina","item":"https:\/\/permbledhja.com\/sq\/"},{"@type":"ListItem","position":2,"name":"Protesta n\u00eb Leposaviq, gazetari e pa se po i afrohej nj\u00eb protestues me thik\u00eb e pistolet\u00eb"}]},{"@type":"WebSite","@id":"https:\/\/permbledhja.com\/#website","url":"https:\/\/permbledhja.com\/","name":"Ve\u00e7 artikuj p\u00ebrmbledh\u00ebs","description":"","publisher":{"@id":"https:\/\/permbledhja.com\/#organization"},"potentialAction":[{"@type":"SearchAction","target":{"@type":"EntryPoint","urlTemplate":"https:\/\/permbledhja.com\/?s={search_term_string}"},"query-input":"required name=search_term_string"}],"inLanguage":"sq"},{"@type":"Organization","@id":"https:\/\/permbledhja.com\/#organization","name":"MK Media & Pr","url":"https:\/\/permbledhja.com\/","logo":{"@type":"ImageObject","inLanguage":"sq","@id":"https:\/\/permbledhja.com\/#\/schema\/logo\/image\/","url":"https:\/\/permbledhja.com\/wp-content\/uploads\/2021\/12\/07-Press-Logo.jpg","contentUrl":"https:\/\/permbledhja.com\/wp-content\/uploads\/2021\/12\/07-Press-Logo.jpg","width":512,"height":512,"caption":"MK Media & Pr"},"image":{"@id":"https:\/\/permbledhja.com\/#\/schema\/logo\/image\/"},"sameAs":["https:\/\/www.facebook.com\/press07\/"]},{"@type":"Person","@id":"https:\/\/permbledhja.com\/#\/schema\/person\/0d064377258d3221e50693947b9eb4fe","name":"P\u00ebrmbledhja","image":{"@type":"ImageObject","inLanguage":"sq","@id":"https:\/\/permbledhja.com\/#\/schema\/person\/image\/","url":"https:\/\/permbledhja.com\/wp-content\/uploads\/2026\/01\/452004717_1040944174702970_8932037511805513407_n-96x96.jpg","contentUrl":"https:\/\/permbledhja.com\/wp-content\/uploads\/2026\/01\/452004717_1040944174702970_8932037511805513407_n-96x96.jpg","caption":"P\u00ebrmbledhja"},"sameAs":["https:\/\/www.facebook.com\/kafexhiu.muharrem\/","https:\/\/www.instagram.com\/muharrem_kafexhiu\/"],"url":"https:\/\/permbledhja.com\/sq\/author\/admin\/"}]}},"_links":{"self":[{"href":"https:\/\/permbledhja.com\/sq\/wp-json\/wp\/v2\/posts\/15576"}],"collection":[{"href":"https:\/\/permbledhja.com\/sq\/wp-json\/wp\/v2\/posts"}],"about":[{"href":"https:\/\/permbledhja.com\/sq\/wp-json\/wp\/v2\/types\/post"}],"author":[{"embeddable":true,"href":"https:\/\/permbledhja.com\/sq\/wp-json\/wp\/v2\/users\/1"}],"replies":[{"embeddable":true,"href":"https:\/\/permbledhja.com\/sq\/wp-json\/wp\/v2\/comments?post=15576"}],"version-history":[{"count":1,"href":"https:\/\/permbledhja.com\/sq\/wp-json\/wp\/v2\/posts\/15576\/revisions"}],"predecessor-version":[{"id":15578,"href":"https:\/\/permbledhja.com\/sq\/wp-json\/wp\/v2\/posts\/15576\/revisions\/15578"}],"wp:featuredmedia":[{"embeddable":true,"href":"https:\/\/permbledhja.com\/sq\/wp-json\/wp\/v2\/media\/15577"}],"wp:attachment":[{"href":"https:\/\/permbledhja.com\/sq\/wp-json\/wp\/v2\/media?parent=15576"}],"wp:term":[{"taxonomy":"category","embeddable":true,"href":"https:\/\/permbledhja.com\/sq\/wp-json\/wp\/v2\/categories?post=15576"},{"taxonomy":"post_tag","embeddable":true,"href":"https:\/\/permbledhja.com\/sq\/wp-json\/wp\/v2\/tags?post=15576"}],"curies":[{"name":"wp","href":"https:\/\/api.w.org\/{rel}","templated":true}]}}