{"id":15563,"date":"2023-06-03T06:48:07","date_gmt":"2023-06-03T06:48:07","guid":{"rendered":"https:\/\/permbledhja.com\/?p=15563"},"modified":"2023-06-03T06:48:07","modified_gmt":"2023-06-03T06:48:07","slug":"zgjedhjet-e-reja-ne-veri-osmani-dhe-kurti-duket-te-jene-pajtuar-pdk-ja-jo","status":"publish","type":"post","link":"https:\/\/permbledhja.com\/sq\/zgjedhjet-e-reja-ne-veri-osmani-dhe-kurti-duket-te-jene-pajtuar-pdk-ja-jo\/","title":{"rendered":"Zgjedhjet e reja n\u00eb veri: Osmani dhe Kurti duket t\u00eb jen\u00eb pajtuar, PDK-ja jo"},"content":{"rendered":"<p>Presidentja Vjosa Osmani dhe kryeministri Albin Kurti duket se jan\u00eb pajtuar me k\u00ebrkes\u00ebn e Gjermanis\u00eb dhe Franc\u00ebs p\u00ebr mbajtjen e zgjedhjeve t\u00eb reja p\u00ebr kat\u00ebr komunat veriore. Me k\u00ebt\u00eb k\u00ebrkes\u00eb, si rrug\u00eb p\u00ebr shtensionimin e situat\u00ebs n\u00eb veri, nuk \u00ebsht\u00eb pajtuar edhe PDK-ja, zyrtar\u00ebt e s\u00eb cil\u00ebs udh\u00ebheqin Zve\u00e7anin dhe Zubin Potokun.<\/p>\n<p>Zyrtar\u00ebt e k\u00ebsaj parti kan\u00eb l\u00ebn\u00eb t\u00eb kuptohet se kryetar\u00ebt e saj nuk do t\u00eb t\u00ebrhiqen.<\/p>\n<p>K\u00ebt\u00eb ia ka b\u00ebr\u00eb t\u00eb qart\u00eb kryeministrit Albin Kurti, kryetari i PDK-s\u00eb, Memli Krasniqi. Ky i fundit n\u00eb seanc\u00ebn e djeshme t\u00eb Kuvendit, i ka th\u00ebn\u00eb kryeministri se m\u00eb askush nuk pyet p\u00ebr dy komunat.<\/p>\n<p>\u201cPse nuk po kall\u00ebzon a ke me u terhjek\u00eb a nuk ke me u terhjek\u00eb? A ki me u terhjek\u00eb se dole prej takimit me Borrllin dhe paralajm\u00ebrove zgjedhje t\u00eb jasht\u00ebzakonshme. Po t\u00eb kallxoj\u00eb di\u00e7ka, t`i zgjedhje t\u00eb jasht\u00ebzakonshme mundesh me shpresu me mbajt, por p\u00ebr dy komuna as nuk guxon, as nuk ke t\u00eb drejt\u00eb e as nuk mundesh me fol\u00eb, qeto dije. P\u00ebr Zve\u00e7an e Zubin Potok ty nuk t`i vet letrat m\u00eb njeri i lem\u00eb, k\u00ebt\u00eb dije\u201d, ka th\u00ebn\u00eb Krasniqi.<\/p>\n<p>Duket se p\u00ebr k\u00ebt\u00eb q\u00ebllim Krasniqi \u00ebsht\u00eb takuar t\u00eb premten me ambasadorin amerikan n\u00eb Prishtin\u00eb, Jeffrey Hovenier.<\/p>\n<p>Kurse, sekretari i PDK-s\u00eb, Betimi Gjoshi, ka th\u00ebn\u00eb se synimi i Osmanit dhe Kurtit \u00ebsht\u00eb q\u00eb t\u00eb mund\u00ebsohet shpalljen e zgjedhjeve t\u00eb reja t\u00eb k\u00ebrkojn\u00eb dor\u00ebheqjen e kat\u00ebr kryetar\u00ebve t\u00eb komunave veriore.<\/p>\n<p>\u201cPas nj\u00eb jave, p\u00ebr \u00e7\u00ebshtje t\u00eb brendshme t\u00eb shtetit t\u00eb Kosov\u00ebs, si\u00e7 jan\u00eb zgjedhjet, presidentja Osmani negocion me Aleksand\u00ebr Vu\u00e7iqin dhe pranon q\u00eb t\u00eb shkel\u00ebn ligjet e Kosov\u00ebs duke detyruar kryetar\u00ebt q\u00eb t\u00eb dor\u00ebhiqen pas nj\u00eb muaji a dy. Pas nj\u00eb jave, duke rrezikuar jet\u00ebn e polic\u00ebve t\u00eb Kosov\u00ebs, ushtar\u00ebve, gazetar\u00ebve e t\u00eb qytetar\u00ebve, Albin Kurti nuk ka asnj\u00eb sukses. P\u00ebrkundrazi, bashk\u00eb me Vjosa Osmanin duhet t&#8217;i th\u00ebrrasin kat\u00ebr kryetar\u00ebt dhe t&#8217;ia k\u00ebrkojn\u00eb posht\u00ebrimin e radh\u00ebs: Jepni dor\u00ebheqje!\u201d, ka shkruar ai n\u00eb profilin e tij n\u00eb \u201cFacebook\u201d.<\/p>\n<p>As vet kryetarit t\u00eb Zubin Potokut, Izmir Zeqiri, i cili vije nga PDK-ja, nuk i ka p\u00eblqyer ideja e zgjedhjeve t\u00eb reja.<\/p>\n<p>Ai ka th\u00ebn\u00eb se zgjedhjet e reja nuk jan\u00eb zgjidhja e duhur.<\/p>\n<p>\u201cDo nj\u00eb analiz\u00eb pse duhet t\u00eb hyhet ne zgjedhje, a ka ndonj\u00eb element t\u00eb t\u00ebrheqjes dhe \u00e7ka mund t\u00eb prodhoj\u00eb m\u00eb pas kjo\u201d, shprehet ai p\u00ebr Klan Kosova.<\/p>\n<p>Alternativa e dyt\u00eb p\u00ebr zgjedhje<\/p>\n<p>N\u00eb rast se ndonj\u00ebri nga kryetar\u00ebt aktual refuzon dor\u00ebheqjen, Ligji p\u00ebr Vet\u00ebqeverisje Lokale parasheh edhe mund\u00ebsin\u00eb e shkarkimit t\u00eb tyre p\u00ebrmes nj\u00eb \u201creferendumi\u201d.<\/p>\n<p>K\u00ebt\u00eb mund\u00ebsi e ka p\u00ebrmendur edhe presidentja e Kosov\u00ebs, Vjosa Osmai. N\u00eb nj\u00eb konferenc\u00eb me gazetar\u00ebt e huaj, ajo ka th\u00ebn\u00eb se duhet t\u00eb shfryt\u00ebzohet t\u00eb gjitha mund\u00ebsit ligjore.<\/p>\n<p>\u201cUn\u00eb i informova (Macronin e Scholzin), se korniza jon\u00eb ligjore e lejon k\u00ebt\u00eb mund\u00ebsi dhe ne jemi t\u00eb gatsh\u00ebm ta konsiderojm\u00eb at\u00eb n\u00eb p\u00ebrputhje me ligjin e Kosov\u00ebs p\u00ebr zgjedhjet. Kjo do t\u00eb thot\u00eb se qytetar\u00ebt serb\u00eb, rreth 20% e tyre q\u00eb jan\u00eb n\u00eb listat zgjedhore, mund t\u00eb n\u00ebnshkruajn\u00eb nj\u00eb peticion dhe p\u00ebrmes k\u00ebsaj, ata mund t\u00eb inicojn\u00eb procesin e zgjedhjeve t\u00eb reja dhe ne jemi t\u00eb gatsh\u00ebm t\u00eb zbatojm\u00eb ligjin. \u00cbsht\u00eb shum\u00eb e leht\u00eb, \u00ebsht\u00eb nj\u00eb proces shum\u00eb demokratik, ne i lejojm\u00eb qytetar\u00ebt tan\u00eb t\u00eb p\u00ebrcaktojn\u00eb se kur duan zgjedhje t\u00eb reja dhe besoj se pa problem mund t\u00eb ecim p\u00ebrpara me k\u00ebt\u00eb, por duhet pjes\u00ebmarrje nga ana e tyre. Ata mund t\u00eb zgjedhin kryetarin e komun\u00ebs me nj\u00eb legjitimitet m\u00eb t\u00eb lart\u00eb, por duhet t\u00eb marrin pjes\u00eb. Vu\u00e7iqit iu k\u00ebrkua q\u00eb t\u00eb mos nd\u00ebrhyj\u00eb, t\u00eb mos u b\u00ebj\u00eb presion qytetar\u00ebve q\u00eb t\u00eb mos marrin pjes\u00eb. Nga ana e tij nuk ka pasur p\u00ebrgjigje\u201d, ka th\u00ebn\u00eb Osmani.<\/p>\n<p>Mund\u00ebsin\u00eb e mbajtjes s\u00eb k\u00ebtyre zgjedhjeve nuk e ka p\u00ebrjashtuar as kryeministrit Albin Kurti.<\/p>\n<p>N\u00eb nj\u00eb intervist\u00eb me gazetarin amerikan Chuck Todd n\u00eb kuad\u00ebr t\u00eb emisionit \u201cMeet the Press Now\u201d n\u00eb NBC, ai ka th\u00ebn\u00eb se n\u00ebse mbahen k\u00ebto zgjedhje ato duhet t\u00eb jen\u00eb fer dhe demokratike.<\/p>\n<p>\u201cNuk e p\u00ebrjashtoj mund\u00ebsin\u00eb p\u00ebr zgjedhje t\u00eb parakohshme, por ato duhet t\u00eb jen\u00eb fer, demokratike dhe t\u00eb lira\u201d, \u00ebsht\u00eb shprehur ai.<\/p>\n<p>Kurti ka th\u00ebn\u00eb se n\u00ebse k\u00ebto zgjedhje mbahen duhet t\u00eb ket\u00eb fushat\u00eb t\u00eb hapur.<\/p>\n<p>\u201cBeogradi do q\u00eb Lista Serbe ta prezantoj\u00eb komunitetin serb. Prandaj ne insistojm\u00eb q\u00eb t\u00eb ket\u00eb fushat\u00eb t\u00eb hapur dhe ne shpresojm\u00eb q\u00eb komuniteti nd\u00ebrkomb\u00ebtar do t\u00eb na ndihmoj\u00eb n\u00eb k\u00ebt\u00eb drejtim\u201d, ka th\u00ebn\u00eb ai.<\/p>\n<p>Mund\u00ebsia e zgjedhjeve t\u00eb reja \u00ebsht\u00eb hapur pasi Franca dhe Gjermania kan\u00eb k\u00ebrkuar nj\u00eb gj\u00eb t\u00eb till\u00eb si alternativ\u00eb p\u00ebr shtensionimin e situat\u00ebs n\u00eb veri. K\u00ebsaj k\u00ebrkese ia ka bashkuar edhe p\u00ebrfaq\u00ebsuesi i Lart\u00eb i Bashkimit Evropian, Josep Borrell.<\/p>\n<p>Pas takimit t\u00eb presidentes Vjosa Osmani me presidentin Aleksander Vu\u00e7iq n\u00eb Moldavi, Borrell ka k\u00ebrkuar q\u00eb t\u00eb sigurohet pjes\u00ebmarrja e serb\u00ebve t\u00eb Kosov\u00ebs n\u00eb procesin zgjedhor dhe t\u00eb fillohet puna p\u00ebr themelimin e Asociacionit t\u00eb komunave me shumic\u00eb serbe.<\/p>\n<p>Ai ka b\u00ebr\u00eb me dije se n\u00ebse pal\u00ebt d\u00ebshtojn\u00eb ta b\u00ebjn\u00eb nj\u00eb gj\u00eb t\u00eb till\u00eb, ato do t\u00eb p\u00ebrballet me pasoja t\u00eb renda.<\/p>\n<p>Organizimi i k\u00ebtyre zgjedhje pritet t\u00eb marr\u00eb form\u00eb n\u00eb fillim t\u00eb jav\u00ebs s\u00eb ardhshme, kur Kosov\u00ebn dhe Serbin\u00eb do ta vizitojn\u00eb emisar\u00ebt e posa\u00e7\u00ebm p\u00ebr dialog, Gabriel Escobar dhe Mirosav Laj\u00e7ak.<\/p>\n","protected":false},"excerpt":{"rendered":"<p>Presidentja Vjosa Osmani dhe kryeministri Albin Kurti duket se jan\u00eb pajtuar me k\u00ebrkes\u00ebn e Gjermanis\u00eb dhe Franc\u00ebs p\u00ebr mbajtjen e zgjedhjeve t\u00eb reja p\u00ebr kat\u00ebr komunat veriore. Me k\u00ebt\u00eb k\u00ebrkes\u00eb, si rrug\u00eb p\u00ebr shtensionimin e situat\u00ebs n\u00eb veri, nuk \u00ebsht\u00eb pajtuar edhe PDK-ja, zyrtar\u00ebt e s\u00eb cil\u00ebs udh\u00ebheqin Zve\u00e7anin dhe Zubin Potokun. Zyrtar\u00ebt e k\u00ebsaj [&hellip;]<\/p>\n","protected":false},"author":1,"featured_media":15564,"comment_status":"closed","ping_status":"closed","sticky":false,"template":"","format":"standard","meta":{"_monsterinsights_skip_tracking":false,"_monsterinsights_sitenote_active":false,"_monsterinsights_sitenote_note":"","_monsterinsights_sitenote_category":0,"_uf_show_specific_survey":0,"_uf_disable_surveys":false,"footnotes":""},"categories":[1146],"tags":[91],"yoast_head":"<!-- This site is optimized with the Yoast SEO plugin v21.5 - https:\/\/yoast.com\/wordpress\/plugins\/seo\/ -->\n<title>Zgjedhjet e reja n\u00eb veri: Osmani dhe Kurti duket t\u00eb jen\u00eb pajtuar, PDK-ja jo<\/title>\n<meta name=\"robots\" content=\"index, follow, max-snippet:-1, max-image-preview:large, max-video-preview:-1\" \/>\n<link rel=\"canonical\" href=\"https:\/\/permbledhja.com\/sq\/zgjedhjet-e-reja-ne-veri-osmani-dhe-kurti-duket-te-jene-pajtuar-pdk-ja-jo\/\" \/>\n<meta property=\"og:locale\" content=\"sq_AL\" \/>\n<meta property=\"og:type\" content=\"article\" \/>\n<meta property=\"og:title\" content=\"Zgjedhjet e reja n\u00eb veri: Osmani dhe Kurti duket t\u00eb jen\u00eb pajtuar, PDK-ja jo\" \/>\n<meta property=\"og:description\" content=\"Presidentja Vjosa Osmani dhe kryeministri Albin Kurti duket se jan\u00eb pajtuar me k\u00ebrkes\u00ebn e Gjermanis\u00eb dhe Franc\u00ebs p\u00ebr mbajtjen e zgjedhjeve t\u00eb reja p\u00ebr kat\u00ebr komunat veriore. Me k\u00ebt\u00eb k\u00ebrkes\u00eb, si rrug\u00eb p\u00ebr shtensionimin e situat\u00ebs n\u00eb veri, nuk \u00ebsht\u00eb pajtuar edhe PDK-ja, zyrtar\u00ebt e s\u00eb cil\u00ebs udh\u00ebheqin Zve\u00e7anin dhe Zubin Potokun. Zyrtar\u00ebt e k\u00ebsaj [&hellip;]\" \/>\n<meta property=\"og:url\" content=\"https:\/\/permbledhja.com\/sq\/zgjedhjet-e-reja-ne-veri-osmani-dhe-kurti-duket-te-jene-pajtuar-pdk-ja-jo\/\" \/>\n<meta property=\"og:site_name\" content=\"Ve\u00e7 artikuj p\u00ebrmbledh\u00ebs\" \/>\n<meta property=\"article:publisher\" content=\"https:\/\/www.facebook.com\/press07\/\" \/>\n<meta property=\"article:author\" content=\"https:\/\/www.facebook.com\/kafexhiu.muharrem\/\" \/>\n<meta property=\"article:published_time\" content=\"2023-06-03T06:48:07+00:00\" \/>\n<meta property=\"og:image\" content=\"https:\/\/permbledhja.com\/wp-content\/uploads\/2023\/06\/09628D5E-5752-4101-9B97-27B4BDD7DC48.jpeg\" \/>\n\t<meta property=\"og:image:width\" content=\"1138\" \/>\n\t<meta property=\"og:image:height\" content=\"754\" \/>\n\t<meta property=\"og:image:type\" content=\"image\/jpeg\" \/>\n<meta name=\"author\" content=\"P\u00ebrmbledhja\" \/>\n<meta name=\"twitter:card\" content=\"summary_large_image\" \/>\n<meta name=\"twitter:label1\" content=\"Written by\" \/>\n\t<meta name=\"twitter:data1\" content=\"P\u00ebrmbledhja\" \/>\n\t<meta name=\"twitter:label2\" content=\"Est. reading time\" \/>\n\t<meta name=\"twitter:data2\" content=\"5 minuta\" \/>\n<script type=\"application\/ld+json\" class=\"yoast-schema-graph\">{\"@context\":\"https:\/\/schema.org\",\"@graph\":[{\"@type\":\"Article\",\"@id\":\"https:\/\/permbledhja.com\/zgjedhjet-e-reja-ne-veri-osmani-dhe-kurti-duket-te-jene-pajtuar-pdk-ja-jo\/#article\",\"isPartOf\":{\"@id\":\"https:\/\/permbledhja.com\/zgjedhjet-e-reja-ne-veri-osmani-dhe-kurti-duket-te-jene-pajtuar-pdk-ja-jo\/\"},\"author\":{\"name\":\"P\u00ebrmbledhja\",\"@id\":\"https:\/\/permbledhja.com\/#\/schema\/person\/0d064377258d3221e50693947b9eb4fe\"},\"headline\":\"Zgjedhjet e reja n\u00eb veri: Osmani dhe Kurti duket t\u00eb jen\u00eb pajtuar, PDK-ja jo\",\"datePublished\":\"2023-06-03T06:48:07+00:00\",\"dateModified\":\"2023-06-03T06:48:07+00:00\",\"mainEntityOfPage\":{\"@id\":\"https:\/\/permbledhja.com\/zgjedhjet-e-reja-ne-veri-osmani-dhe-kurti-duket-te-jene-pajtuar-pdk-ja-jo\/\"},\"wordCount\":1015,\"publisher\":{\"@id\":\"https:\/\/permbledhja.com\/#organization\"},\"keywords\":[\"Veriu\"],\"articleSection\":[\"Kryesoret\"],\"inLanguage\":\"sq\"},{\"@type\":\"WebPage\",\"@id\":\"https:\/\/permbledhja.com\/zgjedhjet-e-reja-ne-veri-osmani-dhe-kurti-duket-te-jene-pajtuar-pdk-ja-jo\/\",\"url\":\"https:\/\/permbledhja.com\/zgjedhjet-e-reja-ne-veri-osmani-dhe-kurti-duket-te-jene-pajtuar-pdk-ja-jo\/\",\"name\":\"Zgjedhjet e reja n\u00eb veri: Osmani dhe Kurti duket t\u00eb jen\u00eb pajtuar, PDK-ja jo\",\"isPartOf\":{\"@id\":\"https:\/\/permbledhja.com\/#website\"},\"datePublished\":\"2023-06-03T06:48:07+00:00\",\"dateModified\":\"2023-06-03T06:48:07+00:00\",\"breadcrumb\":{\"@id\":\"https:\/\/permbledhja.com\/zgjedhjet-e-reja-ne-veri-osmani-dhe-kurti-duket-te-jene-pajtuar-pdk-ja-jo\/#breadcrumb\"},\"inLanguage\":\"sq\",\"potentialAction\":[{\"@type\":\"ReadAction\",\"target\":[\"https:\/\/permbledhja.com\/zgjedhjet-e-reja-ne-veri-osmani-dhe-kurti-duket-te-jene-pajtuar-pdk-ja-jo\/\"]}]},{\"@type\":\"BreadcrumbList\",\"@id\":\"https:\/\/permbledhja.com\/zgjedhjet-e-reja-ne-veri-osmani-dhe-kurti-duket-te-jene-pajtuar-pdk-ja-jo\/#breadcrumb\",\"itemListElement\":[{\"@type\":\"ListItem\",\"position\":1,\"name\":\"Ballina\",\"item\":\"https:\/\/permbledhja.com\/sq\/\"},{\"@type\":\"ListItem\",\"position\":2,\"name\":\"Zgjedhjet e reja n\u00eb veri: Osmani dhe Kurti duket t\u00eb jen\u00eb pajtuar, PDK-ja jo\"}]},{\"@type\":\"WebSite\",\"@id\":\"https:\/\/permbledhja.com\/#website\",\"url\":\"https:\/\/permbledhja.com\/\",\"name\":\"Ve\u00e7 artikuj p\u00ebrmbledh\u00ebs\",\"description\":\"\",\"publisher\":{\"@id\":\"https:\/\/permbledhja.com\/#organization\"},\"potentialAction\":[{\"@type\":\"SearchAction\",\"target\":{\"@type\":\"EntryPoint\",\"urlTemplate\":\"https:\/\/permbledhja.com\/?s={search_term_string}\"},\"query-input\":\"required name=search_term_string\"}],\"inLanguage\":\"sq\"},{\"@type\":\"Organization\",\"@id\":\"https:\/\/permbledhja.com\/#organization\",\"name\":\"MK Media & Pr\",\"url\":\"https:\/\/permbledhja.com\/\",\"logo\":{\"@type\":\"ImageObject\",\"inLanguage\":\"sq\",\"@id\":\"https:\/\/permbledhja.com\/#\/schema\/logo\/image\/\",\"url\":\"https:\/\/permbledhja.com\/wp-content\/uploads\/2021\/12\/07-Press-Logo.jpg\",\"contentUrl\":\"https:\/\/permbledhja.com\/wp-content\/uploads\/2021\/12\/07-Press-Logo.jpg\",\"width\":512,\"height\":512,\"caption\":\"MK Media & Pr\"},\"image\":{\"@id\":\"https:\/\/permbledhja.com\/#\/schema\/logo\/image\/\"},\"sameAs\":[\"https:\/\/www.facebook.com\/press07\/\"]},{\"@type\":\"Person\",\"@id\":\"https:\/\/permbledhja.com\/#\/schema\/person\/0d064377258d3221e50693947b9eb4fe\",\"name\":\"P\u00ebrmbledhja\",\"image\":{\"@type\":\"ImageObject\",\"inLanguage\":\"sq\",\"@id\":\"https:\/\/permbledhja.com\/#\/schema\/person\/image\/\",\"url\":\"https:\/\/permbledhja.com\/wp-content\/uploads\/2026\/01\/452004717_1040944174702970_8932037511805513407_n-96x96.jpg\",\"contentUrl\":\"https:\/\/permbledhja.com\/wp-content\/uploads\/2026\/01\/452004717_1040944174702970_8932037511805513407_n-96x96.jpg\",\"caption\":\"P\u00ebrmbledhja\"},\"sameAs\":[\"https:\/\/www.facebook.com\/kafexhiu.muharrem\/\",\"https:\/\/www.instagram.com\/muharrem_kafexhiu\/\"],\"url\":\"https:\/\/permbledhja.com\/sq\/author\/admin\/\"}]}<\/script>\n<!-- \/ Yoast SEO plugin. -->","yoast_head_json":{"title":"Zgjedhjet e reja n\u00eb veri: Osmani dhe Kurti duket t\u00eb jen\u00eb pajtuar, PDK-ja jo","robots":{"index":"index","follow":"follow","max-snippet":"max-snippet:-1","max-image-preview":"max-image-preview:large","max-video-preview":"max-video-preview:-1"},"canonical":"https:\/\/permbledhja.com\/sq\/zgjedhjet-e-reja-ne-veri-osmani-dhe-kurti-duket-te-jene-pajtuar-pdk-ja-jo\/","og_locale":"sq_AL","og_type":"article","og_title":"Zgjedhjet e reja n\u00eb veri: Osmani dhe Kurti duket t\u00eb jen\u00eb pajtuar, PDK-ja jo","og_description":"Presidentja Vjosa Osmani dhe kryeministri Albin Kurti duket se jan\u00eb pajtuar me k\u00ebrkes\u00ebn e Gjermanis\u00eb dhe Franc\u00ebs p\u00ebr mbajtjen e zgjedhjeve t\u00eb reja p\u00ebr kat\u00ebr komunat veriore. Me k\u00ebt\u00eb k\u00ebrkes\u00eb, si rrug\u00eb p\u00ebr shtensionimin e situat\u00ebs n\u00eb veri, nuk \u00ebsht\u00eb pajtuar edhe PDK-ja, zyrtar\u00ebt e s\u00eb cil\u00ebs udh\u00ebheqin Zve\u00e7anin dhe Zubin Potokun. Zyrtar\u00ebt e k\u00ebsaj [&hellip;]","og_url":"https:\/\/permbledhja.com\/sq\/zgjedhjet-e-reja-ne-veri-osmani-dhe-kurti-duket-te-jene-pajtuar-pdk-ja-jo\/","og_site_name":"Ve\u00e7 artikuj p\u00ebrmbledh\u00ebs","article_publisher":"https:\/\/www.facebook.com\/press07\/","article_author":"https:\/\/www.facebook.com\/kafexhiu.muharrem\/","article_published_time":"2023-06-03T06:48:07+00:00","og_image":[{"width":1138,"height":754,"url":"https:\/\/permbledhja.com\/wp-content\/uploads\/2023\/06\/09628D5E-5752-4101-9B97-27B4BDD7DC48.jpeg","type":"image\/jpeg"}],"author":"P\u00ebrmbledhja","twitter_card":"summary_large_image","twitter_misc":{"Written by":"P\u00ebrmbledhja","Est. reading time":"5 minuta"},"schema":{"@context":"https:\/\/schema.org","@graph":[{"@type":"Article","@id":"https:\/\/permbledhja.com\/zgjedhjet-e-reja-ne-veri-osmani-dhe-kurti-duket-te-jene-pajtuar-pdk-ja-jo\/#article","isPartOf":{"@id":"https:\/\/permbledhja.com\/zgjedhjet-e-reja-ne-veri-osmani-dhe-kurti-duket-te-jene-pajtuar-pdk-ja-jo\/"},"author":{"name":"P\u00ebrmbledhja","@id":"https:\/\/permbledhja.com\/#\/schema\/person\/0d064377258d3221e50693947b9eb4fe"},"headline":"Zgjedhjet e reja n\u00eb veri: Osmani dhe Kurti duket t\u00eb jen\u00eb pajtuar, PDK-ja jo","datePublished":"2023-06-03T06:48:07+00:00","dateModified":"2023-06-03T06:48:07+00:00","mainEntityOfPage":{"@id":"https:\/\/permbledhja.com\/zgjedhjet-e-reja-ne-veri-osmani-dhe-kurti-duket-te-jene-pajtuar-pdk-ja-jo\/"},"wordCount":1015,"publisher":{"@id":"https:\/\/permbledhja.com\/#organization"},"keywords":["Veriu"],"articleSection":["Kryesoret"],"inLanguage":"sq"},{"@type":"WebPage","@id":"https:\/\/permbledhja.com\/zgjedhjet-e-reja-ne-veri-osmani-dhe-kurti-duket-te-jene-pajtuar-pdk-ja-jo\/","url":"https:\/\/permbledhja.com\/zgjedhjet-e-reja-ne-veri-osmani-dhe-kurti-duket-te-jene-pajtuar-pdk-ja-jo\/","name":"Zgjedhjet e reja n\u00eb veri: Osmani dhe Kurti duket t\u00eb jen\u00eb pajtuar, PDK-ja jo","isPartOf":{"@id":"https:\/\/permbledhja.com\/#website"},"datePublished":"2023-06-03T06:48:07+00:00","dateModified":"2023-06-03T06:48:07+00:00","breadcrumb":{"@id":"https:\/\/permbledhja.com\/zgjedhjet-e-reja-ne-veri-osmani-dhe-kurti-duket-te-jene-pajtuar-pdk-ja-jo\/#breadcrumb"},"inLanguage":"sq","potentialAction":[{"@type":"ReadAction","target":["https:\/\/permbledhja.com\/zgjedhjet-e-reja-ne-veri-osmani-dhe-kurti-duket-te-jene-pajtuar-pdk-ja-jo\/"]}]},{"@type":"BreadcrumbList","@id":"https:\/\/permbledhja.com\/zgjedhjet-e-reja-ne-veri-osmani-dhe-kurti-duket-te-jene-pajtuar-pdk-ja-jo\/#breadcrumb","itemListElement":[{"@type":"ListItem","position":1,"name":"Ballina","item":"https:\/\/permbledhja.com\/sq\/"},{"@type":"ListItem","position":2,"name":"Zgjedhjet e reja n\u00eb veri: Osmani dhe Kurti duket t\u00eb jen\u00eb pajtuar, PDK-ja jo"}]},{"@type":"WebSite","@id":"https:\/\/permbledhja.com\/#website","url":"https:\/\/permbledhja.com\/","name":"Ve\u00e7 artikuj p\u00ebrmbledh\u00ebs","description":"","publisher":{"@id":"https:\/\/permbledhja.com\/#organization"},"potentialAction":[{"@type":"SearchAction","target":{"@type":"EntryPoint","urlTemplate":"https:\/\/permbledhja.com\/?s={search_term_string}"},"query-input":"required name=search_term_string"}],"inLanguage":"sq"},{"@type":"Organization","@id":"https:\/\/permbledhja.com\/#organization","name":"MK Media & Pr","url":"https:\/\/permbledhja.com\/","logo":{"@type":"ImageObject","inLanguage":"sq","@id":"https:\/\/permbledhja.com\/#\/schema\/logo\/image\/","url":"https:\/\/permbledhja.com\/wp-content\/uploads\/2021\/12\/07-Press-Logo.jpg","contentUrl":"https:\/\/permbledhja.com\/wp-content\/uploads\/2021\/12\/07-Press-Logo.jpg","width":512,"height":512,"caption":"MK Media & Pr"},"image":{"@id":"https:\/\/permbledhja.com\/#\/schema\/logo\/image\/"},"sameAs":["https:\/\/www.facebook.com\/press07\/"]},{"@type":"Person","@id":"https:\/\/permbledhja.com\/#\/schema\/person\/0d064377258d3221e50693947b9eb4fe","name":"P\u00ebrmbledhja","image":{"@type":"ImageObject","inLanguage":"sq","@id":"https:\/\/permbledhja.com\/#\/schema\/person\/image\/","url":"https:\/\/permbledhja.com\/wp-content\/uploads\/2026\/01\/452004717_1040944174702970_8932037511805513407_n-96x96.jpg","contentUrl":"https:\/\/permbledhja.com\/wp-content\/uploads\/2026\/01\/452004717_1040944174702970_8932037511805513407_n-96x96.jpg","caption":"P\u00ebrmbledhja"},"sameAs":["https:\/\/www.facebook.com\/kafexhiu.muharrem\/","https:\/\/www.instagram.com\/muharrem_kafexhiu\/"],"url":"https:\/\/permbledhja.com\/sq\/author\/admin\/"}]}},"_links":{"self":[{"href":"https:\/\/permbledhja.com\/sq\/wp-json\/wp\/v2\/posts\/15563"}],"collection":[{"href":"https:\/\/permbledhja.com\/sq\/wp-json\/wp\/v2\/posts"}],"about":[{"href":"https:\/\/permbledhja.com\/sq\/wp-json\/wp\/v2\/types\/post"}],"author":[{"embeddable":true,"href":"https:\/\/permbledhja.com\/sq\/wp-json\/wp\/v2\/users\/1"}],"replies":[{"embeddable":true,"href":"https:\/\/permbledhja.com\/sq\/wp-json\/wp\/v2\/comments?post=15563"}],"version-history":[{"count":1,"href":"https:\/\/permbledhja.com\/sq\/wp-json\/wp\/v2\/posts\/15563\/revisions"}],"predecessor-version":[{"id":15565,"href":"https:\/\/permbledhja.com\/sq\/wp-json\/wp\/v2\/posts\/15563\/revisions\/15565"}],"wp:featuredmedia":[{"embeddable":true,"href":"https:\/\/permbledhja.com\/sq\/wp-json\/wp\/v2\/media\/15564"}],"wp:attachment":[{"href":"https:\/\/permbledhja.com\/sq\/wp-json\/wp\/v2\/media?parent=15563"}],"wp:term":[{"taxonomy":"category","embeddable":true,"href":"https:\/\/permbledhja.com\/sq\/wp-json\/wp\/v2\/categories?post=15563"},{"taxonomy":"post_tag","embeddable":true,"href":"https:\/\/permbledhja.com\/sq\/wp-json\/wp\/v2\/tags?post=15563"}],"curies":[{"name":"wp","href":"https:\/\/api.w.org\/{rel}","templated":true}]}}