{"id":15428,"date":"2023-06-01T08:26:28","date_gmt":"2023-06-01T08:26:28","guid":{"rendered":"https:\/\/permbledhja.com\/?p=15428"},"modified":"2023-06-01T08:26:28","modified_gmt":"2023-06-01T08:26:28","slug":"kjo-eshte-thirrja-per-marshim-drejt-veriut-te-cilen-policia-iu-kerkon-ta-injoroni","status":"publish","type":"post","link":"https:\/\/permbledhja.com\/sq\/kjo-eshte-thirrja-per-marshim-drejt-veriut-te-cilen-policia-iu-kerkon-ta-injoroni\/","title":{"rendered":"Kjo \u00ebsht\u00eb thirrja p\u00ebr marshim drejt veriut t\u00eb cil\u00ebn Policia iu k\u00ebrkon ta injoroni"},"content":{"rendered":"<p>Policia e Kosov\u00ebs iu ka k\u00ebrkuar qytetar\u00ebve q\u00eb t\u2019i injorojn\u00eb disa thirrje q\u00eb po qarkullojn\u00eb p\u00ebr protest\u00eb dhe marshim drejt veriut t\u00eb Kosov\u00ebs, p\u00ebr shkak t\u00eb situat\u00ebs.<\/p>\n<p>Si\u00e7 ka njoftuar Policia, \u201cn\u00ebp\u00ebr media t\u00eb ndryshme sociale, nga persona dhe profile t\u00eb ndryshme, jan\u00eb duke qarkulluar postime me thirrje ndaj qytetar\u00ebve shqiptar\u00eb, p\u00ebr pjes\u00ebmarrje n\u00eb gjoja protest\u00eb masovike, sot n\u00eb ora 12:00, n\u00eb Jug t\u00eb Mitrovic\u00ebs dhe me synim kinse p\u00ebr marshim n\u00eb Veri t\u00eb vendit\u201d.<\/p>\n<p>Policia e ka fjal\u00ebn p\u00ebr k\u00ebt\u00eb thirrje:<\/p>\n<p>Policia i ka ftuar qytetar\u00ebt p\u00ebr qet\u00ebsi dhe q\u00eb \u201ct\u2019i l\u00ebn\u00eb institucionet e siguris\u00eb, institucionet e Republik\u00ebs s\u00eb Kosov\u00ebs ta trajtojn\u00eb situat\u00ebn me profesionaliz\u00ebm\u201d.<\/p>\n<p>\u201cD\u00ebshirojm\u00eb t\u00eb sqarojm\u00eb se, pas vler\u00ebsimeve nga institucionet e siguris\u00eb \u00ebsht\u00eb v\u00ebrtetuar se shum\u00eb nga k\u00ebto profile jan\u00eb t\u00eb dyshimta dhe se postimet mund t\u00eb jen\u00eb q\u00ebllimk\u00ebqija, n\u00eb d\u00ebm t\u00eb vet qytetar\u00ebve dhe interesave t\u00eb Republik\u00ebs s\u00eb Kosov\u00ebs\u201d, thuhet nd\u00ebr tjerash n\u00eb reagimin e Policis\u00eb s\u00eb Kosov\u00ebs.<\/p>\n","protected":false},"excerpt":{"rendered":"<p>Policia e Kosov\u00ebs iu ka k\u00ebrkuar qytetar\u00ebve q\u00eb t\u2019i injorojn\u00eb disa thirrje q\u00eb po qarkullojn\u00eb p\u00ebr protest\u00eb dhe marshim drejt veriut t\u00eb Kosov\u00ebs, p\u00ebr shkak t\u00eb situat\u00ebs. Si\u00e7 ka njoftuar Policia, \u201cn\u00ebp\u00ebr media t\u00eb ndryshme sociale, nga persona dhe profile t\u00eb ndryshme, jan\u00eb duke qarkulluar postime me thirrje ndaj qytetar\u00ebve shqiptar\u00eb, p\u00ebr pjes\u00ebmarrje n\u00eb gjoja [&hellip;]<\/p>\n","protected":false},"author":1,"featured_media":15429,"comment_status":"closed","ping_status":"closed","sticky":false,"template":"","format":"standard","meta":{"_monsterinsights_skip_tracking":false,"_monsterinsights_sitenote_active":false,"_monsterinsights_sitenote_note":"","_monsterinsights_sitenote_category":0,"_uf_show_specific_survey":0,"_uf_disable_surveys":false,"footnotes":""},"categories":[23,15],"tags":[102],"yoast_head":"<!-- This site is optimized with the Yoast SEO plugin v21.5 - https:\/\/yoast.com\/wordpress\/plugins\/seo\/ -->\n<title>Kjo \u00ebsht\u00eb thirrja p\u00ebr marshim drejt veriut t\u00eb cil\u00ebn Policia iu k\u00ebrkon ta injoroni<\/title>\n<meta name=\"robots\" content=\"index, follow, max-snippet:-1, max-image-preview:large, max-video-preview:-1\" \/>\n<link rel=\"canonical\" href=\"https:\/\/permbledhja.com\/sq\/kjo-eshte-thirrja-per-marshim-drejt-veriut-te-cilen-policia-iu-kerkon-ta-injoroni\/\" \/>\n<meta property=\"og:locale\" content=\"sq_AL\" \/>\n<meta property=\"og:type\" content=\"article\" \/>\n<meta property=\"og:title\" content=\"Kjo \u00ebsht\u00eb thirrja p\u00ebr marshim drejt veriut t\u00eb cil\u00ebn Policia iu k\u00ebrkon ta injoroni\" \/>\n<meta property=\"og:description\" content=\"Policia e Kosov\u00ebs iu ka k\u00ebrkuar qytetar\u00ebve q\u00eb t\u2019i injorojn\u00eb disa thirrje q\u00eb po qarkullojn\u00eb p\u00ebr protest\u00eb dhe marshim drejt veriut t\u00eb Kosov\u00ebs, p\u00ebr shkak t\u00eb situat\u00ebs. Si\u00e7 ka njoftuar Policia, \u201cn\u00ebp\u00ebr media t\u00eb ndryshme sociale, nga persona dhe profile t\u00eb ndryshme, jan\u00eb duke qarkulluar postime me thirrje ndaj qytetar\u00ebve shqiptar\u00eb, p\u00ebr pjes\u00ebmarrje n\u00eb gjoja [&hellip;]\" \/>\n<meta property=\"og:url\" content=\"https:\/\/permbledhja.com\/sq\/kjo-eshte-thirrja-per-marshim-drejt-veriut-te-cilen-policia-iu-kerkon-ta-injoroni\/\" \/>\n<meta property=\"og:site_name\" content=\"Ve\u00e7 artikuj p\u00ebrmbledh\u00ebs\" \/>\n<meta property=\"article:publisher\" content=\"https:\/\/www.facebook.com\/press07\/\" \/>\n<meta property=\"article:author\" content=\"https:\/\/www.facebook.com\/kafexhiu.muharrem\/\" \/>\n<meta property=\"article:published_time\" content=\"2023-06-01T08:26:28+00:00\" \/>\n<meta property=\"og:image\" content=\"https:\/\/permbledhja.com\/wp-content\/uploads\/2023\/06\/62CFB9CA-09FB-42A5-AE2C-A2B82E1EF68E.jpeg\" \/>\n\t<meta property=\"og:image:width\" content=\"600\" \/>\n\t<meta property=\"og:image:height\" content=\"360\" \/>\n\t<meta property=\"og:image:type\" content=\"image\/jpeg\" \/>\n<meta name=\"author\" content=\"P\u00ebrmbledhja\" \/>\n<meta name=\"twitter:card\" content=\"summary_large_image\" \/>\n<meta name=\"twitter:label1\" content=\"Written by\" \/>\n\t<meta name=\"twitter:data1\" content=\"P\u00ebrmbledhja\" \/>\n\t<meta name=\"twitter:label2\" content=\"Est. reading time\" \/>\n\t<meta name=\"twitter:data2\" content=\"1 minut\u00eb\" \/>\n<script type=\"application\/ld+json\" class=\"yoast-schema-graph\">{\"@context\":\"https:\/\/schema.org\",\"@graph\":[{\"@type\":\"Article\",\"@id\":\"https:\/\/permbledhja.com\/sq\/kjo-eshte-thirrja-per-marshim-drejt-veriut-te-cilen-policia-iu-kerkon-ta-injoroni\/#article\",\"isPartOf\":{\"@id\":\"https:\/\/permbledhja.com\/sq\/kjo-eshte-thirrja-per-marshim-drejt-veriut-te-cilen-policia-iu-kerkon-ta-injoroni\/\"},\"author\":{\"name\":\"P\u00ebrmbledhja\",\"@id\":\"https:\/\/permbledhja.com\/#\/schema\/person\/0d064377258d3221e50693947b9eb4fe\"},\"headline\":\"Kjo \u00ebsht\u00eb thirrja p\u00ebr marshim drejt veriut t\u00eb cil\u00ebn Policia iu k\u00ebrkon ta injoroni\",\"datePublished\":\"2023-06-01T08:26:28+00:00\",\"dateModified\":\"2023-06-01T08:26:28+00:00\",\"mainEntityOfPage\":{\"@id\":\"https:\/\/permbledhja.com\/sq\/kjo-eshte-thirrja-per-marshim-drejt-veriut-te-cilen-policia-iu-kerkon-ta-injoroni\/\"},\"wordCount\":208,\"publisher\":{\"@id\":\"https:\/\/permbledhja.com\/#organization\"},\"keywords\":[\"Policia e Kosov\u00ebs\"],\"articleSection\":[\"Komb\u00ebtare\",\"Lajme\"],\"inLanguage\":\"sq\"},{\"@type\":\"WebPage\",\"@id\":\"https:\/\/permbledhja.com\/sq\/kjo-eshte-thirrja-per-marshim-drejt-veriut-te-cilen-policia-iu-kerkon-ta-injoroni\/\",\"url\":\"https:\/\/permbledhja.com\/sq\/kjo-eshte-thirrja-per-marshim-drejt-veriut-te-cilen-policia-iu-kerkon-ta-injoroni\/\",\"name\":\"Kjo \u00ebsht\u00eb thirrja p\u00ebr marshim drejt veriut t\u00eb cil\u00ebn Policia iu k\u00ebrkon ta injoroni\",\"isPartOf\":{\"@id\":\"https:\/\/permbledhja.com\/#website\"},\"datePublished\":\"2023-06-01T08:26:28+00:00\",\"dateModified\":\"2023-06-01T08:26:28+00:00\",\"breadcrumb\":{\"@id\":\"https:\/\/permbledhja.com\/sq\/kjo-eshte-thirrja-per-marshim-drejt-veriut-te-cilen-policia-iu-kerkon-ta-injoroni\/#breadcrumb\"},\"inLanguage\":\"sq\",\"potentialAction\":[{\"@type\":\"ReadAction\",\"target\":[\"https:\/\/permbledhja.com\/sq\/kjo-eshte-thirrja-per-marshim-drejt-veriut-te-cilen-policia-iu-kerkon-ta-injoroni\/\"]}]},{\"@type\":\"BreadcrumbList\",\"@id\":\"https:\/\/permbledhja.com\/sq\/kjo-eshte-thirrja-per-marshim-drejt-veriut-te-cilen-policia-iu-kerkon-ta-injoroni\/#breadcrumb\",\"itemListElement\":[{\"@type\":\"ListItem\",\"position\":1,\"name\":\"Ballina\",\"item\":\"https:\/\/permbledhja.com\/sq\/\"},{\"@type\":\"ListItem\",\"position\":2,\"name\":\"Kjo \u00ebsht\u00eb thirrja p\u00ebr marshim drejt veriut t\u00eb cil\u00ebn Policia iu k\u00ebrkon ta injoroni\"}]},{\"@type\":\"WebSite\",\"@id\":\"https:\/\/permbledhja.com\/#website\",\"url\":\"https:\/\/permbledhja.com\/\",\"name\":\"Ve\u00e7 artikuj p\u00ebrmbledh\u00ebs\",\"description\":\"\",\"publisher\":{\"@id\":\"https:\/\/permbledhja.com\/#organization\"},\"potentialAction\":[{\"@type\":\"SearchAction\",\"target\":{\"@type\":\"EntryPoint\",\"urlTemplate\":\"https:\/\/permbledhja.com\/?s={search_term_string}\"},\"query-input\":\"required name=search_term_string\"}],\"inLanguage\":\"sq\"},{\"@type\":\"Organization\",\"@id\":\"https:\/\/permbledhja.com\/#organization\",\"name\":\"MK Media & Pr\",\"url\":\"https:\/\/permbledhja.com\/\",\"logo\":{\"@type\":\"ImageObject\",\"inLanguage\":\"sq\",\"@id\":\"https:\/\/permbledhja.com\/#\/schema\/logo\/image\/\",\"url\":\"https:\/\/permbledhja.com\/wp-content\/uploads\/2021\/12\/07-Press-Logo.jpg\",\"contentUrl\":\"https:\/\/permbledhja.com\/wp-content\/uploads\/2021\/12\/07-Press-Logo.jpg\",\"width\":512,\"height\":512,\"caption\":\"MK Media & Pr\"},\"image\":{\"@id\":\"https:\/\/permbledhja.com\/#\/schema\/logo\/image\/\"},\"sameAs\":[\"https:\/\/www.facebook.com\/press07\/\"]},{\"@type\":\"Person\",\"@id\":\"https:\/\/permbledhja.com\/#\/schema\/person\/0d064377258d3221e50693947b9eb4fe\",\"name\":\"P\u00ebrmbledhja\",\"image\":{\"@type\":\"ImageObject\",\"inLanguage\":\"sq\",\"@id\":\"https:\/\/permbledhja.com\/#\/schema\/person\/image\/\",\"url\":\"https:\/\/permbledhja.com\/wp-content\/uploads\/2026\/01\/452004717_1040944174702970_8932037511805513407_n-96x96.jpg\",\"contentUrl\":\"https:\/\/permbledhja.com\/wp-content\/uploads\/2026\/01\/452004717_1040944174702970_8932037511805513407_n-96x96.jpg\",\"caption\":\"P\u00ebrmbledhja\"},\"sameAs\":[\"https:\/\/www.facebook.com\/kafexhiu.muharrem\/\",\"https:\/\/www.instagram.com\/muharrem_kafexhiu\/\"],\"url\":\"https:\/\/permbledhja.com\/sq\/author\/admin\/\"}]}<\/script>\n<!-- \/ Yoast SEO plugin. -->","yoast_head_json":{"title":"Kjo \u00ebsht\u00eb thirrja p\u00ebr marshim drejt veriut t\u00eb cil\u00ebn Policia iu k\u00ebrkon ta injoroni","robots":{"index":"index","follow":"follow","max-snippet":"max-snippet:-1","max-image-preview":"max-image-preview:large","max-video-preview":"max-video-preview:-1"},"canonical":"https:\/\/permbledhja.com\/sq\/kjo-eshte-thirrja-per-marshim-drejt-veriut-te-cilen-policia-iu-kerkon-ta-injoroni\/","og_locale":"sq_AL","og_type":"article","og_title":"Kjo \u00ebsht\u00eb thirrja p\u00ebr marshim drejt veriut t\u00eb cil\u00ebn Policia iu k\u00ebrkon ta injoroni","og_description":"Policia e Kosov\u00ebs iu ka k\u00ebrkuar qytetar\u00ebve q\u00eb t\u2019i injorojn\u00eb disa thirrje q\u00eb po qarkullojn\u00eb p\u00ebr protest\u00eb dhe marshim drejt veriut t\u00eb Kosov\u00ebs, p\u00ebr shkak t\u00eb situat\u00ebs. Si\u00e7 ka njoftuar Policia, \u201cn\u00ebp\u00ebr media t\u00eb ndryshme sociale, nga persona dhe profile t\u00eb ndryshme, jan\u00eb duke qarkulluar postime me thirrje ndaj qytetar\u00ebve shqiptar\u00eb, p\u00ebr pjes\u00ebmarrje n\u00eb gjoja [&hellip;]","og_url":"https:\/\/permbledhja.com\/sq\/kjo-eshte-thirrja-per-marshim-drejt-veriut-te-cilen-policia-iu-kerkon-ta-injoroni\/","og_site_name":"Ve\u00e7 artikuj p\u00ebrmbledh\u00ebs","article_publisher":"https:\/\/www.facebook.com\/press07\/","article_author":"https:\/\/www.facebook.com\/kafexhiu.muharrem\/","article_published_time":"2023-06-01T08:26:28+00:00","og_image":[{"width":600,"height":360,"url":"https:\/\/permbledhja.com\/wp-content\/uploads\/2023\/06\/62CFB9CA-09FB-42A5-AE2C-A2B82E1EF68E.jpeg","type":"image\/jpeg"}],"author":"P\u00ebrmbledhja","twitter_card":"summary_large_image","twitter_misc":{"Written by":"P\u00ebrmbledhja","Est. reading time":"1 minut\u00eb"},"schema":{"@context":"https:\/\/schema.org","@graph":[{"@type":"Article","@id":"https:\/\/permbledhja.com\/sq\/kjo-eshte-thirrja-per-marshim-drejt-veriut-te-cilen-policia-iu-kerkon-ta-injoroni\/#article","isPartOf":{"@id":"https:\/\/permbledhja.com\/sq\/kjo-eshte-thirrja-per-marshim-drejt-veriut-te-cilen-policia-iu-kerkon-ta-injoroni\/"},"author":{"name":"P\u00ebrmbledhja","@id":"https:\/\/permbledhja.com\/#\/schema\/person\/0d064377258d3221e50693947b9eb4fe"},"headline":"Kjo \u00ebsht\u00eb thirrja p\u00ebr marshim drejt veriut t\u00eb cil\u00ebn Policia iu k\u00ebrkon ta injoroni","datePublished":"2023-06-01T08:26:28+00:00","dateModified":"2023-06-01T08:26:28+00:00","mainEntityOfPage":{"@id":"https:\/\/permbledhja.com\/sq\/kjo-eshte-thirrja-per-marshim-drejt-veriut-te-cilen-policia-iu-kerkon-ta-injoroni\/"},"wordCount":208,"publisher":{"@id":"https:\/\/permbledhja.com\/#organization"},"keywords":["Policia e Kosov\u00ebs"],"articleSection":["Komb\u00ebtare","Lajme"],"inLanguage":"sq"},{"@type":"WebPage","@id":"https:\/\/permbledhja.com\/sq\/kjo-eshte-thirrja-per-marshim-drejt-veriut-te-cilen-policia-iu-kerkon-ta-injoroni\/","url":"https:\/\/permbledhja.com\/sq\/kjo-eshte-thirrja-per-marshim-drejt-veriut-te-cilen-policia-iu-kerkon-ta-injoroni\/","name":"Kjo \u00ebsht\u00eb thirrja p\u00ebr marshim drejt veriut t\u00eb cil\u00ebn Policia iu k\u00ebrkon ta injoroni","isPartOf":{"@id":"https:\/\/permbledhja.com\/#website"},"datePublished":"2023-06-01T08:26:28+00:00","dateModified":"2023-06-01T08:26:28+00:00","breadcrumb":{"@id":"https:\/\/permbledhja.com\/sq\/kjo-eshte-thirrja-per-marshim-drejt-veriut-te-cilen-policia-iu-kerkon-ta-injoroni\/#breadcrumb"},"inLanguage":"sq","potentialAction":[{"@type":"ReadAction","target":["https:\/\/permbledhja.com\/sq\/kjo-eshte-thirrja-per-marshim-drejt-veriut-te-cilen-policia-iu-kerkon-ta-injoroni\/"]}]},{"@type":"BreadcrumbList","@id":"https:\/\/permbledhja.com\/sq\/kjo-eshte-thirrja-per-marshim-drejt-veriut-te-cilen-policia-iu-kerkon-ta-injoroni\/#breadcrumb","itemListElement":[{"@type":"ListItem","position":1,"name":"Ballina","item":"https:\/\/permbledhja.com\/sq\/"},{"@type":"ListItem","position":2,"name":"Kjo \u00ebsht\u00eb thirrja p\u00ebr marshim drejt veriut t\u00eb cil\u00ebn Policia iu k\u00ebrkon ta injoroni"}]},{"@type":"WebSite","@id":"https:\/\/permbledhja.com\/#website","url":"https:\/\/permbledhja.com\/","name":"Ve\u00e7 artikuj p\u00ebrmbledh\u00ebs","description":"","publisher":{"@id":"https:\/\/permbledhja.com\/#organization"},"potentialAction":[{"@type":"SearchAction","target":{"@type":"EntryPoint","urlTemplate":"https:\/\/permbledhja.com\/?s={search_term_string}"},"query-input":"required name=search_term_string"}],"inLanguage":"sq"},{"@type":"Organization","@id":"https:\/\/permbledhja.com\/#organization","name":"MK Media & Pr","url":"https:\/\/permbledhja.com\/","logo":{"@type":"ImageObject","inLanguage":"sq","@id":"https:\/\/permbledhja.com\/#\/schema\/logo\/image\/","url":"https:\/\/permbledhja.com\/wp-content\/uploads\/2021\/12\/07-Press-Logo.jpg","contentUrl":"https:\/\/permbledhja.com\/wp-content\/uploads\/2021\/12\/07-Press-Logo.jpg","width":512,"height":512,"caption":"MK Media & Pr"},"image":{"@id":"https:\/\/permbledhja.com\/#\/schema\/logo\/image\/"},"sameAs":["https:\/\/www.facebook.com\/press07\/"]},{"@type":"Person","@id":"https:\/\/permbledhja.com\/#\/schema\/person\/0d064377258d3221e50693947b9eb4fe","name":"P\u00ebrmbledhja","image":{"@type":"ImageObject","inLanguage":"sq","@id":"https:\/\/permbledhja.com\/#\/schema\/person\/image\/","url":"https:\/\/permbledhja.com\/wp-content\/uploads\/2026\/01\/452004717_1040944174702970_8932037511805513407_n-96x96.jpg","contentUrl":"https:\/\/permbledhja.com\/wp-content\/uploads\/2026\/01\/452004717_1040944174702970_8932037511805513407_n-96x96.jpg","caption":"P\u00ebrmbledhja"},"sameAs":["https:\/\/www.facebook.com\/kafexhiu.muharrem\/","https:\/\/www.instagram.com\/muharrem_kafexhiu\/"],"url":"https:\/\/permbledhja.com\/sq\/author\/admin\/"}]}},"_links":{"self":[{"href":"https:\/\/permbledhja.com\/sq\/wp-json\/wp\/v2\/posts\/15428"}],"collection":[{"href":"https:\/\/permbledhja.com\/sq\/wp-json\/wp\/v2\/posts"}],"about":[{"href":"https:\/\/permbledhja.com\/sq\/wp-json\/wp\/v2\/types\/post"}],"author":[{"embeddable":true,"href":"https:\/\/permbledhja.com\/sq\/wp-json\/wp\/v2\/users\/1"}],"replies":[{"embeddable":true,"href":"https:\/\/permbledhja.com\/sq\/wp-json\/wp\/v2\/comments?post=15428"}],"version-history":[{"count":1,"href":"https:\/\/permbledhja.com\/sq\/wp-json\/wp\/v2\/posts\/15428\/revisions"}],"predecessor-version":[{"id":15430,"href":"https:\/\/permbledhja.com\/sq\/wp-json\/wp\/v2\/posts\/15428\/revisions\/15430"}],"wp:featuredmedia":[{"embeddable":true,"href":"https:\/\/permbledhja.com\/sq\/wp-json\/wp\/v2\/media\/15429"}],"wp:attachment":[{"href":"https:\/\/permbledhja.com\/sq\/wp-json\/wp\/v2\/media?parent=15428"}],"wp:term":[{"taxonomy":"category","embeddable":true,"href":"https:\/\/permbledhja.com\/sq\/wp-json\/wp\/v2\/categories?post=15428"},{"taxonomy":"post_tag","embeddable":true,"href":"https:\/\/permbledhja.com\/sq\/wp-json\/wp\/v2\/tags?post=15428"}],"curies":[{"name":"wp","href":"https:\/\/api.w.org\/{rel}","templated":true}]}}