{"id":15425,"date":"2023-06-01T07:30:12","date_gmt":"2023-06-01T07:30:12","guid":{"rendered":"https:\/\/permbledhja.com\/?p=15425"},"modified":"2023-06-01T07:30:12","modified_gmt":"2023-06-01T07:30:12","slug":"svecla-protestuesve-ne-veri-iu-eshte-bere-thirrje-per-vrasjen-e-pjesetareve-te-policise-se-kosoves","status":"publish","type":"post","link":"https:\/\/permbledhja.com\/sq\/svecla-protestuesve-ne-veri-iu-eshte-bere-thirrje-per-vrasjen-e-pjesetareve-te-policise-se-kosoves\/","title":{"rendered":"Sve\u00e7la: Protestuesve n\u00eb veri iu \u00ebsht\u00eb b\u00ebr\u00eb thirrje p\u00ebr vrasjen e pjes\u00ebtar\u00ebve t\u00eb Policis\u00eb s\u00eb Kosov\u00ebs"},"content":{"rendered":"<p>Ministri i Pun\u00ebve t\u00eb Brendshme t\u00eb Kosov\u00ebs, Xhelal Sve\u00e7la ka th\u00ebn\u00eb se Beogradi \u00ebsht\u00eb duke vijuar me tendenca p\u00ebr t\u00eb destabilizuar vendin ton\u00eb.<\/p>\n<p>P\u00ebrmes nj\u00eb postimi n\u00eb Facebook, Sve\u00e7la ka p\u00ebrshkruar sulmet e fundit q\u00eb kan\u00eb ndodhur n\u00eb veri t\u00eb vendit dhe ka th\u00ebn\u00eb se t\u00eb gjitha k\u00ebto jan\u00eb vazhdim\u00ebsi e veprimeve kriminale t\u00eb k\u00ebtyre bandave, q\u00eb kan\u00eb ndodhur q\u00eb nga paslufta n\u00eb veri t\u00eb Kosov\u00ebs me q\u00ebllim q\u00eb t\u00eb destabilizojn\u00eb vendin ton\u00eb.<\/p>\n<p>Sve\u00e7la ka deklaruar se kur t\u00eb gjitha qytetet e Kosov\u00ebs e kan\u00eb p\u00ebrjetuar lirin\u00eb, komunat tona veriore kan\u00eb qen\u00eb t\u00eb pushtuara nga bandat kriminale.<\/p>\n<p>\u201cBeogradi vijon me tendencat p\u00ebr destabilizimin e vendit ton\u00eb. Sulmet e dit\u00ebve t\u00eb fundit, jan\u00eb organizuar nga grupet kriminale t\u00eb orkestruara nga Beogradi. Ata kan\u00eb sulmuar zyrtar\u00eb t\u00eb policis\u00eb, pjes\u00ebtar\u00eb t\u00eb KFOR-it, gazetar\u00eb, si dhe kan\u00eb d\u00ebmtuar dhe djegur vetura zyrtare e ato t\u00eb mediumeve t\u00eb ndryshme. P\u00ebr m\u00eb tep\u00ebr, kan\u00eb p\u00ebrhapur mesazhe t\u00eb rrezikshme p\u00ebrmes mbishkrimeve me simbolet e s\u00eb kaluar\u00ebs gjenocidale t\u00eb Serbis\u00eb e t\u00eb s\u00eb tashmes agresore t\u00eb Rusis\u00eb, e duke provokuar me flamuj serb n\u00eb automjete t\u00eb Policis\u00eb. T\u00eb gjitha k\u00ebto elemente, jan\u00eb vazhdim\u00ebsi e veprimeve kriminale t\u00eb k\u00ebtyre bandave, q\u00eb kan\u00eb ndodhur q\u00eb nga paslufta n\u00eb veri t\u00eb Kosov\u00ebs me q\u00ebllim q\u00eb t\u00eb destabilizojn\u00eb vendin ton\u00eb. Kur t\u00eb gjitha qytetet e Kosov\u00ebs e kan\u00eb p\u00ebrjetuar lirin\u00eb, komunat tona veriore kan\u00eb qen\u00eb t\u00eb pushtuara nga bandat kriminale.\u201d \u2013 ka th\u00ebn\u00eb ai.<\/p>\n<p>Sve\u00e7la ka njoftuar se turmave t\u00eb protestuesve n\u00eb veri i jan\u00eb b\u00ebr\u00eb thirrje p\u00ebr vrasjen e pjes\u00ebtar\u00ebve t\u00eb Policis\u00eb s\u00eb Kosov\u00ebs, ku ka th\u00ebn\u00eb se k\u00ebto veprime kriminale jan\u00eb t\u00eb papranueshme dhe t\u00eb gjith\u00eb kryesit do t\u00eb ballafaqohen me drejt\u00ebsi.<\/p>\n<p>\u201cK\u00ebta drejtues politikash autokratike dhe t\u00eb dhun\u00ebs, vijojn\u00eb ta ken\u00eb t\u00eb nj\u00ebjt\u00ebn qasje. Nga sulmet e fundit, pjes\u00ebtar\u00ebt e KFOR-it jan\u00eb plagosur nga t\u00eb sht\u00ebnat me arm\u00eb zjarri nd\u00ebrsa jan\u00eb b\u00ebr\u00eb thirrje nga turmat e protestuesve edhe p\u00ebr vrasje t\u00eb pjes\u00ebtar\u00ebve t\u00eb Policis\u00eb s\u00eb Kosov\u00ebs. K\u00ebto veprime kriminale jan\u00eb t\u00eb papranueshme dhe t\u00eb gjith\u00eb kryesit e k\u00ebtyre akteve do t\u00eb ballafaqohen me drejt\u00ebsi.\u201d \u2013 ka shkruar Sve\u00e7la.<\/p>\n<p>Ministri i MPB-s\u00eb ka th\u00ebn\u00eb se kan\u00eb rritur vigjilenc\u00ebn dhe se jan\u00eb n\u00eb koordinim t\u00eb plot\u00eb m\u00eb partner\u00ebt nd\u00ebrkomb\u00ebtar\u00eb,<\/p>\n<p>\u201cInstitucionet tona t\u00eb siguris\u00eb kan\u00eb rritur vigjilenc\u00ebn dhe jan\u00eb n\u00eb koordinim t\u00eb plot\u00eb me partner\u00ebt tan\u00eb nd\u00ebrkomb\u00ebtar\u00eb rreth k\u00ebtyre zhvillimeve. \u00c7do individ apo grup kriminal q\u00eb synon t\u00eb p\u00ebrshkall\u00ebzoj\u00eb situat\u00ebn, t\u00eb c\u00ebnoj\u00eb jet\u00ebn apo sigurin\u00eb e qytetar\u00ebve tan\u00eb, do t\u00eb ballafaqohet me forc\u00ebn e ligjit dhe drejt\u00ebsin\u00eb.\u201d \u2013 ka shkruar Sve\u00e7la nd\u00ebr t\u00eb tjera.<\/p>\n","protected":false},"excerpt":{"rendered":"<p>Ministri i Pun\u00ebve t\u00eb Brendshme t\u00eb Kosov\u00ebs, Xhelal Sve\u00e7la ka th\u00ebn\u00eb se Beogradi \u00ebsht\u00eb duke vijuar me tendenca p\u00ebr t\u00eb destabilizuar vendin ton\u00eb. P\u00ebrmes nj\u00eb postimi n\u00eb Facebook, Sve\u00e7la ka p\u00ebrshkruar sulmet e fundit q\u00eb kan\u00eb ndodhur n\u00eb veri t\u00eb vendit dhe ka th\u00ebn\u00eb se t\u00eb gjitha k\u00ebto jan\u00eb vazhdim\u00ebsi e veprimeve kriminale t\u00eb k\u00ebtyre [&hellip;]<\/p>\n","protected":false},"author":1,"featured_media":15426,"comment_status":"closed","ping_status":"closed","sticky":false,"template":"","format":"standard","meta":{"_monsterinsights_skip_tracking":false,"_monsterinsights_sitenote_active":false,"_monsterinsights_sitenote_note":"","_monsterinsights_sitenote_category":0,"_uf_show_specific_survey":0,"_uf_disable_surveys":false,"footnotes":""},"categories":[1],"tags":[91],"yoast_head":"<!-- This site is optimized with the Yoast SEO plugin v21.5 - https:\/\/yoast.com\/wordpress\/plugins\/seo\/ -->\n<title>Sve\u00e7la: Protestuesve n\u00eb veri iu \u00ebsht\u00eb b\u00ebr\u00eb thirrje p\u00ebr vrasjen e pjes\u00ebtar\u00ebve t\u00eb Policis\u00eb s\u00eb Kosov\u00ebs<\/title>\n<meta name=\"robots\" content=\"index, follow, max-snippet:-1, max-image-preview:large, max-video-preview:-1\" \/>\n<link rel=\"canonical\" href=\"https:\/\/permbledhja.com\/sq\/svecla-protestuesve-ne-veri-iu-eshte-bere-thirrje-per-vrasjen-e-pjesetareve-te-policise-se-kosoves\/\" \/>\n<meta property=\"og:locale\" content=\"sq_AL\" \/>\n<meta property=\"og:type\" content=\"article\" \/>\n<meta property=\"og:title\" content=\"Sve\u00e7la: Protestuesve n\u00eb veri iu \u00ebsht\u00eb b\u00ebr\u00eb thirrje p\u00ebr vrasjen e pjes\u00ebtar\u00ebve t\u00eb Policis\u00eb s\u00eb Kosov\u00ebs\" \/>\n<meta property=\"og:description\" content=\"Ministri i Pun\u00ebve t\u00eb Brendshme t\u00eb Kosov\u00ebs, Xhelal Sve\u00e7la ka th\u00ebn\u00eb se Beogradi \u00ebsht\u00eb duke vijuar me tendenca p\u00ebr t\u00eb destabilizuar vendin ton\u00eb. P\u00ebrmes nj\u00eb postimi n\u00eb Facebook, Sve\u00e7la ka p\u00ebrshkruar sulmet e fundit q\u00eb kan\u00eb ndodhur n\u00eb veri t\u00eb vendit dhe ka th\u00ebn\u00eb se t\u00eb gjitha k\u00ebto jan\u00eb vazhdim\u00ebsi e veprimeve kriminale t\u00eb k\u00ebtyre [&hellip;]\" \/>\n<meta property=\"og:url\" content=\"https:\/\/permbledhja.com\/sq\/svecla-protestuesve-ne-veri-iu-eshte-bere-thirrje-per-vrasjen-e-pjesetareve-te-policise-se-kosoves\/\" \/>\n<meta property=\"og:site_name\" content=\"Ve\u00e7 artikuj p\u00ebrmbledh\u00ebs\" \/>\n<meta property=\"article:publisher\" content=\"https:\/\/www.facebook.com\/press07\/\" \/>\n<meta property=\"article:author\" content=\"https:\/\/www.facebook.com\/kafexhiu.muharrem\/\" \/>\n<meta property=\"article:published_time\" content=\"2023-06-01T07:30:12+00:00\" \/>\n<meta property=\"og:image\" content=\"https:\/\/permbledhja.com\/wp-content\/uploads\/2023\/06\/97A57AFC-BC1D-4251-9839-2BBD22AC32C4.jpeg\" \/>\n\t<meta property=\"og:image:width\" content=\"1138\" \/>\n\t<meta property=\"og:image:height\" content=\"746\" \/>\n\t<meta property=\"og:image:type\" content=\"image\/jpeg\" \/>\n<meta name=\"author\" content=\"P\u00ebrmbledhja\" \/>\n<meta name=\"twitter:card\" content=\"summary_large_image\" \/>\n<meta name=\"twitter:label1\" content=\"Written by\" \/>\n\t<meta name=\"twitter:data1\" content=\"P\u00ebrmbledhja\" \/>\n\t<meta name=\"twitter:label2\" content=\"Est. reading time\" \/>\n\t<meta name=\"twitter:data2\" content=\"2 minuta\" \/>\n<script type=\"application\/ld+json\" class=\"yoast-schema-graph\">{\"@context\":\"https:\/\/schema.org\",\"@graph\":[{\"@type\":\"Article\",\"@id\":\"https:\/\/permbledhja.com\/sq\/svecla-protestuesve-ne-veri-iu-eshte-bere-thirrje-per-vrasjen-e-pjesetareve-te-policise-se-kosoves\/#article\",\"isPartOf\":{\"@id\":\"https:\/\/permbledhja.com\/sq\/svecla-protestuesve-ne-veri-iu-eshte-bere-thirrje-per-vrasjen-e-pjesetareve-te-policise-se-kosoves\/\"},\"author\":{\"name\":\"P\u00ebrmbledhja\",\"@id\":\"https:\/\/permbledhja.com\/#\/schema\/person\/0d064377258d3221e50693947b9eb4fe\"},\"headline\":\"Sve\u00e7la: Protestuesve n\u00eb veri iu \u00ebsht\u00eb b\u00ebr\u00eb thirrje p\u00ebr vrasjen e pjes\u00ebtar\u00ebve t\u00eb Policis\u00eb s\u00eb Kosov\u00ebs\",\"datePublished\":\"2023-06-01T07:30:12+00:00\",\"dateModified\":\"2023-06-01T07:30:12+00:00\",\"mainEntityOfPage\":{\"@id\":\"https:\/\/permbledhja.com\/sq\/svecla-protestuesve-ne-veri-iu-eshte-bere-thirrje-per-vrasjen-e-pjesetareve-te-policise-se-kosoves\/\"},\"wordCount\":511,\"publisher\":{\"@id\":\"https:\/\/permbledhja.com\/#organization\"},\"keywords\":[\"Veriu\"],\"articleSection\":[\"Breaking News\"],\"inLanguage\":\"sq\"},{\"@type\":\"WebPage\",\"@id\":\"https:\/\/permbledhja.com\/sq\/svecla-protestuesve-ne-veri-iu-eshte-bere-thirrje-per-vrasjen-e-pjesetareve-te-policise-se-kosoves\/\",\"url\":\"https:\/\/permbledhja.com\/sq\/svecla-protestuesve-ne-veri-iu-eshte-bere-thirrje-per-vrasjen-e-pjesetareve-te-policise-se-kosoves\/\",\"name\":\"Sve\u00e7la: Protestuesve n\u00eb veri iu \u00ebsht\u00eb b\u00ebr\u00eb thirrje p\u00ebr vrasjen e pjes\u00ebtar\u00ebve t\u00eb Policis\u00eb s\u00eb Kosov\u00ebs\",\"isPartOf\":{\"@id\":\"https:\/\/permbledhja.com\/#website\"},\"datePublished\":\"2023-06-01T07:30:12+00:00\",\"dateModified\":\"2023-06-01T07:30:12+00:00\",\"breadcrumb\":{\"@id\":\"https:\/\/permbledhja.com\/sq\/svecla-protestuesve-ne-veri-iu-eshte-bere-thirrje-per-vrasjen-e-pjesetareve-te-policise-se-kosoves\/#breadcrumb\"},\"inLanguage\":\"sq\",\"potentialAction\":[{\"@type\":\"ReadAction\",\"target\":[\"https:\/\/permbledhja.com\/sq\/svecla-protestuesve-ne-veri-iu-eshte-bere-thirrje-per-vrasjen-e-pjesetareve-te-policise-se-kosoves\/\"]}]},{\"@type\":\"BreadcrumbList\",\"@id\":\"https:\/\/permbledhja.com\/sq\/svecla-protestuesve-ne-veri-iu-eshte-bere-thirrje-per-vrasjen-e-pjesetareve-te-policise-se-kosoves\/#breadcrumb\",\"itemListElement\":[{\"@type\":\"ListItem\",\"position\":1,\"name\":\"Ballina\",\"item\":\"https:\/\/permbledhja.com\/sq\/\"},{\"@type\":\"ListItem\",\"position\":2,\"name\":\"Sve\u00e7la: Protestuesve n\u00eb veri iu \u00ebsht\u00eb b\u00ebr\u00eb thirrje p\u00ebr vrasjen e pjes\u00ebtar\u00ebve t\u00eb Policis\u00eb s\u00eb Kosov\u00ebs\"}]},{\"@type\":\"WebSite\",\"@id\":\"https:\/\/permbledhja.com\/#website\",\"url\":\"https:\/\/permbledhja.com\/\",\"name\":\"Ve\u00e7 artikuj p\u00ebrmbledh\u00ebs\",\"description\":\"\",\"publisher\":{\"@id\":\"https:\/\/permbledhja.com\/#organization\"},\"potentialAction\":[{\"@type\":\"SearchAction\",\"target\":{\"@type\":\"EntryPoint\",\"urlTemplate\":\"https:\/\/permbledhja.com\/?s={search_term_string}\"},\"query-input\":\"required name=search_term_string\"}],\"inLanguage\":\"sq\"},{\"@type\":\"Organization\",\"@id\":\"https:\/\/permbledhja.com\/#organization\",\"name\":\"MK Media & Pr\",\"url\":\"https:\/\/permbledhja.com\/\",\"logo\":{\"@type\":\"ImageObject\",\"inLanguage\":\"sq\",\"@id\":\"https:\/\/permbledhja.com\/#\/schema\/logo\/image\/\",\"url\":\"https:\/\/permbledhja.com\/wp-content\/uploads\/2021\/12\/07-Press-Logo.jpg\",\"contentUrl\":\"https:\/\/permbledhja.com\/wp-content\/uploads\/2021\/12\/07-Press-Logo.jpg\",\"width\":512,\"height\":512,\"caption\":\"MK Media & Pr\"},\"image\":{\"@id\":\"https:\/\/permbledhja.com\/#\/schema\/logo\/image\/\"},\"sameAs\":[\"https:\/\/www.facebook.com\/press07\/\"]},{\"@type\":\"Person\",\"@id\":\"https:\/\/permbledhja.com\/#\/schema\/person\/0d064377258d3221e50693947b9eb4fe\",\"name\":\"P\u00ebrmbledhja\",\"image\":{\"@type\":\"ImageObject\",\"inLanguage\":\"sq\",\"@id\":\"https:\/\/permbledhja.com\/#\/schema\/person\/image\/\",\"url\":\"https:\/\/permbledhja.com\/wp-content\/uploads\/2026\/01\/452004717_1040944174702970_8932037511805513407_n-96x96.jpg\",\"contentUrl\":\"https:\/\/permbledhja.com\/wp-content\/uploads\/2026\/01\/452004717_1040944174702970_8932037511805513407_n-96x96.jpg\",\"caption\":\"P\u00ebrmbledhja\"},\"sameAs\":[\"https:\/\/www.facebook.com\/kafexhiu.muharrem\/\",\"https:\/\/www.instagram.com\/muharrem_kafexhiu\/\"],\"url\":\"https:\/\/permbledhja.com\/sq\/author\/admin\/\"}]}<\/script>\n<!-- \/ Yoast SEO plugin. -->","yoast_head_json":{"title":"Sve\u00e7la: Protestuesve n\u00eb veri iu \u00ebsht\u00eb b\u00ebr\u00eb thirrje p\u00ebr vrasjen e pjes\u00ebtar\u00ebve t\u00eb Policis\u00eb s\u00eb Kosov\u00ebs","robots":{"index":"index","follow":"follow","max-snippet":"max-snippet:-1","max-image-preview":"max-image-preview:large","max-video-preview":"max-video-preview:-1"},"canonical":"https:\/\/permbledhja.com\/sq\/svecla-protestuesve-ne-veri-iu-eshte-bere-thirrje-per-vrasjen-e-pjesetareve-te-policise-se-kosoves\/","og_locale":"sq_AL","og_type":"article","og_title":"Sve\u00e7la: Protestuesve n\u00eb veri iu \u00ebsht\u00eb b\u00ebr\u00eb thirrje p\u00ebr vrasjen e pjes\u00ebtar\u00ebve t\u00eb Policis\u00eb s\u00eb Kosov\u00ebs","og_description":"Ministri i Pun\u00ebve t\u00eb Brendshme t\u00eb Kosov\u00ebs, Xhelal Sve\u00e7la ka th\u00ebn\u00eb se Beogradi \u00ebsht\u00eb duke vijuar me tendenca p\u00ebr t\u00eb destabilizuar vendin ton\u00eb. P\u00ebrmes nj\u00eb postimi n\u00eb Facebook, Sve\u00e7la ka p\u00ebrshkruar sulmet e fundit q\u00eb kan\u00eb ndodhur n\u00eb veri t\u00eb vendit dhe ka th\u00ebn\u00eb se t\u00eb gjitha k\u00ebto jan\u00eb vazhdim\u00ebsi e veprimeve kriminale t\u00eb k\u00ebtyre [&hellip;]","og_url":"https:\/\/permbledhja.com\/sq\/svecla-protestuesve-ne-veri-iu-eshte-bere-thirrje-per-vrasjen-e-pjesetareve-te-policise-se-kosoves\/","og_site_name":"Ve\u00e7 artikuj p\u00ebrmbledh\u00ebs","article_publisher":"https:\/\/www.facebook.com\/press07\/","article_author":"https:\/\/www.facebook.com\/kafexhiu.muharrem\/","article_published_time":"2023-06-01T07:30:12+00:00","og_image":[{"width":1138,"height":746,"url":"https:\/\/permbledhja.com\/wp-content\/uploads\/2023\/06\/97A57AFC-BC1D-4251-9839-2BBD22AC32C4.jpeg","type":"image\/jpeg"}],"author":"P\u00ebrmbledhja","twitter_card":"summary_large_image","twitter_misc":{"Written by":"P\u00ebrmbledhja","Est. reading time":"2 minuta"},"schema":{"@context":"https:\/\/schema.org","@graph":[{"@type":"Article","@id":"https:\/\/permbledhja.com\/sq\/svecla-protestuesve-ne-veri-iu-eshte-bere-thirrje-per-vrasjen-e-pjesetareve-te-policise-se-kosoves\/#article","isPartOf":{"@id":"https:\/\/permbledhja.com\/sq\/svecla-protestuesve-ne-veri-iu-eshte-bere-thirrje-per-vrasjen-e-pjesetareve-te-policise-se-kosoves\/"},"author":{"name":"P\u00ebrmbledhja","@id":"https:\/\/permbledhja.com\/#\/schema\/person\/0d064377258d3221e50693947b9eb4fe"},"headline":"Sve\u00e7la: Protestuesve n\u00eb veri iu \u00ebsht\u00eb b\u00ebr\u00eb thirrje p\u00ebr vrasjen e pjes\u00ebtar\u00ebve t\u00eb Policis\u00eb s\u00eb Kosov\u00ebs","datePublished":"2023-06-01T07:30:12+00:00","dateModified":"2023-06-01T07:30:12+00:00","mainEntityOfPage":{"@id":"https:\/\/permbledhja.com\/sq\/svecla-protestuesve-ne-veri-iu-eshte-bere-thirrje-per-vrasjen-e-pjesetareve-te-policise-se-kosoves\/"},"wordCount":511,"publisher":{"@id":"https:\/\/permbledhja.com\/#organization"},"keywords":["Veriu"],"articleSection":["Breaking News"],"inLanguage":"sq"},{"@type":"WebPage","@id":"https:\/\/permbledhja.com\/sq\/svecla-protestuesve-ne-veri-iu-eshte-bere-thirrje-per-vrasjen-e-pjesetareve-te-policise-se-kosoves\/","url":"https:\/\/permbledhja.com\/sq\/svecla-protestuesve-ne-veri-iu-eshte-bere-thirrje-per-vrasjen-e-pjesetareve-te-policise-se-kosoves\/","name":"Sve\u00e7la: Protestuesve n\u00eb veri iu \u00ebsht\u00eb b\u00ebr\u00eb thirrje p\u00ebr vrasjen e pjes\u00ebtar\u00ebve t\u00eb Policis\u00eb s\u00eb Kosov\u00ebs","isPartOf":{"@id":"https:\/\/permbledhja.com\/#website"},"datePublished":"2023-06-01T07:30:12+00:00","dateModified":"2023-06-01T07:30:12+00:00","breadcrumb":{"@id":"https:\/\/permbledhja.com\/sq\/svecla-protestuesve-ne-veri-iu-eshte-bere-thirrje-per-vrasjen-e-pjesetareve-te-policise-se-kosoves\/#breadcrumb"},"inLanguage":"sq","potentialAction":[{"@type":"ReadAction","target":["https:\/\/permbledhja.com\/sq\/svecla-protestuesve-ne-veri-iu-eshte-bere-thirrje-per-vrasjen-e-pjesetareve-te-policise-se-kosoves\/"]}]},{"@type":"BreadcrumbList","@id":"https:\/\/permbledhja.com\/sq\/svecla-protestuesve-ne-veri-iu-eshte-bere-thirrje-per-vrasjen-e-pjesetareve-te-policise-se-kosoves\/#breadcrumb","itemListElement":[{"@type":"ListItem","position":1,"name":"Ballina","item":"https:\/\/permbledhja.com\/sq\/"},{"@type":"ListItem","position":2,"name":"Sve\u00e7la: Protestuesve n\u00eb veri iu \u00ebsht\u00eb b\u00ebr\u00eb thirrje p\u00ebr vrasjen e pjes\u00ebtar\u00ebve t\u00eb Policis\u00eb s\u00eb Kosov\u00ebs"}]},{"@type":"WebSite","@id":"https:\/\/permbledhja.com\/#website","url":"https:\/\/permbledhja.com\/","name":"Ve\u00e7 artikuj p\u00ebrmbledh\u00ebs","description":"","publisher":{"@id":"https:\/\/permbledhja.com\/#organization"},"potentialAction":[{"@type":"SearchAction","target":{"@type":"EntryPoint","urlTemplate":"https:\/\/permbledhja.com\/?s={search_term_string}"},"query-input":"required name=search_term_string"}],"inLanguage":"sq"},{"@type":"Organization","@id":"https:\/\/permbledhja.com\/#organization","name":"MK Media & Pr","url":"https:\/\/permbledhja.com\/","logo":{"@type":"ImageObject","inLanguage":"sq","@id":"https:\/\/permbledhja.com\/#\/schema\/logo\/image\/","url":"https:\/\/permbledhja.com\/wp-content\/uploads\/2021\/12\/07-Press-Logo.jpg","contentUrl":"https:\/\/permbledhja.com\/wp-content\/uploads\/2021\/12\/07-Press-Logo.jpg","width":512,"height":512,"caption":"MK Media & Pr"},"image":{"@id":"https:\/\/permbledhja.com\/#\/schema\/logo\/image\/"},"sameAs":["https:\/\/www.facebook.com\/press07\/"]},{"@type":"Person","@id":"https:\/\/permbledhja.com\/#\/schema\/person\/0d064377258d3221e50693947b9eb4fe","name":"P\u00ebrmbledhja","image":{"@type":"ImageObject","inLanguage":"sq","@id":"https:\/\/permbledhja.com\/#\/schema\/person\/image\/","url":"https:\/\/permbledhja.com\/wp-content\/uploads\/2026\/01\/452004717_1040944174702970_8932037511805513407_n-96x96.jpg","contentUrl":"https:\/\/permbledhja.com\/wp-content\/uploads\/2026\/01\/452004717_1040944174702970_8932037511805513407_n-96x96.jpg","caption":"P\u00ebrmbledhja"},"sameAs":["https:\/\/www.facebook.com\/kafexhiu.muharrem\/","https:\/\/www.instagram.com\/muharrem_kafexhiu\/"],"url":"https:\/\/permbledhja.com\/sq\/author\/admin\/"}]}},"_links":{"self":[{"href":"https:\/\/permbledhja.com\/sq\/wp-json\/wp\/v2\/posts\/15425"}],"collection":[{"href":"https:\/\/permbledhja.com\/sq\/wp-json\/wp\/v2\/posts"}],"about":[{"href":"https:\/\/permbledhja.com\/sq\/wp-json\/wp\/v2\/types\/post"}],"author":[{"embeddable":true,"href":"https:\/\/permbledhja.com\/sq\/wp-json\/wp\/v2\/users\/1"}],"replies":[{"embeddable":true,"href":"https:\/\/permbledhja.com\/sq\/wp-json\/wp\/v2\/comments?post=15425"}],"version-history":[{"count":1,"href":"https:\/\/permbledhja.com\/sq\/wp-json\/wp\/v2\/posts\/15425\/revisions"}],"predecessor-version":[{"id":15427,"href":"https:\/\/permbledhja.com\/sq\/wp-json\/wp\/v2\/posts\/15425\/revisions\/15427"}],"wp:featuredmedia":[{"embeddable":true,"href":"https:\/\/permbledhja.com\/sq\/wp-json\/wp\/v2\/media\/15426"}],"wp:attachment":[{"href":"https:\/\/permbledhja.com\/sq\/wp-json\/wp\/v2\/media?parent=15425"}],"wp:term":[{"taxonomy":"category","embeddable":true,"href":"https:\/\/permbledhja.com\/sq\/wp-json\/wp\/v2\/categories?post=15425"},{"taxonomy":"post_tag","embeddable":true,"href":"https:\/\/permbledhja.com\/sq\/wp-json\/wp\/v2\/tags?post=15425"}],"curies":[{"name":"wp","href":"https:\/\/api.w.org\/{rel}","templated":true}]}}