{"id":15311,"date":"2023-05-29T17:23:33","date_gmt":"2023-05-29T17:23:33","guid":{"rendered":"https:\/\/permbledhja.com\/?p=15311"},"modified":"2023-05-29T17:28:37","modified_gmt":"2023-05-29T17:28:37","slug":"2drejtori-i-spitalit-ne-mitrovice-me-shume-se-53-te-ienduar-nje-ne-rrezik-per-jeten","status":"publish","type":"post","link":"https:\/\/permbledhja.com\/sq\/2drejtori-i-spitalit-ne-mitrovice-me-shume-se-53-te-ienduar-nje-ne-rrezik-per-jeten\/","title":{"rendered":"Drejtori i Spitalit n\u00eb Mitrovic\u00eb: M\u00eb shum\u00eb se 53 t\u00eb I\u00ebnduar, nj\u00eb n\u00eb rrezik p\u00ebr jet\u00ebn"},"content":{"rendered":"<h3>Drejtori i Spitalit t\u00eb Mitrovic\u00ebs Veriore, Zlatan Elek ka th\u00ebn\u00eb se m\u00eb shum\u00eb se 53 qytetar\u00eb jan\u00eb I\u00ebnduar sot nga shok-bombat e gazi lotsjell\u00ebs gjat\u00eb protestave n\u00eb veri.<\/h3>\n<p>Sipas tij, tre t\u00eb I\u00ebnduar po mbahen n\u00eb spital dhe nj\u00ebri nga ta ka I\u00ebndime q\u00eb rrezikojn\u00eb jet\u00eb.<\/p>\n<p>Mediat serbe kan\u00eb raportuar se ka pasur shum\u00eb serb\u00eb t\u00eb I\u00ebnduar, t\u00eb cilat jan\u00eb trajtuar n\u00eb Qendr\u00ebn Mjek\u00ebsore n\u00eb Zve\u00e7an dhe se ata me l\u00ebndime m\u00eb t\u00eb r\u00ebnda jan\u00eb d\u00ebrguar p\u00ebr trajtim t\u00eb m\u00ebtutjesh\u00ebm n\u00eb spitalin e Mitrovic\u00ebs.<\/p>\n<p>Po ashtu, b\u00ebhet e e ditur se mes t\u00eb I\u00ebnduarve \u00ebsht\u00eb edhe nj\u00eb gazetar i agjencis\u00eb serbe t\u00eb lajmeve Tanjug, transmeton Gazeta Express.<\/p>\n<p>Prania e KFOR-it n\u00eb Zve\u00e7an dhe Leposaviq \u00ebsht\u00eb rritur ndjesh\u00ebm nga m\u00ebngjesi i sotsh\u00ebm.<\/p>\n<p>T\u00eb I\u00ebnduar ka edhe ushtar\u00eb t\u00eb KFOR-it.<\/p>\n<p>Ministri i Jasht\u00ebm i Italis\u00eb, Antonio Tajani, ka th\u00ebn\u00eb se sot jan\u00eb I\u00ebnduar 11 ushtar\u00eb t\u00eb KFOR-it italian, prej t\u00eb cil\u00ebve 3 me l\u00ebndime t\u00eb r\u00ebnda, por pa rrezik p\u00ebr jet\u00ebt e tyre.<\/p>\n","protected":false},"excerpt":{"rendered":"<p>Drejtori i Spitalit t\u00eb Mitrovic\u00ebs Veriore, Zlatan Elek ka th\u00ebn\u00eb se m\u00eb shum\u00eb se 53 qytetar\u00eb jan\u00eb I\u00ebnduar sot nga shok-bombat e gazi lotsjell\u00ebs gjat\u00eb protestave n\u00eb veri. Sipas tij, tre t\u00eb I\u00ebnduar po mbahen n\u00eb spital dhe nj\u00ebri nga ta ka I\u00ebndime q\u00eb rrezikojn\u00eb jet\u00eb. Mediat serbe kan\u00eb raportuar se ka pasur shum\u00eb serb\u00eb [&hellip;]<\/p>\n","protected":false},"author":1,"featured_media":15313,"comment_status":"closed","ping_status":"closed","sticky":false,"template":"","format":"standard","meta":{"_monsterinsights_skip_tracking":false,"_monsterinsights_sitenote_active":false,"_monsterinsights_sitenote_note":"","_monsterinsights_sitenote_category":0,"_uf_show_specific_survey":0,"_uf_disable_surveys":false,"footnotes":""},"categories":[1146],"tags":[1833],"yoast_head":"<!-- This site is optimized with the Yoast SEO plugin v21.5 - https:\/\/yoast.com\/wordpress\/plugins\/seo\/ -->\n<title>Drejtori i Spitalit n\u00eb Mitrovic\u00eb: M\u00eb shum\u00eb se 53 t\u00eb I\u00ebnduar, nj\u00eb n\u00eb rrezik p\u00ebr jet\u00ebn<\/title>\n<meta name=\"robots\" content=\"index, follow, max-snippet:-1, max-image-preview:large, max-video-preview:-1\" \/>\n<link rel=\"canonical\" href=\"https:\/\/permbledhja.com\/sq\/2drejtori-i-spitalit-ne-mitrovice-me-shume-se-53-te-ienduar-nje-ne-rrezik-per-jeten\/\" \/>\n<meta property=\"og:locale\" content=\"sq_AL\" \/>\n<meta property=\"og:type\" content=\"article\" \/>\n<meta property=\"og:title\" content=\"Drejtori i Spitalit n\u00eb Mitrovic\u00eb: M\u00eb shum\u00eb se 53 t\u00eb I\u00ebnduar, nj\u00eb n\u00eb rrezik p\u00ebr jet\u00ebn\" \/>\n<meta property=\"og:description\" content=\"Drejtori i Spitalit t\u00eb Mitrovic\u00ebs Veriore, Zlatan Elek ka th\u00ebn\u00eb se m\u00eb shum\u00eb se 53 qytetar\u00eb jan\u00eb I\u00ebnduar sot nga shok-bombat e gazi lotsjell\u00ebs gjat\u00eb protestave n\u00eb veri. Sipas tij, tre t\u00eb I\u00ebnduar po mbahen n\u00eb spital dhe nj\u00ebri nga ta ka I\u00ebndime q\u00eb rrezikojn\u00eb jet\u00eb. Mediat serbe kan\u00eb raportuar se ka pasur shum\u00eb serb\u00eb [&hellip;]\" \/>\n<meta property=\"og:url\" content=\"https:\/\/permbledhja.com\/sq\/2drejtori-i-spitalit-ne-mitrovice-me-shume-se-53-te-ienduar-nje-ne-rrezik-per-jeten\/\" \/>\n<meta property=\"og:site_name\" content=\"Ve\u00e7 artikuj p\u00ebrmbledh\u00ebs\" \/>\n<meta property=\"article:publisher\" content=\"https:\/\/www.facebook.com\/press07\/\" \/>\n<meta property=\"article:author\" content=\"https:\/\/www.facebook.com\/kafexhiu.muharrem\/\" \/>\n<meta property=\"article:published_time\" content=\"2023-05-29T17:23:33+00:00\" \/>\n<meta property=\"article:modified_time\" content=\"2023-05-29T17:28:37+00:00\" \/>\n<meta property=\"og:image\" content=\"https:\/\/permbledhja.com\/wp-content\/uploads\/2023\/05\/foto-arrestime-600x360-1.webp\" \/>\n\t<meta property=\"og:image:width\" content=\"600\" \/>\n\t<meta property=\"og:image:height\" content=\"360\" \/>\n\t<meta property=\"og:image:type\" content=\"image\/webp\" \/>\n<meta name=\"author\" content=\"P\u00ebrmbledhja\" \/>\n<meta name=\"twitter:card\" content=\"summary_large_image\" \/>\n<meta name=\"twitter:label1\" content=\"Written by\" \/>\n\t<meta name=\"twitter:data1\" content=\"P\u00ebrmbledhja\" \/>\n\t<meta name=\"twitter:label2\" content=\"Est. reading time\" \/>\n\t<meta name=\"twitter:data2\" content=\"1 minut\u00eb\" \/>\n<script type=\"application\/ld+json\" class=\"yoast-schema-graph\">{\"@context\":\"https:\/\/schema.org\",\"@graph\":[{\"@type\":\"Article\",\"@id\":\"https:\/\/permbledhja.com\/2drejtori-i-spitalit-ne-mitrovice-me-shume-se-53-te-ienduar-nje-ne-rrezik-per-jeten\/#article\",\"isPartOf\":{\"@id\":\"https:\/\/permbledhja.com\/2drejtori-i-spitalit-ne-mitrovice-me-shume-se-53-te-ienduar-nje-ne-rrezik-per-jeten\/\"},\"author\":{\"name\":\"P\u00ebrmbledhja\",\"@id\":\"https:\/\/permbledhja.com\/#\/schema\/person\/0d064377258d3221e50693947b9eb4fe\"},\"headline\":\"Drejtori i Spitalit n\u00eb Mitrovic\u00eb: M\u00eb shum\u00eb se 53 t\u00eb I\u00ebnduar, nj\u00eb n\u00eb rrezik p\u00ebr jet\u00ebn\",\"datePublished\":\"2023-05-29T17:23:33+00:00\",\"dateModified\":\"2023-05-29T17:28:37+00:00\",\"mainEntityOfPage\":{\"@id\":\"https:\/\/permbledhja.com\/2drejtori-i-spitalit-ne-mitrovice-me-shume-se-53-te-ienduar-nje-ne-rrezik-per-jeten\/\"},\"wordCount\":209,\"publisher\":{\"@id\":\"https:\/\/permbledhja.com\/#organization\"},\"keywords\":[\"Policia e Kosov\u00ebs n\u00eb veri\"],\"articleSection\":[\"Kryesoret\"],\"inLanguage\":\"sq\"},{\"@type\":\"WebPage\",\"@id\":\"https:\/\/permbledhja.com\/2drejtori-i-spitalit-ne-mitrovice-me-shume-se-53-te-ienduar-nje-ne-rrezik-per-jeten\/\",\"url\":\"https:\/\/permbledhja.com\/2drejtori-i-spitalit-ne-mitrovice-me-shume-se-53-te-ienduar-nje-ne-rrezik-per-jeten\/\",\"name\":\"Drejtori i Spitalit n\u00eb Mitrovic\u00eb: M\u00eb shum\u00eb se 53 t\u00eb I\u00ebnduar, nj\u00eb n\u00eb rrezik p\u00ebr jet\u00ebn\",\"isPartOf\":{\"@id\":\"https:\/\/permbledhja.com\/#website\"},\"datePublished\":\"2023-05-29T17:23:33+00:00\",\"dateModified\":\"2023-05-29T17:28:37+00:00\",\"breadcrumb\":{\"@id\":\"https:\/\/permbledhja.com\/2drejtori-i-spitalit-ne-mitrovice-me-shume-se-53-te-ienduar-nje-ne-rrezik-per-jeten\/#breadcrumb\"},\"inLanguage\":\"sq\",\"potentialAction\":[{\"@type\":\"ReadAction\",\"target\":[\"https:\/\/permbledhja.com\/2drejtori-i-spitalit-ne-mitrovice-me-shume-se-53-te-ienduar-nje-ne-rrezik-per-jeten\/\"]}]},{\"@type\":\"BreadcrumbList\",\"@id\":\"https:\/\/permbledhja.com\/2drejtori-i-spitalit-ne-mitrovice-me-shume-se-53-te-ienduar-nje-ne-rrezik-per-jeten\/#breadcrumb\",\"itemListElement\":[{\"@type\":\"ListItem\",\"position\":1,\"name\":\"Ballina\",\"item\":\"https:\/\/permbledhja.com\/sq\/\"},{\"@type\":\"ListItem\",\"position\":2,\"name\":\"Drejtori i Spitalit n\u00eb Mitrovic\u00eb: M\u00eb shum\u00eb se 53 t\u00eb I\u00ebnduar, nj\u00eb n\u00eb rrezik p\u00ebr jet\u00ebn\"}]},{\"@type\":\"WebSite\",\"@id\":\"https:\/\/permbledhja.com\/#website\",\"url\":\"https:\/\/permbledhja.com\/\",\"name\":\"Ve\u00e7 artikuj p\u00ebrmbledh\u00ebs\",\"description\":\"\",\"publisher\":{\"@id\":\"https:\/\/permbledhja.com\/#organization\"},\"potentialAction\":[{\"@type\":\"SearchAction\",\"target\":{\"@type\":\"EntryPoint\",\"urlTemplate\":\"https:\/\/permbledhja.com\/?s={search_term_string}\"},\"query-input\":\"required name=search_term_string\"}],\"inLanguage\":\"sq\"},{\"@type\":\"Organization\",\"@id\":\"https:\/\/permbledhja.com\/#organization\",\"name\":\"MK Media & Pr\",\"url\":\"https:\/\/permbledhja.com\/\",\"logo\":{\"@type\":\"ImageObject\",\"inLanguage\":\"sq\",\"@id\":\"https:\/\/permbledhja.com\/#\/schema\/logo\/image\/\",\"url\":\"https:\/\/permbledhja.com\/wp-content\/uploads\/2021\/12\/07-Press-Logo.jpg\",\"contentUrl\":\"https:\/\/permbledhja.com\/wp-content\/uploads\/2021\/12\/07-Press-Logo.jpg\",\"width\":512,\"height\":512,\"caption\":\"MK Media & Pr\"},\"image\":{\"@id\":\"https:\/\/permbledhja.com\/#\/schema\/logo\/image\/\"},\"sameAs\":[\"https:\/\/www.facebook.com\/press07\/\"]},{\"@type\":\"Person\",\"@id\":\"https:\/\/permbledhja.com\/#\/schema\/person\/0d064377258d3221e50693947b9eb4fe\",\"name\":\"P\u00ebrmbledhja\",\"image\":{\"@type\":\"ImageObject\",\"inLanguage\":\"sq\",\"@id\":\"https:\/\/permbledhja.com\/#\/schema\/person\/image\/\",\"url\":\"https:\/\/permbledhja.com\/wp-content\/uploads\/2026\/01\/452004717_1040944174702970_8932037511805513407_n-96x96.jpg\",\"contentUrl\":\"https:\/\/permbledhja.com\/wp-content\/uploads\/2026\/01\/452004717_1040944174702970_8932037511805513407_n-96x96.jpg\",\"caption\":\"P\u00ebrmbledhja\"},\"sameAs\":[\"https:\/\/www.facebook.com\/kafexhiu.muharrem\/\",\"https:\/\/www.instagram.com\/muharrem_kafexhiu\/\"],\"url\":\"https:\/\/permbledhja.com\/sq\/author\/admin\/\"}]}<\/script>\n<!-- \/ Yoast SEO plugin. -->","yoast_head_json":{"title":"Drejtori i Spitalit n\u00eb Mitrovic\u00eb: M\u00eb shum\u00eb se 53 t\u00eb I\u00ebnduar, nj\u00eb n\u00eb rrezik p\u00ebr jet\u00ebn","robots":{"index":"index","follow":"follow","max-snippet":"max-snippet:-1","max-image-preview":"max-image-preview:large","max-video-preview":"max-video-preview:-1"},"canonical":"https:\/\/permbledhja.com\/sq\/2drejtori-i-spitalit-ne-mitrovice-me-shume-se-53-te-ienduar-nje-ne-rrezik-per-jeten\/","og_locale":"sq_AL","og_type":"article","og_title":"Drejtori i Spitalit n\u00eb Mitrovic\u00eb: M\u00eb shum\u00eb se 53 t\u00eb I\u00ebnduar, nj\u00eb n\u00eb rrezik p\u00ebr jet\u00ebn","og_description":"Drejtori i Spitalit t\u00eb Mitrovic\u00ebs Veriore, Zlatan Elek ka th\u00ebn\u00eb se m\u00eb shum\u00eb se 53 qytetar\u00eb jan\u00eb I\u00ebnduar sot nga shok-bombat e gazi lotsjell\u00ebs gjat\u00eb protestave n\u00eb veri. Sipas tij, tre t\u00eb I\u00ebnduar po mbahen n\u00eb spital dhe nj\u00ebri nga ta ka I\u00ebndime q\u00eb rrezikojn\u00eb jet\u00eb. Mediat serbe kan\u00eb raportuar se ka pasur shum\u00eb serb\u00eb [&hellip;]","og_url":"https:\/\/permbledhja.com\/sq\/2drejtori-i-spitalit-ne-mitrovice-me-shume-se-53-te-ienduar-nje-ne-rrezik-per-jeten\/","og_site_name":"Ve\u00e7 artikuj p\u00ebrmbledh\u00ebs","article_publisher":"https:\/\/www.facebook.com\/press07\/","article_author":"https:\/\/www.facebook.com\/kafexhiu.muharrem\/","article_published_time":"2023-05-29T17:23:33+00:00","article_modified_time":"2023-05-29T17:28:37+00:00","og_image":[{"width":600,"height":360,"url":"https:\/\/permbledhja.com\/wp-content\/uploads\/2023\/05\/foto-arrestime-600x360-1.webp","type":"image\/webp"}],"author":"P\u00ebrmbledhja","twitter_card":"summary_large_image","twitter_misc":{"Written by":"P\u00ebrmbledhja","Est. reading time":"1 minut\u00eb"},"schema":{"@context":"https:\/\/schema.org","@graph":[{"@type":"Article","@id":"https:\/\/permbledhja.com\/2drejtori-i-spitalit-ne-mitrovice-me-shume-se-53-te-ienduar-nje-ne-rrezik-per-jeten\/#article","isPartOf":{"@id":"https:\/\/permbledhja.com\/2drejtori-i-spitalit-ne-mitrovice-me-shume-se-53-te-ienduar-nje-ne-rrezik-per-jeten\/"},"author":{"name":"P\u00ebrmbledhja","@id":"https:\/\/permbledhja.com\/#\/schema\/person\/0d064377258d3221e50693947b9eb4fe"},"headline":"Drejtori i Spitalit n\u00eb Mitrovic\u00eb: M\u00eb shum\u00eb se 53 t\u00eb I\u00ebnduar, nj\u00eb n\u00eb rrezik p\u00ebr jet\u00ebn","datePublished":"2023-05-29T17:23:33+00:00","dateModified":"2023-05-29T17:28:37+00:00","mainEntityOfPage":{"@id":"https:\/\/permbledhja.com\/2drejtori-i-spitalit-ne-mitrovice-me-shume-se-53-te-ienduar-nje-ne-rrezik-per-jeten\/"},"wordCount":209,"publisher":{"@id":"https:\/\/permbledhja.com\/#organization"},"keywords":["Policia e Kosov\u00ebs n\u00eb veri"],"articleSection":["Kryesoret"],"inLanguage":"sq"},{"@type":"WebPage","@id":"https:\/\/permbledhja.com\/2drejtori-i-spitalit-ne-mitrovice-me-shume-se-53-te-ienduar-nje-ne-rrezik-per-jeten\/","url":"https:\/\/permbledhja.com\/2drejtori-i-spitalit-ne-mitrovice-me-shume-se-53-te-ienduar-nje-ne-rrezik-per-jeten\/","name":"Drejtori i Spitalit n\u00eb Mitrovic\u00eb: M\u00eb shum\u00eb se 53 t\u00eb I\u00ebnduar, nj\u00eb n\u00eb rrezik p\u00ebr jet\u00ebn","isPartOf":{"@id":"https:\/\/permbledhja.com\/#website"},"datePublished":"2023-05-29T17:23:33+00:00","dateModified":"2023-05-29T17:28:37+00:00","breadcrumb":{"@id":"https:\/\/permbledhja.com\/2drejtori-i-spitalit-ne-mitrovice-me-shume-se-53-te-ienduar-nje-ne-rrezik-per-jeten\/#breadcrumb"},"inLanguage":"sq","potentialAction":[{"@type":"ReadAction","target":["https:\/\/permbledhja.com\/2drejtori-i-spitalit-ne-mitrovice-me-shume-se-53-te-ienduar-nje-ne-rrezik-per-jeten\/"]}]},{"@type":"BreadcrumbList","@id":"https:\/\/permbledhja.com\/2drejtori-i-spitalit-ne-mitrovice-me-shume-se-53-te-ienduar-nje-ne-rrezik-per-jeten\/#breadcrumb","itemListElement":[{"@type":"ListItem","position":1,"name":"Ballina","item":"https:\/\/permbledhja.com\/sq\/"},{"@type":"ListItem","position":2,"name":"Drejtori i Spitalit n\u00eb Mitrovic\u00eb: M\u00eb shum\u00eb se 53 t\u00eb I\u00ebnduar, nj\u00eb n\u00eb rrezik p\u00ebr jet\u00ebn"}]},{"@type":"WebSite","@id":"https:\/\/permbledhja.com\/#website","url":"https:\/\/permbledhja.com\/","name":"Ve\u00e7 artikuj p\u00ebrmbledh\u00ebs","description":"","publisher":{"@id":"https:\/\/permbledhja.com\/#organization"},"potentialAction":[{"@type":"SearchAction","target":{"@type":"EntryPoint","urlTemplate":"https:\/\/permbledhja.com\/?s={search_term_string}"},"query-input":"required name=search_term_string"}],"inLanguage":"sq"},{"@type":"Organization","@id":"https:\/\/permbledhja.com\/#organization","name":"MK Media & Pr","url":"https:\/\/permbledhja.com\/","logo":{"@type":"ImageObject","inLanguage":"sq","@id":"https:\/\/permbledhja.com\/#\/schema\/logo\/image\/","url":"https:\/\/permbledhja.com\/wp-content\/uploads\/2021\/12\/07-Press-Logo.jpg","contentUrl":"https:\/\/permbledhja.com\/wp-content\/uploads\/2021\/12\/07-Press-Logo.jpg","width":512,"height":512,"caption":"MK Media & Pr"},"image":{"@id":"https:\/\/permbledhja.com\/#\/schema\/logo\/image\/"},"sameAs":["https:\/\/www.facebook.com\/press07\/"]},{"@type":"Person","@id":"https:\/\/permbledhja.com\/#\/schema\/person\/0d064377258d3221e50693947b9eb4fe","name":"P\u00ebrmbledhja","image":{"@type":"ImageObject","inLanguage":"sq","@id":"https:\/\/permbledhja.com\/#\/schema\/person\/image\/","url":"https:\/\/permbledhja.com\/wp-content\/uploads\/2026\/01\/452004717_1040944174702970_8932037511805513407_n-96x96.jpg","contentUrl":"https:\/\/permbledhja.com\/wp-content\/uploads\/2026\/01\/452004717_1040944174702970_8932037511805513407_n-96x96.jpg","caption":"P\u00ebrmbledhja"},"sameAs":["https:\/\/www.facebook.com\/kafexhiu.muharrem\/","https:\/\/www.instagram.com\/muharrem_kafexhiu\/"],"url":"https:\/\/permbledhja.com\/sq\/author\/admin\/"}]}},"_links":{"self":[{"href":"https:\/\/permbledhja.com\/sq\/wp-json\/wp\/v2\/posts\/15311"}],"collection":[{"href":"https:\/\/permbledhja.com\/sq\/wp-json\/wp\/v2\/posts"}],"about":[{"href":"https:\/\/permbledhja.com\/sq\/wp-json\/wp\/v2\/types\/post"}],"author":[{"embeddable":true,"href":"https:\/\/permbledhja.com\/sq\/wp-json\/wp\/v2\/users\/1"}],"replies":[{"embeddable":true,"href":"https:\/\/permbledhja.com\/sq\/wp-json\/wp\/v2\/comments?post=15311"}],"version-history":[{"count":1,"href":"https:\/\/permbledhja.com\/sq\/wp-json\/wp\/v2\/posts\/15311\/revisions"}],"predecessor-version":[{"id":15312,"href":"https:\/\/permbledhja.com\/sq\/wp-json\/wp\/v2\/posts\/15311\/revisions\/15312"}],"wp:featuredmedia":[{"embeddable":true,"href":"https:\/\/permbledhja.com\/sq\/wp-json\/wp\/v2\/media\/15313"}],"wp:attachment":[{"href":"https:\/\/permbledhja.com\/sq\/wp-json\/wp\/v2\/media?parent=15311"}],"wp:term":[{"taxonomy":"category","embeddable":true,"href":"https:\/\/permbledhja.com\/sq\/wp-json\/wp\/v2\/categories?post=15311"},{"taxonomy":"post_tag","embeddable":true,"href":"https:\/\/permbledhja.com\/sq\/wp-json\/wp\/v2\/tags?post=15311"}],"curies":[{"name":"wp","href":"https:\/\/api.w.org\/{rel}","templated":true}]}}