{"id":15251,"date":"2023-05-29T06:49:34","date_gmt":"2023-05-29T06:49:34","guid":{"rendered":"https:\/\/permbledhja.com\/?p=15251"},"modified":"2023-05-29T06:49:34","modified_gmt":"2023-05-29T06:49:34","slug":"kurti-borrellit-kryetaret-ne-veri-do-tu-sherbejne-te-gjitheve","status":"publish","type":"post","link":"https:\/\/permbledhja.com\/sq\/kurti-borrellit-kryetaret-ne-veri-do-tu-sherbejne-te-gjitheve\/","title":{"rendered":"Kurti &#8211; Borrellit: Kryetar\u00ebt n\u00eb veri do t\u2019u sh\u00ebrbejn\u00eb t\u00eb gjith\u00ebve"},"content":{"rendered":"<p>Pak pas mesnat\u00ebs Kryeministri i Kosov\u00ebs, Albin Kurti, ka zhvilluar bised\u00eb telefonike me shefin e diplomacis\u00eb evropiane, Josep Borrell, t\u00eb cilit i ka \u201ctheksuar\u201d se kryetar\u00ebt e rinj t\u00eb zgjedhur n\u00eb kat\u00ebr komunat t\u00eb banuara me shumic\u00eb serbe \u201cdo t\u00eb kryejn\u00eb sh\u00ebrbime p\u00ebr t\u00eb gjith\u00eb qytetar\u00ebt\u201d k\u00ebshtu duke l\u00ebn\u00eb t\u00eb kuptoj\u00eb se nuk do t\u00eb nd\u00ebrroj\u00eb kurs karshi trazirave t\u00eb shkaktuara nga pak\u00ebnaq\u00ebsia e popullat\u00ebs lokale atje q\u00eb \u00ebsht\u00eb tubuar edhe m\u00ebngjesin e sot\u00ebm.<\/p>\n<p>\u201cPata bised\u00eb telefonike me P\u00ebrfaq\u00ebsuesin e Lart\u00eb t\u00eb Bashkimit Evropian, Josep Borrell, n\u00eb lidhje me \u00e7\u00ebshtjet aktuale n\u00eb kat\u00ebr komunat verirore. Ia theksova at\u00eb q\u00eb kryetar\u00ebt e rinj do t\u00eb sigurojn\u00eb sh\u00ebrbime p\u00ebr t\u00eb gjith\u00eb qytetar\u00ebt. E r\u00ebnd\u00ebsishme \u00ebsht\u00eb t\u00eb intensifikojm\u00eb dialogun p\u00ebr zbatimin e plot\u00eb t\u00eb Marr\u00ebveshjes Baz\u00eb\u201d, ka shkruar Kurti n\u00eb Twitter.<\/p>\n<p><img loading=\"lazy\" decoding=\"async\" src=\"https:\/\/permbledhja.com\/wp-content\/uploads\/2023\/05\/2577F9D9-035F-432B-BE74-0A9FAC4D068A.jpeg\" alt=\"\" width=\"1284\" height=\"1134\" class=\"alignnone size-full wp-image-15253\" srcset=\"https:\/\/permbledhja.com\/wp-content\/uploads\/2023\/05\/2577F9D9-035F-432B-BE74-0A9FAC4D068A.jpeg 1284w, https:\/\/permbledhja.com\/wp-content\/uploads\/2023\/05\/2577F9D9-035F-432B-BE74-0A9FAC4D068A-300x265.jpeg 300w, https:\/\/permbledhja.com\/wp-content\/uploads\/2023\/05\/2577F9D9-035F-432B-BE74-0A9FAC4D068A-1024x904.jpeg 1024w, https:\/\/permbledhja.com\/wp-content\/uploads\/2023\/05\/2577F9D9-035F-432B-BE74-0A9FAC4D068A-768x678.jpeg 768w, https:\/\/permbledhja.com\/wp-content\/uploads\/2023\/05\/2577F9D9-035F-432B-BE74-0A9FAC4D068A-14x12.jpeg 14w\" sizes=\"(max-width: 1284px) 100vw, 1284px\" \/><\/p>\n<p>Kujtojm\u00eb se dit\u00ebn e djeshme kryediplomati Borrell i k\u00ebrkoi Albin Kurtit \u201ct\u00eb deeskaloj\u00eb situat\u00ebn\u201d n\u00eb nj\u00eb bised\u00eb me Sekretarin Gjeneral t\u00eb NATO\u2019s, Jens Stoltenberg.<\/p>\n<p>\u201cMe Stoltenbergun u pajtuam q\u00eb Prishtina duhet t\u00eb dep\u00ebrshkalll\u00ebzoj\u00eb situat\u00ebn dhe t\u00eb mos merr vendime t\u00eb nj\u00ebanshme dhe destabilizuese\u201d, than\u00eb Borrell dhe Stoltenberg.<\/p>\n<p><img loading=\"lazy\" decoding=\"async\" src=\"https:\/\/permbledhja.com\/wp-content\/uploads\/2023\/05\/CC1D7C8A-4E19-4A44-BF83-3F1E34FE849C.jpeg\" alt=\"\" width=\"1284\" height=\"1239\" class=\"alignnone size-full wp-image-15254\" srcset=\"https:\/\/permbledhja.com\/wp-content\/uploads\/2023\/05\/CC1D7C8A-4E19-4A44-BF83-3F1E34FE849C.jpeg 1284w, https:\/\/permbledhja.com\/wp-content\/uploads\/2023\/05\/CC1D7C8A-4E19-4A44-BF83-3F1E34FE849C-300x289.jpeg 300w, https:\/\/permbledhja.com\/wp-content\/uploads\/2023\/05\/CC1D7C8A-4E19-4A44-BF83-3F1E34FE849C-1024x988.jpeg 1024w, https:\/\/permbledhja.com\/wp-content\/uploads\/2023\/05\/CC1D7C8A-4E19-4A44-BF83-3F1E34FE849C-768x741.jpeg 768w, https:\/\/permbledhja.com\/wp-content\/uploads\/2023\/05\/CC1D7C8A-4E19-4A44-BF83-3F1E34FE849C-12x12.jpeg 12w\" sizes=\"(max-width: 1284px) 100vw, 1284px\" \/><\/p>\n","protected":false},"excerpt":{"rendered":"<p>Pak pas mesnat\u00ebs Kryeministri i Kosov\u00ebs, Albin Kurti, ka zhvilluar bised\u00eb telefonike me shefin e diplomacis\u00eb evropiane, Josep Borrell, t\u00eb cilit i ka \u201ctheksuar\u201d se kryetar\u00ebt e rinj t\u00eb zgjedhur n\u00eb kat\u00ebr komunat t\u00eb banuara me shumic\u00eb serbe \u201cdo t\u00eb kryejn\u00eb sh\u00ebrbime p\u00ebr t\u00eb gjith\u00eb qytetar\u00ebt\u201d k\u00ebshtu duke l\u00ebn\u00eb t\u00eb kuptoj\u00eb se nuk do t\u00eb [&hellip;]<\/p>\n","protected":false},"author":1,"featured_media":15252,"comment_status":"closed","ping_status":"closed","sticky":false,"template":"","format":"standard","meta":{"_monsterinsights_skip_tracking":false,"_monsterinsights_sitenote_active":false,"_monsterinsights_sitenote_note":"","_monsterinsights_sitenote_category":0,"_uf_show_specific_survey":0,"_uf_disable_surveys":false,"footnotes":""},"categories":[1],"tags":[818,45],"yoast_head":"<!-- This site is optimized with the Yoast SEO plugin v21.5 - https:\/\/yoast.com\/wordpress\/plugins\/seo\/ -->\n<title>Kurti - Borrellit: Kryetar\u00ebt n\u00eb veri do t\u2019u sh\u00ebrbejn\u00eb t\u00eb gjith\u00ebve<\/title>\n<meta name=\"robots\" content=\"index, follow, max-snippet:-1, max-image-preview:large, max-video-preview:-1\" \/>\n<link rel=\"canonical\" href=\"https:\/\/permbledhja.com\/sq\/kurti-borrellit-kryetaret-ne-veri-do-tu-sherbejne-te-gjitheve\/\" \/>\n<meta property=\"og:locale\" content=\"sq_AL\" \/>\n<meta property=\"og:type\" content=\"article\" \/>\n<meta property=\"og:title\" content=\"Kurti - Borrellit: Kryetar\u00ebt n\u00eb veri do t\u2019u sh\u00ebrbejn\u00eb t\u00eb gjith\u00ebve\" \/>\n<meta property=\"og:description\" content=\"Pak pas mesnat\u00ebs Kryeministri i Kosov\u00ebs, Albin Kurti, ka zhvilluar bised\u00eb telefonike me shefin e diplomacis\u00eb evropiane, Josep Borrell, t\u00eb cilit i ka \u201ctheksuar\u201d se kryetar\u00ebt e rinj t\u00eb zgjedhur n\u00eb kat\u00ebr komunat t\u00eb banuara me shumic\u00eb serbe \u201cdo t\u00eb kryejn\u00eb sh\u00ebrbime p\u00ebr t\u00eb gjith\u00eb qytetar\u00ebt\u201d k\u00ebshtu duke l\u00ebn\u00eb t\u00eb kuptoj\u00eb se nuk do t\u00eb [&hellip;]\" \/>\n<meta property=\"og:url\" content=\"https:\/\/permbledhja.com\/sq\/kurti-borrellit-kryetaret-ne-veri-do-tu-sherbejne-te-gjitheve\/\" \/>\n<meta property=\"og:site_name\" content=\"Ve\u00e7 artikuj p\u00ebrmbledh\u00ebs\" \/>\n<meta property=\"article:publisher\" content=\"https:\/\/www.facebook.com\/press07\/\" \/>\n<meta property=\"article:author\" content=\"https:\/\/www.facebook.com\/kafexhiu.muharrem\/\" \/>\n<meta property=\"article:published_time\" content=\"2023-05-29T06:49:34+00:00\" \/>\n<meta property=\"og:image\" content=\"https:\/\/permbledhja.com\/wp-content\/uploads\/2023\/05\/CD58E7F4-023C-4834-BAA5-487025F9F83B.jpeg\" \/>\n\t<meta property=\"og:image:width\" content=\"1160\" \/>\n\t<meta property=\"og:image:height\" content=\"777\" \/>\n\t<meta property=\"og:image:type\" content=\"image\/jpeg\" \/>\n<meta name=\"author\" content=\"P\u00ebrmbledhja\" \/>\n<meta name=\"twitter:card\" content=\"summary_large_image\" \/>\n<meta name=\"twitter:label1\" content=\"Written by\" \/>\n\t<meta name=\"twitter:data1\" content=\"P\u00ebrmbledhja\" \/>\n\t<meta name=\"twitter:label2\" content=\"Est. reading time\" \/>\n\t<meta name=\"twitter:data2\" content=\"1 minut\u00eb\" \/>\n<script type=\"application\/ld+json\" class=\"yoast-schema-graph\">{\"@context\":\"https:\/\/schema.org\",\"@graph\":[{\"@type\":\"Article\",\"@id\":\"https:\/\/permbledhja.com\/sq\/kurti-borrellit-kryetaret-ne-veri-do-tu-sherbejne-te-gjitheve\/#article\",\"isPartOf\":{\"@id\":\"https:\/\/permbledhja.com\/sq\/kurti-borrellit-kryetaret-ne-veri-do-tu-sherbejne-te-gjitheve\/\"},\"author\":{\"name\":\"P\u00ebrmbledhja\",\"@id\":\"https:\/\/permbledhja.com\/#\/schema\/person\/0d064377258d3221e50693947b9eb4fe\"},\"headline\":\"Kurti &#8211; Borrellit: Kryetar\u00ebt n\u00eb veri do t\u2019u sh\u00ebrbejn\u00eb t\u00eb gjith\u00ebve\",\"datePublished\":\"2023-05-29T06:49:34+00:00\",\"dateModified\":\"2023-05-29T06:49:34+00:00\",\"mainEntityOfPage\":{\"@id\":\"https:\/\/permbledhja.com\/sq\/kurti-borrellit-kryetaret-ne-veri-do-tu-sherbejne-te-gjitheve\/\"},\"wordCount\":224,\"publisher\":{\"@id\":\"https:\/\/permbledhja.com\/#organization\"},\"keywords\":[\"Borrell\",\"Kurti\"],\"articleSection\":[\"Breaking News\"],\"inLanguage\":\"sq\"},{\"@type\":\"WebPage\",\"@id\":\"https:\/\/permbledhja.com\/sq\/kurti-borrellit-kryetaret-ne-veri-do-tu-sherbejne-te-gjitheve\/\",\"url\":\"https:\/\/permbledhja.com\/sq\/kurti-borrellit-kryetaret-ne-veri-do-tu-sherbejne-te-gjitheve\/\",\"name\":\"Kurti - Borrellit: Kryetar\u00ebt n\u00eb veri do t\u2019u sh\u00ebrbejn\u00eb t\u00eb gjith\u00ebve\",\"isPartOf\":{\"@id\":\"https:\/\/permbledhja.com\/#website\"},\"datePublished\":\"2023-05-29T06:49:34+00:00\",\"dateModified\":\"2023-05-29T06:49:34+00:00\",\"breadcrumb\":{\"@id\":\"https:\/\/permbledhja.com\/sq\/kurti-borrellit-kryetaret-ne-veri-do-tu-sherbejne-te-gjitheve\/#breadcrumb\"},\"inLanguage\":\"sq\",\"potentialAction\":[{\"@type\":\"ReadAction\",\"target\":[\"https:\/\/permbledhja.com\/sq\/kurti-borrellit-kryetaret-ne-veri-do-tu-sherbejne-te-gjitheve\/\"]}]},{\"@type\":\"BreadcrumbList\",\"@id\":\"https:\/\/permbledhja.com\/sq\/kurti-borrellit-kryetaret-ne-veri-do-tu-sherbejne-te-gjitheve\/#breadcrumb\",\"itemListElement\":[{\"@type\":\"ListItem\",\"position\":1,\"name\":\"Ballina\",\"item\":\"https:\/\/permbledhja.com\/sq\/\"},{\"@type\":\"ListItem\",\"position\":2,\"name\":\"Kurti &#8211; Borrellit: Kryetar\u00ebt n\u00eb veri do t\u2019u sh\u00ebrbejn\u00eb t\u00eb gjith\u00ebve\"}]},{\"@type\":\"WebSite\",\"@id\":\"https:\/\/permbledhja.com\/#website\",\"url\":\"https:\/\/permbledhja.com\/\",\"name\":\"Ve\u00e7 artikuj p\u00ebrmbledh\u00ebs\",\"description\":\"\",\"publisher\":{\"@id\":\"https:\/\/permbledhja.com\/#organization\"},\"potentialAction\":[{\"@type\":\"SearchAction\",\"target\":{\"@type\":\"EntryPoint\",\"urlTemplate\":\"https:\/\/permbledhja.com\/?s={search_term_string}\"},\"query-input\":\"required name=search_term_string\"}],\"inLanguage\":\"sq\"},{\"@type\":\"Organization\",\"@id\":\"https:\/\/permbledhja.com\/#organization\",\"name\":\"MK Media & Pr\",\"url\":\"https:\/\/permbledhja.com\/\",\"logo\":{\"@type\":\"ImageObject\",\"inLanguage\":\"sq\",\"@id\":\"https:\/\/permbledhja.com\/#\/schema\/logo\/image\/\",\"url\":\"https:\/\/permbledhja.com\/wp-content\/uploads\/2021\/12\/07-Press-Logo.jpg\",\"contentUrl\":\"https:\/\/permbledhja.com\/wp-content\/uploads\/2021\/12\/07-Press-Logo.jpg\",\"width\":512,\"height\":512,\"caption\":\"MK Media & Pr\"},\"image\":{\"@id\":\"https:\/\/permbledhja.com\/#\/schema\/logo\/image\/\"},\"sameAs\":[\"https:\/\/www.facebook.com\/press07\/\"]},{\"@type\":\"Person\",\"@id\":\"https:\/\/permbledhja.com\/#\/schema\/person\/0d064377258d3221e50693947b9eb4fe\",\"name\":\"P\u00ebrmbledhja\",\"image\":{\"@type\":\"ImageObject\",\"inLanguage\":\"sq\",\"@id\":\"https:\/\/permbledhja.com\/#\/schema\/person\/image\/\",\"url\":\"https:\/\/permbledhja.com\/wp-content\/uploads\/2026\/01\/452004717_1040944174702970_8932037511805513407_n-96x96.jpg\",\"contentUrl\":\"https:\/\/permbledhja.com\/wp-content\/uploads\/2026\/01\/452004717_1040944174702970_8932037511805513407_n-96x96.jpg\",\"caption\":\"P\u00ebrmbledhja\"},\"sameAs\":[\"https:\/\/www.facebook.com\/kafexhiu.muharrem\/\",\"https:\/\/www.instagram.com\/muharrem_kafexhiu\/\"],\"url\":\"https:\/\/permbledhja.com\/sq\/author\/admin\/\"}]}<\/script>\n<!-- \/ Yoast SEO plugin. -->","yoast_head_json":{"title":"Kurti - Borrellit: Kryetar\u00ebt n\u00eb veri do t\u2019u sh\u00ebrbejn\u00eb t\u00eb gjith\u00ebve","robots":{"index":"index","follow":"follow","max-snippet":"max-snippet:-1","max-image-preview":"max-image-preview:large","max-video-preview":"max-video-preview:-1"},"canonical":"https:\/\/permbledhja.com\/sq\/kurti-borrellit-kryetaret-ne-veri-do-tu-sherbejne-te-gjitheve\/","og_locale":"sq_AL","og_type":"article","og_title":"Kurti - Borrellit: Kryetar\u00ebt n\u00eb veri do t\u2019u sh\u00ebrbejn\u00eb t\u00eb gjith\u00ebve","og_description":"Pak pas mesnat\u00ebs Kryeministri i Kosov\u00ebs, Albin Kurti, ka zhvilluar bised\u00eb telefonike me shefin e diplomacis\u00eb evropiane, Josep Borrell, t\u00eb cilit i ka \u201ctheksuar\u201d se kryetar\u00ebt e rinj t\u00eb zgjedhur n\u00eb kat\u00ebr komunat t\u00eb banuara me shumic\u00eb serbe \u201cdo t\u00eb kryejn\u00eb sh\u00ebrbime p\u00ebr t\u00eb gjith\u00eb qytetar\u00ebt\u201d k\u00ebshtu duke l\u00ebn\u00eb t\u00eb kuptoj\u00eb se nuk do t\u00eb [&hellip;]","og_url":"https:\/\/permbledhja.com\/sq\/kurti-borrellit-kryetaret-ne-veri-do-tu-sherbejne-te-gjitheve\/","og_site_name":"Ve\u00e7 artikuj p\u00ebrmbledh\u00ebs","article_publisher":"https:\/\/www.facebook.com\/press07\/","article_author":"https:\/\/www.facebook.com\/kafexhiu.muharrem\/","article_published_time":"2023-05-29T06:49:34+00:00","og_image":[{"width":1160,"height":777,"url":"https:\/\/permbledhja.com\/wp-content\/uploads\/2023\/05\/CD58E7F4-023C-4834-BAA5-487025F9F83B.jpeg","type":"image\/jpeg"}],"author":"P\u00ebrmbledhja","twitter_card":"summary_large_image","twitter_misc":{"Written by":"P\u00ebrmbledhja","Est. reading time":"1 minut\u00eb"},"schema":{"@context":"https:\/\/schema.org","@graph":[{"@type":"Article","@id":"https:\/\/permbledhja.com\/sq\/kurti-borrellit-kryetaret-ne-veri-do-tu-sherbejne-te-gjitheve\/#article","isPartOf":{"@id":"https:\/\/permbledhja.com\/sq\/kurti-borrellit-kryetaret-ne-veri-do-tu-sherbejne-te-gjitheve\/"},"author":{"name":"P\u00ebrmbledhja","@id":"https:\/\/permbledhja.com\/#\/schema\/person\/0d064377258d3221e50693947b9eb4fe"},"headline":"Kurti &#8211; Borrellit: Kryetar\u00ebt n\u00eb veri do t\u2019u sh\u00ebrbejn\u00eb t\u00eb gjith\u00ebve","datePublished":"2023-05-29T06:49:34+00:00","dateModified":"2023-05-29T06:49:34+00:00","mainEntityOfPage":{"@id":"https:\/\/permbledhja.com\/sq\/kurti-borrellit-kryetaret-ne-veri-do-tu-sherbejne-te-gjitheve\/"},"wordCount":224,"publisher":{"@id":"https:\/\/permbledhja.com\/#organization"},"keywords":["Borrell","Kurti"],"articleSection":["Breaking News"],"inLanguage":"sq"},{"@type":"WebPage","@id":"https:\/\/permbledhja.com\/sq\/kurti-borrellit-kryetaret-ne-veri-do-tu-sherbejne-te-gjitheve\/","url":"https:\/\/permbledhja.com\/sq\/kurti-borrellit-kryetaret-ne-veri-do-tu-sherbejne-te-gjitheve\/","name":"Kurti - Borrellit: Kryetar\u00ebt n\u00eb veri do t\u2019u sh\u00ebrbejn\u00eb t\u00eb gjith\u00ebve","isPartOf":{"@id":"https:\/\/permbledhja.com\/#website"},"datePublished":"2023-05-29T06:49:34+00:00","dateModified":"2023-05-29T06:49:34+00:00","breadcrumb":{"@id":"https:\/\/permbledhja.com\/sq\/kurti-borrellit-kryetaret-ne-veri-do-tu-sherbejne-te-gjitheve\/#breadcrumb"},"inLanguage":"sq","potentialAction":[{"@type":"ReadAction","target":["https:\/\/permbledhja.com\/sq\/kurti-borrellit-kryetaret-ne-veri-do-tu-sherbejne-te-gjitheve\/"]}]},{"@type":"BreadcrumbList","@id":"https:\/\/permbledhja.com\/sq\/kurti-borrellit-kryetaret-ne-veri-do-tu-sherbejne-te-gjitheve\/#breadcrumb","itemListElement":[{"@type":"ListItem","position":1,"name":"Ballina","item":"https:\/\/permbledhja.com\/sq\/"},{"@type":"ListItem","position":2,"name":"Kurti &#8211; Borrellit: Kryetar\u00ebt n\u00eb veri do t\u2019u sh\u00ebrbejn\u00eb t\u00eb gjith\u00ebve"}]},{"@type":"WebSite","@id":"https:\/\/permbledhja.com\/#website","url":"https:\/\/permbledhja.com\/","name":"Ve\u00e7 artikuj p\u00ebrmbledh\u00ebs","description":"","publisher":{"@id":"https:\/\/permbledhja.com\/#organization"},"potentialAction":[{"@type":"SearchAction","target":{"@type":"EntryPoint","urlTemplate":"https:\/\/permbledhja.com\/?s={search_term_string}"},"query-input":"required name=search_term_string"}],"inLanguage":"sq"},{"@type":"Organization","@id":"https:\/\/permbledhja.com\/#organization","name":"MK Media & Pr","url":"https:\/\/permbledhja.com\/","logo":{"@type":"ImageObject","inLanguage":"sq","@id":"https:\/\/permbledhja.com\/#\/schema\/logo\/image\/","url":"https:\/\/permbledhja.com\/wp-content\/uploads\/2021\/12\/07-Press-Logo.jpg","contentUrl":"https:\/\/permbledhja.com\/wp-content\/uploads\/2021\/12\/07-Press-Logo.jpg","width":512,"height":512,"caption":"MK Media & Pr"},"image":{"@id":"https:\/\/permbledhja.com\/#\/schema\/logo\/image\/"},"sameAs":["https:\/\/www.facebook.com\/press07\/"]},{"@type":"Person","@id":"https:\/\/permbledhja.com\/#\/schema\/person\/0d064377258d3221e50693947b9eb4fe","name":"P\u00ebrmbledhja","image":{"@type":"ImageObject","inLanguage":"sq","@id":"https:\/\/permbledhja.com\/#\/schema\/person\/image\/","url":"https:\/\/permbledhja.com\/wp-content\/uploads\/2026\/01\/452004717_1040944174702970_8932037511805513407_n-96x96.jpg","contentUrl":"https:\/\/permbledhja.com\/wp-content\/uploads\/2026\/01\/452004717_1040944174702970_8932037511805513407_n-96x96.jpg","caption":"P\u00ebrmbledhja"},"sameAs":["https:\/\/www.facebook.com\/kafexhiu.muharrem\/","https:\/\/www.instagram.com\/muharrem_kafexhiu\/"],"url":"https:\/\/permbledhja.com\/sq\/author\/admin\/"}]}},"_links":{"self":[{"href":"https:\/\/permbledhja.com\/sq\/wp-json\/wp\/v2\/posts\/15251"}],"collection":[{"href":"https:\/\/permbledhja.com\/sq\/wp-json\/wp\/v2\/posts"}],"about":[{"href":"https:\/\/permbledhja.com\/sq\/wp-json\/wp\/v2\/types\/post"}],"author":[{"embeddable":true,"href":"https:\/\/permbledhja.com\/sq\/wp-json\/wp\/v2\/users\/1"}],"replies":[{"embeddable":true,"href":"https:\/\/permbledhja.com\/sq\/wp-json\/wp\/v2\/comments?post=15251"}],"version-history":[{"count":1,"href":"https:\/\/permbledhja.com\/sq\/wp-json\/wp\/v2\/posts\/15251\/revisions"}],"predecessor-version":[{"id":15255,"href":"https:\/\/permbledhja.com\/sq\/wp-json\/wp\/v2\/posts\/15251\/revisions\/15255"}],"wp:featuredmedia":[{"embeddable":true,"href":"https:\/\/permbledhja.com\/sq\/wp-json\/wp\/v2\/media\/15252"}],"wp:attachment":[{"href":"https:\/\/permbledhja.com\/sq\/wp-json\/wp\/v2\/media?parent=15251"}],"wp:term":[{"taxonomy":"category","embeddable":true,"href":"https:\/\/permbledhja.com\/sq\/wp-json\/wp\/v2\/categories?post=15251"},{"taxonomy":"post_tag","embeddable":true,"href":"https:\/\/permbledhja.com\/sq\/wp-json\/wp\/v2\/tags?post=15251"}],"curies":[{"name":"wp","href":"https:\/\/api.w.org\/{rel}","templated":true}]}}