{"id":15214,"date":"2023-05-28T18:27:56","date_gmt":"2023-05-28T18:27:56","guid":{"rendered":"https:\/\/permbledhja.com\/?p=15214"},"modified":"2023-05-28T18:27:56","modified_gmt":"2023-05-28T18:27:56","slug":"etiketohet-si-agjente-e-bia-s-serbe-gazetarja-dhe-vajza-e-deshmorit","status":"publish","type":"post","link":"https:\/\/permbledhja.com\/sq\/etiketohet-si-agjente-e-bia-s-serbe-gazetarja-dhe-vajza-e-deshmorit\/","title":{"rendered":"Etiketohet si \u2018agjente e BIA-s serbe\u2019 gazetarja dhe vajza e d\u00ebshmorit"},"content":{"rendered":"<p>Nj\u00eb profil n\u00eb rrjetin social \u201cTik-Tok\u201d q\u00eb mban emrin \u201cQeveria Kurti 2\u201d, po vazhdon nj\u00eb fushat\u00eb lin\u00e7uese e t\u00eb rrezikshme ndaj gazetar\u00ebve q\u00eb kritikojn\u00eb veprimet e qeveris\u00eb.<\/p>\n<p>Gazetarja Dafina Demaku ka qen\u00eb cak i propagand\u00ebs s\u00eb k\u00ebsaj faqe, duke e etiketuar si \u201cagjende e BIA-s\u00eb serbe\u201d.<\/p>\n<p>Etiketime t\u00eb tilla jan\u00eb t\u00eb rrezikshme dhe mund t\u00eb prodhojn\u00eb dhun\u00eb e sulme ndaj medieve e gazetar\u00ebve.<\/p>\n<p>Nd\u00ebrsa n\u00eb reagimin e saj, Demaku i ka p\u00ebrqeshur etiketimet ndaj saj, teksa ka th\u00ebn\u00eb se kryeministri Kurti \u00ebsht\u00eb p\u00ebrulur para varrit t\u00eb babait t\u00eb saj, i cili \u00ebsht\u00eb d\u00ebshmor.<\/p>\n<p>\u201cKqyri bre putinat e vock\u00ebl n\u2019aksion. Ani po t\u00eb mir\u00eb: \u2018dyshohet\u2019 . E qysh oj hela\u00e7e, idolli juaj, kryeministri Albin Kurti vjen perulet para varrit t\u00eb bab\u00ebs tim? A nuk i keni kallxu q\u00eb \u00e7iken e ka agjente serbe a? Bile n\u00eb moshen 8-vjecare me pat\u00ebn rekrutu, gjat\u00eb luft\u00ebs . Zoti ju ndihmoft\u00eb o njer\u00ebz budall\u00eb\u201d, ka shkruar ajo n\u00eb \u201cFacebook\u201d.<\/p>\n<p>Nuk \u00ebsht\u00eb hera e par\u00eb q\u00eb gazetar\u00ebt sulmohen e lin\u00e7ohen n\u00eb rrjetet e ndryshme sociale.<\/p>\n","protected":false},"excerpt":{"rendered":"<p>Nj\u00eb profil n\u00eb rrjetin social \u201cTik-Tok\u201d q\u00eb mban emrin \u201cQeveria Kurti 2\u201d, po vazhdon nj\u00eb fushat\u00eb lin\u00e7uese e t\u00eb rrezikshme ndaj gazetar\u00ebve q\u00eb kritikojn\u00eb veprimet e qeveris\u00eb. Gazetarja Dafina Demaku ka qen\u00eb cak i propagand\u00ebs s\u00eb k\u00ebsaj faqe, duke e etiketuar si \u201cagjende e BIA-s\u00eb serbe\u201d. Etiketime t\u00eb tilla jan\u00eb t\u00eb rrezikshme dhe mund t\u00eb [&hellip;]<\/p>\n","protected":false},"author":1,"featured_media":15215,"comment_status":"closed","ping_status":"closed","sticky":false,"template":"","format":"standard","meta":{"_monsterinsights_skip_tracking":false,"_monsterinsights_sitenote_active":false,"_monsterinsights_sitenote_note":"","_monsterinsights_sitenote_category":0,"_uf_show_specific_survey":0,"_uf_disable_surveys":false,"footnotes":""},"categories":[23,15],"tags":[1827],"yoast_head":"<!-- This site is optimized with the Yoast SEO plugin v21.5 - https:\/\/yoast.com\/wordpress\/plugins\/seo\/ -->\n<title>Etiketohet si \u2018agjente e BIA-s serbe\u2019 gazetarja dhe vajza e d\u00ebshmorit<\/title>\n<meta name=\"robots\" content=\"index, follow, max-snippet:-1, max-image-preview:large, max-video-preview:-1\" \/>\n<link rel=\"canonical\" href=\"https:\/\/permbledhja.com\/sq\/etiketohet-si-agjente-e-bia-s-serbe-gazetarja-dhe-vajza-e-deshmorit\/\" \/>\n<meta property=\"og:locale\" content=\"sq_AL\" \/>\n<meta property=\"og:type\" content=\"article\" \/>\n<meta property=\"og:title\" content=\"Etiketohet si \u2018agjente e BIA-s serbe\u2019 gazetarja dhe vajza e d\u00ebshmorit\" \/>\n<meta property=\"og:description\" content=\"Nj\u00eb profil n\u00eb rrjetin social \u201cTik-Tok\u201d q\u00eb mban emrin \u201cQeveria Kurti 2\u201d, po vazhdon nj\u00eb fushat\u00eb lin\u00e7uese e t\u00eb rrezikshme ndaj gazetar\u00ebve q\u00eb kritikojn\u00eb veprimet e qeveris\u00eb. Gazetarja Dafina Demaku ka qen\u00eb cak i propagand\u00ebs s\u00eb k\u00ebsaj faqe, duke e etiketuar si \u201cagjende e BIA-s\u00eb serbe\u201d. Etiketime t\u00eb tilla jan\u00eb t\u00eb rrezikshme dhe mund t\u00eb [&hellip;]\" \/>\n<meta property=\"og:url\" content=\"https:\/\/permbledhja.com\/sq\/etiketohet-si-agjente-e-bia-s-serbe-gazetarja-dhe-vajza-e-deshmorit\/\" \/>\n<meta property=\"og:site_name\" content=\"Ve\u00e7 artikuj p\u00ebrmbledh\u00ebs\" \/>\n<meta property=\"article:publisher\" content=\"https:\/\/www.facebook.com\/press07\/\" \/>\n<meta property=\"article:author\" content=\"https:\/\/www.facebook.com\/kafexhiu.muharrem\/\" \/>\n<meta property=\"article:published_time\" content=\"2023-05-28T18:27:56+00:00\" \/>\n<meta property=\"og:image\" content=\"https:\/\/permbledhja.com\/wp-content\/uploads\/2023\/05\/494487A0-7234-4D69-B906-3357785C9867.png\" \/>\n\t<meta property=\"og:image:width\" content=\"750\" \/>\n\t<meta property=\"og:image:height\" content=\"375\" \/>\n\t<meta property=\"og:image:type\" content=\"image\/png\" \/>\n<meta name=\"author\" content=\"P\u00ebrmbledhja\" \/>\n<meta name=\"twitter:card\" content=\"summary_large_image\" \/>\n<meta name=\"twitter:label1\" content=\"Written by\" \/>\n\t<meta name=\"twitter:data1\" content=\"P\u00ebrmbledhja\" \/>\n\t<meta name=\"twitter:label2\" content=\"Est. reading time\" \/>\n\t<meta name=\"twitter:data2\" content=\"1 minut\u00eb\" \/>\n<script type=\"application\/ld+json\" class=\"yoast-schema-graph\">{\"@context\":\"https:\/\/schema.org\",\"@graph\":[{\"@type\":\"Article\",\"@id\":\"https:\/\/permbledhja.com\/sq\/etiketohet-si-agjente-e-bia-s-serbe-gazetarja-dhe-vajza-e-deshmorit\/#article\",\"isPartOf\":{\"@id\":\"https:\/\/permbledhja.com\/sq\/etiketohet-si-agjente-e-bia-s-serbe-gazetarja-dhe-vajza-e-deshmorit\/\"},\"author\":{\"name\":\"P\u00ebrmbledhja\",\"@id\":\"https:\/\/permbledhja.com\/#\/schema\/person\/0d064377258d3221e50693947b9eb4fe\"},\"headline\":\"Etiketohet si \u2018agjente e BIA-s serbe\u2019 gazetarja dhe vajza e d\u00ebshmorit\",\"datePublished\":\"2023-05-28T18:27:56+00:00\",\"dateModified\":\"2023-05-28T18:27:56+00:00\",\"mainEntityOfPage\":{\"@id\":\"https:\/\/permbledhja.com\/sq\/etiketohet-si-agjente-e-bia-s-serbe-gazetarja-dhe-vajza-e-deshmorit\/\"},\"wordCount\":197,\"publisher\":{\"@id\":\"https:\/\/permbledhja.com\/#organization\"},\"keywords\":[\"Dafina Demaku\"],\"articleSection\":[\"Komb\u00ebtare\",\"Lajme\"],\"inLanguage\":\"sq\"},{\"@type\":\"WebPage\",\"@id\":\"https:\/\/permbledhja.com\/sq\/etiketohet-si-agjente-e-bia-s-serbe-gazetarja-dhe-vajza-e-deshmorit\/\",\"url\":\"https:\/\/permbledhja.com\/sq\/etiketohet-si-agjente-e-bia-s-serbe-gazetarja-dhe-vajza-e-deshmorit\/\",\"name\":\"Etiketohet si \u2018agjente e BIA-s serbe\u2019 gazetarja dhe vajza e d\u00ebshmorit\",\"isPartOf\":{\"@id\":\"https:\/\/permbledhja.com\/#website\"},\"datePublished\":\"2023-05-28T18:27:56+00:00\",\"dateModified\":\"2023-05-28T18:27:56+00:00\",\"breadcrumb\":{\"@id\":\"https:\/\/permbledhja.com\/sq\/etiketohet-si-agjente-e-bia-s-serbe-gazetarja-dhe-vajza-e-deshmorit\/#breadcrumb\"},\"inLanguage\":\"sq\",\"potentialAction\":[{\"@type\":\"ReadAction\",\"target\":[\"https:\/\/permbledhja.com\/sq\/etiketohet-si-agjente-e-bia-s-serbe-gazetarja-dhe-vajza-e-deshmorit\/\"]}]},{\"@type\":\"BreadcrumbList\",\"@id\":\"https:\/\/permbledhja.com\/sq\/etiketohet-si-agjente-e-bia-s-serbe-gazetarja-dhe-vajza-e-deshmorit\/#breadcrumb\",\"itemListElement\":[{\"@type\":\"ListItem\",\"position\":1,\"name\":\"Ballina\",\"item\":\"https:\/\/permbledhja.com\/sq\/\"},{\"@type\":\"ListItem\",\"position\":2,\"name\":\"Etiketohet si \u2018agjente e BIA-s serbe\u2019 gazetarja dhe vajza e d\u00ebshmorit\"}]},{\"@type\":\"WebSite\",\"@id\":\"https:\/\/permbledhja.com\/#website\",\"url\":\"https:\/\/permbledhja.com\/\",\"name\":\"Ve\u00e7 artikuj p\u00ebrmbledh\u00ebs\",\"description\":\"\",\"publisher\":{\"@id\":\"https:\/\/permbledhja.com\/#organization\"},\"potentialAction\":[{\"@type\":\"SearchAction\",\"target\":{\"@type\":\"EntryPoint\",\"urlTemplate\":\"https:\/\/permbledhja.com\/?s={search_term_string}\"},\"query-input\":\"required name=search_term_string\"}],\"inLanguage\":\"sq\"},{\"@type\":\"Organization\",\"@id\":\"https:\/\/permbledhja.com\/#organization\",\"name\":\"MK Media & Pr\",\"url\":\"https:\/\/permbledhja.com\/\",\"logo\":{\"@type\":\"ImageObject\",\"inLanguage\":\"sq\",\"@id\":\"https:\/\/permbledhja.com\/#\/schema\/logo\/image\/\",\"url\":\"https:\/\/permbledhja.com\/wp-content\/uploads\/2021\/12\/07-Press-Logo.jpg\",\"contentUrl\":\"https:\/\/permbledhja.com\/wp-content\/uploads\/2021\/12\/07-Press-Logo.jpg\",\"width\":512,\"height\":512,\"caption\":\"MK Media & Pr\"},\"image\":{\"@id\":\"https:\/\/permbledhja.com\/#\/schema\/logo\/image\/\"},\"sameAs\":[\"https:\/\/www.facebook.com\/press07\/\"]},{\"@type\":\"Person\",\"@id\":\"https:\/\/permbledhja.com\/#\/schema\/person\/0d064377258d3221e50693947b9eb4fe\",\"name\":\"P\u00ebrmbledhja\",\"image\":{\"@type\":\"ImageObject\",\"inLanguage\":\"sq\",\"@id\":\"https:\/\/permbledhja.com\/#\/schema\/person\/image\/\",\"url\":\"https:\/\/permbledhja.com\/wp-content\/uploads\/2026\/01\/452004717_1040944174702970_8932037511805513407_n-96x96.jpg\",\"contentUrl\":\"https:\/\/permbledhja.com\/wp-content\/uploads\/2026\/01\/452004717_1040944174702970_8932037511805513407_n-96x96.jpg\",\"caption\":\"P\u00ebrmbledhja\"},\"sameAs\":[\"https:\/\/www.facebook.com\/kafexhiu.muharrem\/\",\"https:\/\/www.instagram.com\/muharrem_kafexhiu\/\"],\"url\":\"https:\/\/permbledhja.com\/sq\/author\/admin\/\"}]}<\/script>\n<!-- \/ Yoast SEO plugin. -->","yoast_head_json":{"title":"Etiketohet si \u2018agjente e BIA-s serbe\u2019 gazetarja dhe vajza e d\u00ebshmorit","robots":{"index":"index","follow":"follow","max-snippet":"max-snippet:-1","max-image-preview":"max-image-preview:large","max-video-preview":"max-video-preview:-1"},"canonical":"https:\/\/permbledhja.com\/sq\/etiketohet-si-agjente-e-bia-s-serbe-gazetarja-dhe-vajza-e-deshmorit\/","og_locale":"sq_AL","og_type":"article","og_title":"Etiketohet si \u2018agjente e BIA-s serbe\u2019 gazetarja dhe vajza e d\u00ebshmorit","og_description":"Nj\u00eb profil n\u00eb rrjetin social \u201cTik-Tok\u201d q\u00eb mban emrin \u201cQeveria Kurti 2\u201d, po vazhdon nj\u00eb fushat\u00eb lin\u00e7uese e t\u00eb rrezikshme ndaj gazetar\u00ebve q\u00eb kritikojn\u00eb veprimet e qeveris\u00eb. Gazetarja Dafina Demaku ka qen\u00eb cak i propagand\u00ebs s\u00eb k\u00ebsaj faqe, duke e etiketuar si \u201cagjende e BIA-s\u00eb serbe\u201d. Etiketime t\u00eb tilla jan\u00eb t\u00eb rrezikshme dhe mund t\u00eb [&hellip;]","og_url":"https:\/\/permbledhja.com\/sq\/etiketohet-si-agjente-e-bia-s-serbe-gazetarja-dhe-vajza-e-deshmorit\/","og_site_name":"Ve\u00e7 artikuj p\u00ebrmbledh\u00ebs","article_publisher":"https:\/\/www.facebook.com\/press07\/","article_author":"https:\/\/www.facebook.com\/kafexhiu.muharrem\/","article_published_time":"2023-05-28T18:27:56+00:00","og_image":[{"width":750,"height":375,"url":"https:\/\/permbledhja.com\/wp-content\/uploads\/2023\/05\/494487A0-7234-4D69-B906-3357785C9867.png","type":"image\/png"}],"author":"P\u00ebrmbledhja","twitter_card":"summary_large_image","twitter_misc":{"Written by":"P\u00ebrmbledhja","Est. reading time":"1 minut\u00eb"},"schema":{"@context":"https:\/\/schema.org","@graph":[{"@type":"Article","@id":"https:\/\/permbledhja.com\/sq\/etiketohet-si-agjente-e-bia-s-serbe-gazetarja-dhe-vajza-e-deshmorit\/#article","isPartOf":{"@id":"https:\/\/permbledhja.com\/sq\/etiketohet-si-agjente-e-bia-s-serbe-gazetarja-dhe-vajza-e-deshmorit\/"},"author":{"name":"P\u00ebrmbledhja","@id":"https:\/\/permbledhja.com\/#\/schema\/person\/0d064377258d3221e50693947b9eb4fe"},"headline":"Etiketohet si \u2018agjente e BIA-s serbe\u2019 gazetarja dhe vajza e d\u00ebshmorit","datePublished":"2023-05-28T18:27:56+00:00","dateModified":"2023-05-28T18:27:56+00:00","mainEntityOfPage":{"@id":"https:\/\/permbledhja.com\/sq\/etiketohet-si-agjente-e-bia-s-serbe-gazetarja-dhe-vajza-e-deshmorit\/"},"wordCount":197,"publisher":{"@id":"https:\/\/permbledhja.com\/#organization"},"keywords":["Dafina Demaku"],"articleSection":["Komb\u00ebtare","Lajme"],"inLanguage":"sq"},{"@type":"WebPage","@id":"https:\/\/permbledhja.com\/sq\/etiketohet-si-agjente-e-bia-s-serbe-gazetarja-dhe-vajza-e-deshmorit\/","url":"https:\/\/permbledhja.com\/sq\/etiketohet-si-agjente-e-bia-s-serbe-gazetarja-dhe-vajza-e-deshmorit\/","name":"Etiketohet si \u2018agjente e BIA-s serbe\u2019 gazetarja dhe vajza e d\u00ebshmorit","isPartOf":{"@id":"https:\/\/permbledhja.com\/#website"},"datePublished":"2023-05-28T18:27:56+00:00","dateModified":"2023-05-28T18:27:56+00:00","breadcrumb":{"@id":"https:\/\/permbledhja.com\/sq\/etiketohet-si-agjente-e-bia-s-serbe-gazetarja-dhe-vajza-e-deshmorit\/#breadcrumb"},"inLanguage":"sq","potentialAction":[{"@type":"ReadAction","target":["https:\/\/permbledhja.com\/sq\/etiketohet-si-agjente-e-bia-s-serbe-gazetarja-dhe-vajza-e-deshmorit\/"]}]},{"@type":"BreadcrumbList","@id":"https:\/\/permbledhja.com\/sq\/etiketohet-si-agjente-e-bia-s-serbe-gazetarja-dhe-vajza-e-deshmorit\/#breadcrumb","itemListElement":[{"@type":"ListItem","position":1,"name":"Ballina","item":"https:\/\/permbledhja.com\/sq\/"},{"@type":"ListItem","position":2,"name":"Etiketohet si \u2018agjente e BIA-s serbe\u2019 gazetarja dhe vajza e d\u00ebshmorit"}]},{"@type":"WebSite","@id":"https:\/\/permbledhja.com\/#website","url":"https:\/\/permbledhja.com\/","name":"Ve\u00e7 artikuj p\u00ebrmbledh\u00ebs","description":"","publisher":{"@id":"https:\/\/permbledhja.com\/#organization"},"potentialAction":[{"@type":"SearchAction","target":{"@type":"EntryPoint","urlTemplate":"https:\/\/permbledhja.com\/?s={search_term_string}"},"query-input":"required name=search_term_string"}],"inLanguage":"sq"},{"@type":"Organization","@id":"https:\/\/permbledhja.com\/#organization","name":"MK Media & Pr","url":"https:\/\/permbledhja.com\/","logo":{"@type":"ImageObject","inLanguage":"sq","@id":"https:\/\/permbledhja.com\/#\/schema\/logo\/image\/","url":"https:\/\/permbledhja.com\/wp-content\/uploads\/2021\/12\/07-Press-Logo.jpg","contentUrl":"https:\/\/permbledhja.com\/wp-content\/uploads\/2021\/12\/07-Press-Logo.jpg","width":512,"height":512,"caption":"MK Media & Pr"},"image":{"@id":"https:\/\/permbledhja.com\/#\/schema\/logo\/image\/"},"sameAs":["https:\/\/www.facebook.com\/press07\/"]},{"@type":"Person","@id":"https:\/\/permbledhja.com\/#\/schema\/person\/0d064377258d3221e50693947b9eb4fe","name":"P\u00ebrmbledhja","image":{"@type":"ImageObject","inLanguage":"sq","@id":"https:\/\/permbledhja.com\/#\/schema\/person\/image\/","url":"https:\/\/permbledhja.com\/wp-content\/uploads\/2026\/01\/452004717_1040944174702970_8932037511805513407_n-96x96.jpg","contentUrl":"https:\/\/permbledhja.com\/wp-content\/uploads\/2026\/01\/452004717_1040944174702970_8932037511805513407_n-96x96.jpg","caption":"P\u00ebrmbledhja"},"sameAs":["https:\/\/www.facebook.com\/kafexhiu.muharrem\/","https:\/\/www.instagram.com\/muharrem_kafexhiu\/"],"url":"https:\/\/permbledhja.com\/sq\/author\/admin\/"}]}},"_links":{"self":[{"href":"https:\/\/permbledhja.com\/sq\/wp-json\/wp\/v2\/posts\/15214"}],"collection":[{"href":"https:\/\/permbledhja.com\/sq\/wp-json\/wp\/v2\/posts"}],"about":[{"href":"https:\/\/permbledhja.com\/sq\/wp-json\/wp\/v2\/types\/post"}],"author":[{"embeddable":true,"href":"https:\/\/permbledhja.com\/sq\/wp-json\/wp\/v2\/users\/1"}],"replies":[{"embeddable":true,"href":"https:\/\/permbledhja.com\/sq\/wp-json\/wp\/v2\/comments?post=15214"}],"version-history":[{"count":1,"href":"https:\/\/permbledhja.com\/sq\/wp-json\/wp\/v2\/posts\/15214\/revisions"}],"predecessor-version":[{"id":15216,"href":"https:\/\/permbledhja.com\/sq\/wp-json\/wp\/v2\/posts\/15214\/revisions\/15216"}],"wp:featuredmedia":[{"embeddable":true,"href":"https:\/\/permbledhja.com\/sq\/wp-json\/wp\/v2\/media\/15215"}],"wp:attachment":[{"href":"https:\/\/permbledhja.com\/sq\/wp-json\/wp\/v2\/media?parent=15214"}],"wp:term":[{"taxonomy":"category","embeddable":true,"href":"https:\/\/permbledhja.com\/sq\/wp-json\/wp\/v2\/categories?post=15214"},{"taxonomy":"post_tag","embeddable":true,"href":"https:\/\/permbledhja.com\/sq\/wp-json\/wp\/v2\/tags?post=15214"}],"curies":[{"name":"wp","href":"https:\/\/api.w.org\/{rel}","templated":true}]}}