{"id":15070,"date":"2023-05-26T11:32:39","date_gmt":"2023-05-26T11:32:39","guid":{"rendered":"https:\/\/permbledhja.com\/?p=15070"},"modified":"2023-05-26T11:32:39","modified_gmt":"2023-05-26T11:32:39","slug":"serbet-me-duart-larte-para-njesise-speciale-ne-veri","status":"publish","type":"post","link":"https:\/\/permbledhja.com\/sq\/serbet-me-duart-larte-para-njesise-speciale-ne-veri\/","title":{"rendered":"Serb\u00ebt \u201cme duart lart\u00eb\u201d para Nj\u00ebsis\u00eb Speciale n\u00eb veri"},"content":{"rendered":"<p><strong>Nj\u00eb num\u00ebr i vog\u00ebl i serb\u00ebve jan\u00eb pozicionuar para objekteve komunale t\u00eb komunave veriore.<\/strong><\/p>\n<p>Kjo pas sirenave t\u00eb l\u00ebshuar pasditen e sotme n\u00eb t\u00eb kat\u00ebr komunat me shumic\u00eb serb\u00eb n\u00eb veri t\u00eb Kosov\u00ebs, nd\u00ebrkoh\u00eb q\u00eb para objekteve komunale n\u00eb Zubin Potok, Zve\u00e7an dhe Leposaviq.<\/p>\n<p>Indeksonline ka siguruar pamje ku shihen serb\u00ebt dhe Nj\u00ebsia Speciale e Policis\u00eb s\u00eb Kosov\u00ebs para nd\u00ebrtes\u00ebs n\u00eb komun\u00ebn e Zve\u00e7anit.<\/p>\n<p>Ndryshe, Policia e Kosov\u00ebs (PK), n\u00eb sqarimin e saj, sipas autorizimeve ligjore dhe kushtetuese po nd\u00ebrmerr veprimet e saja policore n\u00eb ofrimin e siguris\u00eb, ruajtjen e rendit dhe siguris\u00eb publike si dhe nd\u00ebrmarrjen e masave policore me q\u00ebllim t\u00eb parandalimit t\u00eb t\u00eb gjitha veprimtarive kriminale q\u00eb paraqiten n\u00eb vend.<\/p>\n<p>Sipas detyr\u00ebs zyrtare, sot Policia e Kosov\u00ebs \u00ebsht\u00eb duke asistuar kryetar\u00ebt e komunave veriore Zve\u00e7an, Leposaviq dhe Zubin Potok, p\u00ebr t\u00eb ushtruar t\u00eb drejt\u00ebn e tyre n\u00eb pun\u00eb, n\u00eb objektet zyrtare t\u00eb komunave p\u00ebrkat\u00ebse.<\/p>\n<p><img loading=\"lazy\" decoding=\"async\" class=\"alignnone size-full wp-image-15072\" src=\"https:\/\/permbledhja.com\/wp-content\/uploads\/2023\/05\/vsaasvvsvsvsa.jpg\" alt=\"\" width=\"1440\" height=\"1592\" srcset=\"https:\/\/permbledhja.com\/wp-content\/uploads\/2023\/05\/vsaasvvsvsvsa.jpg 1440w, https:\/\/permbledhja.com\/wp-content\/uploads\/2023\/05\/vsaasvvsvsvsa-271x300.jpg 271w, https:\/\/permbledhja.com\/wp-content\/uploads\/2023\/05\/vsaasvvsvsvsa-926x1024.jpg 926w, https:\/\/permbledhja.com\/wp-content\/uploads\/2023\/05\/vsaasvvsvsvsa-768x849.jpg 768w, https:\/\/permbledhja.com\/wp-content\/uploads\/2023\/05\/vsaasvvsvsvsa-1389x1536.jpg 1389w, https:\/\/permbledhja.com\/wp-content\/uploads\/2023\/05\/vsaasvvsvsvsa-11x12.jpg 11w\" sizes=\"(max-width: 1440px) 100vw, 1440px\" \/><\/p>\n","protected":false},"excerpt":{"rendered":"<p>Nj\u00eb num\u00ebr i vog\u00ebl i serb\u00ebve jan\u00eb pozicionuar para objekteve komunale t\u00eb komunave veriore. Kjo pas sirenave t\u00eb l\u00ebshuar pasditen e sotme n\u00eb t\u00eb kat\u00ebr komunat me shumic\u00eb serb\u00eb n\u00eb veri t\u00eb Kosov\u00ebs, nd\u00ebrkoh\u00eb q\u00eb para objekteve komunale n\u00eb Zubin Potok, Zve\u00e7an dhe Leposaviq. Indeksonline ka siguruar pamje ku shihen serb\u00ebt dhe Nj\u00ebsia Speciale e [&hellip;]<\/p>\n","protected":false},"author":1,"featured_media":15073,"comment_status":"closed","ping_status":"closed","sticky":false,"template":"","format":"standard","meta":{"_monsterinsights_skip_tracking":false,"_monsterinsights_sitenote_active":false,"_monsterinsights_sitenote_note":"","_monsterinsights_sitenote_category":0,"_uf_show_specific_survey":0,"_uf_disable_surveys":false,"footnotes":""},"categories":[1146],"tags":[1237],"yoast_head":"<!-- This site is optimized with the Yoast SEO plugin v21.5 - https:\/\/yoast.com\/wordpress\/plugins\/seo\/ -->\n<title>Serb\u00ebt \u201cme duart lart\u00eb\u201d para Nj\u00ebsis\u00eb Speciale n\u00eb veri<\/title>\n<meta name=\"robots\" content=\"index, follow, max-snippet:-1, max-image-preview:large, max-video-preview:-1\" \/>\n<link rel=\"canonical\" href=\"https:\/\/permbledhja.com\/sq\/serbet-me-duart-larte-para-njesise-speciale-ne-veri\/\" \/>\n<meta property=\"og:locale\" content=\"sq_AL\" \/>\n<meta property=\"og:type\" content=\"article\" \/>\n<meta property=\"og:title\" content=\"Serb\u00ebt \u201cme duart lart\u00eb\u201d para Nj\u00ebsis\u00eb Speciale n\u00eb veri\" \/>\n<meta property=\"og:description\" content=\"Nj\u00eb num\u00ebr i vog\u00ebl i serb\u00ebve jan\u00eb pozicionuar para objekteve komunale t\u00eb komunave veriore. Kjo pas sirenave t\u00eb l\u00ebshuar pasditen e sotme n\u00eb t\u00eb kat\u00ebr komunat me shumic\u00eb serb\u00eb n\u00eb veri t\u00eb Kosov\u00ebs, nd\u00ebrkoh\u00eb q\u00eb para objekteve komunale n\u00eb Zubin Potok, Zve\u00e7an dhe Leposaviq. Indeksonline ka siguruar pamje ku shihen serb\u00ebt dhe Nj\u00ebsia Speciale e [&hellip;]\" \/>\n<meta property=\"og:url\" content=\"https:\/\/permbledhja.com\/sq\/serbet-me-duart-larte-para-njesise-speciale-ne-veri\/\" \/>\n<meta property=\"og:site_name\" content=\"Ve\u00e7 artikuj p\u00ebrmbledh\u00ebs\" \/>\n<meta property=\"article:publisher\" content=\"https:\/\/www.facebook.com\/press07\/\" \/>\n<meta property=\"article:author\" content=\"https:\/\/www.facebook.com\/kafexhiu.muharrem\/\" \/>\n<meta property=\"article:published_time\" content=\"2023-05-26T11:32:39+00:00\" \/>\n<meta property=\"og:image\" content=\"https:\/\/permbledhja.com\/wp-content\/uploads\/2023\/05\/y-1.png\" \/>\n\t<meta property=\"og:image:width\" content=\"524\" \/>\n\t<meta property=\"og:image:height\" content=\"283\" \/>\n\t<meta property=\"og:image:type\" content=\"image\/png\" \/>\n<meta name=\"author\" content=\"P\u00ebrmbledhja\" \/>\n<meta name=\"twitter:card\" content=\"summary_large_image\" \/>\n<meta name=\"twitter:label1\" content=\"Written by\" \/>\n\t<meta name=\"twitter:data1\" content=\"P\u00ebrmbledhja\" \/>\n\t<meta name=\"twitter:label2\" content=\"Est. reading time\" \/>\n\t<meta name=\"twitter:data2\" content=\"1 minut\u00eb\" \/>\n<script type=\"application\/ld+json\" class=\"yoast-schema-graph\">{\"@context\":\"https:\/\/schema.org\",\"@graph\":[{\"@type\":\"Article\",\"@id\":\"https:\/\/permbledhja.com\/sq\/serbet-me-duart-larte-para-njesise-speciale-ne-veri\/#article\",\"isPartOf\":{\"@id\":\"https:\/\/permbledhja.com\/sq\/serbet-me-duart-larte-para-njesise-speciale-ne-veri\/\"},\"author\":{\"name\":\"P\u00ebrmbledhja\",\"@id\":\"https:\/\/permbledhja.com\/#\/schema\/person\/0d064377258d3221e50693947b9eb4fe\"},\"headline\":\"Serb\u00ebt \u201cme duart lart\u00eb\u201d para Nj\u00ebsis\u00eb Speciale n\u00eb veri\",\"datePublished\":\"2023-05-26T11:32:39+00:00\",\"dateModified\":\"2023-05-26T11:32:39+00:00\",\"mainEntityOfPage\":{\"@id\":\"https:\/\/permbledhja.com\/sq\/serbet-me-duart-larte-para-njesise-speciale-ne-veri\/\"},\"wordCount\":185,\"publisher\":{\"@id\":\"https:\/\/permbledhja.com\/#organization\"},\"keywords\":[\"Nj\u00ebsia Speciale\"],\"articleSection\":[\"Kryesoret\"],\"inLanguage\":\"sq\"},{\"@type\":\"WebPage\",\"@id\":\"https:\/\/permbledhja.com\/sq\/serbet-me-duart-larte-para-njesise-speciale-ne-veri\/\",\"url\":\"https:\/\/permbledhja.com\/sq\/serbet-me-duart-larte-para-njesise-speciale-ne-veri\/\",\"name\":\"Serb\u00ebt \u201cme duart lart\u00eb\u201d para Nj\u00ebsis\u00eb Speciale n\u00eb veri\",\"isPartOf\":{\"@id\":\"https:\/\/permbledhja.com\/#website\"},\"datePublished\":\"2023-05-26T11:32:39+00:00\",\"dateModified\":\"2023-05-26T11:32:39+00:00\",\"breadcrumb\":{\"@id\":\"https:\/\/permbledhja.com\/sq\/serbet-me-duart-larte-para-njesise-speciale-ne-veri\/#breadcrumb\"},\"inLanguage\":\"sq\",\"potentialAction\":[{\"@type\":\"ReadAction\",\"target\":[\"https:\/\/permbledhja.com\/sq\/serbet-me-duart-larte-para-njesise-speciale-ne-veri\/\"]}]},{\"@type\":\"BreadcrumbList\",\"@id\":\"https:\/\/permbledhja.com\/sq\/serbet-me-duart-larte-para-njesise-speciale-ne-veri\/#breadcrumb\",\"itemListElement\":[{\"@type\":\"ListItem\",\"position\":1,\"name\":\"Ballina\",\"item\":\"https:\/\/permbledhja.com\/sq\/\"},{\"@type\":\"ListItem\",\"position\":2,\"name\":\"Serb\u00ebt \u201cme duart lart\u00eb\u201d para Nj\u00ebsis\u00eb Speciale n\u00eb veri\"}]},{\"@type\":\"WebSite\",\"@id\":\"https:\/\/permbledhja.com\/#website\",\"url\":\"https:\/\/permbledhja.com\/\",\"name\":\"Ve\u00e7 artikuj p\u00ebrmbledh\u00ebs\",\"description\":\"\",\"publisher\":{\"@id\":\"https:\/\/permbledhja.com\/#organization\"},\"potentialAction\":[{\"@type\":\"SearchAction\",\"target\":{\"@type\":\"EntryPoint\",\"urlTemplate\":\"https:\/\/permbledhja.com\/?s={search_term_string}\"},\"query-input\":\"required name=search_term_string\"}],\"inLanguage\":\"sq\"},{\"@type\":\"Organization\",\"@id\":\"https:\/\/permbledhja.com\/#organization\",\"name\":\"MK Media & Pr\",\"url\":\"https:\/\/permbledhja.com\/\",\"logo\":{\"@type\":\"ImageObject\",\"inLanguage\":\"sq\",\"@id\":\"https:\/\/permbledhja.com\/#\/schema\/logo\/image\/\",\"url\":\"https:\/\/permbledhja.com\/wp-content\/uploads\/2021\/12\/07-Press-Logo.jpg\",\"contentUrl\":\"https:\/\/permbledhja.com\/wp-content\/uploads\/2021\/12\/07-Press-Logo.jpg\",\"width\":512,\"height\":512,\"caption\":\"MK Media & Pr\"},\"image\":{\"@id\":\"https:\/\/permbledhja.com\/#\/schema\/logo\/image\/\"},\"sameAs\":[\"https:\/\/www.facebook.com\/press07\/\"]},{\"@type\":\"Person\",\"@id\":\"https:\/\/permbledhja.com\/#\/schema\/person\/0d064377258d3221e50693947b9eb4fe\",\"name\":\"P\u00ebrmbledhja\",\"image\":{\"@type\":\"ImageObject\",\"inLanguage\":\"sq\",\"@id\":\"https:\/\/permbledhja.com\/#\/schema\/person\/image\/\",\"url\":\"https:\/\/permbledhja.com\/wp-content\/uploads\/2026\/01\/452004717_1040944174702970_8932037511805513407_n-96x96.jpg\",\"contentUrl\":\"https:\/\/permbledhja.com\/wp-content\/uploads\/2026\/01\/452004717_1040944174702970_8932037511805513407_n-96x96.jpg\",\"caption\":\"P\u00ebrmbledhja\"},\"sameAs\":[\"https:\/\/www.facebook.com\/kafexhiu.muharrem\/\",\"https:\/\/www.instagram.com\/muharrem_kafexhiu\/\"],\"url\":\"https:\/\/permbledhja.com\/sq\/author\/admin\/\"}]}<\/script>\n<!-- \/ Yoast SEO plugin. -->","yoast_head_json":{"title":"Serb\u00ebt \u201cme duart lart\u00eb\u201d para Nj\u00ebsis\u00eb Speciale n\u00eb veri","robots":{"index":"index","follow":"follow","max-snippet":"max-snippet:-1","max-image-preview":"max-image-preview:large","max-video-preview":"max-video-preview:-1"},"canonical":"https:\/\/permbledhja.com\/sq\/serbet-me-duart-larte-para-njesise-speciale-ne-veri\/","og_locale":"sq_AL","og_type":"article","og_title":"Serb\u00ebt \u201cme duart lart\u00eb\u201d para Nj\u00ebsis\u00eb Speciale n\u00eb veri","og_description":"Nj\u00eb num\u00ebr i vog\u00ebl i serb\u00ebve jan\u00eb pozicionuar para objekteve komunale t\u00eb komunave veriore. Kjo pas sirenave t\u00eb l\u00ebshuar pasditen e sotme n\u00eb t\u00eb kat\u00ebr komunat me shumic\u00eb serb\u00eb n\u00eb veri t\u00eb Kosov\u00ebs, nd\u00ebrkoh\u00eb q\u00eb para objekteve komunale n\u00eb Zubin Potok, Zve\u00e7an dhe Leposaviq. Indeksonline ka siguruar pamje ku shihen serb\u00ebt dhe Nj\u00ebsia Speciale e [&hellip;]","og_url":"https:\/\/permbledhja.com\/sq\/serbet-me-duart-larte-para-njesise-speciale-ne-veri\/","og_site_name":"Ve\u00e7 artikuj p\u00ebrmbledh\u00ebs","article_publisher":"https:\/\/www.facebook.com\/press07\/","article_author":"https:\/\/www.facebook.com\/kafexhiu.muharrem\/","article_published_time":"2023-05-26T11:32:39+00:00","og_image":[{"width":524,"height":283,"url":"https:\/\/permbledhja.com\/wp-content\/uploads\/2023\/05\/y-1.png","type":"image\/png"}],"author":"P\u00ebrmbledhja","twitter_card":"summary_large_image","twitter_misc":{"Written by":"P\u00ebrmbledhja","Est. reading time":"1 minut\u00eb"},"schema":{"@context":"https:\/\/schema.org","@graph":[{"@type":"Article","@id":"https:\/\/permbledhja.com\/sq\/serbet-me-duart-larte-para-njesise-speciale-ne-veri\/#article","isPartOf":{"@id":"https:\/\/permbledhja.com\/sq\/serbet-me-duart-larte-para-njesise-speciale-ne-veri\/"},"author":{"name":"P\u00ebrmbledhja","@id":"https:\/\/permbledhja.com\/#\/schema\/person\/0d064377258d3221e50693947b9eb4fe"},"headline":"Serb\u00ebt \u201cme duart lart\u00eb\u201d para Nj\u00ebsis\u00eb Speciale n\u00eb veri","datePublished":"2023-05-26T11:32:39+00:00","dateModified":"2023-05-26T11:32:39+00:00","mainEntityOfPage":{"@id":"https:\/\/permbledhja.com\/sq\/serbet-me-duart-larte-para-njesise-speciale-ne-veri\/"},"wordCount":185,"publisher":{"@id":"https:\/\/permbledhja.com\/#organization"},"keywords":["Nj\u00ebsia Speciale"],"articleSection":["Kryesoret"],"inLanguage":"sq"},{"@type":"WebPage","@id":"https:\/\/permbledhja.com\/sq\/serbet-me-duart-larte-para-njesise-speciale-ne-veri\/","url":"https:\/\/permbledhja.com\/sq\/serbet-me-duart-larte-para-njesise-speciale-ne-veri\/","name":"Serb\u00ebt \u201cme duart lart\u00eb\u201d para Nj\u00ebsis\u00eb Speciale n\u00eb veri","isPartOf":{"@id":"https:\/\/permbledhja.com\/#website"},"datePublished":"2023-05-26T11:32:39+00:00","dateModified":"2023-05-26T11:32:39+00:00","breadcrumb":{"@id":"https:\/\/permbledhja.com\/sq\/serbet-me-duart-larte-para-njesise-speciale-ne-veri\/#breadcrumb"},"inLanguage":"sq","potentialAction":[{"@type":"ReadAction","target":["https:\/\/permbledhja.com\/sq\/serbet-me-duart-larte-para-njesise-speciale-ne-veri\/"]}]},{"@type":"BreadcrumbList","@id":"https:\/\/permbledhja.com\/sq\/serbet-me-duart-larte-para-njesise-speciale-ne-veri\/#breadcrumb","itemListElement":[{"@type":"ListItem","position":1,"name":"Ballina","item":"https:\/\/permbledhja.com\/sq\/"},{"@type":"ListItem","position":2,"name":"Serb\u00ebt \u201cme duart lart\u00eb\u201d para Nj\u00ebsis\u00eb Speciale n\u00eb veri"}]},{"@type":"WebSite","@id":"https:\/\/permbledhja.com\/#website","url":"https:\/\/permbledhja.com\/","name":"Ve\u00e7 artikuj p\u00ebrmbledh\u00ebs","description":"","publisher":{"@id":"https:\/\/permbledhja.com\/#organization"},"potentialAction":[{"@type":"SearchAction","target":{"@type":"EntryPoint","urlTemplate":"https:\/\/permbledhja.com\/?s={search_term_string}"},"query-input":"required name=search_term_string"}],"inLanguage":"sq"},{"@type":"Organization","@id":"https:\/\/permbledhja.com\/#organization","name":"MK Media & Pr","url":"https:\/\/permbledhja.com\/","logo":{"@type":"ImageObject","inLanguage":"sq","@id":"https:\/\/permbledhja.com\/#\/schema\/logo\/image\/","url":"https:\/\/permbledhja.com\/wp-content\/uploads\/2021\/12\/07-Press-Logo.jpg","contentUrl":"https:\/\/permbledhja.com\/wp-content\/uploads\/2021\/12\/07-Press-Logo.jpg","width":512,"height":512,"caption":"MK Media & Pr"},"image":{"@id":"https:\/\/permbledhja.com\/#\/schema\/logo\/image\/"},"sameAs":["https:\/\/www.facebook.com\/press07\/"]},{"@type":"Person","@id":"https:\/\/permbledhja.com\/#\/schema\/person\/0d064377258d3221e50693947b9eb4fe","name":"P\u00ebrmbledhja","image":{"@type":"ImageObject","inLanguage":"sq","@id":"https:\/\/permbledhja.com\/#\/schema\/person\/image\/","url":"https:\/\/permbledhja.com\/wp-content\/uploads\/2026\/01\/452004717_1040944174702970_8932037511805513407_n-96x96.jpg","contentUrl":"https:\/\/permbledhja.com\/wp-content\/uploads\/2026\/01\/452004717_1040944174702970_8932037511805513407_n-96x96.jpg","caption":"P\u00ebrmbledhja"},"sameAs":["https:\/\/www.facebook.com\/kafexhiu.muharrem\/","https:\/\/www.instagram.com\/muharrem_kafexhiu\/"],"url":"https:\/\/permbledhja.com\/sq\/author\/admin\/"}]}},"_links":{"self":[{"href":"https:\/\/permbledhja.com\/sq\/wp-json\/wp\/v2\/posts\/15070"}],"collection":[{"href":"https:\/\/permbledhja.com\/sq\/wp-json\/wp\/v2\/posts"}],"about":[{"href":"https:\/\/permbledhja.com\/sq\/wp-json\/wp\/v2\/types\/post"}],"author":[{"embeddable":true,"href":"https:\/\/permbledhja.com\/sq\/wp-json\/wp\/v2\/users\/1"}],"replies":[{"embeddable":true,"href":"https:\/\/permbledhja.com\/sq\/wp-json\/wp\/v2\/comments?post=15070"}],"version-history":[{"count":1,"href":"https:\/\/permbledhja.com\/sq\/wp-json\/wp\/v2\/posts\/15070\/revisions"}],"predecessor-version":[{"id":15074,"href":"https:\/\/permbledhja.com\/sq\/wp-json\/wp\/v2\/posts\/15070\/revisions\/15074"}],"wp:featuredmedia":[{"embeddable":true,"href":"https:\/\/permbledhja.com\/sq\/wp-json\/wp\/v2\/media\/15073"}],"wp:attachment":[{"href":"https:\/\/permbledhja.com\/sq\/wp-json\/wp\/v2\/media?parent=15070"}],"wp:term":[{"taxonomy":"category","embeddable":true,"href":"https:\/\/permbledhja.com\/sq\/wp-json\/wp\/v2\/categories?post=15070"},{"taxonomy":"post_tag","embeddable":true,"href":"https:\/\/permbledhja.com\/sq\/wp-json\/wp\/v2\/tags?post=15070"}],"curies":[{"name":"wp","href":"https:\/\/api.w.org\/{rel}","templated":true}]}}