{"id":15045,"date":"2023-05-26T06:22:58","date_gmt":"2023-05-26T06:22:58","guid":{"rendered":"https:\/\/permbledhja.com\/?p=15045"},"modified":"2023-05-26T06:22:58","modified_gmt":"2023-05-26T06:22:58","slug":"bordi-i-fmn-se-miraton-marreveshjen-prej-100-milione-euro-me-kosoven","status":"publish","type":"post","link":"https:\/\/permbledhja.com\/sq\/bordi-i-fmn-se-miraton-marreveshjen-prej-100-milione-euro-me-kosoven\/","title":{"rendered":"Bordi i FMN-s\u00eb miraton marr\u00ebveshjen prej 100 milion\u00eb euro me Kosov\u00ebn"},"content":{"rendered":"<p>Bordi Ekzekutiv i FMN-s\u00eb miratoi nj\u00eb marr\u00ebveshje n\u00eb vler\u00eb prej 80.12 milion\u00eb SDR (rreth 100 milion\u00eb euro) dhe nj\u00eb RSF n\u00eb shum\u00ebn prej 61.95 milion\u00eb SDR (rreth 78 milion\u00eb euro, p\u00ebr t\u00eb mb\u00ebshtetur politikat ekonomike t\u00eb Kosov\u00ebs.<\/p>\n<p>FMN njofton se Kosova \u00ebsht\u00eb vendi i par\u00eb n\u00eb Evrop\u00eb q\u00eb merr financim.<\/p>\n<p>Pas nj\u00eb rikuperimi t\u00eb fort\u00eb nga pandemia COVID-19, rritja u moderua n\u00eb vitin 2022 dhe inflacioni u p\u00ebrshpejtua n\u00eb nivele dyshifrore kryesisht p\u00ebr shkak t\u00eb rritjes s\u00eb \u00e7mimeve nd\u00ebrkomb\u00ebtare t\u00eb mallrave t\u00eb shkaktuara nga lufta e Rusis\u00eb n\u00eb Ukrain\u00eb.<\/p>\n<p>Goditja negative e kushteve t\u00eb tregtis\u00eb ndikoi negativisht n\u00eb t\u00eb ardhurat e disponueshme t\u00eb familjeve dhe p\u00ebrfitimin e biznesit.<\/p>\n<p>Thithja e ul\u00ebt e investimeve publike dhe kushtet m\u00eb t\u00eb shtr\u00ebnguara financiare kontribuuan gjithashtu n\u00eb rritjen m\u00eb t\u00eb dob\u00ebt.<\/p>\n<p>Autoritetet e zbut\u00ebn si\u00e7 duhet kriz\u00ebn, nd\u00ebrkoh\u00eb q\u00eb rind\u00ebrtonin rezervat fiskale dhe ato nd\u00ebrkomb\u00ebtare.<\/p>\n<p>Sektori financiar ka p\u00ebrballuar mir\u00eb goditjet e nj\u00ebpasnj\u00ebshme dhe kredit\u00eb me probleme mbeten t\u00eb ul\u00ebta.<\/p>\n<p>Trajtimi i \u00e7\u00ebshtjeve strukturore afatgjata, si mbyllja e boshll\u00ebqeve t\u00eb infrastruktur\u00ebs dhe qeverisjes, zvog\u00eblimi i var\u00ebsis\u00eb s\u00eb Kosov\u00ebs nga qymyri dhe promovimi i efikasitetit t\u00eb energjis\u00eb, mbeten vendimtare p\u00ebr ta b\u00ebr\u00eb rritjen afatmesme m\u00eb t\u00eb lart\u00eb dhe m\u00eb t\u00eb gjelb\u00ebr, dhe p\u00ebr t\u00eb reduktuar mb\u00ebshtetjen e Kosov\u00ebs n\u00eb rrjedhat e diaspor\u00ebs, raporton RTKlive.<\/p>\n<p>Programi i mb\u00ebshtetur nga FMN n\u00eb kuad\u00ebr t\u00eb SBA-s\u00eb paraprake do t\u00eb zbus\u00eb materializimin e rreziqeve negative dhe do t\u00eb mb\u00ebshtes\u00eb reformat strukturore p\u00ebr t\u00eb forcuar qeverisjen fiskale dhe financiare dhe p\u00ebr t\u00eb rritur rritjen.<\/p>\n<p>Marr\u00ebveshja do t\u00eb zgjeroj\u00eb hap\u00ebsir\u00ebn fiskale t\u00eb Kosov\u00ebs p\u00ebr zbutjen e ndryshimeve klimatike dhe p\u00ebrpjekjet p\u00ebr p\u00ebrshtatje, do t\u00eb shfryt\u00ebzoj\u00eb sinergjit\u00eb me mb\u00ebshtetje tjet\u00ebr zyrtare dhe do t\u00eb ndihmoj\u00eb n\u00eb katalizimin e investimeve private n\u00eb energjin\u00eb e gjelb\u00ebr.<\/p>\n<p>Pas diskutimit t\u00eb Bordit Ekzekutiv, Gita Gopinath, Z\u00ebvend\u00ebs Drejtoresha e Par\u00eb Menaxhuese dhe Ushtruese e Detyr\u00ebs s\u00eb Kryesuesit t\u00eb Bordit, mir\u00ebpriti marr\u00ebveshjen.<\/p>\n<p>Jam i k\u00ebnaqur q\u00eb Bordi Ekzekutiv i FMN-s\u00eb ka miratuar dy aranzhime t\u00eb reja t\u00eb Fondit p\u00ebr Kosov\u00ebn, duke p\u00ebrfshir\u00eb nj\u00eb Marr\u00ebveshje Stand-by dhe nj\u00eb marr\u00ebveshje n\u00eb kuad\u00ebr t\u00eb Leht\u00ebsimit t\u00eb Q\u00ebndrueshm\u00ebris\u00eb dhe Q\u00ebndrueshm\u00ebris\u00eb \u2013 e para n\u00eb Evrop\u00eb\u201d, tha ajo.<\/p>\n<p>Pas tejkalimit t\u00eb suksessh\u00ebm t\u00eb sfidave t\u00eb paraqitura nga pandemia COVID-19, rritja e Kosov\u00ebs n\u00eb vitin 2022 u zbut nga pasojat e luft\u00ebs s\u00eb Rusis\u00eb n\u00eb Ukrain\u00eb.<\/p>\n<p>\u00c7mimet m\u00eb t\u00eb larta dhe m\u00eb t\u00eb paq\u00ebndrueshme t\u00eb mallrave nxit\u00ebn inflacionin dhe tronditja negative e kushteve t\u00eb tregtis\u00eb ndikoi negativisht n\u00eb t\u00eb ardhurat e disponueshme.<\/p>\n<p>Politikat e kujdesshme fiskale t\u00eb autoriteteve dhe kuadri mb\u00ebshtet\u00ebs i synuar gjer\u00ebsisht ndihmuan n\u00eb rind\u00ebrtimin e hap\u00ebsir\u00ebs fiskale duke zbutur ndikimin e kriz\u00ebs s\u00eb kostos s\u00eb jetes\u00ebs.<\/p>\n<p>Tani nevojitet nj\u00eb p\u00ebrzierje e fort\u00eb politikash p\u00ebr t\u00eb mb\u00ebshtetur rim\u00ebk\u00ebmbjen dhe p\u00ebr t\u00eb arritur objektivat e reform\u00ebs.<\/p>\n<p>Respektimi i tavanit t\u00eb deficitit t\u00eb rregullave fiskale do t\u00eb ofroj\u00eb nj\u00eb impuls t\u00eb moderuar t\u00eb aktivitetit n\u00eb vitin 2023, duke ndihmuar ekonomin\u00eb t\u00eb zbutet, nd\u00ebrkoh\u00eb q\u00eb do t\u00eb kontribuoj\u00eb n\u00eb ankorimin e borxhit publik n\u00eb afat t\u00eb mes\u00ebm.<\/p>\n<p>P\u00ebrve\u00e7 k\u00ebsaj, shpenzimet buxhetore duhet t\u00eb vendosin nj\u00eb ekuilib\u00ebr m\u00eb t\u00eb mir\u00eb midis transfertave sociale dhe promovimit t\u00eb transformimit ekonomik, madh\u00ebsia e alokimeve totale duhet t\u00eb reduktohet dhe thithja e investimeve publike duhet t\u00eb rritet, duke forcuar menaxhimin e investimeve publike.<\/p>\n<p>Rritja e qeverisjes s\u00eb sektorit financiar do t\u00eb k\u00ebrkoj\u00eb forcimin e qeverisjes s\u00eb bank\u00ebs qendrore dhe forcimin e kapacitetit t\u00eb bank\u00ebs qendrore p\u00ebr mbik\u00ebqyrjen e sektorit financiar.<\/p>\n<p>Rritja e perspektivave afatmesme t\u00eb rritjes dhe zvog\u00eblimi i var\u00ebsis\u00eb s\u00eb vendit nga flukset e diaspor\u00ebs do t\u00eb k\u00ebrkoj\u00eb avancimin e agjend\u00ebs s\u00eb reformave strukturore dhe mbylljen e boshll\u00ebqeve t\u00eb infrastruktur\u00ebs dhe qeverisjes. P\u00ebr m\u00eb tep\u00ebr, b\u00ebrja e rritjes m\u00eb e gjelb\u00ebr k\u00ebrkon reduktimin e var\u00ebsis\u00eb s\u00eb Kosov\u00ebs nga qymyri dhe rritjen e efikasitetit t\u00eb energjis\u00eb.<\/p>\n<p>N\u00eb k\u00ebt\u00eb sfond, programi i mb\u00ebshtetur nga FMN n\u00ebn SBA \u2013 t\u00eb cilin autoritetet synojn\u00eb ta trajtojn\u00eb si parandalues duke pasur parasysh munges\u00ebn e nj\u00eb nevoje t\u00eb bilancit t\u00eb pagesave n\u00eb baz\u00eb \u2013 do t\u00eb zbus\u00eb materializimin e rreziqeve negative, nd\u00ebrsa veprimet e politikave do t\u00eb p\u00ebrmir\u00ebsojn\u00eb fiskale dhe financiare qeverisjen dhe rritjen e rritjes.<\/p>\n<p>\u201cNga ana tjet\u00ebr, RSF Leht\u00ebsia e Rezistenc\u00ebs dhe Q\u00ebndrueshm\u00ebris\u00eb (RSF-program i FMN-s\u00eb) do t\u00eb mb\u00ebshtes\u00eb veprimet p\u00ebr zbutjen dhe p\u00ebrshtatjen ndaj ndryshimeve klimatike, do t\u00eb shfryt\u00ebzoj\u00eb sinergjit\u00eb me mb\u00ebshtetje t\u00eb tjera zyrtare dhe do t\u00eb ndihmoj\u00eb n\u00eb katalizimin e investimeve private n\u00eb energjin\u00eb e gjelb\u00ebr. RSF p\u00ebrputhet ngusht\u00eb me Strategjin\u00eb e re t\u00eb Energjis\u00eb s\u00eb Kosov\u00ebs p\u00ebr 2023\u201332, e cila u miratua nga Parlamenti n\u00eb fillim t\u00eb vitit 2023\u201d, thuhet n\u00eb komunikat\u00ebn e FMN-s\u00eb. \/Sinjali<\/p>\n","protected":false},"excerpt":{"rendered":"<p>Bordi Ekzekutiv i FMN-s\u00eb miratoi nj\u00eb marr\u00ebveshje n\u00eb vler\u00eb prej 80.12 milion\u00eb SDR (rreth 100 milion\u00eb euro) dhe nj\u00eb RSF n\u00eb shum\u00ebn prej 61.95 milion\u00eb SDR (rreth 78 milion\u00eb euro, p\u00ebr t\u00eb mb\u00ebshtetur politikat ekonomike t\u00eb Kosov\u00ebs. FMN njofton se Kosova \u00ebsht\u00eb vendi i par\u00eb n\u00eb Evrop\u00eb q\u00eb merr financim. Pas nj\u00eb rikuperimi t\u00eb fort\u00eb [&hellip;]<\/p>\n","protected":false},"author":1,"featured_media":15046,"comment_status":"closed","ping_status":"closed","sticky":false,"template":"","format":"standard","meta":{"_monsterinsights_skip_tracking":false,"_monsterinsights_sitenote_active":false,"_monsterinsights_sitenote_note":"","_monsterinsights_sitenote_category":0,"_uf_show_specific_survey":0,"_uf_disable_surveys":false,"footnotes":""},"categories":[1146],"tags":[1817],"yoast_head":"<!-- This site is optimized with the Yoast SEO plugin v21.5 - https:\/\/yoast.com\/wordpress\/plugins\/seo\/ -->\n<title>Bordi i FMN-s\u00eb miraton marr\u00ebveshjen prej 100 milion\u00eb euro me Kosov\u00ebn<\/title>\n<meta name=\"robots\" content=\"index, follow, max-snippet:-1, max-image-preview:large, max-video-preview:-1\" \/>\n<link rel=\"canonical\" href=\"https:\/\/permbledhja.com\/sq\/bordi-i-fmn-se-miraton-marreveshjen-prej-100-milione-euro-me-kosoven\/\" \/>\n<meta property=\"og:locale\" content=\"sq_AL\" \/>\n<meta property=\"og:type\" content=\"article\" \/>\n<meta property=\"og:title\" content=\"Bordi i FMN-s\u00eb miraton marr\u00ebveshjen prej 100 milion\u00eb euro me Kosov\u00ebn\" \/>\n<meta property=\"og:description\" content=\"Bordi Ekzekutiv i FMN-s\u00eb miratoi nj\u00eb marr\u00ebveshje n\u00eb vler\u00eb prej 80.12 milion\u00eb SDR (rreth 100 milion\u00eb euro) dhe nj\u00eb RSF n\u00eb shum\u00ebn prej 61.95 milion\u00eb SDR (rreth 78 milion\u00eb euro, p\u00ebr t\u00eb mb\u00ebshtetur politikat ekonomike t\u00eb Kosov\u00ebs. FMN njofton se Kosova \u00ebsht\u00eb vendi i par\u00eb n\u00eb Evrop\u00eb q\u00eb merr financim. Pas nj\u00eb rikuperimi t\u00eb fort\u00eb [&hellip;]\" \/>\n<meta property=\"og:url\" content=\"https:\/\/permbledhja.com\/sq\/bordi-i-fmn-se-miraton-marreveshjen-prej-100-milione-euro-me-kosoven\/\" \/>\n<meta property=\"og:site_name\" content=\"Ve\u00e7 artikuj p\u00ebrmbledh\u00ebs\" \/>\n<meta property=\"article:publisher\" content=\"https:\/\/www.facebook.com\/press07\/\" \/>\n<meta property=\"article:author\" content=\"https:\/\/www.facebook.com\/kafexhiu.muharrem\/\" \/>\n<meta property=\"article:published_time\" content=\"2023-05-26T06:22:58+00:00\" \/>\n<meta property=\"og:image\" content=\"https:\/\/permbledhja.com\/wp-content\/uploads\/2023\/05\/756C6D14-6DBF-4D60-9F00-EA7E123A5D18.jpeg\" \/>\n\t<meta property=\"og:image:width\" content=\"600\" \/>\n\t<meta property=\"og:image:height\" content=\"360\" \/>\n\t<meta property=\"og:image:type\" content=\"image\/jpeg\" \/>\n<meta name=\"author\" content=\"P\u00ebrmbledhja\" \/>\n<meta name=\"twitter:card\" content=\"summary_large_image\" \/>\n<meta name=\"twitter:label1\" content=\"Written by\" \/>\n\t<meta name=\"twitter:data1\" content=\"P\u00ebrmbledhja\" \/>\n\t<meta name=\"twitter:label2\" content=\"Est. reading time\" \/>\n\t<meta name=\"twitter:data2\" content=\"4 minuta\" \/>\n<script type=\"application\/ld+json\" class=\"yoast-schema-graph\">{\"@context\":\"https:\/\/schema.org\",\"@graph\":[{\"@type\":\"Article\",\"@id\":\"https:\/\/permbledhja.com\/sq\/bordi-i-fmn-se-miraton-marreveshjen-prej-100-milione-euro-me-kosoven\/#article\",\"isPartOf\":{\"@id\":\"https:\/\/permbledhja.com\/sq\/bordi-i-fmn-se-miraton-marreveshjen-prej-100-milione-euro-me-kosoven\/\"},\"author\":{\"name\":\"P\u00ebrmbledhja\",\"@id\":\"https:\/\/permbledhja.com\/#\/schema\/person\/0d064377258d3221e50693947b9eb4fe\"},\"headline\":\"Bordi i FMN-s\u00eb miraton marr\u00ebveshjen prej 100 milion\u00eb euro me Kosov\u00ebn\",\"datePublished\":\"2023-05-26T06:22:58+00:00\",\"dateModified\":\"2023-05-26T06:22:58+00:00\",\"mainEntityOfPage\":{\"@id\":\"https:\/\/permbledhja.com\/sq\/bordi-i-fmn-se-miraton-marreveshjen-prej-100-milione-euro-me-kosoven\/\"},\"wordCount\":872,\"publisher\":{\"@id\":\"https:\/\/permbledhja.com\/#organization\"},\"keywords\":[\"FMN\"],\"articleSection\":[\"Kryesoret\"],\"inLanguage\":\"sq\"},{\"@type\":\"WebPage\",\"@id\":\"https:\/\/permbledhja.com\/sq\/bordi-i-fmn-se-miraton-marreveshjen-prej-100-milione-euro-me-kosoven\/\",\"url\":\"https:\/\/permbledhja.com\/sq\/bordi-i-fmn-se-miraton-marreveshjen-prej-100-milione-euro-me-kosoven\/\",\"name\":\"Bordi i FMN-s\u00eb miraton marr\u00ebveshjen prej 100 milion\u00eb euro me Kosov\u00ebn\",\"isPartOf\":{\"@id\":\"https:\/\/permbledhja.com\/#website\"},\"datePublished\":\"2023-05-26T06:22:58+00:00\",\"dateModified\":\"2023-05-26T06:22:58+00:00\",\"breadcrumb\":{\"@id\":\"https:\/\/permbledhja.com\/sq\/bordi-i-fmn-se-miraton-marreveshjen-prej-100-milione-euro-me-kosoven\/#breadcrumb\"},\"inLanguage\":\"sq\",\"potentialAction\":[{\"@type\":\"ReadAction\",\"target\":[\"https:\/\/permbledhja.com\/sq\/bordi-i-fmn-se-miraton-marreveshjen-prej-100-milione-euro-me-kosoven\/\"]}]},{\"@type\":\"BreadcrumbList\",\"@id\":\"https:\/\/permbledhja.com\/sq\/bordi-i-fmn-se-miraton-marreveshjen-prej-100-milione-euro-me-kosoven\/#breadcrumb\",\"itemListElement\":[{\"@type\":\"ListItem\",\"position\":1,\"name\":\"Ballina\",\"item\":\"https:\/\/permbledhja.com\/sq\/\"},{\"@type\":\"ListItem\",\"position\":2,\"name\":\"Bordi i FMN-s\u00eb miraton marr\u00ebveshjen prej 100 milion\u00eb euro me Kosov\u00ebn\"}]},{\"@type\":\"WebSite\",\"@id\":\"https:\/\/permbledhja.com\/#website\",\"url\":\"https:\/\/permbledhja.com\/\",\"name\":\"Ve\u00e7 artikuj p\u00ebrmbledh\u00ebs\",\"description\":\"\",\"publisher\":{\"@id\":\"https:\/\/permbledhja.com\/#organization\"},\"potentialAction\":[{\"@type\":\"SearchAction\",\"target\":{\"@type\":\"EntryPoint\",\"urlTemplate\":\"https:\/\/permbledhja.com\/?s={search_term_string}\"},\"query-input\":\"required name=search_term_string\"}],\"inLanguage\":\"sq\"},{\"@type\":\"Organization\",\"@id\":\"https:\/\/permbledhja.com\/#organization\",\"name\":\"MK Media & Pr\",\"url\":\"https:\/\/permbledhja.com\/\",\"logo\":{\"@type\":\"ImageObject\",\"inLanguage\":\"sq\",\"@id\":\"https:\/\/permbledhja.com\/#\/schema\/logo\/image\/\",\"url\":\"https:\/\/permbledhja.com\/wp-content\/uploads\/2021\/12\/07-Press-Logo.jpg\",\"contentUrl\":\"https:\/\/permbledhja.com\/wp-content\/uploads\/2021\/12\/07-Press-Logo.jpg\",\"width\":512,\"height\":512,\"caption\":\"MK Media & Pr\"},\"image\":{\"@id\":\"https:\/\/permbledhja.com\/#\/schema\/logo\/image\/\"},\"sameAs\":[\"https:\/\/www.facebook.com\/press07\/\"]},{\"@type\":\"Person\",\"@id\":\"https:\/\/permbledhja.com\/#\/schema\/person\/0d064377258d3221e50693947b9eb4fe\",\"name\":\"P\u00ebrmbledhja\",\"image\":{\"@type\":\"ImageObject\",\"inLanguage\":\"sq\",\"@id\":\"https:\/\/permbledhja.com\/#\/schema\/person\/image\/\",\"url\":\"https:\/\/permbledhja.com\/wp-content\/uploads\/2026\/01\/452004717_1040944174702970_8932037511805513407_n-96x96.jpg\",\"contentUrl\":\"https:\/\/permbledhja.com\/wp-content\/uploads\/2026\/01\/452004717_1040944174702970_8932037511805513407_n-96x96.jpg\",\"caption\":\"P\u00ebrmbledhja\"},\"sameAs\":[\"https:\/\/www.facebook.com\/kafexhiu.muharrem\/\",\"https:\/\/www.instagram.com\/muharrem_kafexhiu\/\"],\"url\":\"https:\/\/permbledhja.com\/sq\/author\/admin\/\"}]}<\/script>\n<!-- \/ Yoast SEO plugin. -->","yoast_head_json":{"title":"Bordi i FMN-s\u00eb miraton marr\u00ebveshjen prej 100 milion\u00eb euro me Kosov\u00ebn","robots":{"index":"index","follow":"follow","max-snippet":"max-snippet:-1","max-image-preview":"max-image-preview:large","max-video-preview":"max-video-preview:-1"},"canonical":"https:\/\/permbledhja.com\/sq\/bordi-i-fmn-se-miraton-marreveshjen-prej-100-milione-euro-me-kosoven\/","og_locale":"sq_AL","og_type":"article","og_title":"Bordi i FMN-s\u00eb miraton marr\u00ebveshjen prej 100 milion\u00eb euro me Kosov\u00ebn","og_description":"Bordi Ekzekutiv i FMN-s\u00eb miratoi nj\u00eb marr\u00ebveshje n\u00eb vler\u00eb prej 80.12 milion\u00eb SDR (rreth 100 milion\u00eb euro) dhe nj\u00eb RSF n\u00eb shum\u00ebn prej 61.95 milion\u00eb SDR (rreth 78 milion\u00eb euro, p\u00ebr t\u00eb mb\u00ebshtetur politikat ekonomike t\u00eb Kosov\u00ebs. FMN njofton se Kosova \u00ebsht\u00eb vendi i par\u00eb n\u00eb Evrop\u00eb q\u00eb merr financim. Pas nj\u00eb rikuperimi t\u00eb fort\u00eb [&hellip;]","og_url":"https:\/\/permbledhja.com\/sq\/bordi-i-fmn-se-miraton-marreveshjen-prej-100-milione-euro-me-kosoven\/","og_site_name":"Ve\u00e7 artikuj p\u00ebrmbledh\u00ebs","article_publisher":"https:\/\/www.facebook.com\/press07\/","article_author":"https:\/\/www.facebook.com\/kafexhiu.muharrem\/","article_published_time":"2023-05-26T06:22:58+00:00","og_image":[{"width":600,"height":360,"url":"https:\/\/permbledhja.com\/wp-content\/uploads\/2023\/05\/756C6D14-6DBF-4D60-9F00-EA7E123A5D18.jpeg","type":"image\/jpeg"}],"author":"P\u00ebrmbledhja","twitter_card":"summary_large_image","twitter_misc":{"Written by":"P\u00ebrmbledhja","Est. reading time":"4 minuta"},"schema":{"@context":"https:\/\/schema.org","@graph":[{"@type":"Article","@id":"https:\/\/permbledhja.com\/sq\/bordi-i-fmn-se-miraton-marreveshjen-prej-100-milione-euro-me-kosoven\/#article","isPartOf":{"@id":"https:\/\/permbledhja.com\/sq\/bordi-i-fmn-se-miraton-marreveshjen-prej-100-milione-euro-me-kosoven\/"},"author":{"name":"P\u00ebrmbledhja","@id":"https:\/\/permbledhja.com\/#\/schema\/person\/0d064377258d3221e50693947b9eb4fe"},"headline":"Bordi i FMN-s\u00eb miraton marr\u00ebveshjen prej 100 milion\u00eb euro me Kosov\u00ebn","datePublished":"2023-05-26T06:22:58+00:00","dateModified":"2023-05-26T06:22:58+00:00","mainEntityOfPage":{"@id":"https:\/\/permbledhja.com\/sq\/bordi-i-fmn-se-miraton-marreveshjen-prej-100-milione-euro-me-kosoven\/"},"wordCount":872,"publisher":{"@id":"https:\/\/permbledhja.com\/#organization"},"keywords":["FMN"],"articleSection":["Kryesoret"],"inLanguage":"sq"},{"@type":"WebPage","@id":"https:\/\/permbledhja.com\/sq\/bordi-i-fmn-se-miraton-marreveshjen-prej-100-milione-euro-me-kosoven\/","url":"https:\/\/permbledhja.com\/sq\/bordi-i-fmn-se-miraton-marreveshjen-prej-100-milione-euro-me-kosoven\/","name":"Bordi i FMN-s\u00eb miraton marr\u00ebveshjen prej 100 milion\u00eb euro me Kosov\u00ebn","isPartOf":{"@id":"https:\/\/permbledhja.com\/#website"},"datePublished":"2023-05-26T06:22:58+00:00","dateModified":"2023-05-26T06:22:58+00:00","breadcrumb":{"@id":"https:\/\/permbledhja.com\/sq\/bordi-i-fmn-se-miraton-marreveshjen-prej-100-milione-euro-me-kosoven\/#breadcrumb"},"inLanguage":"sq","potentialAction":[{"@type":"ReadAction","target":["https:\/\/permbledhja.com\/sq\/bordi-i-fmn-se-miraton-marreveshjen-prej-100-milione-euro-me-kosoven\/"]}]},{"@type":"BreadcrumbList","@id":"https:\/\/permbledhja.com\/sq\/bordi-i-fmn-se-miraton-marreveshjen-prej-100-milione-euro-me-kosoven\/#breadcrumb","itemListElement":[{"@type":"ListItem","position":1,"name":"Ballina","item":"https:\/\/permbledhja.com\/sq\/"},{"@type":"ListItem","position":2,"name":"Bordi i FMN-s\u00eb miraton marr\u00ebveshjen prej 100 milion\u00eb euro me Kosov\u00ebn"}]},{"@type":"WebSite","@id":"https:\/\/permbledhja.com\/#website","url":"https:\/\/permbledhja.com\/","name":"Ve\u00e7 artikuj p\u00ebrmbledh\u00ebs","description":"","publisher":{"@id":"https:\/\/permbledhja.com\/#organization"},"potentialAction":[{"@type":"SearchAction","target":{"@type":"EntryPoint","urlTemplate":"https:\/\/permbledhja.com\/?s={search_term_string}"},"query-input":"required name=search_term_string"}],"inLanguage":"sq"},{"@type":"Organization","@id":"https:\/\/permbledhja.com\/#organization","name":"MK Media & Pr","url":"https:\/\/permbledhja.com\/","logo":{"@type":"ImageObject","inLanguage":"sq","@id":"https:\/\/permbledhja.com\/#\/schema\/logo\/image\/","url":"https:\/\/permbledhja.com\/wp-content\/uploads\/2021\/12\/07-Press-Logo.jpg","contentUrl":"https:\/\/permbledhja.com\/wp-content\/uploads\/2021\/12\/07-Press-Logo.jpg","width":512,"height":512,"caption":"MK Media & Pr"},"image":{"@id":"https:\/\/permbledhja.com\/#\/schema\/logo\/image\/"},"sameAs":["https:\/\/www.facebook.com\/press07\/"]},{"@type":"Person","@id":"https:\/\/permbledhja.com\/#\/schema\/person\/0d064377258d3221e50693947b9eb4fe","name":"P\u00ebrmbledhja","image":{"@type":"ImageObject","inLanguage":"sq","@id":"https:\/\/permbledhja.com\/#\/schema\/person\/image\/","url":"https:\/\/permbledhja.com\/wp-content\/uploads\/2026\/01\/452004717_1040944174702970_8932037511805513407_n-96x96.jpg","contentUrl":"https:\/\/permbledhja.com\/wp-content\/uploads\/2026\/01\/452004717_1040944174702970_8932037511805513407_n-96x96.jpg","caption":"P\u00ebrmbledhja"},"sameAs":["https:\/\/www.facebook.com\/kafexhiu.muharrem\/","https:\/\/www.instagram.com\/muharrem_kafexhiu\/"],"url":"https:\/\/permbledhja.com\/sq\/author\/admin\/"}]}},"_links":{"self":[{"href":"https:\/\/permbledhja.com\/sq\/wp-json\/wp\/v2\/posts\/15045"}],"collection":[{"href":"https:\/\/permbledhja.com\/sq\/wp-json\/wp\/v2\/posts"}],"about":[{"href":"https:\/\/permbledhja.com\/sq\/wp-json\/wp\/v2\/types\/post"}],"author":[{"embeddable":true,"href":"https:\/\/permbledhja.com\/sq\/wp-json\/wp\/v2\/users\/1"}],"replies":[{"embeddable":true,"href":"https:\/\/permbledhja.com\/sq\/wp-json\/wp\/v2\/comments?post=15045"}],"version-history":[{"count":1,"href":"https:\/\/permbledhja.com\/sq\/wp-json\/wp\/v2\/posts\/15045\/revisions"}],"predecessor-version":[{"id":15047,"href":"https:\/\/permbledhja.com\/sq\/wp-json\/wp\/v2\/posts\/15045\/revisions\/15047"}],"wp:featuredmedia":[{"embeddable":true,"href":"https:\/\/permbledhja.com\/sq\/wp-json\/wp\/v2\/media\/15046"}],"wp:attachment":[{"href":"https:\/\/permbledhja.com\/sq\/wp-json\/wp\/v2\/media?parent=15045"}],"wp:term":[{"taxonomy":"category","embeddable":true,"href":"https:\/\/permbledhja.com\/sq\/wp-json\/wp\/v2\/categories?post=15045"},{"taxonomy":"post_tag","embeddable":true,"href":"https:\/\/permbledhja.com\/sq\/wp-json\/wp\/v2\/tags?post=15045"}],"curies":[{"name":"wp","href":"https:\/\/api.w.org\/{rel}","templated":true}]}}