{"id":15042,"date":"2023-05-25T21:13:24","date_gmt":"2023-05-25T21:13:24","guid":{"rendered":"https:\/\/permbledhja.com\/?p=15042"},"modified":"2023-05-25T21:13:24","modified_gmt":"2023-05-25T21:13:24","slug":"neser-mot-me-vranesira-nuk-perjashtohen-as-rrebeshe-shiu","status":"publish","type":"post","link":"https:\/\/permbledhja.com\/sq\/neser-mot-me-vranesira-nuk-perjashtohen-as-rrebeshe-shiu\/","title":{"rendered":"Nes\u00ebr mot me vran\u00ebsira \u2013 nuk p\u00ebrjashtohen as rr\u00ebbeshe shiu"},"content":{"rendered":"<p>P\u00ebr t\u00eb Premten parashikohet t\u00eb mbaj\u00eb mot me vran\u00ebsira dhe intervale me diell, ku pritet koh\u00eb pas kohe n\u00eb intervale t\u00eb ndryshme kohore t\u00eb ket\u00eb rrebeshe lokale shiu, t\u00eb shoq\u00ebruara me shkarkesa rrufesh dhe bresh\u00ebr.<\/p>\n<p>Disa nga rrufet\u00eb pritet t\u00eb jen\u00eb t\u00eb fuqishme!<\/p>\n<p>Era do t\u00eb fryj\u00eb nga kuadrati i verilindjes, e cila n\u00eb momente t\u00eb caktuara pritet t\u00eb jet\u00eb mjaft e fuqishme, me shpejt\u00ebsi prej 20-70 km\/h!<\/p>\n<p>Temperaturat minimale do t\u00eb luhaten prej 12 deri n\u00eb 14\u00b0C, nd\u00ebrsa ato maksimale prej 20 deri n\u00eb 24\u00b0C.\/MeteoKosova<\/p>\n","protected":false},"excerpt":{"rendered":"<p>P\u00ebr t\u00eb Premten parashikohet t\u00eb mbaj\u00eb mot me vran\u00ebsira dhe intervale me diell, ku pritet koh\u00eb pas kohe n\u00eb intervale t\u00eb ndryshme kohore t\u00eb ket\u00eb rrebeshe lokale shiu, t\u00eb shoq\u00ebruara me shkarkesa rrufesh dhe bresh\u00ebr. Disa nga rrufet\u00eb pritet t\u00eb jen\u00eb t\u00eb fuqishme! Era do t\u00eb fryj\u00eb nga kuadrati i verilindjes, e cila n\u00eb momente [&hellip;]<\/p>\n","protected":false},"author":1,"featured_media":15043,"comment_status":"closed","ping_status":"closed","sticky":false,"template":"","format":"standard","meta":{"_monsterinsights_skip_tracking":false,"_monsterinsights_sitenote_active":false,"_monsterinsights_sitenote_note":"","_monsterinsights_sitenote_category":0,"_uf_show_specific_survey":0,"_uf_disable_surveys":false,"footnotes":""},"categories":[23,15],"tags":[26],"yoast_head":"<!-- This site is optimized with the Yoast SEO plugin v21.5 - https:\/\/yoast.com\/wordpress\/plugins\/seo\/ -->\n<title>Nes\u00ebr mot me vran\u00ebsira \u2013 nuk p\u00ebrjashtohen as rr\u00ebbeshe shiu<\/title>\n<meta name=\"robots\" content=\"index, follow, max-snippet:-1, max-image-preview:large, max-video-preview:-1\" \/>\n<link rel=\"canonical\" href=\"https:\/\/permbledhja.com\/sq\/neser-mot-me-vranesira-nuk-perjashtohen-as-rrebeshe-shiu\/\" \/>\n<meta property=\"og:locale\" content=\"sq_AL\" \/>\n<meta property=\"og:type\" content=\"article\" \/>\n<meta property=\"og:title\" content=\"Nes\u00ebr mot me vran\u00ebsira \u2013 nuk p\u00ebrjashtohen as rr\u00ebbeshe shiu\" \/>\n<meta property=\"og:description\" content=\"P\u00ebr t\u00eb Premten parashikohet t\u00eb mbaj\u00eb mot me vran\u00ebsira dhe intervale me diell, ku pritet koh\u00eb pas kohe n\u00eb intervale t\u00eb ndryshme kohore t\u00eb ket\u00eb rrebeshe lokale shiu, t\u00eb shoq\u00ebruara me shkarkesa rrufesh dhe bresh\u00ebr. Disa nga rrufet\u00eb pritet t\u00eb jen\u00eb t\u00eb fuqishme! Era do t\u00eb fryj\u00eb nga kuadrati i verilindjes, e cila n\u00eb momente [&hellip;]\" \/>\n<meta property=\"og:url\" content=\"https:\/\/permbledhja.com\/sq\/neser-mot-me-vranesira-nuk-perjashtohen-as-rrebeshe-shiu\/\" \/>\n<meta property=\"og:site_name\" content=\"Ve\u00e7 artikuj p\u00ebrmbledh\u00ebs\" \/>\n<meta property=\"article:publisher\" content=\"https:\/\/www.facebook.com\/press07\/\" \/>\n<meta property=\"article:author\" content=\"https:\/\/www.facebook.com\/kafexhiu.muharrem\/\" \/>\n<meta property=\"article:published_time\" content=\"2023-05-25T21:13:24+00:00\" \/>\n<meta property=\"og:image\" content=\"https:\/\/permbledhja.com\/wp-content\/uploads\/2023\/05\/eeeeeeeeee.jpg\" \/>\n\t<meta property=\"og:image:width\" content=\"763\" \/>\n\t<meta property=\"og:image:height\" content=\"460\" \/>\n\t<meta property=\"og:image:type\" content=\"image\/jpeg\" \/>\n<meta name=\"author\" content=\"P\u00ebrmbledhja\" \/>\n<meta name=\"twitter:card\" content=\"summary_large_image\" \/>\n<meta name=\"twitter:label1\" content=\"Written by\" \/>\n\t<meta name=\"twitter:data1\" content=\"P\u00ebrmbledhja\" \/>\n<script type=\"application\/ld+json\" class=\"yoast-schema-graph\">{\"@context\":\"https:\/\/schema.org\",\"@graph\":[{\"@type\":\"Article\",\"@id\":\"https:\/\/permbledhja.com\/neser-mot-me-vranesira-nuk-perjashtohen-as-rrebeshe-shiu\/#article\",\"isPartOf\":{\"@id\":\"https:\/\/permbledhja.com\/neser-mot-me-vranesira-nuk-perjashtohen-as-rrebeshe-shiu\/\"},\"author\":{\"name\":\"P\u00ebrmbledhja\",\"@id\":\"https:\/\/permbledhja.com\/#\/schema\/person\/0d064377258d3221e50693947b9eb4fe\"},\"headline\":\"Nes\u00ebr mot me vran\u00ebsira \u2013 nuk p\u00ebrjashtohen as rr\u00ebbeshe shiu\",\"datePublished\":\"2023-05-25T21:13:24+00:00\",\"dateModified\":\"2023-05-25T21:13:24+00:00\",\"mainEntityOfPage\":{\"@id\":\"https:\/\/permbledhja.com\/neser-mot-me-vranesira-nuk-perjashtohen-as-rrebeshe-shiu\/\"},\"wordCount\":105,\"publisher\":{\"@id\":\"https:\/\/permbledhja.com\/#organization\"},\"keywords\":[\"Moti\"],\"articleSection\":[\"Komb\u00ebtare\",\"Lajme\"],\"inLanguage\":\"sq\"},{\"@type\":\"WebPage\",\"@id\":\"https:\/\/permbledhja.com\/neser-mot-me-vranesira-nuk-perjashtohen-as-rrebeshe-shiu\/\",\"url\":\"https:\/\/permbledhja.com\/neser-mot-me-vranesira-nuk-perjashtohen-as-rrebeshe-shiu\/\",\"name\":\"Nes\u00ebr mot me vran\u00ebsira \u2013 nuk p\u00ebrjashtohen as rr\u00ebbeshe shiu\",\"isPartOf\":{\"@id\":\"https:\/\/permbledhja.com\/#website\"},\"datePublished\":\"2023-05-25T21:13:24+00:00\",\"dateModified\":\"2023-05-25T21:13:24+00:00\",\"breadcrumb\":{\"@id\":\"https:\/\/permbledhja.com\/neser-mot-me-vranesira-nuk-perjashtohen-as-rrebeshe-shiu\/#breadcrumb\"},\"inLanguage\":\"sq\",\"potentialAction\":[{\"@type\":\"ReadAction\",\"target\":[\"https:\/\/permbledhja.com\/neser-mot-me-vranesira-nuk-perjashtohen-as-rrebeshe-shiu\/\"]}]},{\"@type\":\"BreadcrumbList\",\"@id\":\"https:\/\/permbledhja.com\/neser-mot-me-vranesira-nuk-perjashtohen-as-rrebeshe-shiu\/#breadcrumb\",\"itemListElement\":[{\"@type\":\"ListItem\",\"position\":1,\"name\":\"Ballina\",\"item\":\"https:\/\/permbledhja.com\/sq\/\"},{\"@type\":\"ListItem\",\"position\":2,\"name\":\"Nes\u00ebr mot me vran\u00ebsira \u2013 nuk p\u00ebrjashtohen as rr\u00ebbeshe shiu\"}]},{\"@type\":\"WebSite\",\"@id\":\"https:\/\/permbledhja.com\/#website\",\"url\":\"https:\/\/permbledhja.com\/\",\"name\":\"Ve\u00e7 artikuj p\u00ebrmbledh\u00ebs\",\"description\":\"\",\"publisher\":{\"@id\":\"https:\/\/permbledhja.com\/#organization\"},\"potentialAction\":[{\"@type\":\"SearchAction\",\"target\":{\"@type\":\"EntryPoint\",\"urlTemplate\":\"https:\/\/permbledhja.com\/?s={search_term_string}\"},\"query-input\":\"required name=search_term_string\"}],\"inLanguage\":\"sq\"},{\"@type\":\"Organization\",\"@id\":\"https:\/\/permbledhja.com\/#organization\",\"name\":\"MK Media & Pr\",\"url\":\"https:\/\/permbledhja.com\/\",\"logo\":{\"@type\":\"ImageObject\",\"inLanguage\":\"sq\",\"@id\":\"https:\/\/permbledhja.com\/#\/schema\/logo\/image\/\",\"url\":\"https:\/\/permbledhja.com\/wp-content\/uploads\/2021\/12\/07-Press-Logo.jpg\",\"contentUrl\":\"https:\/\/permbledhja.com\/wp-content\/uploads\/2021\/12\/07-Press-Logo.jpg\",\"width\":512,\"height\":512,\"caption\":\"MK Media & Pr\"},\"image\":{\"@id\":\"https:\/\/permbledhja.com\/#\/schema\/logo\/image\/\"},\"sameAs\":[\"https:\/\/www.facebook.com\/press07\/\"]},{\"@type\":\"Person\",\"@id\":\"https:\/\/permbledhja.com\/#\/schema\/person\/0d064377258d3221e50693947b9eb4fe\",\"name\":\"P\u00ebrmbledhja\",\"image\":{\"@type\":\"ImageObject\",\"inLanguage\":\"sq\",\"@id\":\"https:\/\/permbledhja.com\/#\/schema\/person\/image\/\",\"url\":\"https:\/\/permbledhja.com\/wp-content\/uploads\/2026\/01\/452004717_1040944174702970_8932037511805513407_n-96x96.jpg\",\"contentUrl\":\"https:\/\/permbledhja.com\/wp-content\/uploads\/2026\/01\/452004717_1040944174702970_8932037511805513407_n-96x96.jpg\",\"caption\":\"P\u00ebrmbledhja\"},\"sameAs\":[\"https:\/\/www.facebook.com\/kafexhiu.muharrem\/\",\"https:\/\/www.instagram.com\/muharrem_kafexhiu\/\"],\"url\":\"https:\/\/permbledhja.com\/sq\/author\/admin\/\"}]}<\/script>\n<!-- \/ Yoast SEO plugin. -->","yoast_head_json":{"title":"Nes\u00ebr mot me vran\u00ebsira \u2013 nuk p\u00ebrjashtohen as rr\u00ebbeshe shiu","robots":{"index":"index","follow":"follow","max-snippet":"max-snippet:-1","max-image-preview":"max-image-preview:large","max-video-preview":"max-video-preview:-1"},"canonical":"https:\/\/permbledhja.com\/sq\/neser-mot-me-vranesira-nuk-perjashtohen-as-rrebeshe-shiu\/","og_locale":"sq_AL","og_type":"article","og_title":"Nes\u00ebr mot me vran\u00ebsira \u2013 nuk p\u00ebrjashtohen as rr\u00ebbeshe shiu","og_description":"P\u00ebr t\u00eb Premten parashikohet t\u00eb mbaj\u00eb mot me vran\u00ebsira dhe intervale me diell, ku pritet koh\u00eb pas kohe n\u00eb intervale t\u00eb ndryshme kohore t\u00eb ket\u00eb rrebeshe lokale shiu, t\u00eb shoq\u00ebruara me shkarkesa rrufesh dhe bresh\u00ebr. Disa nga rrufet\u00eb pritet t\u00eb jen\u00eb t\u00eb fuqishme! Era do t\u00eb fryj\u00eb nga kuadrati i verilindjes, e cila n\u00eb momente [&hellip;]","og_url":"https:\/\/permbledhja.com\/sq\/neser-mot-me-vranesira-nuk-perjashtohen-as-rrebeshe-shiu\/","og_site_name":"Ve\u00e7 artikuj p\u00ebrmbledh\u00ebs","article_publisher":"https:\/\/www.facebook.com\/press07\/","article_author":"https:\/\/www.facebook.com\/kafexhiu.muharrem\/","article_published_time":"2023-05-25T21:13:24+00:00","og_image":[{"width":763,"height":460,"url":"https:\/\/permbledhja.com\/wp-content\/uploads\/2023\/05\/eeeeeeeeee.jpg","type":"image\/jpeg"}],"author":"P\u00ebrmbledhja","twitter_card":"summary_large_image","twitter_misc":{"Written by":"P\u00ebrmbledhja"},"schema":{"@context":"https:\/\/schema.org","@graph":[{"@type":"Article","@id":"https:\/\/permbledhja.com\/neser-mot-me-vranesira-nuk-perjashtohen-as-rrebeshe-shiu\/#article","isPartOf":{"@id":"https:\/\/permbledhja.com\/neser-mot-me-vranesira-nuk-perjashtohen-as-rrebeshe-shiu\/"},"author":{"name":"P\u00ebrmbledhja","@id":"https:\/\/permbledhja.com\/#\/schema\/person\/0d064377258d3221e50693947b9eb4fe"},"headline":"Nes\u00ebr mot me vran\u00ebsira \u2013 nuk p\u00ebrjashtohen as rr\u00ebbeshe shiu","datePublished":"2023-05-25T21:13:24+00:00","dateModified":"2023-05-25T21:13:24+00:00","mainEntityOfPage":{"@id":"https:\/\/permbledhja.com\/neser-mot-me-vranesira-nuk-perjashtohen-as-rrebeshe-shiu\/"},"wordCount":105,"publisher":{"@id":"https:\/\/permbledhja.com\/#organization"},"keywords":["Moti"],"articleSection":["Komb\u00ebtare","Lajme"],"inLanguage":"sq"},{"@type":"WebPage","@id":"https:\/\/permbledhja.com\/neser-mot-me-vranesira-nuk-perjashtohen-as-rrebeshe-shiu\/","url":"https:\/\/permbledhja.com\/neser-mot-me-vranesira-nuk-perjashtohen-as-rrebeshe-shiu\/","name":"Nes\u00ebr mot me vran\u00ebsira \u2013 nuk p\u00ebrjashtohen as rr\u00ebbeshe shiu","isPartOf":{"@id":"https:\/\/permbledhja.com\/#website"},"datePublished":"2023-05-25T21:13:24+00:00","dateModified":"2023-05-25T21:13:24+00:00","breadcrumb":{"@id":"https:\/\/permbledhja.com\/neser-mot-me-vranesira-nuk-perjashtohen-as-rrebeshe-shiu\/#breadcrumb"},"inLanguage":"sq","potentialAction":[{"@type":"ReadAction","target":["https:\/\/permbledhja.com\/neser-mot-me-vranesira-nuk-perjashtohen-as-rrebeshe-shiu\/"]}]},{"@type":"BreadcrumbList","@id":"https:\/\/permbledhja.com\/neser-mot-me-vranesira-nuk-perjashtohen-as-rrebeshe-shiu\/#breadcrumb","itemListElement":[{"@type":"ListItem","position":1,"name":"Ballina","item":"https:\/\/permbledhja.com\/sq\/"},{"@type":"ListItem","position":2,"name":"Nes\u00ebr mot me vran\u00ebsira \u2013 nuk p\u00ebrjashtohen as rr\u00ebbeshe shiu"}]},{"@type":"WebSite","@id":"https:\/\/permbledhja.com\/#website","url":"https:\/\/permbledhja.com\/","name":"Ve\u00e7 artikuj p\u00ebrmbledh\u00ebs","description":"","publisher":{"@id":"https:\/\/permbledhja.com\/#organization"},"potentialAction":[{"@type":"SearchAction","target":{"@type":"EntryPoint","urlTemplate":"https:\/\/permbledhja.com\/?s={search_term_string}"},"query-input":"required name=search_term_string"}],"inLanguage":"sq"},{"@type":"Organization","@id":"https:\/\/permbledhja.com\/#organization","name":"MK Media & Pr","url":"https:\/\/permbledhja.com\/","logo":{"@type":"ImageObject","inLanguage":"sq","@id":"https:\/\/permbledhja.com\/#\/schema\/logo\/image\/","url":"https:\/\/permbledhja.com\/wp-content\/uploads\/2021\/12\/07-Press-Logo.jpg","contentUrl":"https:\/\/permbledhja.com\/wp-content\/uploads\/2021\/12\/07-Press-Logo.jpg","width":512,"height":512,"caption":"MK Media & Pr"},"image":{"@id":"https:\/\/permbledhja.com\/#\/schema\/logo\/image\/"},"sameAs":["https:\/\/www.facebook.com\/press07\/"]},{"@type":"Person","@id":"https:\/\/permbledhja.com\/#\/schema\/person\/0d064377258d3221e50693947b9eb4fe","name":"P\u00ebrmbledhja","image":{"@type":"ImageObject","inLanguage":"sq","@id":"https:\/\/permbledhja.com\/#\/schema\/person\/image\/","url":"https:\/\/permbledhja.com\/wp-content\/uploads\/2026\/01\/452004717_1040944174702970_8932037511805513407_n-96x96.jpg","contentUrl":"https:\/\/permbledhja.com\/wp-content\/uploads\/2026\/01\/452004717_1040944174702970_8932037511805513407_n-96x96.jpg","caption":"P\u00ebrmbledhja"},"sameAs":["https:\/\/www.facebook.com\/kafexhiu.muharrem\/","https:\/\/www.instagram.com\/muharrem_kafexhiu\/"],"url":"https:\/\/permbledhja.com\/sq\/author\/admin\/"}]}},"_links":{"self":[{"href":"https:\/\/permbledhja.com\/sq\/wp-json\/wp\/v2\/posts\/15042"}],"collection":[{"href":"https:\/\/permbledhja.com\/sq\/wp-json\/wp\/v2\/posts"}],"about":[{"href":"https:\/\/permbledhja.com\/sq\/wp-json\/wp\/v2\/types\/post"}],"author":[{"embeddable":true,"href":"https:\/\/permbledhja.com\/sq\/wp-json\/wp\/v2\/users\/1"}],"replies":[{"embeddable":true,"href":"https:\/\/permbledhja.com\/sq\/wp-json\/wp\/v2\/comments?post=15042"}],"version-history":[{"count":1,"href":"https:\/\/permbledhja.com\/sq\/wp-json\/wp\/v2\/posts\/15042\/revisions"}],"predecessor-version":[{"id":15044,"href":"https:\/\/permbledhja.com\/sq\/wp-json\/wp\/v2\/posts\/15042\/revisions\/15044"}],"wp:featuredmedia":[{"embeddable":true,"href":"https:\/\/permbledhja.com\/sq\/wp-json\/wp\/v2\/media\/15043"}],"wp:attachment":[{"href":"https:\/\/permbledhja.com\/sq\/wp-json\/wp\/v2\/media?parent=15042"}],"wp:term":[{"taxonomy":"category","embeddable":true,"href":"https:\/\/permbledhja.com\/sq\/wp-json\/wp\/v2\/categories?post=15042"},{"taxonomy":"post_tag","embeddable":true,"href":"https:\/\/permbledhja.com\/sq\/wp-json\/wp\/v2\/tags?post=15042"}],"curies":[{"name":"wp","href":"https:\/\/api.w.org\/{rel}","templated":true}]}}