{"id":15017,"date":"2023-05-25T16:41:14","date_gmt":"2023-05-25T16:41:14","guid":{"rendered":"https:\/\/permbledhja.com\/?p=15017"},"modified":"2023-05-25T16:41:14","modified_gmt":"2023-05-25T16:41:14","slug":"i-moshuari-kosovar-albin-kurti-sben-me-nena-e-kemi-dhurate-nga-allahu-i-madherueshem","status":"publish","type":"post","link":"https:\/\/permbledhja.com\/sq\/i-moshuari-kosovar-albin-kurti-sben-me-nena-e-kemi-dhurate-nga-allahu-i-madherueshem\/","title":{"rendered":"I moshuari kosovar: Albin Kurti s\u2019b\u00ebn m\u00eb n\u00ebna, e kemi dhurat\u00eb nga Allahu i Madh\u00ebruesh\u00ebm"},"content":{"rendered":"<p>Nj\u00eb i moshuar kosovar thot\u00eb me plot bindje se nuk do t\u00eb ket\u00eb nj\u00eb t\u00eb dyt\u00eb si Albin Kurti.<\/p>\n<p>N\u00eb nj\u00eb paraqitje aksidentale p\u00ebr lajmi.net, ky qytetar \u00ebsht\u00eb fal\u00ebnderues, pasi sipas tij, t\u00eb parin aktual t\u00eb qeveris\u00eb e kemi dhurat\u00eb nga Allahu.<\/p>\n<p>\u201cMe Serbin\u00eb duhet pasur kujdes n\u00eb bisedime. Sepse ata g\u00ebnjejn\u00eb. Aty t\u00eb thon\u00eb ndryshe, pak m\u00eb tutje ndryshe. Por, ne besojm\u00eb te Albin Kurti. S\u2019b\u00ebn m\u00eb tjet\u00ebr n\u00ebna si ai. E kemi dhurat\u00eb nga Allahu i Madh\u00ebruar\u201d, shtoi mes tjerash.<\/p>\n<p>Ve\u00e7 k\u00ebsaj, i moshuari thuri elozhe edhe p\u00ebr kryeparlamentarin Konjufca e presidenten, s\u00eb cil\u00ebs iu referua si Vjollca Osmani.<\/p>\n<p><iframe loading=\"lazy\" src=\"https:\/\/www.facebook.com\/plugins\/video.php?href=https%3A%2F%2Fwww.facebook.com%2Flajminetvideossss%2Fvideos%2F1470731207003130%2F&#038;show_text=0&#038;width=380\" width=\"380\" height=\"476\" style=\"border:none;overflow:hidden\" scrolling=\"no\" frameborder=\"0\" allowfullscreen=\"true\" allow=\"autoplay; clipboard-write; encrypted-media; picture-in-picture; web-share\" allowFullScreen=\"true\"><\/iframe><\/p>\n","protected":false},"excerpt":{"rendered":"<p>Nj\u00eb i moshuar kosovar thot\u00eb me plot bindje se nuk do t\u00eb ket\u00eb nj\u00eb t\u00eb dyt\u00eb si Albin Kurti. N\u00eb nj\u00eb paraqitje aksidentale p\u00ebr lajmi.net, ky qytetar \u00ebsht\u00eb fal\u00ebnderues, pasi sipas tij, t\u00eb parin aktual t\u00eb qeveris\u00eb e kemi dhurat\u00eb nga Allahu. \u201cMe Serbin\u00eb duhet pasur kujdes n\u00eb bisedime. Sepse ata g\u00ebnjejn\u00eb. Aty t\u00eb thon\u00eb [&hellip;]<\/p>\n","protected":false},"author":1,"featured_media":15018,"comment_status":"closed","ping_status":"closed","sticky":false,"template":"","format":"standard","meta":{"_monsterinsights_skip_tracking":false,"_monsterinsights_sitenote_active":false,"_monsterinsights_sitenote_note":"","_monsterinsights_sitenote_category":0,"_uf_show_specific_survey":0,"_uf_disable_surveys":false,"footnotes":""},"categories":[23,15],"tags":[],"yoast_head":"<!-- This site is optimized with the Yoast SEO plugin v21.5 - https:\/\/yoast.com\/wordpress\/plugins\/seo\/ -->\n<title>I moshuari kosovar: Albin Kurti s\u2019b\u00ebn m\u00eb n\u00ebna, e kemi dhurat\u00eb nga Allahu i Madh\u00ebruesh\u00ebm<\/title>\n<meta name=\"robots\" content=\"index, follow, max-snippet:-1, max-image-preview:large, max-video-preview:-1\" \/>\n<link rel=\"canonical\" href=\"https:\/\/permbledhja.com\/sq\/i-moshuari-kosovar-albin-kurti-sben-me-nena-e-kemi-dhurate-nga-allahu-i-madherueshem\/\" \/>\n<meta property=\"og:locale\" content=\"sq_AL\" \/>\n<meta property=\"og:type\" content=\"article\" \/>\n<meta property=\"og:title\" content=\"I moshuari kosovar: Albin Kurti s\u2019b\u00ebn m\u00eb n\u00ebna, e kemi dhurat\u00eb nga Allahu i Madh\u00ebruesh\u00ebm\" \/>\n<meta property=\"og:description\" content=\"Nj\u00eb i moshuar kosovar thot\u00eb me plot bindje se nuk do t\u00eb ket\u00eb nj\u00eb t\u00eb dyt\u00eb si Albin Kurti. N\u00eb nj\u00eb paraqitje aksidentale p\u00ebr lajmi.net, ky qytetar \u00ebsht\u00eb fal\u00ebnderues, pasi sipas tij, t\u00eb parin aktual t\u00eb qeveris\u00eb e kemi dhurat\u00eb nga Allahu. \u201cMe Serbin\u00eb duhet pasur kujdes n\u00eb bisedime. Sepse ata g\u00ebnjejn\u00eb. Aty t\u00eb thon\u00eb [&hellip;]\" \/>\n<meta property=\"og:url\" content=\"https:\/\/permbledhja.com\/sq\/i-moshuari-kosovar-albin-kurti-sben-me-nena-e-kemi-dhurate-nga-allahu-i-madherueshem\/\" \/>\n<meta property=\"og:site_name\" content=\"Ve\u00e7 artikuj p\u00ebrmbledh\u00ebs\" \/>\n<meta property=\"article:publisher\" content=\"https:\/\/www.facebook.com\/press07\/\" \/>\n<meta property=\"article:author\" content=\"https:\/\/www.facebook.com\/kafexhiu.muharrem\/\" \/>\n<meta property=\"article:published_time\" content=\"2023-05-25T16:41:14+00:00\" \/>\n<meta property=\"og:image\" content=\"https:\/\/permbledhja.com\/wp-content\/uploads\/2023\/05\/iiiiii-1.jpg\" \/>\n\t<meta property=\"og:image:width\" content=\"667\" \/>\n\t<meta property=\"og:image:height\" content=\"391\" \/>\n\t<meta property=\"og:image:type\" content=\"image\/jpeg\" \/>\n<meta name=\"author\" content=\"P\u00ebrmbledhja\" \/>\n<meta name=\"twitter:card\" content=\"summary_large_image\" \/>\n<meta name=\"twitter:label1\" content=\"Written by\" \/>\n\t<meta name=\"twitter:data1\" content=\"P\u00ebrmbledhja\" \/>\n\t<meta name=\"twitter:label2\" content=\"Est. reading time\" \/>\n\t<meta name=\"twitter:data2\" content=\"1 minut\u00eb\" \/>\n<script type=\"application\/ld+json\" class=\"yoast-schema-graph\">{\"@context\":\"https:\/\/schema.org\",\"@graph\":[{\"@type\":\"Article\",\"@id\":\"https:\/\/permbledhja.com\/sq\/i-moshuari-kosovar-albin-kurti-sben-me-nena-e-kemi-dhurate-nga-allahu-i-madherueshem\/#article\",\"isPartOf\":{\"@id\":\"https:\/\/permbledhja.com\/sq\/i-moshuari-kosovar-albin-kurti-sben-me-nena-e-kemi-dhurate-nga-allahu-i-madherueshem\/\"},\"author\":{\"name\":\"P\u00ebrmbledhja\",\"@id\":\"https:\/\/permbledhja.com\/#\/schema\/person\/0d064377258d3221e50693947b9eb4fe\"},\"headline\":\"I moshuari kosovar: Albin Kurti s\u2019b\u00ebn m\u00eb n\u00ebna, e kemi dhurat\u00eb nga Allahu i Madh\u00ebruesh\u00ebm\",\"datePublished\":\"2023-05-25T16:41:14+00:00\",\"dateModified\":\"2023-05-25T16:41:14+00:00\",\"mainEntityOfPage\":{\"@id\":\"https:\/\/permbledhja.com\/sq\/i-moshuari-kosovar-albin-kurti-sben-me-nena-e-kemi-dhurate-nga-allahu-i-madherueshem\/\"},\"wordCount\":133,\"publisher\":{\"@id\":\"https:\/\/permbledhja.com\/#organization\"},\"articleSection\":[\"Komb\u00ebtare\",\"Lajme\"],\"inLanguage\":\"sq\"},{\"@type\":\"WebPage\",\"@id\":\"https:\/\/permbledhja.com\/sq\/i-moshuari-kosovar-albin-kurti-sben-me-nena-e-kemi-dhurate-nga-allahu-i-madherueshem\/\",\"url\":\"https:\/\/permbledhja.com\/sq\/i-moshuari-kosovar-albin-kurti-sben-me-nena-e-kemi-dhurate-nga-allahu-i-madherueshem\/\",\"name\":\"I moshuari kosovar: Albin Kurti s\u2019b\u00ebn m\u00eb n\u00ebna, e kemi dhurat\u00eb nga Allahu i Madh\u00ebruesh\u00ebm\",\"isPartOf\":{\"@id\":\"https:\/\/permbledhja.com\/#website\"},\"datePublished\":\"2023-05-25T16:41:14+00:00\",\"dateModified\":\"2023-05-25T16:41:14+00:00\",\"breadcrumb\":{\"@id\":\"https:\/\/permbledhja.com\/sq\/i-moshuari-kosovar-albin-kurti-sben-me-nena-e-kemi-dhurate-nga-allahu-i-madherueshem\/#breadcrumb\"},\"inLanguage\":\"sq\",\"potentialAction\":[{\"@type\":\"ReadAction\",\"target\":[\"https:\/\/permbledhja.com\/sq\/i-moshuari-kosovar-albin-kurti-sben-me-nena-e-kemi-dhurate-nga-allahu-i-madherueshem\/\"]}]},{\"@type\":\"BreadcrumbList\",\"@id\":\"https:\/\/permbledhja.com\/sq\/i-moshuari-kosovar-albin-kurti-sben-me-nena-e-kemi-dhurate-nga-allahu-i-madherueshem\/#breadcrumb\",\"itemListElement\":[{\"@type\":\"ListItem\",\"position\":1,\"name\":\"Ballina\",\"item\":\"https:\/\/permbledhja.com\/sq\/\"},{\"@type\":\"ListItem\",\"position\":2,\"name\":\"I moshuari kosovar: Albin Kurti s\u2019b\u00ebn m\u00eb n\u00ebna, e kemi dhurat\u00eb nga Allahu i Madh\u00ebruesh\u00ebm\"}]},{\"@type\":\"WebSite\",\"@id\":\"https:\/\/permbledhja.com\/#website\",\"url\":\"https:\/\/permbledhja.com\/\",\"name\":\"Ve\u00e7 artikuj p\u00ebrmbledh\u00ebs\",\"description\":\"\",\"publisher\":{\"@id\":\"https:\/\/permbledhja.com\/#organization\"},\"potentialAction\":[{\"@type\":\"SearchAction\",\"target\":{\"@type\":\"EntryPoint\",\"urlTemplate\":\"https:\/\/permbledhja.com\/?s={search_term_string}\"},\"query-input\":\"required name=search_term_string\"}],\"inLanguage\":\"sq\"},{\"@type\":\"Organization\",\"@id\":\"https:\/\/permbledhja.com\/#organization\",\"name\":\"MK Media & Pr\",\"url\":\"https:\/\/permbledhja.com\/\",\"logo\":{\"@type\":\"ImageObject\",\"inLanguage\":\"sq\",\"@id\":\"https:\/\/permbledhja.com\/#\/schema\/logo\/image\/\",\"url\":\"https:\/\/permbledhja.com\/wp-content\/uploads\/2021\/12\/07-Press-Logo.jpg\",\"contentUrl\":\"https:\/\/permbledhja.com\/wp-content\/uploads\/2021\/12\/07-Press-Logo.jpg\",\"width\":512,\"height\":512,\"caption\":\"MK Media & Pr\"},\"image\":{\"@id\":\"https:\/\/permbledhja.com\/#\/schema\/logo\/image\/\"},\"sameAs\":[\"https:\/\/www.facebook.com\/press07\/\"]},{\"@type\":\"Person\",\"@id\":\"https:\/\/permbledhja.com\/#\/schema\/person\/0d064377258d3221e50693947b9eb4fe\",\"name\":\"P\u00ebrmbledhja\",\"image\":{\"@type\":\"ImageObject\",\"inLanguage\":\"sq\",\"@id\":\"https:\/\/permbledhja.com\/#\/schema\/person\/image\/\",\"url\":\"https:\/\/permbledhja.com\/wp-content\/uploads\/2026\/01\/452004717_1040944174702970_8932037511805513407_n-96x96.jpg\",\"contentUrl\":\"https:\/\/permbledhja.com\/wp-content\/uploads\/2026\/01\/452004717_1040944174702970_8932037511805513407_n-96x96.jpg\",\"caption\":\"P\u00ebrmbledhja\"},\"sameAs\":[\"https:\/\/www.facebook.com\/kafexhiu.muharrem\/\",\"https:\/\/www.instagram.com\/muharrem_kafexhiu\/\"],\"url\":\"https:\/\/permbledhja.com\/sq\/author\/admin\/\"}]}<\/script>\n<!-- \/ Yoast SEO plugin. -->","yoast_head_json":{"title":"I moshuari kosovar: Albin Kurti s\u2019b\u00ebn m\u00eb n\u00ebna, e kemi dhurat\u00eb nga Allahu i Madh\u00ebruesh\u00ebm","robots":{"index":"index","follow":"follow","max-snippet":"max-snippet:-1","max-image-preview":"max-image-preview:large","max-video-preview":"max-video-preview:-1"},"canonical":"https:\/\/permbledhja.com\/sq\/i-moshuari-kosovar-albin-kurti-sben-me-nena-e-kemi-dhurate-nga-allahu-i-madherueshem\/","og_locale":"sq_AL","og_type":"article","og_title":"I moshuari kosovar: Albin Kurti s\u2019b\u00ebn m\u00eb n\u00ebna, e kemi dhurat\u00eb nga Allahu i Madh\u00ebruesh\u00ebm","og_description":"Nj\u00eb i moshuar kosovar thot\u00eb me plot bindje se nuk do t\u00eb ket\u00eb nj\u00eb t\u00eb dyt\u00eb si Albin Kurti. N\u00eb nj\u00eb paraqitje aksidentale p\u00ebr lajmi.net, ky qytetar \u00ebsht\u00eb fal\u00ebnderues, pasi sipas tij, t\u00eb parin aktual t\u00eb qeveris\u00eb e kemi dhurat\u00eb nga Allahu. \u201cMe Serbin\u00eb duhet pasur kujdes n\u00eb bisedime. Sepse ata g\u00ebnjejn\u00eb. Aty t\u00eb thon\u00eb [&hellip;]","og_url":"https:\/\/permbledhja.com\/sq\/i-moshuari-kosovar-albin-kurti-sben-me-nena-e-kemi-dhurate-nga-allahu-i-madherueshem\/","og_site_name":"Ve\u00e7 artikuj p\u00ebrmbledh\u00ebs","article_publisher":"https:\/\/www.facebook.com\/press07\/","article_author":"https:\/\/www.facebook.com\/kafexhiu.muharrem\/","article_published_time":"2023-05-25T16:41:14+00:00","og_image":[{"width":667,"height":391,"url":"https:\/\/permbledhja.com\/wp-content\/uploads\/2023\/05\/iiiiii-1.jpg","type":"image\/jpeg"}],"author":"P\u00ebrmbledhja","twitter_card":"summary_large_image","twitter_misc":{"Written by":"P\u00ebrmbledhja","Est. reading time":"1 minut\u00eb"},"schema":{"@context":"https:\/\/schema.org","@graph":[{"@type":"Article","@id":"https:\/\/permbledhja.com\/sq\/i-moshuari-kosovar-albin-kurti-sben-me-nena-e-kemi-dhurate-nga-allahu-i-madherueshem\/#article","isPartOf":{"@id":"https:\/\/permbledhja.com\/sq\/i-moshuari-kosovar-albin-kurti-sben-me-nena-e-kemi-dhurate-nga-allahu-i-madherueshem\/"},"author":{"name":"P\u00ebrmbledhja","@id":"https:\/\/permbledhja.com\/#\/schema\/person\/0d064377258d3221e50693947b9eb4fe"},"headline":"I moshuari kosovar: Albin Kurti s\u2019b\u00ebn m\u00eb n\u00ebna, e kemi dhurat\u00eb nga Allahu i Madh\u00ebruesh\u00ebm","datePublished":"2023-05-25T16:41:14+00:00","dateModified":"2023-05-25T16:41:14+00:00","mainEntityOfPage":{"@id":"https:\/\/permbledhja.com\/sq\/i-moshuari-kosovar-albin-kurti-sben-me-nena-e-kemi-dhurate-nga-allahu-i-madherueshem\/"},"wordCount":133,"publisher":{"@id":"https:\/\/permbledhja.com\/#organization"},"articleSection":["Komb\u00ebtare","Lajme"],"inLanguage":"sq"},{"@type":"WebPage","@id":"https:\/\/permbledhja.com\/sq\/i-moshuari-kosovar-albin-kurti-sben-me-nena-e-kemi-dhurate-nga-allahu-i-madherueshem\/","url":"https:\/\/permbledhja.com\/sq\/i-moshuari-kosovar-albin-kurti-sben-me-nena-e-kemi-dhurate-nga-allahu-i-madherueshem\/","name":"I moshuari kosovar: Albin Kurti s\u2019b\u00ebn m\u00eb n\u00ebna, e kemi dhurat\u00eb nga Allahu i Madh\u00ebruesh\u00ebm","isPartOf":{"@id":"https:\/\/permbledhja.com\/#website"},"datePublished":"2023-05-25T16:41:14+00:00","dateModified":"2023-05-25T16:41:14+00:00","breadcrumb":{"@id":"https:\/\/permbledhja.com\/sq\/i-moshuari-kosovar-albin-kurti-sben-me-nena-e-kemi-dhurate-nga-allahu-i-madherueshem\/#breadcrumb"},"inLanguage":"sq","potentialAction":[{"@type":"ReadAction","target":["https:\/\/permbledhja.com\/sq\/i-moshuari-kosovar-albin-kurti-sben-me-nena-e-kemi-dhurate-nga-allahu-i-madherueshem\/"]}]},{"@type":"BreadcrumbList","@id":"https:\/\/permbledhja.com\/sq\/i-moshuari-kosovar-albin-kurti-sben-me-nena-e-kemi-dhurate-nga-allahu-i-madherueshem\/#breadcrumb","itemListElement":[{"@type":"ListItem","position":1,"name":"Ballina","item":"https:\/\/permbledhja.com\/sq\/"},{"@type":"ListItem","position":2,"name":"I moshuari kosovar: Albin Kurti s\u2019b\u00ebn m\u00eb n\u00ebna, e kemi dhurat\u00eb nga Allahu i Madh\u00ebruesh\u00ebm"}]},{"@type":"WebSite","@id":"https:\/\/permbledhja.com\/#website","url":"https:\/\/permbledhja.com\/","name":"Ve\u00e7 artikuj p\u00ebrmbledh\u00ebs","description":"","publisher":{"@id":"https:\/\/permbledhja.com\/#organization"},"potentialAction":[{"@type":"SearchAction","target":{"@type":"EntryPoint","urlTemplate":"https:\/\/permbledhja.com\/?s={search_term_string}"},"query-input":"required name=search_term_string"}],"inLanguage":"sq"},{"@type":"Organization","@id":"https:\/\/permbledhja.com\/#organization","name":"MK Media & Pr","url":"https:\/\/permbledhja.com\/","logo":{"@type":"ImageObject","inLanguage":"sq","@id":"https:\/\/permbledhja.com\/#\/schema\/logo\/image\/","url":"https:\/\/permbledhja.com\/wp-content\/uploads\/2021\/12\/07-Press-Logo.jpg","contentUrl":"https:\/\/permbledhja.com\/wp-content\/uploads\/2021\/12\/07-Press-Logo.jpg","width":512,"height":512,"caption":"MK Media & Pr"},"image":{"@id":"https:\/\/permbledhja.com\/#\/schema\/logo\/image\/"},"sameAs":["https:\/\/www.facebook.com\/press07\/"]},{"@type":"Person","@id":"https:\/\/permbledhja.com\/#\/schema\/person\/0d064377258d3221e50693947b9eb4fe","name":"P\u00ebrmbledhja","image":{"@type":"ImageObject","inLanguage":"sq","@id":"https:\/\/permbledhja.com\/#\/schema\/person\/image\/","url":"https:\/\/permbledhja.com\/wp-content\/uploads\/2026\/01\/452004717_1040944174702970_8932037511805513407_n-96x96.jpg","contentUrl":"https:\/\/permbledhja.com\/wp-content\/uploads\/2026\/01\/452004717_1040944174702970_8932037511805513407_n-96x96.jpg","caption":"P\u00ebrmbledhja"},"sameAs":["https:\/\/www.facebook.com\/kafexhiu.muharrem\/","https:\/\/www.instagram.com\/muharrem_kafexhiu\/"],"url":"https:\/\/permbledhja.com\/sq\/author\/admin\/"}]}},"_links":{"self":[{"href":"https:\/\/permbledhja.com\/sq\/wp-json\/wp\/v2\/posts\/15017"}],"collection":[{"href":"https:\/\/permbledhja.com\/sq\/wp-json\/wp\/v2\/posts"}],"about":[{"href":"https:\/\/permbledhja.com\/sq\/wp-json\/wp\/v2\/types\/post"}],"author":[{"embeddable":true,"href":"https:\/\/permbledhja.com\/sq\/wp-json\/wp\/v2\/users\/1"}],"replies":[{"embeddable":true,"href":"https:\/\/permbledhja.com\/sq\/wp-json\/wp\/v2\/comments?post=15017"}],"version-history":[{"count":2,"href":"https:\/\/permbledhja.com\/sq\/wp-json\/wp\/v2\/posts\/15017\/revisions"}],"predecessor-version":[{"id":15020,"href":"https:\/\/permbledhja.com\/sq\/wp-json\/wp\/v2\/posts\/15017\/revisions\/15020"}],"wp:featuredmedia":[{"embeddable":true,"href":"https:\/\/permbledhja.com\/sq\/wp-json\/wp\/v2\/media\/15018"}],"wp:attachment":[{"href":"https:\/\/permbledhja.com\/sq\/wp-json\/wp\/v2\/media?parent=15017"}],"wp:term":[{"taxonomy":"category","embeddable":true,"href":"https:\/\/permbledhja.com\/sq\/wp-json\/wp\/v2\/categories?post=15017"},{"taxonomy":"post_tag","embeddable":true,"href":"https:\/\/permbledhja.com\/sq\/wp-json\/wp\/v2\/tags?post=15017"}],"curies":[{"name":"wp","href":"https:\/\/api.w.org\/{rel}","templated":true}]}}