{"id":14943,"date":"2023-05-23T17:06:27","date_gmt":"2023-05-23T17:06:27","guid":{"rendered":"https:\/\/permbledhja.com\/?p=14943"},"modified":"2023-05-23T17:06:27","modified_gmt":"2023-05-23T17:06:27","slug":"presioni-amerikan-per-asociacionin-konjufca-kundervihet-osmani-sheh-rrezik","status":"publish","type":"post","link":"https:\/\/permbledhja.com\/sq\/presioni-amerikan-per-asociacionin-konjufca-kundervihet-osmani-sheh-rrezik\/","title":{"rendered":"Presioni amerikan p\u00ebr Asociacionin, Konjufca \u201ckund\u00ebrvihet\u201d, Osmani sheh rrezik"},"content":{"rendered":"<p>Vizita e dy senator\u00ebve amerikan\u00eb n\u00eb Prishtin\u00eb e solli paralajm\u00ebrimin se kryeministri Albin Kurti tani duhet t\u00eb nd\u00ebrmarr\u00eb \u201chapa t\u00eb v\u00ebshtir\u00eb\u201d n\u00eb dialogun me Serbin\u00eb. Ata kan\u00eb treguar se u kan\u00eb b\u00ebr\u00eb presion krer\u00ebve t\u00eb shtetit t\u00eb Kosov\u00ebs q\u00eb t\u00eb l\u00ebvizin \u201cme shpejt\u00ebsi\u201d drejt themelimit t\u00eb Asociacionit t\u00eb komunave me shumic\u00eb serbe, duke treguar \u201cnj\u00eb nivel t\u00eb ri serioziteti\u201d n\u00eb k\u00ebt\u00eb \u00e7\u00ebshtje. Paraprakisht, emisari special i SHBA-s\u00eb p\u00ebr Ballkanin, Gabriel Escobar tha se duan q\u00eb puna e zbatimit t\u00eb marr\u00ebveshjes s\u00eb fundit t\u00eb kryhet deri n\u00eb fund t\u00eb ver\u00ebs. Presidentja Vjosa Osmani ka paralajm\u00ebruar rrezik n\u00ebse nd\u00ebrmjet\u00ebsit do t\u00eb k\u00ebrkojn\u00eb di\u00e7ka mes propozimit t\u00eb Kosov\u00ebs dhe atij t\u00eb Serbis\u00eb p\u00ebr Asociacionin.<\/p>\n<p>Dy senator\u00eb amerikan\u00eb, Chris Murphy dhe Gary Peters erdh\u00ebn t\u00eb h\u00ebn\u00ebn n\u00eb Prishtin\u00eb ku pat\u00ebn takime me presidenten Vjosa Osmani, kryeministrin Albin Kurti dhe kryeparlamentarin Glauk Konjufca, pas s\u00eb cilave u paralajm\u00ebrua se Kosova dhe Serbia jan\u00eb para zgjidhjeve t\u00eb v\u00ebshtira dhe se duhen nd\u00ebrmarr\u00eb \u201chapa t\u00eb v\u00ebshtir\u00eb\u201d.<\/p>\n<p>\u201cSerbia duhet t\u00eb ndaloj\u00eb q\u00eb t\u00eb mos e pengoj\u00eb Kosov\u00ebn n\u00eb an\u00ebtar\u00ebsimin n\u00eb organizata nd\u00ebrkomb\u00ebtare, dhe mendoj se \u00ebsht\u00eb e kuptueshme q\u00eb komunat me shumic\u00eb serbe t\u00eb ken\u00eb nj\u00ebfar\u00eb mund\u00ebsie p\u00ebr t\u00eb bashk\u00ebrenditur sh\u00ebrbimet q\u00eb i ofrojn\u00eb\u201d, tha senatori Murphy n\u00eb nj\u00eb konferenc\u00eb t\u00eb p\u00ebrbashk\u00ebt p\u00ebr media me Kurtin, duke iu referuar themelimit t\u00eb Asociacionit t\u00eb komunave me shumic\u00eb serbe.<\/p>\n<p>Duke theksuar se \u201ckoha ka shum\u00eb r\u00ebnd\u00ebsi\u201d, Murphy tha se ky \u201c\u00ebsht\u00eb viti kur duhet t\u00eb kryhet kjo \u00e7\u00ebshtje dhe t\u00eb mund\u00ebsohet l\u00ebvizja drejt normalizimit\u201d, gj\u00eb q\u00eb sipas tij, \u201cdo t\u00eb \u00e7oj\u00eb deri te njohja e nd\u00ebrsjell\u00eb\u201d.<\/p>\n<p>Ai tha se n\u00eb takim kan\u00eb d\u00ebgjuar se kryeministri Kurti ka plane p\u00ebr zbatimin e marr\u00ebveshjes s\u00eb fundit.<\/p>\n<p>\u201cI kam b\u00ebr\u00eb presion miqve t\u00eb mi t\u00eb mir\u00eb, kryeministrit Kurti dhe presidentes Osmani q\u00eb t\u00eb ecin p\u00ebrpara me shpejt\u00ebsi n\u00eb themelimin e Asociacionit t\u00eb Komunave Serbe, element ky\u00e7 i normalizimit me Serbin\u00eb\u201d, shkroi Murphy dje pasdite n\u00eb T\u00ebitter.<\/p>\n<p>N\u00eb fund t\u00eb dit\u00ebs, senatori Murphy tha se \u00ebsht\u00eb koha q\u00eb Qeveria Kurti t\u00eb tregoj\u00eb \u201cnj\u00eb nivel t\u00eb ri serioziteti\u201d p\u00ebr Asociacionin.<\/p>\n<p>\u201cN\u00eb Kosov\u00eb sot kam rip\u00ebrs\u00ebritur besimin tim se Kosova duhet t\u00eb ec\u00eb para me themelimin e Asociacionit t\u00eb Komunave Serbe. Edhe Serbia duhet ta p\u00ebrmbush\u00eb pjes\u00ebn e saj t\u00eb pazarit, por \u00ebsht\u00eb koha p\u00ebr qeverin\u00eb Kurti t\u00eb tregoj\u00eb nj\u00eb nivel t\u00eb ri t\u00eb seriozitetit sa i p\u00ebrket AKS-s\u00eb\u201d, shkroi Murphy mbr\u00ebm\u00eb von\u00eb.<\/p>\n<p>I d\u00ebrguari i posa\u00e7\u00ebm i Shteteve t\u00eb Bashkuara t\u00eb Amerik\u00ebs p\u00ebr Ballkanin Per\u00ebndimor, Gabriel Escobar, ka th\u00ebn\u00eb t\u00eb diel\u00ebn se s\u2019b\u00ebhet fjal\u00eb p\u00ebr pritje kur \u00ebsht\u00eb fjala p\u00ebr themelimin e Asociacionit, pasi ka shtuar se kjo \u201c\u00ebsht\u00eb obligim\u201d.<\/p>\n<p>\u201cEdhe nga Kosova pritet ta formoj\u00eb Asociacionin e komunave me shumic\u00eb serbe. M\u00eb falni, kjo nuk \u00ebsht\u00eb pritje. \u00cbsht\u00eb obligim\u201d, ka th\u00ebn\u00eb Escobar p\u00ebr agjencin\u00eb malazeze t\u00eb lajmeve, Mina.<\/p>\n<p>Ai tha se SHBA do q\u00eb zbatimi i elementeve t\u00eb marr\u00ebveshjes s\u00eb fundit mes Kosov\u00ebs dhe Serbis\u00eb t\u00eb zhvillohen sa m\u00eb shpejt q\u00eb t\u00eb jet\u00eb e mundur.<\/p>\n<p>\u201cNuk shoh asnj\u00eb arsye pse t\u00eb mos mund t\u00eb p\u00ebrfundoj\u00eb deri n\u00eb fund t\u00eb ver\u00ebs\u201d, ka th\u00ebn\u00eb diplomati amerikan.<\/p>\n<p>Presionit amerikan dhe v\u00ebnies s\u00eb afateve po iu kund\u00ebrvihet deklarativisht kryeparlamentari Konjufca. T\u00eb mart\u00ebn, ai pati pyetje p\u00ebr diplomat\u00ebt e pes\u00ebshes t\u00eb njohur si QUINT.<\/p>\n<p>\u201cUn\u00eb i kam d\u00ebgjuar vendet e QUINT-it q\u00eb kan\u00eb th\u00ebn\u00eb se nuk ka Asociacionin pa u kthyer serb\u00ebt n\u00eb institucione. Le t\u00eb na tregojn\u00eb a e kan\u00eb ndryshuar k\u00ebt\u00eb q\u00ebndrim a jo. Pyesni edhe ato. Un\u00eb e kam d\u00ebgjuar, mund t\u2019ju pajis edhe me k\u00ebt\u00eb deklarat\u00eb. Nuk mund ta kusht\u00ebzoni Asociacionin duke e shantazhuar Kosov\u00ebn\u201d.<\/p>\n<p>Osmani: Rrezik n\u00ebse k\u00ebrkohet di\u00e7ka n\u00eb mes<\/p>\n<p>Presidentja Vjosa Osmani ka th\u00ebn\u00eb t\u00eb shtun\u00ebn se Kosova nuk iu ik\u00eb obligimeve, duke p\u00ebrs\u00ebritur se Asociacioni duhet t\u00eb jet\u00eb n\u00eb p\u00ebrputhje me Kushtetut\u00ebn, me vendimin e Gjykat\u00ebs Kushtetuese t\u00eb vitit 2015 dhe q\u00eb \u201cn\u00eb asnj\u00eb moment t\u00eb mos ket\u00eb ndonj\u00eb element q\u00eb mund ta b\u00ebj\u00eb shtetin e Kosov\u00ebs jofunksional\u201d.<\/p>\n<p>Nd\u00ebrkomb\u00ebtar\u00ebt e cil\u00ebsojn\u00eb \u201cpik\u00ebnisje t\u00eb r\u00ebnd\u00ebsishme\u201d nj\u00eb draft t\u00eb statutit t\u00eb Asociacionit, t\u00eb cilin ekipi menaxhues e prezantoi n\u00eb takimin mes kryeministrit t\u00eb Kosov\u00ebs, Albin Kurti dhe presidentit serb, Aleksandar Vu\u00e7iq m\u00eb 2 maj n\u00eb Bruksel, e p\u00ebr t\u00eb cilin shefi i qeveris\u00eb kosovare tha m\u00eb pas se \u201c\u00ebsht\u00eb rezultat i d\u00ebshir\u00ebs p\u00ebr Republika Srpska n\u00eb Kosov\u00eb\u201d.<\/p>\n<p>Osmani ka th\u00ebn\u00eb se \u00ebsht\u00eb problematike n\u00ebse BE-ja do t\u00eb k\u00ebrkoj\u00eb di\u00e7ka nd\u00ebrmjet asaj q\u00eb propozon Serbia dhe asaj q\u00eb propozon Kosova, sa i p\u00ebrket Asociacionit.<\/p>\n<p>\u201cProblemi \u00ebsht\u00eb q\u00eb n\u00ebse zyrtar\u00ebt e BE-s\u00eb k\u00ebrkojn\u00eb q\u00eb edhe vet\u00eb statuti t\u00eb jet\u00eb nj\u00eb mes n\u00eb mes t\u00eb asaj \u00e7far\u00eb k\u00ebrkon Serbia dhe \u00e7ka propozon Kosova, aty gjithmon\u00eb ka rrezik \u2013 n\u00eb qoft\u00eb se merren elemente t\u00eb propozimit t\u00eb Serbis\u00eb, gjithmon\u00eb ka rrezik \u2013 q\u00eb t\u00eb shkohet drejt destabilizimit\u201d, ka th\u00ebn\u00eb shefja e shtetit.<\/p>\n<p>Meqen\u00ebse detyrimin p\u00ebr ta krijuar nj\u00ebfar\u00eb Asociacioni, kryeministri i Kosov\u00ebs, Albin Kurti e ka pranuar n\u00eb marr\u00ebveshjen e fundit t\u00eb arritur me presidentin serb, Aleksandar Vu\u00e7iq, ai e ka nj\u00eb ide, inspiruar n\u00eb modelin kroat.<\/p>\n<p>N\u00eb takimin e fundit me Vu\u00e7iqin n\u00eb Bruksel, Kurti e ka propozuar nj\u00eb \u201cdraft-vizion\u201d p\u00ebr pun\u00ebn e rregullimit t\u00eb komunitetit serb n\u00eb Kosov\u00eb.<\/p>\n<p>Gjermania dhe tash Mbret\u00ebria e Bashkuar, i kan\u00eb k\u00ebrkuar atij q\u00eb t\u00eb b\u00ebhet m\u00eb konkret dhe ta hartoj\u00eb nj\u00eb draft-statut p\u00ebr Asociacionin.<\/p>\n<p>Dje, pas takimit me senator\u00ebt amerikan\u00eb, presidentja Osmani tha se u ka treguar atyre shkeljet q\u00eb Serbia po ia b\u00ebn marr\u00ebveshjes, nd\u00ebrsa kryeministri Kurti ka k\u00ebrkuar q\u00eb ajo t\u00eb zbatohet t\u00ebr\u00ebsisht.<\/p>\n","protected":false},"excerpt":{"rendered":"<p>Vizita e dy senator\u00ebve amerikan\u00eb n\u00eb Prishtin\u00eb e solli paralajm\u00ebrimin se kryeministri Albin Kurti tani duhet t\u00eb nd\u00ebrmarr\u00eb \u201chapa t\u00eb v\u00ebshtir\u00eb\u201d n\u00eb dialogun me Serbin\u00eb. Ata kan\u00eb treguar se u kan\u00eb b\u00ebr\u00eb presion krer\u00ebve t\u00eb shtetit t\u00eb Kosov\u00ebs q\u00eb t\u00eb l\u00ebvizin \u201cme shpejt\u00ebsi\u201d drejt themelimit t\u00eb Asociacionit t\u00eb komunave me shumic\u00eb serbe, duke treguar \u201cnj\u00eb [&hellip;]<\/p>\n","protected":false},"author":1,"featured_media":14944,"comment_status":"closed","ping_status":"closed","sticky":false,"template":"","format":"standard","meta":{"_monsterinsights_skip_tracking":false,"_monsterinsights_sitenote_active":false,"_monsterinsights_sitenote_note":"","_monsterinsights_sitenote_category":0,"_uf_show_specific_survey":0,"_uf_disable_surveys":false,"footnotes":""},"categories":[1146],"tags":[163],"yoast_head":"<!-- This site is optimized with the Yoast SEO plugin v21.5 - https:\/\/yoast.com\/wordpress\/plugins\/seo\/ -->\n<title>Presioni amerikan p\u00ebr Asociacionin, Konjufca \u201ckund\u00ebrvihet\u201d, Osmani sheh rrezik<\/title>\n<meta name=\"robots\" content=\"index, follow, max-snippet:-1, max-image-preview:large, max-video-preview:-1\" \/>\n<link rel=\"canonical\" href=\"https:\/\/permbledhja.com\/sq\/presioni-amerikan-per-asociacionin-konjufca-kundervihet-osmani-sheh-rrezik\/\" \/>\n<meta property=\"og:locale\" content=\"sq_AL\" \/>\n<meta property=\"og:type\" content=\"article\" \/>\n<meta property=\"og:title\" content=\"Presioni amerikan p\u00ebr Asociacionin, Konjufca \u201ckund\u00ebrvihet\u201d, Osmani sheh rrezik\" \/>\n<meta property=\"og:description\" content=\"Vizita e dy senator\u00ebve amerikan\u00eb n\u00eb Prishtin\u00eb e solli paralajm\u00ebrimin se kryeministri Albin Kurti tani duhet t\u00eb nd\u00ebrmarr\u00eb \u201chapa t\u00eb v\u00ebshtir\u00eb\u201d n\u00eb dialogun me Serbin\u00eb. Ata kan\u00eb treguar se u kan\u00eb b\u00ebr\u00eb presion krer\u00ebve t\u00eb shtetit t\u00eb Kosov\u00ebs q\u00eb t\u00eb l\u00ebvizin \u201cme shpejt\u00ebsi\u201d drejt themelimit t\u00eb Asociacionit t\u00eb komunave me shumic\u00eb serbe, duke treguar \u201cnj\u00eb [&hellip;]\" \/>\n<meta property=\"og:url\" content=\"https:\/\/permbledhja.com\/sq\/presioni-amerikan-per-asociacionin-konjufca-kundervihet-osmani-sheh-rrezik\/\" \/>\n<meta property=\"og:site_name\" content=\"Ve\u00e7 artikuj p\u00ebrmbledh\u00ebs\" \/>\n<meta property=\"article:publisher\" content=\"https:\/\/www.facebook.com\/press07\/\" \/>\n<meta property=\"article:author\" content=\"https:\/\/www.facebook.com\/kafexhiu.muharrem\/\" \/>\n<meta property=\"article:published_time\" content=\"2023-05-23T17:06:27+00:00\" \/>\n<meta property=\"og:image\" content=\"https:\/\/permbledhja.com\/wp-content\/uploads\/2023\/05\/Osmani-Kurti-Konjufca-600x360-1.webp\" \/>\n\t<meta property=\"og:image:width\" content=\"600\" \/>\n\t<meta property=\"og:image:height\" content=\"360\" \/>\n\t<meta property=\"og:image:type\" content=\"image\/webp\" \/>\n<meta name=\"author\" content=\"P\u00ebrmbledhja\" \/>\n<meta name=\"twitter:card\" content=\"summary_large_image\" \/>\n<meta name=\"twitter:label1\" content=\"Written by\" \/>\n\t<meta name=\"twitter:data1\" content=\"P\u00ebrmbledhja\" \/>\n\t<meta name=\"twitter:label2\" content=\"Est. reading time\" \/>\n\t<meta name=\"twitter:data2\" content=\"5 minuta\" \/>\n<script type=\"application\/ld+json\" class=\"yoast-schema-graph\">{\"@context\":\"https:\/\/schema.org\",\"@graph\":[{\"@type\":\"Article\",\"@id\":\"https:\/\/permbledhja.com\/presioni-amerikan-per-asociacionin-konjufca-kundervihet-osmani-sheh-rrezik\/#article\",\"isPartOf\":{\"@id\":\"https:\/\/permbledhja.com\/presioni-amerikan-per-asociacionin-konjufca-kundervihet-osmani-sheh-rrezik\/\"},\"author\":{\"name\":\"P\u00ebrmbledhja\",\"@id\":\"https:\/\/permbledhja.com\/#\/schema\/person\/0d064377258d3221e50693947b9eb4fe\"},\"headline\":\"Presioni amerikan p\u00ebr Asociacionin, Konjufca \u201ckund\u00ebrvihet\u201d, Osmani sheh rrezik\",\"datePublished\":\"2023-05-23T17:06:27+00:00\",\"dateModified\":\"2023-05-23T17:06:27+00:00\",\"mainEntityOfPage\":{\"@id\":\"https:\/\/permbledhja.com\/presioni-amerikan-per-asociacionin-konjufca-kundervihet-osmani-sheh-rrezik\/\"},\"wordCount\":1046,\"publisher\":{\"@id\":\"https:\/\/permbledhja.com\/#organization\"},\"keywords\":[\"Vjosa Osmani\"],\"articleSection\":[\"Kryesoret\"],\"inLanguage\":\"sq\"},{\"@type\":\"WebPage\",\"@id\":\"https:\/\/permbledhja.com\/presioni-amerikan-per-asociacionin-konjufca-kundervihet-osmani-sheh-rrezik\/\",\"url\":\"https:\/\/permbledhja.com\/presioni-amerikan-per-asociacionin-konjufca-kundervihet-osmani-sheh-rrezik\/\",\"name\":\"Presioni amerikan p\u00ebr Asociacionin, Konjufca \u201ckund\u00ebrvihet\u201d, Osmani sheh rrezik\",\"isPartOf\":{\"@id\":\"https:\/\/permbledhja.com\/#website\"},\"datePublished\":\"2023-05-23T17:06:27+00:00\",\"dateModified\":\"2023-05-23T17:06:27+00:00\",\"breadcrumb\":{\"@id\":\"https:\/\/permbledhja.com\/presioni-amerikan-per-asociacionin-konjufca-kundervihet-osmani-sheh-rrezik\/#breadcrumb\"},\"inLanguage\":\"sq\",\"potentialAction\":[{\"@type\":\"ReadAction\",\"target\":[\"https:\/\/permbledhja.com\/presioni-amerikan-per-asociacionin-konjufca-kundervihet-osmani-sheh-rrezik\/\"]}]},{\"@type\":\"BreadcrumbList\",\"@id\":\"https:\/\/permbledhja.com\/presioni-amerikan-per-asociacionin-konjufca-kundervihet-osmani-sheh-rrezik\/#breadcrumb\",\"itemListElement\":[{\"@type\":\"ListItem\",\"position\":1,\"name\":\"Ballina\",\"item\":\"https:\/\/permbledhja.com\/sq\/\"},{\"@type\":\"ListItem\",\"position\":2,\"name\":\"Presioni amerikan p\u00ebr Asociacionin, Konjufca \u201ckund\u00ebrvihet\u201d, Osmani sheh rrezik\"}]},{\"@type\":\"WebSite\",\"@id\":\"https:\/\/permbledhja.com\/#website\",\"url\":\"https:\/\/permbledhja.com\/\",\"name\":\"Ve\u00e7 artikuj p\u00ebrmbledh\u00ebs\",\"description\":\"\",\"publisher\":{\"@id\":\"https:\/\/permbledhja.com\/#organization\"},\"potentialAction\":[{\"@type\":\"SearchAction\",\"target\":{\"@type\":\"EntryPoint\",\"urlTemplate\":\"https:\/\/permbledhja.com\/?s={search_term_string}\"},\"query-input\":\"required name=search_term_string\"}],\"inLanguage\":\"sq\"},{\"@type\":\"Organization\",\"@id\":\"https:\/\/permbledhja.com\/#organization\",\"name\":\"MK Media & Pr\",\"url\":\"https:\/\/permbledhja.com\/\",\"logo\":{\"@type\":\"ImageObject\",\"inLanguage\":\"sq\",\"@id\":\"https:\/\/permbledhja.com\/#\/schema\/logo\/image\/\",\"url\":\"https:\/\/permbledhja.com\/wp-content\/uploads\/2021\/12\/07-Press-Logo.jpg\",\"contentUrl\":\"https:\/\/permbledhja.com\/wp-content\/uploads\/2021\/12\/07-Press-Logo.jpg\",\"width\":512,\"height\":512,\"caption\":\"MK Media & Pr\"},\"image\":{\"@id\":\"https:\/\/permbledhja.com\/#\/schema\/logo\/image\/\"},\"sameAs\":[\"https:\/\/www.facebook.com\/press07\/\"]},{\"@type\":\"Person\",\"@id\":\"https:\/\/permbledhja.com\/#\/schema\/person\/0d064377258d3221e50693947b9eb4fe\",\"name\":\"P\u00ebrmbledhja\",\"image\":{\"@type\":\"ImageObject\",\"inLanguage\":\"sq\",\"@id\":\"https:\/\/permbledhja.com\/#\/schema\/person\/image\/\",\"url\":\"https:\/\/permbledhja.com\/wp-content\/uploads\/2026\/01\/452004717_1040944174702970_8932037511805513407_n-96x96.jpg\",\"contentUrl\":\"https:\/\/permbledhja.com\/wp-content\/uploads\/2026\/01\/452004717_1040944174702970_8932037511805513407_n-96x96.jpg\",\"caption\":\"P\u00ebrmbledhja\"},\"sameAs\":[\"https:\/\/www.facebook.com\/kafexhiu.muharrem\/\",\"https:\/\/www.instagram.com\/muharrem_kafexhiu\/\"],\"url\":\"https:\/\/permbledhja.com\/sq\/author\/admin\/\"}]}<\/script>\n<!-- \/ Yoast SEO plugin. -->","yoast_head_json":{"title":"Presioni amerikan p\u00ebr Asociacionin, Konjufca \u201ckund\u00ebrvihet\u201d, Osmani sheh rrezik","robots":{"index":"index","follow":"follow","max-snippet":"max-snippet:-1","max-image-preview":"max-image-preview:large","max-video-preview":"max-video-preview:-1"},"canonical":"https:\/\/permbledhja.com\/sq\/presioni-amerikan-per-asociacionin-konjufca-kundervihet-osmani-sheh-rrezik\/","og_locale":"sq_AL","og_type":"article","og_title":"Presioni amerikan p\u00ebr Asociacionin, Konjufca \u201ckund\u00ebrvihet\u201d, Osmani sheh rrezik","og_description":"Vizita e dy senator\u00ebve amerikan\u00eb n\u00eb Prishtin\u00eb e solli paralajm\u00ebrimin se kryeministri Albin Kurti tani duhet t\u00eb nd\u00ebrmarr\u00eb \u201chapa t\u00eb v\u00ebshtir\u00eb\u201d n\u00eb dialogun me Serbin\u00eb. Ata kan\u00eb treguar se u kan\u00eb b\u00ebr\u00eb presion krer\u00ebve t\u00eb shtetit t\u00eb Kosov\u00ebs q\u00eb t\u00eb l\u00ebvizin \u201cme shpejt\u00ebsi\u201d drejt themelimit t\u00eb Asociacionit t\u00eb komunave me shumic\u00eb serbe, duke treguar \u201cnj\u00eb [&hellip;]","og_url":"https:\/\/permbledhja.com\/sq\/presioni-amerikan-per-asociacionin-konjufca-kundervihet-osmani-sheh-rrezik\/","og_site_name":"Ve\u00e7 artikuj p\u00ebrmbledh\u00ebs","article_publisher":"https:\/\/www.facebook.com\/press07\/","article_author":"https:\/\/www.facebook.com\/kafexhiu.muharrem\/","article_published_time":"2023-05-23T17:06:27+00:00","og_image":[{"width":600,"height":360,"url":"https:\/\/permbledhja.com\/wp-content\/uploads\/2023\/05\/Osmani-Kurti-Konjufca-600x360-1.webp","type":"image\/webp"}],"author":"P\u00ebrmbledhja","twitter_card":"summary_large_image","twitter_misc":{"Written by":"P\u00ebrmbledhja","Est. reading time":"5 minuta"},"schema":{"@context":"https:\/\/schema.org","@graph":[{"@type":"Article","@id":"https:\/\/permbledhja.com\/presioni-amerikan-per-asociacionin-konjufca-kundervihet-osmani-sheh-rrezik\/#article","isPartOf":{"@id":"https:\/\/permbledhja.com\/presioni-amerikan-per-asociacionin-konjufca-kundervihet-osmani-sheh-rrezik\/"},"author":{"name":"P\u00ebrmbledhja","@id":"https:\/\/permbledhja.com\/#\/schema\/person\/0d064377258d3221e50693947b9eb4fe"},"headline":"Presioni amerikan p\u00ebr Asociacionin, Konjufca \u201ckund\u00ebrvihet\u201d, Osmani sheh rrezik","datePublished":"2023-05-23T17:06:27+00:00","dateModified":"2023-05-23T17:06:27+00:00","mainEntityOfPage":{"@id":"https:\/\/permbledhja.com\/presioni-amerikan-per-asociacionin-konjufca-kundervihet-osmani-sheh-rrezik\/"},"wordCount":1046,"publisher":{"@id":"https:\/\/permbledhja.com\/#organization"},"keywords":["Vjosa Osmani"],"articleSection":["Kryesoret"],"inLanguage":"sq"},{"@type":"WebPage","@id":"https:\/\/permbledhja.com\/presioni-amerikan-per-asociacionin-konjufca-kundervihet-osmani-sheh-rrezik\/","url":"https:\/\/permbledhja.com\/presioni-amerikan-per-asociacionin-konjufca-kundervihet-osmani-sheh-rrezik\/","name":"Presioni amerikan p\u00ebr Asociacionin, Konjufca \u201ckund\u00ebrvihet\u201d, Osmani sheh rrezik","isPartOf":{"@id":"https:\/\/permbledhja.com\/#website"},"datePublished":"2023-05-23T17:06:27+00:00","dateModified":"2023-05-23T17:06:27+00:00","breadcrumb":{"@id":"https:\/\/permbledhja.com\/presioni-amerikan-per-asociacionin-konjufca-kundervihet-osmani-sheh-rrezik\/#breadcrumb"},"inLanguage":"sq","potentialAction":[{"@type":"ReadAction","target":["https:\/\/permbledhja.com\/presioni-amerikan-per-asociacionin-konjufca-kundervihet-osmani-sheh-rrezik\/"]}]},{"@type":"BreadcrumbList","@id":"https:\/\/permbledhja.com\/presioni-amerikan-per-asociacionin-konjufca-kundervihet-osmani-sheh-rrezik\/#breadcrumb","itemListElement":[{"@type":"ListItem","position":1,"name":"Ballina","item":"https:\/\/permbledhja.com\/sq\/"},{"@type":"ListItem","position":2,"name":"Presioni amerikan p\u00ebr Asociacionin, Konjufca \u201ckund\u00ebrvihet\u201d, Osmani sheh rrezik"}]},{"@type":"WebSite","@id":"https:\/\/permbledhja.com\/#website","url":"https:\/\/permbledhja.com\/","name":"Ve\u00e7 artikuj p\u00ebrmbledh\u00ebs","description":"","publisher":{"@id":"https:\/\/permbledhja.com\/#organization"},"potentialAction":[{"@type":"SearchAction","target":{"@type":"EntryPoint","urlTemplate":"https:\/\/permbledhja.com\/?s={search_term_string}"},"query-input":"required name=search_term_string"}],"inLanguage":"sq"},{"@type":"Organization","@id":"https:\/\/permbledhja.com\/#organization","name":"MK Media & Pr","url":"https:\/\/permbledhja.com\/","logo":{"@type":"ImageObject","inLanguage":"sq","@id":"https:\/\/permbledhja.com\/#\/schema\/logo\/image\/","url":"https:\/\/permbledhja.com\/wp-content\/uploads\/2021\/12\/07-Press-Logo.jpg","contentUrl":"https:\/\/permbledhja.com\/wp-content\/uploads\/2021\/12\/07-Press-Logo.jpg","width":512,"height":512,"caption":"MK Media & Pr"},"image":{"@id":"https:\/\/permbledhja.com\/#\/schema\/logo\/image\/"},"sameAs":["https:\/\/www.facebook.com\/press07\/"]},{"@type":"Person","@id":"https:\/\/permbledhja.com\/#\/schema\/person\/0d064377258d3221e50693947b9eb4fe","name":"P\u00ebrmbledhja","image":{"@type":"ImageObject","inLanguage":"sq","@id":"https:\/\/permbledhja.com\/#\/schema\/person\/image\/","url":"https:\/\/permbledhja.com\/wp-content\/uploads\/2026\/01\/452004717_1040944174702970_8932037511805513407_n-96x96.jpg","contentUrl":"https:\/\/permbledhja.com\/wp-content\/uploads\/2026\/01\/452004717_1040944174702970_8932037511805513407_n-96x96.jpg","caption":"P\u00ebrmbledhja"},"sameAs":["https:\/\/www.facebook.com\/kafexhiu.muharrem\/","https:\/\/www.instagram.com\/muharrem_kafexhiu\/"],"url":"https:\/\/permbledhja.com\/sq\/author\/admin\/"}]}},"_links":{"self":[{"href":"https:\/\/permbledhja.com\/sq\/wp-json\/wp\/v2\/posts\/14943"}],"collection":[{"href":"https:\/\/permbledhja.com\/sq\/wp-json\/wp\/v2\/posts"}],"about":[{"href":"https:\/\/permbledhja.com\/sq\/wp-json\/wp\/v2\/types\/post"}],"author":[{"embeddable":true,"href":"https:\/\/permbledhja.com\/sq\/wp-json\/wp\/v2\/users\/1"}],"replies":[{"embeddable":true,"href":"https:\/\/permbledhja.com\/sq\/wp-json\/wp\/v2\/comments?post=14943"}],"version-history":[{"count":1,"href":"https:\/\/permbledhja.com\/sq\/wp-json\/wp\/v2\/posts\/14943\/revisions"}],"predecessor-version":[{"id":14945,"href":"https:\/\/permbledhja.com\/sq\/wp-json\/wp\/v2\/posts\/14943\/revisions\/14945"}],"wp:featuredmedia":[{"embeddable":true,"href":"https:\/\/permbledhja.com\/sq\/wp-json\/wp\/v2\/media\/14944"}],"wp:attachment":[{"href":"https:\/\/permbledhja.com\/sq\/wp-json\/wp\/v2\/media?parent=14943"}],"wp:term":[{"taxonomy":"category","embeddable":true,"href":"https:\/\/permbledhja.com\/sq\/wp-json\/wp\/v2\/categories?post=14943"},{"taxonomy":"post_tag","embeddable":true,"href":"https:\/\/permbledhja.com\/sq\/wp-json\/wp\/v2\/tags?post=14943"}],"curies":[{"name":"wp","href":"https:\/\/api.w.org\/{rel}","templated":true}]}}