{"id":14779,"date":"2023-05-18T13:35:42","date_gmt":"2023-05-18T13:35:42","guid":{"rendered":"https:\/\/permbledhja.com\/?p=14779"},"modified":"2023-05-18T13:35:54","modified_gmt":"2023-05-18T13:35:54","slug":"pjoter-dicek-pse-shqiptaret-nuk-i-duan-europianet-ne-be","status":"publish","type":"post","link":"https:\/\/permbledhja.com\/sq\/pjoter-dicek-pse-shqiptaret-nuk-i-duan-europianet-ne-be\/","title":{"rendered":"Pjoter Dicek: Pse shqiptar\u00ebt nuk i duan Europian\u00ebt n\u00eb BE?!"},"content":{"rendered":"<p><strong>Nj\u00eb arkeolog polak me emrin Pjoter Dicek nj\u00eb nga m\u00eb t\u00eb mir\u00ebt e Europ\u00ebs thot\u00eb: N\u00eb studimet e shum\u00eb Albanolog\u00ebve Europian\u00eb e Amerikan\u00eb del se Gjuha Shqipe \u00ebsht\u00eb nd\u00ebr m\u00eb t\u00eb vjetrat n\u00eb bot\u00eb dhe m\u00eb e vjetra e Europ\u00ebs, (nj\u00eb gj\u00eb e till\u00eb nuk mund t\u00eb pranohet kurr\u00eb).<\/strong><\/p>\n<p>Populli shqiptar \u00ebsht\u00eb diku tek 20 milion\u00eb banor\u00eb n\u00eb gjith\u00eb bot\u00ebn, dhe kjo nuk mund t\u00eb pranohet kurr\u00eb nga BE. Nqs Shqip\u00ebria hyn n\u00eb BE ka t\u00eb drejt\u00eb t\u00eb k\u00ebrkoj\u00eb d\u00ebmshp\u00ebrblim mbi 50 miliard\u00eb euro nga t\u00eb gjitha shtetet q\u00eb e kan\u00eb d\u00ebmtuar dhe k\u00ebt\u00eb US e di, gjithashtu dhe motivi q\u00eb e futi n\u00eb NATO. Nqs Shqip\u00ebria hyn n\u00eb BE shum\u00eb shtete jo vet\u00ebm duhet t\u00eb ndrrojn\u00eb historin\u00eb por do fillojn\u00eb t\u00eb cop\u00ebtohen.<\/p>\n<p>Shqip\u00ebria \u00ebsht\u00eb nj\u00eb komb me popullsi n\u00eb mbi 5 vende t\u00eb rajonit dhe detyrimisht harta demografike do ndryshohet, kjo rrezikon vet\u00eb shp\u00ebrb\u00ebrjen e BE. Duke patur popullsin\u00eb n\u00eb mosh\u00eb m\u00eb t\u00eb re n\u00eb Europ\u00eb 35-42 vje\u00e7 dhe krahun e pun\u00ebs s\u00eb lir\u00eb n\u00eb nj\u00eb koh\u00eb 20 vjet gati 50% e gjith\u00eb industris\u00eb Europiane transferohet n\u00eb Shqip\u00ebri duke rezikuar vet\u00eb pun\u00ebn dhe si rjedhim tensione ne BE.<\/p>\n<p>Konkluzioni me hyrjen e Shqip\u00ebris\u00eb n\u00eb BE bien historit\u00eb e g\u00ebnjesht\u00ebrta, ndrron popullsia n\u00eb 20 milion, bien shtete fallco dhe detyrimisht rrezikohet BE k\u00ebto jan\u00eb motivet.<\/p>\n<p>Kush \u00ebsht\u00eb Pjoter Dicek?<\/p>\n<p>\u00cbsht\u00eb nj\u00eb nga arkeolog\u00ebt m\u00eb t\u00eb mir\u00eb n\u00eb Europ\u00eb ku ka mbaruar arkeologjin\u00eb n\u00eb Varshav\u00eb, specializim ne Rusi, masterin n\u00eb Hamburg dhe pjes\u00ebmarr\u00ebs n\u00eb g\u00ebrmimet e Bosnj\u00ebs ku dol\u00ebn piramidat Ilire\u201d. \/<em>Marr\u00eb nga portali Kosova Ime<\/em><\/p>\n","protected":false},"excerpt":{"rendered":"<p>Nj\u00eb arkeolog polak me emrin Pjoter Dicek nj\u00eb nga m\u00eb t\u00eb mir\u00ebt e Europ\u00ebs thot\u00eb: N\u00eb studimet e shum\u00eb Albanolog\u00ebve Europian\u00eb e Amerikan\u00eb del se Gjuha Shqipe \u00ebsht\u00eb nd\u00ebr m\u00eb t\u00eb vjetrat n\u00eb bot\u00eb dhe m\u00eb e vjetra e Europ\u00ebs, (nj\u00eb gj\u00eb e till\u00eb nuk mund t\u00eb pranohet kurr\u00eb). Populli shqiptar \u00ebsht\u00eb diku tek 20 [&hellip;]<\/p>\n","protected":false},"author":1,"featured_media":14780,"comment_status":"closed","ping_status":"closed","sticky":false,"template":"","format":"standard","meta":{"_monsterinsights_skip_tracking":false,"_monsterinsights_sitenote_active":false,"_monsterinsights_sitenote_note":"","_monsterinsights_sitenote_category":0,"_uf_show_specific_survey":0,"_uf_disable_surveys":false,"footnotes":""},"categories":[1],"tags":[1777],"yoast_head":"<!-- This site is optimized with the Yoast SEO plugin v21.5 - https:\/\/yoast.com\/wordpress\/plugins\/seo\/ -->\n<title>Pjoter Dicek: Pse shqiptar\u00ebt nuk i duan Europian\u00ebt n\u00eb BE?!<\/title>\n<meta name=\"robots\" content=\"index, follow, max-snippet:-1, max-image-preview:large, max-video-preview:-1\" \/>\n<link rel=\"canonical\" href=\"https:\/\/permbledhja.com\/sq\/pjoter-dicek-pse-shqiptaret-nuk-i-duan-europianet-ne-be\/\" \/>\n<meta property=\"og:locale\" content=\"sq_AL\" \/>\n<meta property=\"og:type\" content=\"article\" \/>\n<meta property=\"og:title\" content=\"Pjoter Dicek: Pse shqiptar\u00ebt nuk i duan Europian\u00ebt n\u00eb BE?!\" \/>\n<meta property=\"og:description\" content=\"Nj\u00eb arkeolog polak me emrin Pjoter Dicek nj\u00eb nga m\u00eb t\u00eb mir\u00ebt e Europ\u00ebs thot\u00eb: N\u00eb studimet e shum\u00eb Albanolog\u00ebve Europian\u00eb e Amerikan\u00eb del se Gjuha Shqipe \u00ebsht\u00eb nd\u00ebr m\u00eb t\u00eb vjetrat n\u00eb bot\u00eb dhe m\u00eb e vjetra e Europ\u00ebs, (nj\u00eb gj\u00eb e till\u00eb nuk mund t\u00eb pranohet kurr\u00eb). Populli shqiptar \u00ebsht\u00eb diku tek 20 [&hellip;]\" \/>\n<meta property=\"og:url\" content=\"https:\/\/permbledhja.com\/sq\/pjoter-dicek-pse-shqiptaret-nuk-i-duan-europianet-ne-be\/\" \/>\n<meta property=\"og:site_name\" content=\"Ve\u00e7 artikuj p\u00ebrmbledh\u00ebs\" \/>\n<meta property=\"article:publisher\" content=\"https:\/\/www.facebook.com\/press07\/\" \/>\n<meta property=\"article:author\" content=\"https:\/\/www.facebook.com\/kafexhiu.muharrem\/\" \/>\n<meta property=\"article:published_time\" content=\"2023-05-18T13:35:42+00:00\" \/>\n<meta property=\"article:modified_time\" content=\"2023-05-18T13:35:54+00:00\" \/>\n<meta property=\"og:image\" content=\"https:\/\/permbledhja.com\/wp-content\/uploads\/2023\/05\/beeeeee.png\" \/>\n\t<meta property=\"og:image:width\" content=\"932\" \/>\n\t<meta property=\"og:image:height\" content=\"539\" \/>\n\t<meta property=\"og:image:type\" content=\"image\/png\" \/>\n<meta name=\"author\" content=\"P\u00ebrmbledhja\" \/>\n<meta name=\"twitter:card\" content=\"summary_large_image\" \/>\n<meta name=\"twitter:label1\" content=\"Written by\" \/>\n\t<meta name=\"twitter:data1\" content=\"P\u00ebrmbledhja\" \/>\n\t<meta name=\"twitter:label2\" content=\"Est. reading time\" \/>\n\t<meta name=\"twitter:data2\" content=\"1 minut\u00eb\" \/>\n<script type=\"application\/ld+json\" class=\"yoast-schema-graph\">{\"@context\":\"https:\/\/schema.org\",\"@graph\":[{\"@type\":\"Article\",\"@id\":\"https:\/\/permbledhja.com\/pjoter-dicek-pse-shqiptaret-nuk-i-duan-europianet-ne-be\/#article\",\"isPartOf\":{\"@id\":\"https:\/\/permbledhja.com\/pjoter-dicek-pse-shqiptaret-nuk-i-duan-europianet-ne-be\/\"},\"author\":{\"name\":\"P\u00ebrmbledhja\",\"@id\":\"https:\/\/permbledhja.com\/#\/schema\/person\/0d064377258d3221e50693947b9eb4fe\"},\"headline\":\"Pjoter Dicek: Pse shqiptar\u00ebt nuk i duan Europian\u00ebt n\u00eb BE?!\",\"datePublished\":\"2023-05-18T13:35:42+00:00\",\"dateModified\":\"2023-05-18T13:35:54+00:00\",\"mainEntityOfPage\":{\"@id\":\"https:\/\/permbledhja.com\/pjoter-dicek-pse-shqiptaret-nuk-i-duan-europianet-ne-be\/\"},\"wordCount\":292,\"publisher\":{\"@id\":\"https:\/\/permbledhja.com\/#organization\"},\"keywords\":[\"Evropian\u00ebt\"],\"articleSection\":[\"Breaking News\"],\"inLanguage\":\"sq\"},{\"@type\":\"WebPage\",\"@id\":\"https:\/\/permbledhja.com\/pjoter-dicek-pse-shqiptaret-nuk-i-duan-europianet-ne-be\/\",\"url\":\"https:\/\/permbledhja.com\/pjoter-dicek-pse-shqiptaret-nuk-i-duan-europianet-ne-be\/\",\"name\":\"Pjoter Dicek: Pse shqiptar\u00ebt nuk i duan Europian\u00ebt n\u00eb BE?!\",\"isPartOf\":{\"@id\":\"https:\/\/permbledhja.com\/#website\"},\"datePublished\":\"2023-05-18T13:35:42+00:00\",\"dateModified\":\"2023-05-18T13:35:54+00:00\",\"breadcrumb\":{\"@id\":\"https:\/\/permbledhja.com\/pjoter-dicek-pse-shqiptaret-nuk-i-duan-europianet-ne-be\/#breadcrumb\"},\"inLanguage\":\"sq\",\"potentialAction\":[{\"@type\":\"ReadAction\",\"target\":[\"https:\/\/permbledhja.com\/pjoter-dicek-pse-shqiptaret-nuk-i-duan-europianet-ne-be\/\"]}]},{\"@type\":\"BreadcrumbList\",\"@id\":\"https:\/\/permbledhja.com\/pjoter-dicek-pse-shqiptaret-nuk-i-duan-europianet-ne-be\/#breadcrumb\",\"itemListElement\":[{\"@type\":\"ListItem\",\"position\":1,\"name\":\"Ballina\",\"item\":\"https:\/\/permbledhja.com\/sq\/\"},{\"@type\":\"ListItem\",\"position\":2,\"name\":\"Pjoter Dicek: Pse shqiptar\u00ebt nuk i duan Europian\u00ebt n\u00eb BE?!\"}]},{\"@type\":\"WebSite\",\"@id\":\"https:\/\/permbledhja.com\/#website\",\"url\":\"https:\/\/permbledhja.com\/\",\"name\":\"Ve\u00e7 artikuj p\u00ebrmbledh\u00ebs\",\"description\":\"\",\"publisher\":{\"@id\":\"https:\/\/permbledhja.com\/#organization\"},\"potentialAction\":[{\"@type\":\"SearchAction\",\"target\":{\"@type\":\"EntryPoint\",\"urlTemplate\":\"https:\/\/permbledhja.com\/?s={search_term_string}\"},\"query-input\":\"required name=search_term_string\"}],\"inLanguage\":\"sq\"},{\"@type\":\"Organization\",\"@id\":\"https:\/\/permbledhja.com\/#organization\",\"name\":\"MK Media & Pr\",\"url\":\"https:\/\/permbledhja.com\/\",\"logo\":{\"@type\":\"ImageObject\",\"inLanguage\":\"sq\",\"@id\":\"https:\/\/permbledhja.com\/#\/schema\/logo\/image\/\",\"url\":\"https:\/\/permbledhja.com\/wp-content\/uploads\/2021\/12\/07-Press-Logo.jpg\",\"contentUrl\":\"https:\/\/permbledhja.com\/wp-content\/uploads\/2021\/12\/07-Press-Logo.jpg\",\"width\":512,\"height\":512,\"caption\":\"MK Media & Pr\"},\"image\":{\"@id\":\"https:\/\/permbledhja.com\/#\/schema\/logo\/image\/\"},\"sameAs\":[\"https:\/\/www.facebook.com\/press07\/\"]},{\"@type\":\"Person\",\"@id\":\"https:\/\/permbledhja.com\/#\/schema\/person\/0d064377258d3221e50693947b9eb4fe\",\"name\":\"P\u00ebrmbledhja\",\"image\":{\"@type\":\"ImageObject\",\"inLanguage\":\"sq\",\"@id\":\"https:\/\/permbledhja.com\/#\/schema\/person\/image\/\",\"url\":\"https:\/\/permbledhja.com\/wp-content\/uploads\/2026\/01\/452004717_1040944174702970_8932037511805513407_n-96x96.jpg\",\"contentUrl\":\"https:\/\/permbledhja.com\/wp-content\/uploads\/2026\/01\/452004717_1040944174702970_8932037511805513407_n-96x96.jpg\",\"caption\":\"P\u00ebrmbledhja\"},\"sameAs\":[\"https:\/\/www.facebook.com\/kafexhiu.muharrem\/\",\"https:\/\/www.instagram.com\/muharrem_kafexhiu\/\"],\"url\":\"https:\/\/permbledhja.com\/sq\/author\/admin\/\"}]}<\/script>\n<!-- \/ Yoast SEO plugin. -->","yoast_head_json":{"title":"Pjoter Dicek: Pse shqiptar\u00ebt nuk i duan Europian\u00ebt n\u00eb BE?!","robots":{"index":"index","follow":"follow","max-snippet":"max-snippet:-1","max-image-preview":"max-image-preview:large","max-video-preview":"max-video-preview:-1"},"canonical":"https:\/\/permbledhja.com\/sq\/pjoter-dicek-pse-shqiptaret-nuk-i-duan-europianet-ne-be\/","og_locale":"sq_AL","og_type":"article","og_title":"Pjoter Dicek: Pse shqiptar\u00ebt nuk i duan Europian\u00ebt n\u00eb BE?!","og_description":"Nj\u00eb arkeolog polak me emrin Pjoter Dicek nj\u00eb nga m\u00eb t\u00eb mir\u00ebt e Europ\u00ebs thot\u00eb: N\u00eb studimet e shum\u00eb Albanolog\u00ebve Europian\u00eb e Amerikan\u00eb del se Gjuha Shqipe \u00ebsht\u00eb nd\u00ebr m\u00eb t\u00eb vjetrat n\u00eb bot\u00eb dhe m\u00eb e vjetra e Europ\u00ebs, (nj\u00eb gj\u00eb e till\u00eb nuk mund t\u00eb pranohet kurr\u00eb). Populli shqiptar \u00ebsht\u00eb diku tek 20 [&hellip;]","og_url":"https:\/\/permbledhja.com\/sq\/pjoter-dicek-pse-shqiptaret-nuk-i-duan-europianet-ne-be\/","og_site_name":"Ve\u00e7 artikuj p\u00ebrmbledh\u00ebs","article_publisher":"https:\/\/www.facebook.com\/press07\/","article_author":"https:\/\/www.facebook.com\/kafexhiu.muharrem\/","article_published_time":"2023-05-18T13:35:42+00:00","article_modified_time":"2023-05-18T13:35:54+00:00","og_image":[{"width":932,"height":539,"url":"https:\/\/permbledhja.com\/wp-content\/uploads\/2023\/05\/beeeeee.png","type":"image\/png"}],"author":"P\u00ebrmbledhja","twitter_card":"summary_large_image","twitter_misc":{"Written by":"P\u00ebrmbledhja","Est. reading time":"1 minut\u00eb"},"schema":{"@context":"https:\/\/schema.org","@graph":[{"@type":"Article","@id":"https:\/\/permbledhja.com\/pjoter-dicek-pse-shqiptaret-nuk-i-duan-europianet-ne-be\/#article","isPartOf":{"@id":"https:\/\/permbledhja.com\/pjoter-dicek-pse-shqiptaret-nuk-i-duan-europianet-ne-be\/"},"author":{"name":"P\u00ebrmbledhja","@id":"https:\/\/permbledhja.com\/#\/schema\/person\/0d064377258d3221e50693947b9eb4fe"},"headline":"Pjoter Dicek: Pse shqiptar\u00ebt nuk i duan Europian\u00ebt n\u00eb BE?!","datePublished":"2023-05-18T13:35:42+00:00","dateModified":"2023-05-18T13:35:54+00:00","mainEntityOfPage":{"@id":"https:\/\/permbledhja.com\/pjoter-dicek-pse-shqiptaret-nuk-i-duan-europianet-ne-be\/"},"wordCount":292,"publisher":{"@id":"https:\/\/permbledhja.com\/#organization"},"keywords":["Evropian\u00ebt"],"articleSection":["Breaking News"],"inLanguage":"sq"},{"@type":"WebPage","@id":"https:\/\/permbledhja.com\/pjoter-dicek-pse-shqiptaret-nuk-i-duan-europianet-ne-be\/","url":"https:\/\/permbledhja.com\/pjoter-dicek-pse-shqiptaret-nuk-i-duan-europianet-ne-be\/","name":"Pjoter Dicek: Pse shqiptar\u00ebt nuk i duan Europian\u00ebt n\u00eb BE?!","isPartOf":{"@id":"https:\/\/permbledhja.com\/#website"},"datePublished":"2023-05-18T13:35:42+00:00","dateModified":"2023-05-18T13:35:54+00:00","breadcrumb":{"@id":"https:\/\/permbledhja.com\/pjoter-dicek-pse-shqiptaret-nuk-i-duan-europianet-ne-be\/#breadcrumb"},"inLanguage":"sq","potentialAction":[{"@type":"ReadAction","target":["https:\/\/permbledhja.com\/pjoter-dicek-pse-shqiptaret-nuk-i-duan-europianet-ne-be\/"]}]},{"@type":"BreadcrumbList","@id":"https:\/\/permbledhja.com\/pjoter-dicek-pse-shqiptaret-nuk-i-duan-europianet-ne-be\/#breadcrumb","itemListElement":[{"@type":"ListItem","position":1,"name":"Ballina","item":"https:\/\/permbledhja.com\/sq\/"},{"@type":"ListItem","position":2,"name":"Pjoter Dicek: Pse shqiptar\u00ebt nuk i duan Europian\u00ebt n\u00eb BE?!"}]},{"@type":"WebSite","@id":"https:\/\/permbledhja.com\/#website","url":"https:\/\/permbledhja.com\/","name":"Ve\u00e7 artikuj p\u00ebrmbledh\u00ebs","description":"","publisher":{"@id":"https:\/\/permbledhja.com\/#organization"},"potentialAction":[{"@type":"SearchAction","target":{"@type":"EntryPoint","urlTemplate":"https:\/\/permbledhja.com\/?s={search_term_string}"},"query-input":"required name=search_term_string"}],"inLanguage":"sq"},{"@type":"Organization","@id":"https:\/\/permbledhja.com\/#organization","name":"MK Media & Pr","url":"https:\/\/permbledhja.com\/","logo":{"@type":"ImageObject","inLanguage":"sq","@id":"https:\/\/permbledhja.com\/#\/schema\/logo\/image\/","url":"https:\/\/permbledhja.com\/wp-content\/uploads\/2021\/12\/07-Press-Logo.jpg","contentUrl":"https:\/\/permbledhja.com\/wp-content\/uploads\/2021\/12\/07-Press-Logo.jpg","width":512,"height":512,"caption":"MK Media & Pr"},"image":{"@id":"https:\/\/permbledhja.com\/#\/schema\/logo\/image\/"},"sameAs":["https:\/\/www.facebook.com\/press07\/"]},{"@type":"Person","@id":"https:\/\/permbledhja.com\/#\/schema\/person\/0d064377258d3221e50693947b9eb4fe","name":"P\u00ebrmbledhja","image":{"@type":"ImageObject","inLanguage":"sq","@id":"https:\/\/permbledhja.com\/#\/schema\/person\/image\/","url":"https:\/\/permbledhja.com\/wp-content\/uploads\/2026\/01\/452004717_1040944174702970_8932037511805513407_n-96x96.jpg","contentUrl":"https:\/\/permbledhja.com\/wp-content\/uploads\/2026\/01\/452004717_1040944174702970_8932037511805513407_n-96x96.jpg","caption":"P\u00ebrmbledhja"},"sameAs":["https:\/\/www.facebook.com\/kafexhiu.muharrem\/","https:\/\/www.instagram.com\/muharrem_kafexhiu\/"],"url":"https:\/\/permbledhja.com\/sq\/author\/admin\/"}]}},"_links":{"self":[{"href":"https:\/\/permbledhja.com\/sq\/wp-json\/wp\/v2\/posts\/14779"}],"collection":[{"href":"https:\/\/permbledhja.com\/sq\/wp-json\/wp\/v2\/posts"}],"about":[{"href":"https:\/\/permbledhja.com\/sq\/wp-json\/wp\/v2\/types\/post"}],"author":[{"embeddable":true,"href":"https:\/\/permbledhja.com\/sq\/wp-json\/wp\/v2\/users\/1"}],"replies":[{"embeddable":true,"href":"https:\/\/permbledhja.com\/sq\/wp-json\/wp\/v2\/comments?post=14779"}],"version-history":[{"count":2,"href":"https:\/\/permbledhja.com\/sq\/wp-json\/wp\/v2\/posts\/14779\/revisions"}],"predecessor-version":[{"id":14782,"href":"https:\/\/permbledhja.com\/sq\/wp-json\/wp\/v2\/posts\/14779\/revisions\/14782"}],"wp:featuredmedia":[{"embeddable":true,"href":"https:\/\/permbledhja.com\/sq\/wp-json\/wp\/v2\/media\/14780"}],"wp:attachment":[{"href":"https:\/\/permbledhja.com\/sq\/wp-json\/wp\/v2\/media?parent=14779"}],"wp:term":[{"taxonomy":"category","embeddable":true,"href":"https:\/\/permbledhja.com\/sq\/wp-json\/wp\/v2\/categories?post=14779"},{"taxonomy":"post_tag","embeddable":true,"href":"https:\/\/permbledhja.com\/sq\/wp-json\/wp\/v2\/tags?post=14779"}],"curies":[{"name":"wp","href":"https:\/\/api.w.org\/{rel}","templated":true}]}}