{"id":14720,"date":"2023-05-15T19:48:04","date_gmt":"2023-05-15T19:48:04","guid":{"rendered":"https:\/\/permbledhja.com\/?p=14720"},"modified":"2023-05-15T19:51:21","modified_gmt":"2023-05-15T19:51:21","slug":"pallqa-i-vv-se-akuza-te-forta-smajl-latifit-per-dallavere-ne-infrastrukture-paralajmeron-edhe-punesime-ne-infermieri-permes-pazareve","status":"publish","type":"post","link":"https:\/\/permbledhja.com\/sq\/pallqa-i-vv-se-akuza-te-forta-smajl-latifit-per-dallavere-ne-infrastrukture-paralajmeron-edhe-punesime-ne-infermieri-permes-pazareve\/","title":{"rendered":"Pallqa i VV-s\u00eb akuza t\u00eb forta Smajl Latifit p\u00ebr \u201cdallavere\u201d n\u00eb infrastruktur\u00eb, paralajm\u00ebron edhe pun\u00ebsime n\u00eb infermieri p\u00ebrmes \u201cpazareve\u201d"},"content":{"rendered":"<p><strong>Asamblisti i Kuvendit Komunal t\u00eb Rahovecit nga radh\u00ebt e VV-s\u00eb, ka hedhur akuza t\u00eb forta n\u00eb drejtim t\u00eb kreut Smajl Latifi.<\/strong><\/p>\n<p>P\u00ebrmes nj\u00eb postimi n\u00eb \u201cFacebook\u201d, Pallqa ka kritikuar qasjen e Latifit sa i p\u00ebrket infrastruktur\u00ebs, duke th\u00ebn\u00eb se gjith\u00e7ka \u00ebsht\u00eb pjes\u00eb e pazareve mes Latifit e biznesmen\u00ebve, e nga ku p\u00ebsojn\u00eb qytetar\u00ebt, p\u00ebrcjell <strong>07 Press<\/strong>.<\/p>\n<p>Jo vet\u00ebm kaq, Pallqa ka paralajm\u00ebruar edhe pun\u00ebsime n\u00eb infermieri p\u00ebrmes pazareve.<\/p>\n<p>M\u00eb posht\u00eb edhe postimi i plot\u00eb:<\/p>\n<p><img loading=\"lazy\" decoding=\"async\" class=\"alignnone size-full wp-image-14723\" src=\"https:\/\/permbledhja.com\/wp-content\/uploads\/2023\/05\/E1F11A86-02E0-4B52-BF8F-6DD88B032411.jpeg\" alt=\"\" width=\"971\" height=\"1695\" srcset=\"https:\/\/permbledhja.com\/wp-content\/uploads\/2023\/05\/E1F11A86-02E0-4B52-BF8F-6DD88B032411.jpeg 971w, https:\/\/permbledhja.com\/wp-content\/uploads\/2023\/05\/E1F11A86-02E0-4B52-BF8F-6DD88B032411-172x300.jpeg 172w, https:\/\/permbledhja.com\/wp-content\/uploads\/2023\/05\/E1F11A86-02E0-4B52-BF8F-6DD88B032411-587x1024.jpeg 587w, https:\/\/permbledhja.com\/wp-content\/uploads\/2023\/05\/E1F11A86-02E0-4B52-BF8F-6DD88B032411-768x1341.jpeg 768w, https:\/\/permbledhja.com\/wp-content\/uploads\/2023\/05\/E1F11A86-02E0-4B52-BF8F-6DD88B032411-880x1536.jpeg 880w, https:\/\/permbledhja.com\/wp-content\/uploads\/2023\/05\/E1F11A86-02E0-4B52-BF8F-6DD88B032411-7x12.jpeg 7w\" sizes=\"(max-width: 971px) 100vw, 971px\" \/><\/p>\n","protected":false},"excerpt":{"rendered":"<p>Asamblisti i Kuvendit Komunal t\u00eb Rahovecit nga radh\u00ebt e VV-s\u00eb, ka hedhur akuza t\u00eb forta n\u00eb drejtim t\u00eb kreut Smajl Latifi. P\u00ebrmes nj\u00eb postimi n\u00eb \u201cFacebook\u201d, Pallqa ka kritikuar qasjen e Latifit sa i p\u00ebrket infrastruktur\u00ebs, duke th\u00ebn\u00eb se gjith\u00e7ka \u00ebsht\u00eb pjes\u00eb e pazareve mes Latifit e biznesmen\u00ebve, e nga ku p\u00ebsojn\u00eb qytetar\u00ebt, p\u00ebrcjell 07 [&hellip;]<\/p>\n","protected":false},"author":1,"featured_media":14722,"comment_status":"closed","ping_status":"closed","sticky":false,"template":"","format":"standard","meta":{"_monsterinsights_skip_tracking":false,"_monsterinsights_sitenote_active":false,"_monsterinsights_sitenote_note":"","_monsterinsights_sitenote_category":0,"_uf_show_specific_survey":0,"_uf_disable_surveys":false,"footnotes":""},"categories":[1,17],"tags":[1771],"yoast_head":"<!-- This site is optimized with the Yoast SEO plugin v21.5 - https:\/\/yoast.com\/wordpress\/plugins\/seo\/ -->\n<title>Pallqa i VV-s\u00eb akuza t\u00eb forta Smajl Latifit p\u00ebr \u201cdallavere\u201d n\u00eb infrastruktur\u00eb, paralajm\u00ebron edhe pun\u00ebsime n\u00eb infermieri p\u00ebrmes \u201cpazareve\u201d<\/title>\n<meta name=\"robots\" content=\"index, follow, max-snippet:-1, max-image-preview:large, max-video-preview:-1\" \/>\n<link rel=\"canonical\" href=\"https:\/\/permbledhja.com\/sq\/pallqa-i-vv-se-akuza-te-forta-smajl-latifit-per-dallavere-ne-infrastrukture-paralajmeron-edhe-punesime-ne-infermieri-permes-pazareve\/\" \/>\n<meta property=\"og:locale\" content=\"sq_AL\" \/>\n<meta property=\"og:type\" content=\"article\" \/>\n<meta property=\"og:title\" content=\"Pallqa i VV-s\u00eb akuza t\u00eb forta Smajl Latifit p\u00ebr \u201cdallavere\u201d n\u00eb infrastruktur\u00eb, paralajm\u00ebron edhe pun\u00ebsime n\u00eb infermieri p\u00ebrmes \u201cpazareve\u201d\" \/>\n<meta property=\"og:description\" content=\"Asamblisti i Kuvendit Komunal t\u00eb Rahovecit nga radh\u00ebt e VV-s\u00eb, ka hedhur akuza t\u00eb forta n\u00eb drejtim t\u00eb kreut Smajl Latifi. P\u00ebrmes nj\u00eb postimi n\u00eb \u201cFacebook\u201d, Pallqa ka kritikuar qasjen e Latifit sa i p\u00ebrket infrastruktur\u00ebs, duke th\u00ebn\u00eb se gjith\u00e7ka \u00ebsht\u00eb pjes\u00eb e pazareve mes Latifit e biznesmen\u00ebve, e nga ku p\u00ebsojn\u00eb qytetar\u00ebt, p\u00ebrcjell 07 [&hellip;]\" \/>\n<meta property=\"og:url\" content=\"https:\/\/permbledhja.com\/sq\/pallqa-i-vv-se-akuza-te-forta-smajl-latifit-per-dallavere-ne-infrastrukture-paralajmeron-edhe-punesime-ne-infermieri-permes-pazareve\/\" \/>\n<meta property=\"og:site_name\" content=\"Ve\u00e7 artikuj p\u00ebrmbledh\u00ebs\" \/>\n<meta property=\"article:publisher\" content=\"https:\/\/www.facebook.com\/press07\/\" \/>\n<meta property=\"article:author\" content=\"https:\/\/www.facebook.com\/kafexhiu.muharrem\/\" \/>\n<meta property=\"article:published_time\" content=\"2023-05-15T19:48:04+00:00\" \/>\n<meta property=\"article:modified_time\" content=\"2023-05-15T19:51:21+00:00\" \/>\n<meta property=\"og:image\" content=\"https:\/\/permbledhja.com\/wp-content\/uploads\/2023\/05\/F02E8176-C7CC-491A-B5AD-2FD72E5528E1.jpeg\" \/>\n\t<meta property=\"og:image:width\" content=\"1920\" \/>\n\t<meta property=\"og:image:height\" content=\"1080\" \/>\n\t<meta property=\"og:image:type\" content=\"image\/jpeg\" \/>\n<meta name=\"author\" content=\"P\u00ebrmbledhja\" \/>\n<meta name=\"twitter:card\" content=\"summary_large_image\" \/>\n<meta name=\"twitter:label1\" content=\"Written by\" \/>\n\t<meta name=\"twitter:data1\" content=\"P\u00ebrmbledhja\" \/>\n\t<meta name=\"twitter:label2\" content=\"Est. reading time\" \/>\n\t<meta name=\"twitter:data2\" content=\"1 minut\u00eb\" \/>\n<script type=\"application\/ld+json\" class=\"yoast-schema-graph\">{\"@context\":\"https:\/\/schema.org\",\"@graph\":[{\"@type\":\"Article\",\"@id\":\"https:\/\/permbledhja.com\/sq\/pallqa-i-vv-se-akuza-te-forta-smajl-latifit-per-dallavere-ne-infrastrukture-paralajmeron-edhe-punesime-ne-infermieri-permes-pazareve\/#article\",\"isPartOf\":{\"@id\":\"https:\/\/permbledhja.com\/sq\/pallqa-i-vv-se-akuza-te-forta-smajl-latifit-per-dallavere-ne-infrastrukture-paralajmeron-edhe-punesime-ne-infermieri-permes-pazareve\/\"},\"author\":{\"name\":\"P\u00ebrmbledhja\",\"@id\":\"https:\/\/permbledhja.com\/#\/schema\/person\/0d064377258d3221e50693947b9eb4fe\"},\"headline\":\"Pallqa i VV-s\u00eb akuza t\u00eb forta Smajl Latifit p\u00ebr \u201cdallavere\u201d n\u00eb infrastruktur\u00eb, paralajm\u00ebron edhe pun\u00ebsime n\u00eb infermieri p\u00ebrmes \u201cpazareve\u201d\",\"datePublished\":\"2023-05-15T19:48:04+00:00\",\"dateModified\":\"2023-05-15T19:51:21+00:00\",\"mainEntityOfPage\":{\"@id\":\"https:\/\/permbledhja.com\/sq\/pallqa-i-vv-se-akuza-te-forta-smajl-latifit-per-dallavere-ne-infrastrukture-paralajmeron-edhe-punesime-ne-infermieri-permes-pazareve\/\"},\"wordCount\":110,\"publisher\":{\"@id\":\"https:\/\/permbledhja.com\/#organization\"},\"keywords\":[\"Ilir Pallqa\"],\"articleSection\":[\"Breaking News\",\"Rahovec\"],\"inLanguage\":\"sq\"},{\"@type\":\"WebPage\",\"@id\":\"https:\/\/permbledhja.com\/sq\/pallqa-i-vv-se-akuza-te-forta-smajl-latifit-per-dallavere-ne-infrastrukture-paralajmeron-edhe-punesime-ne-infermieri-permes-pazareve\/\",\"url\":\"https:\/\/permbledhja.com\/sq\/pallqa-i-vv-se-akuza-te-forta-smajl-latifit-per-dallavere-ne-infrastrukture-paralajmeron-edhe-punesime-ne-infermieri-permes-pazareve\/\",\"name\":\"Pallqa i VV-s\u00eb akuza t\u00eb forta Smajl Latifit p\u00ebr \u201cdallavere\u201d n\u00eb infrastruktur\u00eb, paralajm\u00ebron edhe pun\u00ebsime n\u00eb infermieri p\u00ebrmes \u201cpazareve\u201d\",\"isPartOf\":{\"@id\":\"https:\/\/permbledhja.com\/#website\"},\"datePublished\":\"2023-05-15T19:48:04+00:00\",\"dateModified\":\"2023-05-15T19:51:21+00:00\",\"breadcrumb\":{\"@id\":\"https:\/\/permbledhja.com\/sq\/pallqa-i-vv-se-akuza-te-forta-smajl-latifit-per-dallavere-ne-infrastrukture-paralajmeron-edhe-punesime-ne-infermieri-permes-pazareve\/#breadcrumb\"},\"inLanguage\":\"sq\",\"potentialAction\":[{\"@type\":\"ReadAction\",\"target\":[\"https:\/\/permbledhja.com\/sq\/pallqa-i-vv-se-akuza-te-forta-smajl-latifit-per-dallavere-ne-infrastrukture-paralajmeron-edhe-punesime-ne-infermieri-permes-pazareve\/\"]}]},{\"@type\":\"BreadcrumbList\",\"@id\":\"https:\/\/permbledhja.com\/sq\/pallqa-i-vv-se-akuza-te-forta-smajl-latifit-per-dallavere-ne-infrastrukture-paralajmeron-edhe-punesime-ne-infermieri-permes-pazareve\/#breadcrumb\",\"itemListElement\":[{\"@type\":\"ListItem\",\"position\":1,\"name\":\"Ballina\",\"item\":\"https:\/\/permbledhja.com\/sq\/\"},{\"@type\":\"ListItem\",\"position\":2,\"name\":\"Pallqa i VV-s\u00eb akuza t\u00eb forta Smajl Latifit p\u00ebr \u201cdallavere\u201d n\u00eb infrastruktur\u00eb, paralajm\u00ebron edhe pun\u00ebsime n\u00eb infermieri p\u00ebrmes \u201cpazareve\u201d\"}]},{\"@type\":\"WebSite\",\"@id\":\"https:\/\/permbledhja.com\/#website\",\"url\":\"https:\/\/permbledhja.com\/\",\"name\":\"Ve\u00e7 artikuj p\u00ebrmbledh\u00ebs\",\"description\":\"\",\"publisher\":{\"@id\":\"https:\/\/permbledhja.com\/#organization\"},\"potentialAction\":[{\"@type\":\"SearchAction\",\"target\":{\"@type\":\"EntryPoint\",\"urlTemplate\":\"https:\/\/permbledhja.com\/?s={search_term_string}\"},\"query-input\":\"required name=search_term_string\"}],\"inLanguage\":\"sq\"},{\"@type\":\"Organization\",\"@id\":\"https:\/\/permbledhja.com\/#organization\",\"name\":\"MK Media & Pr\",\"url\":\"https:\/\/permbledhja.com\/\",\"logo\":{\"@type\":\"ImageObject\",\"inLanguage\":\"sq\",\"@id\":\"https:\/\/permbledhja.com\/#\/schema\/logo\/image\/\",\"url\":\"https:\/\/permbledhja.com\/wp-content\/uploads\/2021\/12\/07-Press-Logo.jpg\",\"contentUrl\":\"https:\/\/permbledhja.com\/wp-content\/uploads\/2021\/12\/07-Press-Logo.jpg\",\"width\":512,\"height\":512,\"caption\":\"MK Media & Pr\"},\"image\":{\"@id\":\"https:\/\/permbledhja.com\/#\/schema\/logo\/image\/\"},\"sameAs\":[\"https:\/\/www.facebook.com\/press07\/\"]},{\"@type\":\"Person\",\"@id\":\"https:\/\/permbledhja.com\/#\/schema\/person\/0d064377258d3221e50693947b9eb4fe\",\"name\":\"P\u00ebrmbledhja\",\"image\":{\"@type\":\"ImageObject\",\"inLanguage\":\"sq\",\"@id\":\"https:\/\/permbledhja.com\/#\/schema\/person\/image\/\",\"url\":\"https:\/\/permbledhja.com\/wp-content\/uploads\/2026\/01\/452004717_1040944174702970_8932037511805513407_n-96x96.jpg\",\"contentUrl\":\"https:\/\/permbledhja.com\/wp-content\/uploads\/2026\/01\/452004717_1040944174702970_8932037511805513407_n-96x96.jpg\",\"caption\":\"P\u00ebrmbledhja\"},\"sameAs\":[\"https:\/\/www.facebook.com\/kafexhiu.muharrem\/\",\"https:\/\/www.instagram.com\/muharrem_kafexhiu\/\"],\"url\":\"https:\/\/permbledhja.com\/sq\/author\/admin\/\"}]}<\/script>\n<!-- \/ Yoast SEO plugin. -->","yoast_head_json":{"title":"Pallqa i VV-s\u00eb akuza t\u00eb forta Smajl Latifit p\u00ebr \u201cdallavere\u201d n\u00eb infrastruktur\u00eb, paralajm\u00ebron edhe pun\u00ebsime n\u00eb infermieri p\u00ebrmes \u201cpazareve\u201d","robots":{"index":"index","follow":"follow","max-snippet":"max-snippet:-1","max-image-preview":"max-image-preview:large","max-video-preview":"max-video-preview:-1"},"canonical":"https:\/\/permbledhja.com\/sq\/pallqa-i-vv-se-akuza-te-forta-smajl-latifit-per-dallavere-ne-infrastrukture-paralajmeron-edhe-punesime-ne-infermieri-permes-pazareve\/","og_locale":"sq_AL","og_type":"article","og_title":"Pallqa i VV-s\u00eb akuza t\u00eb forta Smajl Latifit p\u00ebr \u201cdallavere\u201d n\u00eb infrastruktur\u00eb, paralajm\u00ebron edhe pun\u00ebsime n\u00eb infermieri p\u00ebrmes \u201cpazareve\u201d","og_description":"Asamblisti i Kuvendit Komunal t\u00eb Rahovecit nga radh\u00ebt e VV-s\u00eb, ka hedhur akuza t\u00eb forta n\u00eb drejtim t\u00eb kreut Smajl Latifi. P\u00ebrmes nj\u00eb postimi n\u00eb \u201cFacebook\u201d, Pallqa ka kritikuar qasjen e Latifit sa i p\u00ebrket infrastruktur\u00ebs, duke th\u00ebn\u00eb se gjith\u00e7ka \u00ebsht\u00eb pjes\u00eb e pazareve mes Latifit e biznesmen\u00ebve, e nga ku p\u00ebsojn\u00eb qytetar\u00ebt, p\u00ebrcjell 07 [&hellip;]","og_url":"https:\/\/permbledhja.com\/sq\/pallqa-i-vv-se-akuza-te-forta-smajl-latifit-per-dallavere-ne-infrastrukture-paralajmeron-edhe-punesime-ne-infermieri-permes-pazareve\/","og_site_name":"Ve\u00e7 artikuj p\u00ebrmbledh\u00ebs","article_publisher":"https:\/\/www.facebook.com\/press07\/","article_author":"https:\/\/www.facebook.com\/kafexhiu.muharrem\/","article_published_time":"2023-05-15T19:48:04+00:00","article_modified_time":"2023-05-15T19:51:21+00:00","og_image":[{"width":1920,"height":1080,"url":"https:\/\/permbledhja.com\/wp-content\/uploads\/2023\/05\/F02E8176-C7CC-491A-B5AD-2FD72E5528E1.jpeg","type":"image\/jpeg"}],"author":"P\u00ebrmbledhja","twitter_card":"summary_large_image","twitter_misc":{"Written by":"P\u00ebrmbledhja","Est. reading time":"1 minut\u00eb"},"schema":{"@context":"https:\/\/schema.org","@graph":[{"@type":"Article","@id":"https:\/\/permbledhja.com\/sq\/pallqa-i-vv-se-akuza-te-forta-smajl-latifit-per-dallavere-ne-infrastrukture-paralajmeron-edhe-punesime-ne-infermieri-permes-pazareve\/#article","isPartOf":{"@id":"https:\/\/permbledhja.com\/sq\/pallqa-i-vv-se-akuza-te-forta-smajl-latifit-per-dallavere-ne-infrastrukture-paralajmeron-edhe-punesime-ne-infermieri-permes-pazareve\/"},"author":{"name":"P\u00ebrmbledhja","@id":"https:\/\/permbledhja.com\/#\/schema\/person\/0d064377258d3221e50693947b9eb4fe"},"headline":"Pallqa i VV-s\u00eb akuza t\u00eb forta Smajl Latifit p\u00ebr \u201cdallavere\u201d n\u00eb infrastruktur\u00eb, paralajm\u00ebron edhe pun\u00ebsime n\u00eb infermieri p\u00ebrmes \u201cpazareve\u201d","datePublished":"2023-05-15T19:48:04+00:00","dateModified":"2023-05-15T19:51:21+00:00","mainEntityOfPage":{"@id":"https:\/\/permbledhja.com\/sq\/pallqa-i-vv-se-akuza-te-forta-smajl-latifit-per-dallavere-ne-infrastrukture-paralajmeron-edhe-punesime-ne-infermieri-permes-pazareve\/"},"wordCount":110,"publisher":{"@id":"https:\/\/permbledhja.com\/#organization"},"keywords":["Ilir Pallqa"],"articleSection":["Breaking News","Rahovec"],"inLanguage":"sq"},{"@type":"WebPage","@id":"https:\/\/permbledhja.com\/sq\/pallqa-i-vv-se-akuza-te-forta-smajl-latifit-per-dallavere-ne-infrastrukture-paralajmeron-edhe-punesime-ne-infermieri-permes-pazareve\/","url":"https:\/\/permbledhja.com\/sq\/pallqa-i-vv-se-akuza-te-forta-smajl-latifit-per-dallavere-ne-infrastrukture-paralajmeron-edhe-punesime-ne-infermieri-permes-pazareve\/","name":"Pallqa i VV-s\u00eb akuza t\u00eb forta Smajl Latifit p\u00ebr \u201cdallavere\u201d n\u00eb infrastruktur\u00eb, paralajm\u00ebron edhe pun\u00ebsime n\u00eb infermieri p\u00ebrmes \u201cpazareve\u201d","isPartOf":{"@id":"https:\/\/permbledhja.com\/#website"},"datePublished":"2023-05-15T19:48:04+00:00","dateModified":"2023-05-15T19:51:21+00:00","breadcrumb":{"@id":"https:\/\/permbledhja.com\/sq\/pallqa-i-vv-se-akuza-te-forta-smajl-latifit-per-dallavere-ne-infrastrukture-paralajmeron-edhe-punesime-ne-infermieri-permes-pazareve\/#breadcrumb"},"inLanguage":"sq","potentialAction":[{"@type":"ReadAction","target":["https:\/\/permbledhja.com\/sq\/pallqa-i-vv-se-akuza-te-forta-smajl-latifit-per-dallavere-ne-infrastrukture-paralajmeron-edhe-punesime-ne-infermieri-permes-pazareve\/"]}]},{"@type":"BreadcrumbList","@id":"https:\/\/permbledhja.com\/sq\/pallqa-i-vv-se-akuza-te-forta-smajl-latifit-per-dallavere-ne-infrastrukture-paralajmeron-edhe-punesime-ne-infermieri-permes-pazareve\/#breadcrumb","itemListElement":[{"@type":"ListItem","position":1,"name":"Ballina","item":"https:\/\/permbledhja.com\/sq\/"},{"@type":"ListItem","position":2,"name":"Pallqa i VV-s\u00eb akuza t\u00eb forta Smajl Latifit p\u00ebr \u201cdallavere\u201d n\u00eb infrastruktur\u00eb, paralajm\u00ebron edhe pun\u00ebsime n\u00eb infermieri p\u00ebrmes \u201cpazareve\u201d"}]},{"@type":"WebSite","@id":"https:\/\/permbledhja.com\/#website","url":"https:\/\/permbledhja.com\/","name":"Ve\u00e7 artikuj p\u00ebrmbledh\u00ebs","description":"","publisher":{"@id":"https:\/\/permbledhja.com\/#organization"},"potentialAction":[{"@type":"SearchAction","target":{"@type":"EntryPoint","urlTemplate":"https:\/\/permbledhja.com\/?s={search_term_string}"},"query-input":"required name=search_term_string"}],"inLanguage":"sq"},{"@type":"Organization","@id":"https:\/\/permbledhja.com\/#organization","name":"MK Media & Pr","url":"https:\/\/permbledhja.com\/","logo":{"@type":"ImageObject","inLanguage":"sq","@id":"https:\/\/permbledhja.com\/#\/schema\/logo\/image\/","url":"https:\/\/permbledhja.com\/wp-content\/uploads\/2021\/12\/07-Press-Logo.jpg","contentUrl":"https:\/\/permbledhja.com\/wp-content\/uploads\/2021\/12\/07-Press-Logo.jpg","width":512,"height":512,"caption":"MK Media & Pr"},"image":{"@id":"https:\/\/permbledhja.com\/#\/schema\/logo\/image\/"},"sameAs":["https:\/\/www.facebook.com\/press07\/"]},{"@type":"Person","@id":"https:\/\/permbledhja.com\/#\/schema\/person\/0d064377258d3221e50693947b9eb4fe","name":"P\u00ebrmbledhja","image":{"@type":"ImageObject","inLanguage":"sq","@id":"https:\/\/permbledhja.com\/#\/schema\/person\/image\/","url":"https:\/\/permbledhja.com\/wp-content\/uploads\/2026\/01\/452004717_1040944174702970_8932037511805513407_n-96x96.jpg","contentUrl":"https:\/\/permbledhja.com\/wp-content\/uploads\/2026\/01\/452004717_1040944174702970_8932037511805513407_n-96x96.jpg","caption":"P\u00ebrmbledhja"},"sameAs":["https:\/\/www.facebook.com\/kafexhiu.muharrem\/","https:\/\/www.instagram.com\/muharrem_kafexhiu\/"],"url":"https:\/\/permbledhja.com\/sq\/author\/admin\/"}]}},"_links":{"self":[{"href":"https:\/\/permbledhja.com\/sq\/wp-json\/wp\/v2\/posts\/14720"}],"collection":[{"href":"https:\/\/permbledhja.com\/sq\/wp-json\/wp\/v2\/posts"}],"about":[{"href":"https:\/\/permbledhja.com\/sq\/wp-json\/wp\/v2\/types\/post"}],"author":[{"embeddable":true,"href":"https:\/\/permbledhja.com\/sq\/wp-json\/wp\/v2\/users\/1"}],"replies":[{"embeddable":true,"href":"https:\/\/permbledhja.com\/sq\/wp-json\/wp\/v2\/comments?post=14720"}],"version-history":[{"count":5,"href":"https:\/\/permbledhja.com\/sq\/wp-json\/wp\/v2\/posts\/14720\/revisions"}],"predecessor-version":[{"id":14727,"href":"https:\/\/permbledhja.com\/sq\/wp-json\/wp\/v2\/posts\/14720\/revisions\/14727"}],"wp:featuredmedia":[{"embeddable":true,"href":"https:\/\/permbledhja.com\/sq\/wp-json\/wp\/v2\/media\/14722"}],"wp:attachment":[{"href":"https:\/\/permbledhja.com\/sq\/wp-json\/wp\/v2\/media?parent=14720"}],"wp:term":[{"taxonomy":"category","embeddable":true,"href":"https:\/\/permbledhja.com\/sq\/wp-json\/wp\/v2\/categories?post=14720"},{"taxonomy":"post_tag","embeddable":true,"href":"https:\/\/permbledhja.com\/sq\/wp-json\/wp\/v2\/tags?post=14720"}],"curies":[{"name":"wp","href":"https:\/\/api.w.org\/{rel}","templated":true}]}}