{"id":14665,"date":"2023-05-10T08:58:18","date_gmt":"2023-05-10T08:58:18","guid":{"rendered":"https:\/\/permbledhja.com\/?p=14665"},"modified":"2023-05-10T08:58:18","modified_gmt":"2023-05-10T08:58:18","slug":"ikja-e-qytetareve-nga-vendi-bislimi-eshte-dicka-normale","status":"publish","type":"post","link":"https:\/\/permbledhja.com\/sq\/ikja-e-qytetareve-nga-vendi-bislimi-eshte-dicka-normale\/","title":{"rendered":"Ikja e qytetar\u00ebve nga vendi, Bislimi: \u00cbsht\u00eb di\u00e7ka normale"},"content":{"rendered":"<p><strong>Ikja e kosovar\u00ebve nga vendi \u201c\u00ebsht\u00eb di\u00e7ka normale\u201d p\u00ebr z\u00ebvend\u00ebskryeministrin Besnik Bislimi.<\/strong><\/p>\n<p>Bislimi u pyet p\u00ebr largimin e qytetar\u00ebve nga vendi gjat\u00eb raportimit n\u00eb Komisionin parlamentar p\u00ebr Integrime, dhe fillimisht tha se p\u00ebr k\u00ebt\u00eb \u201cduhen statistika\u201d. Ai tha se n\u00eb Ballkanin Per\u00ebndimor ka pasur gjithmon\u00eb tendenca p\u00ebr migrim, nd\u00ebrsa tha se kjo \u201c\u00ebsht\u00eb di\u00e7ka normale\u201d.<\/p>\n<p>\u201cN\u00eb Kosov\u00eb, n\u00eb Ballkanin Per\u00ebndimor ose n\u00eb Europ\u00ebn Lindore ka pasur n\u00eb vazhdim\u00ebsi tendenca p\u00ebr migrim. Diku gjysm\u00eb milioni mjek\u00eb q\u00eb operojn\u00eb n\u00eb Bashkimin Europian nuk jan\u00eb t\u00eb lidhur me Bashkimin Europian. Do t\u00eb thot\u00eb, migrimi \u00ebsht\u00eb di\u00e7ka normale, \u00ebsht\u00eb pjes\u00eb e tendencave t\u00eb individit dhe familjeve p\u00ebr t\u00eb p\u00ebrmir\u00ebsuar standardet e jetes\u00ebs\u201d, tha ai.<\/p>\n<p>Bislimi tha se \u201cmund t\u00eb b\u00ebhet m\u00eb shum\u00eb\u201d q\u00eb ata t\u00eb q\u00ebndrojn\u00eb n\u00eb Kosov\u00eb, duke th\u00ebn\u00eb se \u201ckushtet e pun\u00ebs duhet t\u00eb jen\u00eb m\u00eb t\u00eb mira\u201d.<\/p>\n<p>\u201cA jemi duke b\u00ebr\u00eb mjaftuesh\u00ebm q\u00eb ata t\u00eb mbeten n\u00eb Kosov\u00eb? Un\u00eb mendoj q\u00eb mund t\u00eb b\u00ebjm\u00eb m\u00eb shum\u00eb. Por, po them, p\u00ebr aq koh\u00eb sa gjithandej n\u00ebp\u00ebr Prishtin\u00eb, Fush\u00eb Kosov\u00eb, Gjilan ka shpallje q\u00eb k\u00ebrkojm\u00eb pun\u00ebtor\u00eb, kjo n\u00ebnkupton q\u00eb ndoshta kushtet e pun\u00ebs duhet t\u00eb jen\u00eb m\u00eb t\u00eb mira p\u00ebr t\u2019i t\u00ebrhequr k\u00ebta q\u00eb t\u00eb mbesin n\u00eb Kosov\u00eb\u201d, tha z\u00ebvend\u00ebskryeministri.<\/p>\n<p>Bislimi tha se p\u00ebr informata duhet t\u00eb merren parasysh Agjencia e Statistikave t\u00eb Kosov\u00ebs, Banka Q\u00ebndrore e Kosov\u00ebs dhe Administrata Tatimore e Kosov\u00ebs. Ai tha se s\u2019mund t\u00eb merren parasysh \u201cpersonat si Jusuf Azemi\u201d, kryetar i Sindikat\u00ebs s\u00eb Pavarur t\u00eb Sektorit Privat.<\/p>\n<p>\u201cP\u00ebr k\u00ebto informata mund t\u00eb diskutojm\u00eb. Se me e pyet p\u00eb shembul, Jusuf Azemin, ai thot\u00eb 600 mij\u00eb pun\u00ebtor\u00eb e kan\u00eb l\u00ebshu pun\u00ebn. Por nuk mund t\u2019i marrim p\u00ebrbaz\u00eb k\u00ebta persona\u201d, tha ai.\/Express<\/p>\n","protected":false},"excerpt":{"rendered":"<p>Ikja e kosovar\u00ebve nga vendi \u201c\u00ebsht\u00eb di\u00e7ka normale\u201d p\u00ebr z\u00ebvend\u00ebskryeministrin Besnik Bislimi. Bislimi u pyet p\u00ebr largimin e qytetar\u00ebve nga vendi gjat\u00eb raportimit n\u00eb Komisionin parlamentar p\u00ebr Integrime, dhe fillimisht tha se p\u00ebr k\u00ebt\u00eb \u201cduhen statistika\u201d. Ai tha se n\u00eb Ballkanin Per\u00ebndimor ka pasur gjithmon\u00eb tendenca p\u00ebr migrim, nd\u00ebrsa tha se kjo \u201c\u00ebsht\u00eb di\u00e7ka normale\u201d. [&hellip;]<\/p>\n","protected":false},"author":1,"featured_media":8647,"comment_status":"closed","ping_status":"closed","sticky":false,"template":"","format":"standard","meta":{"_monsterinsights_skip_tracking":false,"_monsterinsights_sitenote_active":false,"_monsterinsights_sitenote_note":"","_monsterinsights_sitenote_category":0,"_uf_show_specific_survey":0,"_uf_disable_surveys":false,"footnotes":""},"categories":[23,15],"tags":[1004],"yoast_head":"<!-- This site is optimized with the Yoast SEO plugin v21.5 - https:\/\/yoast.com\/wordpress\/plugins\/seo\/ -->\n<title>Ikja e qytetar\u00ebve nga vendi, Bislimi: \u00cbsht\u00eb di\u00e7ka normale<\/title>\n<meta name=\"robots\" content=\"index, follow, max-snippet:-1, max-image-preview:large, max-video-preview:-1\" \/>\n<link rel=\"canonical\" href=\"https:\/\/permbledhja.com\/sq\/ikja-e-qytetareve-nga-vendi-bislimi-eshte-dicka-normale\/\" \/>\n<meta property=\"og:locale\" content=\"sq_AL\" \/>\n<meta property=\"og:type\" content=\"article\" \/>\n<meta property=\"og:title\" content=\"Ikja e qytetar\u00ebve nga vendi, Bislimi: \u00cbsht\u00eb di\u00e7ka normale\" \/>\n<meta property=\"og:description\" content=\"Ikja e kosovar\u00ebve nga vendi \u201c\u00ebsht\u00eb di\u00e7ka normale\u201d p\u00ebr z\u00ebvend\u00ebskryeministrin Besnik Bislimi. Bislimi u pyet p\u00ebr largimin e qytetar\u00ebve nga vendi gjat\u00eb raportimit n\u00eb Komisionin parlamentar p\u00ebr Integrime, dhe fillimisht tha se p\u00ebr k\u00ebt\u00eb \u201cduhen statistika\u201d. Ai tha se n\u00eb Ballkanin Per\u00ebndimor ka pasur gjithmon\u00eb tendenca p\u00ebr migrim, nd\u00ebrsa tha se kjo \u201c\u00ebsht\u00eb di\u00e7ka normale\u201d. [&hellip;]\" \/>\n<meta property=\"og:url\" content=\"https:\/\/permbledhja.com\/sq\/ikja-e-qytetareve-nga-vendi-bislimi-eshte-dicka-normale\/\" \/>\n<meta property=\"og:site_name\" content=\"Ve\u00e7 artikuj p\u00ebrmbledh\u00ebs\" \/>\n<meta property=\"article:publisher\" content=\"https:\/\/www.facebook.com\/press07\/\" \/>\n<meta property=\"article:author\" content=\"https:\/\/www.facebook.com\/kafexhiu.muharrem\/\" \/>\n<meta property=\"article:published_time\" content=\"2023-05-10T08:58:18+00:00\" \/>\n<meta property=\"og:image\" content=\"https:\/\/permbledhja.com\/wp-content\/uploads\/2022\/10\/Besnik-Bislimi.jpg\" \/>\n\t<meta property=\"og:image:width\" content=\"600\" \/>\n\t<meta property=\"og:image:height\" content=\"360\" \/>\n\t<meta property=\"og:image:type\" content=\"image\/jpeg\" \/>\n<meta name=\"author\" content=\"P\u00ebrmbledhja\" \/>\n<meta name=\"twitter:card\" content=\"summary_large_image\" \/>\n<meta name=\"twitter:label1\" content=\"Written by\" \/>\n\t<meta name=\"twitter:data1\" content=\"P\u00ebrmbledhja\" \/>\n\t<meta name=\"twitter:label2\" content=\"Est. reading time\" \/>\n\t<meta name=\"twitter:data2\" content=\"2 minuta\" \/>\n<script type=\"application\/ld+json\" class=\"yoast-schema-graph\">{\"@context\":\"https:\/\/schema.org\",\"@graph\":[{\"@type\":\"Article\",\"@id\":\"https:\/\/permbledhja.com\/sq\/ikja-e-qytetareve-nga-vendi-bislimi-eshte-dicka-normale\/#article\",\"isPartOf\":{\"@id\":\"https:\/\/permbledhja.com\/sq\/ikja-e-qytetareve-nga-vendi-bislimi-eshte-dicka-normale\/\"},\"author\":{\"name\":\"P\u00ebrmbledhja\",\"@id\":\"https:\/\/permbledhja.com\/#\/schema\/person\/0d064377258d3221e50693947b9eb4fe\"},\"headline\":\"Ikja e qytetar\u00ebve nga vendi, Bislimi: \u00cbsht\u00eb di\u00e7ka normale\",\"datePublished\":\"2023-05-10T08:58:18+00:00\",\"dateModified\":\"2023-05-10T08:58:18+00:00\",\"mainEntityOfPage\":{\"@id\":\"https:\/\/permbledhja.com\/sq\/ikja-e-qytetareve-nga-vendi-bislimi-eshte-dicka-normale\/\"},\"wordCount\":341,\"publisher\":{\"@id\":\"https:\/\/permbledhja.com\/#organization\"},\"keywords\":[\"Besnik Bislimi\"],\"articleSection\":[\"Komb\u00ebtare\",\"Lajme\"],\"inLanguage\":\"sq\"},{\"@type\":\"WebPage\",\"@id\":\"https:\/\/permbledhja.com\/sq\/ikja-e-qytetareve-nga-vendi-bislimi-eshte-dicka-normale\/\",\"url\":\"https:\/\/permbledhja.com\/sq\/ikja-e-qytetareve-nga-vendi-bislimi-eshte-dicka-normale\/\",\"name\":\"Ikja e qytetar\u00ebve nga vendi, Bislimi: \u00cbsht\u00eb di\u00e7ka normale\",\"isPartOf\":{\"@id\":\"https:\/\/permbledhja.com\/#website\"},\"datePublished\":\"2023-05-10T08:58:18+00:00\",\"dateModified\":\"2023-05-10T08:58:18+00:00\",\"breadcrumb\":{\"@id\":\"https:\/\/permbledhja.com\/sq\/ikja-e-qytetareve-nga-vendi-bislimi-eshte-dicka-normale\/#breadcrumb\"},\"inLanguage\":\"sq\",\"potentialAction\":[{\"@type\":\"ReadAction\",\"target\":[\"https:\/\/permbledhja.com\/sq\/ikja-e-qytetareve-nga-vendi-bislimi-eshte-dicka-normale\/\"]}]},{\"@type\":\"BreadcrumbList\",\"@id\":\"https:\/\/permbledhja.com\/sq\/ikja-e-qytetareve-nga-vendi-bislimi-eshte-dicka-normale\/#breadcrumb\",\"itemListElement\":[{\"@type\":\"ListItem\",\"position\":1,\"name\":\"Ballina\",\"item\":\"https:\/\/permbledhja.com\/sq\/\"},{\"@type\":\"ListItem\",\"position\":2,\"name\":\"Ikja e qytetar\u00ebve nga vendi, Bislimi: \u00cbsht\u00eb di\u00e7ka normale\"}]},{\"@type\":\"WebSite\",\"@id\":\"https:\/\/permbledhja.com\/#website\",\"url\":\"https:\/\/permbledhja.com\/\",\"name\":\"Ve\u00e7 artikuj p\u00ebrmbledh\u00ebs\",\"description\":\"\",\"publisher\":{\"@id\":\"https:\/\/permbledhja.com\/#organization\"},\"potentialAction\":[{\"@type\":\"SearchAction\",\"target\":{\"@type\":\"EntryPoint\",\"urlTemplate\":\"https:\/\/permbledhja.com\/?s={search_term_string}\"},\"query-input\":\"required name=search_term_string\"}],\"inLanguage\":\"sq\"},{\"@type\":\"Organization\",\"@id\":\"https:\/\/permbledhja.com\/#organization\",\"name\":\"MK Media & Pr\",\"url\":\"https:\/\/permbledhja.com\/\",\"logo\":{\"@type\":\"ImageObject\",\"inLanguage\":\"sq\",\"@id\":\"https:\/\/permbledhja.com\/#\/schema\/logo\/image\/\",\"url\":\"https:\/\/permbledhja.com\/wp-content\/uploads\/2021\/12\/07-Press-Logo.jpg\",\"contentUrl\":\"https:\/\/permbledhja.com\/wp-content\/uploads\/2021\/12\/07-Press-Logo.jpg\",\"width\":512,\"height\":512,\"caption\":\"MK Media & Pr\"},\"image\":{\"@id\":\"https:\/\/permbledhja.com\/#\/schema\/logo\/image\/\"},\"sameAs\":[\"https:\/\/www.facebook.com\/press07\/\"]},{\"@type\":\"Person\",\"@id\":\"https:\/\/permbledhja.com\/#\/schema\/person\/0d064377258d3221e50693947b9eb4fe\",\"name\":\"P\u00ebrmbledhja\",\"image\":{\"@type\":\"ImageObject\",\"inLanguage\":\"sq\",\"@id\":\"https:\/\/permbledhja.com\/#\/schema\/person\/image\/\",\"url\":\"https:\/\/permbledhja.com\/wp-content\/uploads\/2026\/01\/452004717_1040944174702970_8932037511805513407_n-96x96.jpg\",\"contentUrl\":\"https:\/\/permbledhja.com\/wp-content\/uploads\/2026\/01\/452004717_1040944174702970_8932037511805513407_n-96x96.jpg\",\"caption\":\"P\u00ebrmbledhja\"},\"sameAs\":[\"https:\/\/www.facebook.com\/kafexhiu.muharrem\/\",\"https:\/\/www.instagram.com\/muharrem_kafexhiu\/\"],\"url\":\"https:\/\/permbledhja.com\/sq\/author\/admin\/\"}]}<\/script>\n<!-- \/ Yoast SEO plugin. -->","yoast_head_json":{"title":"Ikja e qytetar\u00ebve nga vendi, Bislimi: \u00cbsht\u00eb di\u00e7ka normale","robots":{"index":"index","follow":"follow","max-snippet":"max-snippet:-1","max-image-preview":"max-image-preview:large","max-video-preview":"max-video-preview:-1"},"canonical":"https:\/\/permbledhja.com\/sq\/ikja-e-qytetareve-nga-vendi-bislimi-eshte-dicka-normale\/","og_locale":"sq_AL","og_type":"article","og_title":"Ikja e qytetar\u00ebve nga vendi, Bislimi: \u00cbsht\u00eb di\u00e7ka normale","og_description":"Ikja e kosovar\u00ebve nga vendi \u201c\u00ebsht\u00eb di\u00e7ka normale\u201d p\u00ebr z\u00ebvend\u00ebskryeministrin Besnik Bislimi. Bislimi u pyet p\u00ebr largimin e qytetar\u00ebve nga vendi gjat\u00eb raportimit n\u00eb Komisionin parlamentar p\u00ebr Integrime, dhe fillimisht tha se p\u00ebr k\u00ebt\u00eb \u201cduhen statistika\u201d. Ai tha se n\u00eb Ballkanin Per\u00ebndimor ka pasur gjithmon\u00eb tendenca p\u00ebr migrim, nd\u00ebrsa tha se kjo \u201c\u00ebsht\u00eb di\u00e7ka normale\u201d. [&hellip;]","og_url":"https:\/\/permbledhja.com\/sq\/ikja-e-qytetareve-nga-vendi-bislimi-eshte-dicka-normale\/","og_site_name":"Ve\u00e7 artikuj p\u00ebrmbledh\u00ebs","article_publisher":"https:\/\/www.facebook.com\/press07\/","article_author":"https:\/\/www.facebook.com\/kafexhiu.muharrem\/","article_published_time":"2023-05-10T08:58:18+00:00","og_image":[{"width":600,"height":360,"url":"https:\/\/permbledhja.com\/wp-content\/uploads\/2022\/10\/Besnik-Bislimi.jpg","type":"image\/jpeg"}],"author":"P\u00ebrmbledhja","twitter_card":"summary_large_image","twitter_misc":{"Written by":"P\u00ebrmbledhja","Est. reading time":"2 minuta"},"schema":{"@context":"https:\/\/schema.org","@graph":[{"@type":"Article","@id":"https:\/\/permbledhja.com\/sq\/ikja-e-qytetareve-nga-vendi-bislimi-eshte-dicka-normale\/#article","isPartOf":{"@id":"https:\/\/permbledhja.com\/sq\/ikja-e-qytetareve-nga-vendi-bislimi-eshte-dicka-normale\/"},"author":{"name":"P\u00ebrmbledhja","@id":"https:\/\/permbledhja.com\/#\/schema\/person\/0d064377258d3221e50693947b9eb4fe"},"headline":"Ikja e qytetar\u00ebve nga vendi, Bislimi: \u00cbsht\u00eb di\u00e7ka normale","datePublished":"2023-05-10T08:58:18+00:00","dateModified":"2023-05-10T08:58:18+00:00","mainEntityOfPage":{"@id":"https:\/\/permbledhja.com\/sq\/ikja-e-qytetareve-nga-vendi-bislimi-eshte-dicka-normale\/"},"wordCount":341,"publisher":{"@id":"https:\/\/permbledhja.com\/#organization"},"keywords":["Besnik Bislimi"],"articleSection":["Komb\u00ebtare","Lajme"],"inLanguage":"sq"},{"@type":"WebPage","@id":"https:\/\/permbledhja.com\/sq\/ikja-e-qytetareve-nga-vendi-bislimi-eshte-dicka-normale\/","url":"https:\/\/permbledhja.com\/sq\/ikja-e-qytetareve-nga-vendi-bislimi-eshte-dicka-normale\/","name":"Ikja e qytetar\u00ebve nga vendi, Bislimi: \u00cbsht\u00eb di\u00e7ka normale","isPartOf":{"@id":"https:\/\/permbledhja.com\/#website"},"datePublished":"2023-05-10T08:58:18+00:00","dateModified":"2023-05-10T08:58:18+00:00","breadcrumb":{"@id":"https:\/\/permbledhja.com\/sq\/ikja-e-qytetareve-nga-vendi-bislimi-eshte-dicka-normale\/#breadcrumb"},"inLanguage":"sq","potentialAction":[{"@type":"ReadAction","target":["https:\/\/permbledhja.com\/sq\/ikja-e-qytetareve-nga-vendi-bislimi-eshte-dicka-normale\/"]}]},{"@type":"BreadcrumbList","@id":"https:\/\/permbledhja.com\/sq\/ikja-e-qytetareve-nga-vendi-bislimi-eshte-dicka-normale\/#breadcrumb","itemListElement":[{"@type":"ListItem","position":1,"name":"Ballina","item":"https:\/\/permbledhja.com\/sq\/"},{"@type":"ListItem","position":2,"name":"Ikja e qytetar\u00ebve nga vendi, Bislimi: \u00cbsht\u00eb di\u00e7ka normale"}]},{"@type":"WebSite","@id":"https:\/\/permbledhja.com\/#website","url":"https:\/\/permbledhja.com\/","name":"Ve\u00e7 artikuj p\u00ebrmbledh\u00ebs","description":"","publisher":{"@id":"https:\/\/permbledhja.com\/#organization"},"potentialAction":[{"@type":"SearchAction","target":{"@type":"EntryPoint","urlTemplate":"https:\/\/permbledhja.com\/?s={search_term_string}"},"query-input":"required name=search_term_string"}],"inLanguage":"sq"},{"@type":"Organization","@id":"https:\/\/permbledhja.com\/#organization","name":"MK Media & Pr","url":"https:\/\/permbledhja.com\/","logo":{"@type":"ImageObject","inLanguage":"sq","@id":"https:\/\/permbledhja.com\/#\/schema\/logo\/image\/","url":"https:\/\/permbledhja.com\/wp-content\/uploads\/2021\/12\/07-Press-Logo.jpg","contentUrl":"https:\/\/permbledhja.com\/wp-content\/uploads\/2021\/12\/07-Press-Logo.jpg","width":512,"height":512,"caption":"MK Media & Pr"},"image":{"@id":"https:\/\/permbledhja.com\/#\/schema\/logo\/image\/"},"sameAs":["https:\/\/www.facebook.com\/press07\/"]},{"@type":"Person","@id":"https:\/\/permbledhja.com\/#\/schema\/person\/0d064377258d3221e50693947b9eb4fe","name":"P\u00ebrmbledhja","image":{"@type":"ImageObject","inLanguage":"sq","@id":"https:\/\/permbledhja.com\/#\/schema\/person\/image\/","url":"https:\/\/permbledhja.com\/wp-content\/uploads\/2026\/01\/452004717_1040944174702970_8932037511805513407_n-96x96.jpg","contentUrl":"https:\/\/permbledhja.com\/wp-content\/uploads\/2026\/01\/452004717_1040944174702970_8932037511805513407_n-96x96.jpg","caption":"P\u00ebrmbledhja"},"sameAs":["https:\/\/www.facebook.com\/kafexhiu.muharrem\/","https:\/\/www.instagram.com\/muharrem_kafexhiu\/"],"url":"https:\/\/permbledhja.com\/sq\/author\/admin\/"}]}},"_links":{"self":[{"href":"https:\/\/permbledhja.com\/sq\/wp-json\/wp\/v2\/posts\/14665"}],"collection":[{"href":"https:\/\/permbledhja.com\/sq\/wp-json\/wp\/v2\/posts"}],"about":[{"href":"https:\/\/permbledhja.com\/sq\/wp-json\/wp\/v2\/types\/post"}],"author":[{"embeddable":true,"href":"https:\/\/permbledhja.com\/sq\/wp-json\/wp\/v2\/users\/1"}],"replies":[{"embeddable":true,"href":"https:\/\/permbledhja.com\/sq\/wp-json\/wp\/v2\/comments?post=14665"}],"version-history":[{"count":1,"href":"https:\/\/permbledhja.com\/sq\/wp-json\/wp\/v2\/posts\/14665\/revisions"}],"predecessor-version":[{"id":14666,"href":"https:\/\/permbledhja.com\/sq\/wp-json\/wp\/v2\/posts\/14665\/revisions\/14666"}],"wp:featuredmedia":[{"embeddable":true,"href":"https:\/\/permbledhja.com\/sq\/wp-json\/wp\/v2\/media\/8647"}],"wp:attachment":[{"href":"https:\/\/permbledhja.com\/sq\/wp-json\/wp\/v2\/media?parent=14665"}],"wp:term":[{"taxonomy":"category","embeddable":true,"href":"https:\/\/permbledhja.com\/sq\/wp-json\/wp\/v2\/categories?post=14665"},{"taxonomy":"post_tag","embeddable":true,"href":"https:\/\/permbledhja.com\/sq\/wp-json\/wp\/v2\/tags?post=14665"}],"curies":[{"name":"wp","href":"https:\/\/api.w.org\/{rel}","templated":true}]}}