{"id":14662,"date":"2023-05-10T08:22:02","date_gmt":"2023-05-10T08:22:02","guid":{"rendered":"https:\/\/permbledhja.com\/?p=14662"},"modified":"2023-05-10T08:22:02","modified_gmt":"2023-05-10T08:22:02","slug":"ekipi-i-kerkim-shpetimit-malor-nga-kosova-evakuon-trupat-e-dy-turisteve-qe-humben-jeten-ne-valbone","status":"publish","type":"post","link":"https:\/\/permbledhja.com\/sq\/ekipi-i-kerkim-shpetimit-malor-nga-kosova-evakuon-trupat-e-dy-turisteve-qe-humben-jeten-ne-valbone\/","title":{"rendered":"Ekipi i K\u00ebrkim-Shp\u00ebtimit Malor nga Kosova, evakuon trupat e dy turisteve q\u00eb humb\u00ebn jet\u00ebn n\u00eb Valbon\u00eb"},"content":{"rendered":"<p>Dy turiste, nj\u00ebra nga Franca e tjetra nga Belgjika, kan\u00eb humbur jet\u00ebn nj\u00eb dit\u00eb m\u00eb par\u00eb n\u00eb zon\u00ebn malore e cila njihet si \u201cQafa e Valbon\u00ebs\u201d, zon\u00eb malore n\u00eb fshatin Valbon\u00eb n\u00eb veri t\u00eb Shqip\u00ebris\u00eb.<\/p>\n<p>Rasti raportohet t\u00eb ket\u00eb ndhodhur rreth or\u00ebs 13:00 t\u00eb mart\u00ebn. Policia e Bajram Currit, ka k\u00ebrkuar ndihm\u00eb nga ekipi i K\u00ebrkim Shp\u00ebtimit Malor\u00eb nga Kosova, t\u00eb cil\u00ebt i jan\u00eb p\u00ebrgjigjur ftes\u00ebs dhe kan\u00eb arritur t\u00eb t\u00ebrheqin trupat e pajet\u00eb t\u00eb dy viktimave, t\u00eb cilat kan\u00eb r\u00ebn\u00eb nga nj\u00eb lart\u00ebsi rreth 150 metra.<\/p>\n<p>\u201cP\u00ebr fat t\u00eb keq i kemi dy viktima femra. Nuk kan\u00eb mundur t\u00eb mbijetojn\u00eb nga plag\u00ebt e marr\u00eb. Ato kan\u00eb rr\u00ebshqitur nga Qafa e Valbon\u00ebs n\u00eb humner\u00eb\u201d, ka th\u00ebn\u00eb p\u00ebr Klan Kosova Ilir Zhegrova, an\u00ebtar i Sh\u00ebrbimit t\u00eb K\u00ebrkim-Shp\u00ebtimit Malor t\u00eb Kosov\u00ebs.<\/p>\n<p>\u201cE kemi b\u00ebr\u00eb transportin e viktimave deri n\u00eb Ragam. Ve\u00e7 sa kemi zbritur posht\u00eb, viktimat i kemi dor\u00ebzuar n\u00eb autoritetet shqiptare n\u00eb Bajram Curr\u201d.<\/p>\n<p>\u201cSipas informatave t\u00eb policis\u00eb s\u00eb Bajram Currit nj\u00ebra viktim\u00eb \u00ebsht\u00eb franceze tjetra nga Belgjika\u201d, tregon m\u00eb tej Zhegrova.<\/p>\n<p>\u201cThirrjen nga autoritetet shqiptare e kemi marr\u00eb rreth or\u00ebs 1:30, kemi vazhduar n\u00eb drejtim t\u00eb Valbon\u00ebs, e gjith\u00eb ekipi i K\u00ebrkim Shp\u00ebtimit Malor t\u00eb Kosov\u00ebs jemi mobilizuar, kemi vazhduar n\u00eb qaf\u00eb, terreni ka qen\u00eb i v\u00ebshtir\u00eb, me gur\u00eb, me bor\u00eb, me akull, \u00ebsht\u00eb dashur t\u00eb p\u00ebrdoren edhe ankerime e m\u00ebnyra t\u00eb ndryshme p\u00ebr t\u00eb arritur te viktimat\u201d.<\/p>\n<p>Gjat\u00eb t\u00ebrheqjes s\u00eb trupave, Zhegrova tregon se shembja e gur\u00ebve ua rrezikoi jet\u00ebn edhe 10 antar\u00ebve t\u00eb ekipit t\u00eb K\u00ebrkim Shp\u00ebtimit Malor t\u00eb cil\u00ebt po p\u00ebrpiqeshin t\u00eb largonin kufomat nga ajo zon\u00eb.<\/p>\n<p>\u201cViktimat ku kan\u00eb pas aksident ka qen\u00eb vend i v\u00ebshtir\u00eb, jemi rrezikuar edhe ne sepse kemi pas shembje t\u00eb gur\u00ebve, por fatmir\u00ebsisht kemi arritur mir\u00eb, i kemi lokalizuar viktimat dhe me litar\u00eb i kemi zbrit\u00eb posht\u00eb\u201d.<\/p>\n<p>Zhegrova tregon se turistet kan\u00eb rr\u00ebshqitur nga nj\u00eb lart\u00ebsi rreth 150 metra lart\u00ebsi.<\/p>\n<p>\u201cAto nga ana e Thethit jan\u00eb nisur n\u00eb drejtim t\u00eb Valbon\u00ebs. N\u00eb Qaf\u00eb t\u00eb Valbon\u00ebs aty \u00ebsht\u00eb nj\u00eb shk\u00ebmb, \u00ebsht\u00eb nj\u00eb rrug\u00eb e rrezikshme dhe aty kan\u00eb rr\u00ebshqitur dhe kan\u00eb r\u00ebn\u00eb posht\u00eb\u201d.<\/p>\n<p>N\u00eb k\u00ebt\u00eb ecje malore, p\u00ebrve\u00e7 dy vajzave, n\u00eb grup kishin edhe nj\u00eb djal\u00eb i cili i ka mbijetuar aksidentit me disa l\u00ebndime t\u00eb vogla.<\/p>\n<p>\u201cKan\u00eb pas edhe nj\u00eb djal\u00eb, i dashuri i nj\u00ebr\u00ebs nga viktimat, por fatmir\u00ebsisht ai ka shp\u00ebtuar me l\u00ebndime shum\u00eb t\u00eb vogla\u201d.<\/p>\n<p>Valbona \u00ebsht\u00eb nj\u00eb fshat n\u00eb zon\u00ebn e Bajram Currit, rrethi i Tropoj\u00ebs.<\/p>\n<p>Fshati \u00ebsht\u00eb nj\u00eb nd\u00ebr atraktsionet m\u00eb t\u00eb preferuara turistike n\u00eb Shqip\u00ebrin\u00eb e veriut. Fshati \u00ebsht\u00eb i vendosur n\u00eb nj\u00eb gryk\u00eb gjysm\u00eb t\u00eb thepisur, buz\u00eb lumit me t\u00eb nj\u00ebjtin em\u00ebr, mes malit t\u00eb Kollat\u00ebs, mal p\u00ebrball\u00eb Jezerc\u00ebs e Pecmar\u00ebs, n\u00eb nj\u00eb lart\u00ebsi prej 810 metra mbi nivelin e detit.<\/p>\n<p>Nj\u00eb nga atraksionet m\u00eb kryesore t\u00eb Valbon\u00ebs mbetet lidhja e saj me lugin\u00ebn e Thethit p\u00ebrmes qaf\u00ebs me t\u00eb nj\u00ebjtin em\u00ebr, Qafa e Valbon\u00ebs. Nj\u00eb shteg epik n\u00eb Alpet Shqiptare i k\u00ebrkuar dhe p\u00ebrshkuar nga shum\u00eb udh\u00ebtar\u00eb shqiptar e t\u00eb huaj \u00e7do sezon.<\/p>\n<p>Qafa malore q\u00eb lidh Thethin me Valbon\u00eb e merr emrin nga kjo e fundit, Qafa e Valbon\u00ebs e vendosur n\u00eb nj\u00eb lart\u00ebsi 1759 mt, mbi nivelin e detit e rrethuar nga maja t\u00eb tjera me t\u00eb larta si maja e Alis\u00eb, maja e Hekurave etj.\/AlbanianPost<\/p>\n","protected":false},"excerpt":{"rendered":"<p>Dy turiste, nj\u00ebra nga Franca e tjetra nga Belgjika, kan\u00eb humbur jet\u00ebn nj\u00eb dit\u00eb m\u00eb par\u00eb n\u00eb zon\u00ebn malore e cila njihet si \u201cQafa e Valbon\u00ebs\u201d, zon\u00eb malore n\u00eb fshatin Valbon\u00eb n\u00eb veri t\u00eb Shqip\u00ebris\u00eb. Rasti raportohet t\u00eb ket\u00eb ndhodhur rreth or\u00ebs 13:00 t\u00eb mart\u00ebn. Policia e Bajram Currit, ka k\u00ebrkuar ndihm\u00eb nga ekipi i [&hellip;]<\/p>\n","protected":false},"author":1,"featured_media":14663,"comment_status":"closed","ping_status":"closed","sticky":false,"template":"","format":"standard","meta":{"_monsterinsights_skip_tracking":false,"_monsterinsights_sitenote_active":false,"_monsterinsights_sitenote_note":"","_monsterinsights_sitenote_category":0,"_uf_show_specific_survey":0,"_uf_disable_surveys":false,"footnotes":""},"categories":[1146],"tags":[1762],"yoast_head":"<!-- This site is optimized with the Yoast SEO plugin v21.5 - https:\/\/yoast.com\/wordpress\/plugins\/seo\/ -->\n<title>Ekipi i K\u00ebrkim-Shp\u00ebtimit Malor nga Kosova, evakuon trupat e dy turisteve q\u00eb humb\u00ebn jet\u00ebn n\u00eb Valbon\u00eb<\/title>\n<meta name=\"robots\" content=\"index, follow, max-snippet:-1, max-image-preview:large, max-video-preview:-1\" \/>\n<link rel=\"canonical\" href=\"https:\/\/permbledhja.com\/sq\/ekipi-i-kerkim-shpetimit-malor-nga-kosova-evakuon-trupat-e-dy-turisteve-qe-humben-jeten-ne-valbone\/\" \/>\n<meta property=\"og:locale\" content=\"sq_AL\" \/>\n<meta property=\"og:type\" content=\"article\" \/>\n<meta property=\"og:title\" content=\"Ekipi i K\u00ebrkim-Shp\u00ebtimit Malor nga Kosova, evakuon trupat e dy turisteve q\u00eb humb\u00ebn jet\u00ebn n\u00eb Valbon\u00eb\" \/>\n<meta property=\"og:description\" content=\"Dy turiste, nj\u00ebra nga Franca e tjetra nga Belgjika, kan\u00eb humbur jet\u00ebn nj\u00eb dit\u00eb m\u00eb par\u00eb n\u00eb zon\u00ebn malore e cila njihet si \u201cQafa e Valbon\u00ebs\u201d, zon\u00eb malore n\u00eb fshatin Valbon\u00eb n\u00eb veri t\u00eb Shqip\u00ebris\u00eb. Rasti raportohet t\u00eb ket\u00eb ndhodhur rreth or\u00ebs 13:00 t\u00eb mart\u00ebn. Policia e Bajram Currit, ka k\u00ebrkuar ndihm\u00eb nga ekipi i [&hellip;]\" \/>\n<meta property=\"og:url\" content=\"https:\/\/permbledhja.com\/sq\/ekipi-i-kerkim-shpetimit-malor-nga-kosova-evakuon-trupat-e-dy-turisteve-qe-humben-jeten-ne-valbone\/\" \/>\n<meta property=\"og:site_name\" content=\"Ve\u00e7 artikuj p\u00ebrmbledh\u00ebs\" \/>\n<meta property=\"article:publisher\" content=\"https:\/\/www.facebook.com\/press07\/\" \/>\n<meta property=\"article:author\" content=\"https:\/\/www.facebook.com\/kafexhiu.muharrem\/\" \/>\n<meta property=\"article:published_time\" content=\"2023-05-10T08:22:02+00:00\" \/>\n<meta property=\"og:image\" content=\"https:\/\/permbledhja.com\/wp-content\/uploads\/2023\/05\/597D3A1B-DF55-419D-85FA-EC45ED833863.jpeg\" \/>\n\t<meta property=\"og:image:width\" content=\"1162\" \/>\n\t<meta property=\"og:image:height\" content=\"585\" \/>\n\t<meta property=\"og:image:type\" content=\"image\/jpeg\" \/>\n<meta name=\"author\" content=\"P\u00ebrmbledhja\" \/>\n<meta name=\"twitter:card\" content=\"summary_large_image\" \/>\n<meta name=\"twitter:label1\" content=\"Written by\" \/>\n\t<meta name=\"twitter:data1\" content=\"P\u00ebrmbledhja\" \/>\n\t<meta name=\"twitter:label2\" content=\"Est. reading time\" \/>\n\t<meta name=\"twitter:data2\" content=\"3 minuta\" \/>\n<script type=\"application\/ld+json\" class=\"yoast-schema-graph\">{\"@context\":\"https:\/\/schema.org\",\"@graph\":[{\"@type\":\"Article\",\"@id\":\"https:\/\/permbledhja.com\/ekipi-i-kerkim-shpetimit-malor-nga-kosova-evakuon-trupat-e-dy-turisteve-qe-humben-jeten-ne-valbone\/#article\",\"isPartOf\":{\"@id\":\"https:\/\/permbledhja.com\/ekipi-i-kerkim-shpetimit-malor-nga-kosova-evakuon-trupat-e-dy-turisteve-qe-humben-jeten-ne-valbone\/\"},\"author\":{\"name\":\"P\u00ebrmbledhja\",\"@id\":\"https:\/\/permbledhja.com\/#\/schema\/person\/0d064377258d3221e50693947b9eb4fe\"},\"headline\":\"Ekipi i K\u00ebrkim-Shp\u00ebtimit Malor nga Kosova, evakuon trupat e dy turisteve q\u00eb humb\u00ebn jet\u00ebn n\u00eb Valbon\u00eb\",\"datePublished\":\"2023-05-10T08:22:02+00:00\",\"dateModified\":\"2023-05-10T08:22:02+00:00\",\"mainEntityOfPage\":{\"@id\":\"https:\/\/permbledhja.com\/ekipi-i-kerkim-shpetimit-malor-nga-kosova-evakuon-trupat-e-dy-turisteve-qe-humben-jeten-ne-valbone\/\"},\"wordCount\":637,\"publisher\":{\"@id\":\"https:\/\/permbledhja.com\/#organization\"},\"keywords\":[\"Valbon\u00eb\"],\"articleSection\":[\"Kryesoret\"],\"inLanguage\":\"sq\"},{\"@type\":\"WebPage\",\"@id\":\"https:\/\/permbledhja.com\/ekipi-i-kerkim-shpetimit-malor-nga-kosova-evakuon-trupat-e-dy-turisteve-qe-humben-jeten-ne-valbone\/\",\"url\":\"https:\/\/permbledhja.com\/ekipi-i-kerkim-shpetimit-malor-nga-kosova-evakuon-trupat-e-dy-turisteve-qe-humben-jeten-ne-valbone\/\",\"name\":\"Ekipi i K\u00ebrkim-Shp\u00ebtimit Malor nga Kosova, evakuon trupat e dy turisteve q\u00eb humb\u00ebn jet\u00ebn n\u00eb Valbon\u00eb\",\"isPartOf\":{\"@id\":\"https:\/\/permbledhja.com\/#website\"},\"datePublished\":\"2023-05-10T08:22:02+00:00\",\"dateModified\":\"2023-05-10T08:22:02+00:00\",\"breadcrumb\":{\"@id\":\"https:\/\/permbledhja.com\/ekipi-i-kerkim-shpetimit-malor-nga-kosova-evakuon-trupat-e-dy-turisteve-qe-humben-jeten-ne-valbone\/#breadcrumb\"},\"inLanguage\":\"sq\",\"potentialAction\":[{\"@type\":\"ReadAction\",\"target\":[\"https:\/\/permbledhja.com\/ekipi-i-kerkim-shpetimit-malor-nga-kosova-evakuon-trupat-e-dy-turisteve-qe-humben-jeten-ne-valbone\/\"]}]},{\"@type\":\"BreadcrumbList\",\"@id\":\"https:\/\/permbledhja.com\/ekipi-i-kerkim-shpetimit-malor-nga-kosova-evakuon-trupat-e-dy-turisteve-qe-humben-jeten-ne-valbone\/#breadcrumb\",\"itemListElement\":[{\"@type\":\"ListItem\",\"position\":1,\"name\":\"Ballina\",\"item\":\"https:\/\/permbledhja.com\/sq\/\"},{\"@type\":\"ListItem\",\"position\":2,\"name\":\"Ekipi i K\u00ebrkim-Shp\u00ebtimit Malor nga Kosova, evakuon trupat e dy turisteve q\u00eb humb\u00ebn jet\u00ebn n\u00eb Valbon\u00eb\"}]},{\"@type\":\"WebSite\",\"@id\":\"https:\/\/permbledhja.com\/#website\",\"url\":\"https:\/\/permbledhja.com\/\",\"name\":\"Ve\u00e7 artikuj p\u00ebrmbledh\u00ebs\",\"description\":\"\",\"publisher\":{\"@id\":\"https:\/\/permbledhja.com\/#organization\"},\"potentialAction\":[{\"@type\":\"SearchAction\",\"target\":{\"@type\":\"EntryPoint\",\"urlTemplate\":\"https:\/\/permbledhja.com\/?s={search_term_string}\"},\"query-input\":\"required name=search_term_string\"}],\"inLanguage\":\"sq\"},{\"@type\":\"Organization\",\"@id\":\"https:\/\/permbledhja.com\/#organization\",\"name\":\"MK Media & Pr\",\"url\":\"https:\/\/permbledhja.com\/\",\"logo\":{\"@type\":\"ImageObject\",\"inLanguage\":\"sq\",\"@id\":\"https:\/\/permbledhja.com\/#\/schema\/logo\/image\/\",\"url\":\"https:\/\/permbledhja.com\/wp-content\/uploads\/2021\/12\/07-Press-Logo.jpg\",\"contentUrl\":\"https:\/\/permbledhja.com\/wp-content\/uploads\/2021\/12\/07-Press-Logo.jpg\",\"width\":512,\"height\":512,\"caption\":\"MK Media & Pr\"},\"image\":{\"@id\":\"https:\/\/permbledhja.com\/#\/schema\/logo\/image\/\"},\"sameAs\":[\"https:\/\/www.facebook.com\/press07\/\"]},{\"@type\":\"Person\",\"@id\":\"https:\/\/permbledhja.com\/#\/schema\/person\/0d064377258d3221e50693947b9eb4fe\",\"name\":\"P\u00ebrmbledhja\",\"image\":{\"@type\":\"ImageObject\",\"inLanguage\":\"sq\",\"@id\":\"https:\/\/permbledhja.com\/#\/schema\/person\/image\/\",\"url\":\"https:\/\/permbledhja.com\/wp-content\/uploads\/2026\/01\/452004717_1040944174702970_8932037511805513407_n-96x96.jpg\",\"contentUrl\":\"https:\/\/permbledhja.com\/wp-content\/uploads\/2026\/01\/452004717_1040944174702970_8932037511805513407_n-96x96.jpg\",\"caption\":\"P\u00ebrmbledhja\"},\"sameAs\":[\"https:\/\/www.facebook.com\/kafexhiu.muharrem\/\",\"https:\/\/www.instagram.com\/muharrem_kafexhiu\/\"],\"url\":\"https:\/\/permbledhja.com\/sq\/author\/admin\/\"}]}<\/script>\n<!-- \/ Yoast SEO plugin. -->","yoast_head_json":{"title":"Ekipi i K\u00ebrkim-Shp\u00ebtimit Malor nga Kosova, evakuon trupat e dy turisteve q\u00eb humb\u00ebn jet\u00ebn n\u00eb Valbon\u00eb","robots":{"index":"index","follow":"follow","max-snippet":"max-snippet:-1","max-image-preview":"max-image-preview:large","max-video-preview":"max-video-preview:-1"},"canonical":"https:\/\/permbledhja.com\/sq\/ekipi-i-kerkim-shpetimit-malor-nga-kosova-evakuon-trupat-e-dy-turisteve-qe-humben-jeten-ne-valbone\/","og_locale":"sq_AL","og_type":"article","og_title":"Ekipi i K\u00ebrkim-Shp\u00ebtimit Malor nga Kosova, evakuon trupat e dy turisteve q\u00eb humb\u00ebn jet\u00ebn n\u00eb Valbon\u00eb","og_description":"Dy turiste, nj\u00ebra nga Franca e tjetra nga Belgjika, kan\u00eb humbur jet\u00ebn nj\u00eb dit\u00eb m\u00eb par\u00eb n\u00eb zon\u00ebn malore e cila njihet si \u201cQafa e Valbon\u00ebs\u201d, zon\u00eb malore n\u00eb fshatin Valbon\u00eb n\u00eb veri t\u00eb Shqip\u00ebris\u00eb. Rasti raportohet t\u00eb ket\u00eb ndhodhur rreth or\u00ebs 13:00 t\u00eb mart\u00ebn. Policia e Bajram Currit, ka k\u00ebrkuar ndihm\u00eb nga ekipi i [&hellip;]","og_url":"https:\/\/permbledhja.com\/sq\/ekipi-i-kerkim-shpetimit-malor-nga-kosova-evakuon-trupat-e-dy-turisteve-qe-humben-jeten-ne-valbone\/","og_site_name":"Ve\u00e7 artikuj p\u00ebrmbledh\u00ebs","article_publisher":"https:\/\/www.facebook.com\/press07\/","article_author":"https:\/\/www.facebook.com\/kafexhiu.muharrem\/","article_published_time":"2023-05-10T08:22:02+00:00","og_image":[{"width":1162,"height":585,"url":"https:\/\/permbledhja.com\/wp-content\/uploads\/2023\/05\/597D3A1B-DF55-419D-85FA-EC45ED833863.jpeg","type":"image\/jpeg"}],"author":"P\u00ebrmbledhja","twitter_card":"summary_large_image","twitter_misc":{"Written by":"P\u00ebrmbledhja","Est. reading time":"3 minuta"},"schema":{"@context":"https:\/\/schema.org","@graph":[{"@type":"Article","@id":"https:\/\/permbledhja.com\/ekipi-i-kerkim-shpetimit-malor-nga-kosova-evakuon-trupat-e-dy-turisteve-qe-humben-jeten-ne-valbone\/#article","isPartOf":{"@id":"https:\/\/permbledhja.com\/ekipi-i-kerkim-shpetimit-malor-nga-kosova-evakuon-trupat-e-dy-turisteve-qe-humben-jeten-ne-valbone\/"},"author":{"name":"P\u00ebrmbledhja","@id":"https:\/\/permbledhja.com\/#\/schema\/person\/0d064377258d3221e50693947b9eb4fe"},"headline":"Ekipi i K\u00ebrkim-Shp\u00ebtimit Malor nga Kosova, evakuon trupat e dy turisteve q\u00eb humb\u00ebn jet\u00ebn n\u00eb Valbon\u00eb","datePublished":"2023-05-10T08:22:02+00:00","dateModified":"2023-05-10T08:22:02+00:00","mainEntityOfPage":{"@id":"https:\/\/permbledhja.com\/ekipi-i-kerkim-shpetimit-malor-nga-kosova-evakuon-trupat-e-dy-turisteve-qe-humben-jeten-ne-valbone\/"},"wordCount":637,"publisher":{"@id":"https:\/\/permbledhja.com\/#organization"},"keywords":["Valbon\u00eb"],"articleSection":["Kryesoret"],"inLanguage":"sq"},{"@type":"WebPage","@id":"https:\/\/permbledhja.com\/ekipi-i-kerkim-shpetimit-malor-nga-kosova-evakuon-trupat-e-dy-turisteve-qe-humben-jeten-ne-valbone\/","url":"https:\/\/permbledhja.com\/ekipi-i-kerkim-shpetimit-malor-nga-kosova-evakuon-trupat-e-dy-turisteve-qe-humben-jeten-ne-valbone\/","name":"Ekipi i K\u00ebrkim-Shp\u00ebtimit Malor nga Kosova, evakuon trupat e dy turisteve q\u00eb humb\u00ebn jet\u00ebn n\u00eb Valbon\u00eb","isPartOf":{"@id":"https:\/\/permbledhja.com\/#website"},"datePublished":"2023-05-10T08:22:02+00:00","dateModified":"2023-05-10T08:22:02+00:00","breadcrumb":{"@id":"https:\/\/permbledhja.com\/ekipi-i-kerkim-shpetimit-malor-nga-kosova-evakuon-trupat-e-dy-turisteve-qe-humben-jeten-ne-valbone\/#breadcrumb"},"inLanguage":"sq","potentialAction":[{"@type":"ReadAction","target":["https:\/\/permbledhja.com\/ekipi-i-kerkim-shpetimit-malor-nga-kosova-evakuon-trupat-e-dy-turisteve-qe-humben-jeten-ne-valbone\/"]}]},{"@type":"BreadcrumbList","@id":"https:\/\/permbledhja.com\/ekipi-i-kerkim-shpetimit-malor-nga-kosova-evakuon-trupat-e-dy-turisteve-qe-humben-jeten-ne-valbone\/#breadcrumb","itemListElement":[{"@type":"ListItem","position":1,"name":"Ballina","item":"https:\/\/permbledhja.com\/sq\/"},{"@type":"ListItem","position":2,"name":"Ekipi i K\u00ebrkim-Shp\u00ebtimit Malor nga Kosova, evakuon trupat e dy turisteve q\u00eb humb\u00ebn jet\u00ebn n\u00eb Valbon\u00eb"}]},{"@type":"WebSite","@id":"https:\/\/permbledhja.com\/#website","url":"https:\/\/permbledhja.com\/","name":"Ve\u00e7 artikuj p\u00ebrmbledh\u00ebs","description":"","publisher":{"@id":"https:\/\/permbledhja.com\/#organization"},"potentialAction":[{"@type":"SearchAction","target":{"@type":"EntryPoint","urlTemplate":"https:\/\/permbledhja.com\/?s={search_term_string}"},"query-input":"required name=search_term_string"}],"inLanguage":"sq"},{"@type":"Organization","@id":"https:\/\/permbledhja.com\/#organization","name":"MK Media & Pr","url":"https:\/\/permbledhja.com\/","logo":{"@type":"ImageObject","inLanguage":"sq","@id":"https:\/\/permbledhja.com\/#\/schema\/logo\/image\/","url":"https:\/\/permbledhja.com\/wp-content\/uploads\/2021\/12\/07-Press-Logo.jpg","contentUrl":"https:\/\/permbledhja.com\/wp-content\/uploads\/2021\/12\/07-Press-Logo.jpg","width":512,"height":512,"caption":"MK Media & Pr"},"image":{"@id":"https:\/\/permbledhja.com\/#\/schema\/logo\/image\/"},"sameAs":["https:\/\/www.facebook.com\/press07\/"]},{"@type":"Person","@id":"https:\/\/permbledhja.com\/#\/schema\/person\/0d064377258d3221e50693947b9eb4fe","name":"P\u00ebrmbledhja","image":{"@type":"ImageObject","inLanguage":"sq","@id":"https:\/\/permbledhja.com\/#\/schema\/person\/image\/","url":"https:\/\/permbledhja.com\/wp-content\/uploads\/2026\/01\/452004717_1040944174702970_8932037511805513407_n-96x96.jpg","contentUrl":"https:\/\/permbledhja.com\/wp-content\/uploads\/2026\/01\/452004717_1040944174702970_8932037511805513407_n-96x96.jpg","caption":"P\u00ebrmbledhja"},"sameAs":["https:\/\/www.facebook.com\/kafexhiu.muharrem\/","https:\/\/www.instagram.com\/muharrem_kafexhiu\/"],"url":"https:\/\/permbledhja.com\/sq\/author\/admin\/"}]}},"_links":{"self":[{"href":"https:\/\/permbledhja.com\/sq\/wp-json\/wp\/v2\/posts\/14662"}],"collection":[{"href":"https:\/\/permbledhja.com\/sq\/wp-json\/wp\/v2\/posts"}],"about":[{"href":"https:\/\/permbledhja.com\/sq\/wp-json\/wp\/v2\/types\/post"}],"author":[{"embeddable":true,"href":"https:\/\/permbledhja.com\/sq\/wp-json\/wp\/v2\/users\/1"}],"replies":[{"embeddable":true,"href":"https:\/\/permbledhja.com\/sq\/wp-json\/wp\/v2\/comments?post=14662"}],"version-history":[{"count":1,"href":"https:\/\/permbledhja.com\/sq\/wp-json\/wp\/v2\/posts\/14662\/revisions"}],"predecessor-version":[{"id":14664,"href":"https:\/\/permbledhja.com\/sq\/wp-json\/wp\/v2\/posts\/14662\/revisions\/14664"}],"wp:featuredmedia":[{"embeddable":true,"href":"https:\/\/permbledhja.com\/sq\/wp-json\/wp\/v2\/media\/14663"}],"wp:attachment":[{"href":"https:\/\/permbledhja.com\/sq\/wp-json\/wp\/v2\/media?parent=14662"}],"wp:term":[{"taxonomy":"category","embeddable":true,"href":"https:\/\/permbledhja.com\/sq\/wp-json\/wp\/v2\/categories?post=14662"},{"taxonomy":"post_tag","embeddable":true,"href":"https:\/\/permbledhja.com\/sq\/wp-json\/wp\/v2\/tags?post=14662"}],"curies":[{"name":"wp","href":"https:\/\/api.w.org\/{rel}","templated":true}]}}