{"id":14656,"date":"2023-05-10T07:27:37","date_gmt":"2023-05-10T07:27:37","guid":{"rendered":"https:\/\/permbledhja.com\/?p=14656"},"modified":"2023-05-10T07:27:37","modified_gmt":"2023-05-10T07:27:37","slug":"shkrimtari-serb-e-kaluara-po-na-ndjek-pas-duhet-te-marrim-pergjegjesi-per-krimet-ne-kosove","status":"publish","type":"post","link":"https:\/\/permbledhja.com\/sq\/shkrimtari-serb-e-kaluara-po-na-ndjek-pas-duhet-te-marrim-pergjegjesi-per-krimet-ne-kosove\/","title":{"rendered":"Shkrimtari serb: E kaluara po na ndjek pas, duhet t\u00eb marrim p\u00ebrgjegj\u00ebsi p\u00ebr krimet n\u00eb Kosov\u00eb"},"content":{"rendered":"<p>Shkrimtari serb, Vladimir Arsenijeviq ka folur p\u00ebr romanin e tij t\u00eb ri, \u201cFantazmat\u201d, n\u00eb t\u00eb cilin tha se trajton edhe \u201ct\u00eb kaluar\u00ebn e cila po na ndjek pas\u201d, nd\u00ebrsa ka p\u00ebrmendur edhe tragjedin\u00eb e fundit n\u00eb nj\u00eb shkoll\u00eb fillore n\u00eb Beograd.<\/p>\n<p>Arsenijeviq tha se p\u00ebr t\u00eb analizuar dhun\u00ebn q\u00eb mbret\u00ebron n\u00eb shoq\u00ebrin\u00eb serbe \u201cduhet t\u00eb kthehemi n\u00eb vitet \u201990\u201d, p\u00ebrcjell Gazeta Express.<\/p>\n<p>S\u00eb pari duhet t\u00eb kthehemi shum\u00eb larg n\u00eb vitet 1990 p\u00ebr t\u00eb rivler\u00ebsuar at\u00eb q\u00eb \u00ebsht\u00eb b\u00ebr\u00eb n\u00eb em\u00ebr t\u00eb k\u00ebsaj shoq\u00ebrie, e cila ka p\u00ebrgjegj\u00ebsi ndaj asaj historie t\u00eb koh\u00ebve t\u00eb fundit q\u00eb ndot mjaft marr\u00ebdh\u00ebniet me mjedisin ton\u00eb t\u00eb af\u00ebrt, me at\u00eb q\u00eb ne e quajm\u00eb rajon, ta zgjidhim at\u00eb, ta marrim p\u00ebrgjegj\u00ebsin\u00eb si shoq\u00ebri p\u00ebr krimet e b\u00ebra, ta ndalojm\u00eb k\u00ebt\u00eb val\u00eb revizionizmi q\u00eb jo vet\u00ebm ka mbuluar sistemin ton\u00eb arsimor, por gjendet kudo\u201d, tha ai n\u00eb nj\u00eb intervist\u00eb p\u00ebr gazet\u00ebn Danas.<\/p>\n<p>Mos marrja e p\u00ebrgjegj\u00ebsis\u00eb, thot\u00eb Arsenijeviq, solli \u201crr\u00ebfimet absurte\u201d, sipas s\u00eb cilave \u201cnj\u00eb num\u00ebr i madh qytetar\u00ebsh n\u00eb Serbi, q\u00eb nga viti 1990\/91 deri n\u00eb vitin 1999 mboll\u00ebm pem\u00eb, ujit\u00ebm lule, g\u00ebrmuam patate dhe pastaj erdhi e keqja NATO dhe na vrau me bombardime\u201d.<\/p>\n<p>\u201cDhe kjo \u00ebsht\u00eb gjith\u00e7ka q\u00eb qytetar\u00ebt e Serbis\u00eb sot din\u00eb p\u00ebr gjith\u00e7ka q\u00eb ka ndodhur gjat\u00eb viteve n\u00ebnt\u00ebdhjet\u00eb. P\u00ebrmendja se kush \u00ebsht\u00eb n\u00eb krye t\u00eb politik\u00ebs serbe, shoq\u00ebris\u00eb serbe, ushtris\u00eb s\u00eb formacioneve paraushtarake, nga Vukovari n\u00eb Sarajev\u00eb, Gorazhde, Prijedor, Srebrenic\u00eb, n\u00eb Kosov\u00eb, varreza masive, ekstradimi i kufomave civile n\u00eb liqenin Peru\u00e7ac\u2026\u201d, tha nd\u00ebr tjerash shkrimtari.<\/p>\n<p>\u201cT\u00eb gjitha ato tmerre jan\u00eb zhdukur nga vet\u00ebdija kolektive\u201d, theksoi ai, duke shtuar se kjo e ndot \u00e7do mund\u00ebsi p\u00ebr pajtim, \u201cp\u00ebr t\u00eb marr\u00eb p\u00ebrgjegj\u00ebsi, por edhe p\u00ebr t\u2019ua hedhur fajin atyre q\u00eb jan\u00eb v\u00ebrtet fajtor\u00eb, atyre q\u00eb i kan\u00eb kryer krimet\u201d.<\/p>\n","protected":false},"excerpt":{"rendered":"<p>Shkrimtari serb, Vladimir Arsenijeviq ka folur p\u00ebr romanin e tij t\u00eb ri, \u201cFantazmat\u201d, n\u00eb t\u00eb cilin tha se trajton edhe \u201ct\u00eb kaluar\u00ebn e cila po na ndjek pas\u201d, nd\u00ebrsa ka p\u00ebrmendur edhe tragjedin\u00eb e fundit n\u00eb nj\u00eb shkoll\u00eb fillore n\u00eb Beograd. Arsenijeviq tha se p\u00ebr t\u00eb analizuar dhun\u00ebn q\u00eb mbret\u00ebron n\u00eb shoq\u00ebrin\u00eb serbe \u201cduhet t\u00eb [&hellip;]<\/p>\n","protected":false},"author":1,"featured_media":14657,"comment_status":"closed","ping_status":"closed","sticky":false,"template":"","format":"standard","meta":{"_monsterinsights_skip_tracking":false,"_monsterinsights_sitenote_active":false,"_monsterinsights_sitenote_note":"","_monsterinsights_sitenote_category":0,"_uf_show_specific_survey":0,"_uf_disable_surveys":false,"footnotes":""},"categories":[1],"tags":[116],"yoast_head":"<!-- This site is optimized with the Yoast SEO plugin v21.5 - https:\/\/yoast.com\/wordpress\/plugins\/seo\/ -->\n<title>Shkrimtari serb: E kaluara po na ndjek pas, duhet t\u00eb marrim p\u00ebrgjegj\u00ebsi p\u00ebr krimet n\u00eb Kosov\u00eb<\/title>\n<meta name=\"robots\" content=\"index, follow, max-snippet:-1, max-image-preview:large, max-video-preview:-1\" \/>\n<link rel=\"canonical\" href=\"https:\/\/permbledhja.com\/sq\/shkrimtari-serb-e-kaluara-po-na-ndjek-pas-duhet-te-marrim-pergjegjesi-per-krimet-ne-kosove\/\" \/>\n<meta property=\"og:locale\" content=\"sq_AL\" \/>\n<meta property=\"og:type\" content=\"article\" \/>\n<meta property=\"og:title\" content=\"Shkrimtari serb: E kaluara po na ndjek pas, duhet t\u00eb marrim p\u00ebrgjegj\u00ebsi p\u00ebr krimet n\u00eb Kosov\u00eb\" \/>\n<meta property=\"og:description\" content=\"Shkrimtari serb, Vladimir Arsenijeviq ka folur p\u00ebr romanin e tij t\u00eb ri, \u201cFantazmat\u201d, n\u00eb t\u00eb cilin tha se trajton edhe \u201ct\u00eb kaluar\u00ebn e cila po na ndjek pas\u201d, nd\u00ebrsa ka p\u00ebrmendur edhe tragjedin\u00eb e fundit n\u00eb nj\u00eb shkoll\u00eb fillore n\u00eb Beograd. Arsenijeviq tha se p\u00ebr t\u00eb analizuar dhun\u00ebn q\u00eb mbret\u00ebron n\u00eb shoq\u00ebrin\u00eb serbe \u201cduhet t\u00eb [&hellip;]\" \/>\n<meta property=\"og:url\" content=\"https:\/\/permbledhja.com\/sq\/shkrimtari-serb-e-kaluara-po-na-ndjek-pas-duhet-te-marrim-pergjegjesi-per-krimet-ne-kosove\/\" \/>\n<meta property=\"og:site_name\" content=\"Ve\u00e7 artikuj p\u00ebrmbledh\u00ebs\" \/>\n<meta property=\"article:publisher\" content=\"https:\/\/www.facebook.com\/press07\/\" \/>\n<meta property=\"article:author\" content=\"https:\/\/www.facebook.com\/kafexhiu.muharrem\/\" \/>\n<meta property=\"article:published_time\" content=\"2023-05-10T07:27:37+00:00\" \/>\n<meta property=\"og:image\" content=\"https:\/\/permbledhja.com\/wp-content\/uploads\/2023\/05\/270ABF23-F856-4C1C-ABCE-2829F523B607.webp\" \/>\n\t<meta property=\"og:image:width\" content=\"600\" \/>\n\t<meta property=\"og:image:height\" content=\"360\" \/>\n\t<meta property=\"og:image:type\" content=\"image\/webp\" \/>\n<meta name=\"author\" content=\"P\u00ebrmbledhja\" \/>\n<meta name=\"twitter:card\" content=\"summary_large_image\" \/>\n<meta name=\"twitter:label1\" content=\"Written by\" \/>\n\t<meta name=\"twitter:data1\" content=\"P\u00ebrmbledhja\" \/>\n\t<meta name=\"twitter:label2\" content=\"Est. reading time\" \/>\n\t<meta name=\"twitter:data2\" content=\"2 minuta\" \/>\n<script type=\"application\/ld+json\" class=\"yoast-schema-graph\">{\"@context\":\"https:\/\/schema.org\",\"@graph\":[{\"@type\":\"Article\",\"@id\":\"https:\/\/permbledhja.com\/shkrimtari-serb-e-kaluara-po-na-ndjek-pas-duhet-te-marrim-pergjegjesi-per-krimet-ne-kosove\/#article\",\"isPartOf\":{\"@id\":\"https:\/\/permbledhja.com\/shkrimtari-serb-e-kaluara-po-na-ndjek-pas-duhet-te-marrim-pergjegjesi-per-krimet-ne-kosove\/\"},\"author\":{\"name\":\"P\u00ebrmbledhja\",\"@id\":\"https:\/\/permbledhja.com\/#\/schema\/person\/0d064377258d3221e50693947b9eb4fe\"},\"headline\":\"Shkrimtari serb: E kaluara po na ndjek pas, duhet t\u00eb marrim p\u00ebrgjegj\u00ebsi p\u00ebr krimet n\u00eb Kosov\u00eb\",\"datePublished\":\"2023-05-10T07:27:37+00:00\",\"dateModified\":\"2023-05-10T07:27:37+00:00\",\"mainEntityOfPage\":{\"@id\":\"https:\/\/permbledhja.com\/shkrimtari-serb-e-kaluara-po-na-ndjek-pas-duhet-te-marrim-pergjegjesi-per-krimet-ne-kosove\/\"},\"wordCount\":361,\"publisher\":{\"@id\":\"https:\/\/permbledhja.com\/#organization\"},\"keywords\":[\"Kosova\"],\"articleSection\":[\"Breaking News\"],\"inLanguage\":\"sq\"},{\"@type\":\"WebPage\",\"@id\":\"https:\/\/permbledhja.com\/shkrimtari-serb-e-kaluara-po-na-ndjek-pas-duhet-te-marrim-pergjegjesi-per-krimet-ne-kosove\/\",\"url\":\"https:\/\/permbledhja.com\/shkrimtari-serb-e-kaluara-po-na-ndjek-pas-duhet-te-marrim-pergjegjesi-per-krimet-ne-kosove\/\",\"name\":\"Shkrimtari serb: E kaluara po na ndjek pas, duhet t\u00eb marrim p\u00ebrgjegj\u00ebsi p\u00ebr krimet n\u00eb Kosov\u00eb\",\"isPartOf\":{\"@id\":\"https:\/\/permbledhja.com\/#website\"},\"datePublished\":\"2023-05-10T07:27:37+00:00\",\"dateModified\":\"2023-05-10T07:27:37+00:00\",\"breadcrumb\":{\"@id\":\"https:\/\/permbledhja.com\/shkrimtari-serb-e-kaluara-po-na-ndjek-pas-duhet-te-marrim-pergjegjesi-per-krimet-ne-kosove\/#breadcrumb\"},\"inLanguage\":\"sq\",\"potentialAction\":[{\"@type\":\"ReadAction\",\"target\":[\"https:\/\/permbledhja.com\/shkrimtari-serb-e-kaluara-po-na-ndjek-pas-duhet-te-marrim-pergjegjesi-per-krimet-ne-kosove\/\"]}]},{\"@type\":\"BreadcrumbList\",\"@id\":\"https:\/\/permbledhja.com\/shkrimtari-serb-e-kaluara-po-na-ndjek-pas-duhet-te-marrim-pergjegjesi-per-krimet-ne-kosove\/#breadcrumb\",\"itemListElement\":[{\"@type\":\"ListItem\",\"position\":1,\"name\":\"Ballina\",\"item\":\"https:\/\/permbledhja.com\/sq\/\"},{\"@type\":\"ListItem\",\"position\":2,\"name\":\"Shkrimtari serb: E kaluara po na ndjek pas, duhet t\u00eb marrim p\u00ebrgjegj\u00ebsi p\u00ebr krimet n\u00eb Kosov\u00eb\"}]},{\"@type\":\"WebSite\",\"@id\":\"https:\/\/permbledhja.com\/#website\",\"url\":\"https:\/\/permbledhja.com\/\",\"name\":\"Ve\u00e7 artikuj p\u00ebrmbledh\u00ebs\",\"description\":\"\",\"publisher\":{\"@id\":\"https:\/\/permbledhja.com\/#organization\"},\"potentialAction\":[{\"@type\":\"SearchAction\",\"target\":{\"@type\":\"EntryPoint\",\"urlTemplate\":\"https:\/\/permbledhja.com\/?s={search_term_string}\"},\"query-input\":\"required name=search_term_string\"}],\"inLanguage\":\"sq\"},{\"@type\":\"Organization\",\"@id\":\"https:\/\/permbledhja.com\/#organization\",\"name\":\"MK Media & Pr\",\"url\":\"https:\/\/permbledhja.com\/\",\"logo\":{\"@type\":\"ImageObject\",\"inLanguage\":\"sq\",\"@id\":\"https:\/\/permbledhja.com\/#\/schema\/logo\/image\/\",\"url\":\"https:\/\/permbledhja.com\/wp-content\/uploads\/2021\/12\/07-Press-Logo.jpg\",\"contentUrl\":\"https:\/\/permbledhja.com\/wp-content\/uploads\/2021\/12\/07-Press-Logo.jpg\",\"width\":512,\"height\":512,\"caption\":\"MK Media & Pr\"},\"image\":{\"@id\":\"https:\/\/permbledhja.com\/#\/schema\/logo\/image\/\"},\"sameAs\":[\"https:\/\/www.facebook.com\/press07\/\"]},{\"@type\":\"Person\",\"@id\":\"https:\/\/permbledhja.com\/#\/schema\/person\/0d064377258d3221e50693947b9eb4fe\",\"name\":\"P\u00ebrmbledhja\",\"image\":{\"@type\":\"ImageObject\",\"inLanguage\":\"sq\",\"@id\":\"https:\/\/permbledhja.com\/#\/schema\/person\/image\/\",\"url\":\"https:\/\/permbledhja.com\/wp-content\/uploads\/2026\/01\/452004717_1040944174702970_8932037511805513407_n-96x96.jpg\",\"contentUrl\":\"https:\/\/permbledhja.com\/wp-content\/uploads\/2026\/01\/452004717_1040944174702970_8932037511805513407_n-96x96.jpg\",\"caption\":\"P\u00ebrmbledhja\"},\"sameAs\":[\"https:\/\/www.facebook.com\/kafexhiu.muharrem\/\",\"https:\/\/www.instagram.com\/muharrem_kafexhiu\/\"],\"url\":\"https:\/\/permbledhja.com\/sq\/author\/admin\/\"}]}<\/script>\n<!-- \/ Yoast SEO plugin. -->","yoast_head_json":{"title":"Shkrimtari serb: E kaluara po na ndjek pas, duhet t\u00eb marrim p\u00ebrgjegj\u00ebsi p\u00ebr krimet n\u00eb Kosov\u00eb","robots":{"index":"index","follow":"follow","max-snippet":"max-snippet:-1","max-image-preview":"max-image-preview:large","max-video-preview":"max-video-preview:-1"},"canonical":"https:\/\/permbledhja.com\/sq\/shkrimtari-serb-e-kaluara-po-na-ndjek-pas-duhet-te-marrim-pergjegjesi-per-krimet-ne-kosove\/","og_locale":"sq_AL","og_type":"article","og_title":"Shkrimtari serb: E kaluara po na ndjek pas, duhet t\u00eb marrim p\u00ebrgjegj\u00ebsi p\u00ebr krimet n\u00eb Kosov\u00eb","og_description":"Shkrimtari serb, Vladimir Arsenijeviq ka folur p\u00ebr romanin e tij t\u00eb ri, \u201cFantazmat\u201d, n\u00eb t\u00eb cilin tha se trajton edhe \u201ct\u00eb kaluar\u00ebn e cila po na ndjek pas\u201d, nd\u00ebrsa ka p\u00ebrmendur edhe tragjedin\u00eb e fundit n\u00eb nj\u00eb shkoll\u00eb fillore n\u00eb Beograd. Arsenijeviq tha se p\u00ebr t\u00eb analizuar dhun\u00ebn q\u00eb mbret\u00ebron n\u00eb shoq\u00ebrin\u00eb serbe \u201cduhet t\u00eb [&hellip;]","og_url":"https:\/\/permbledhja.com\/sq\/shkrimtari-serb-e-kaluara-po-na-ndjek-pas-duhet-te-marrim-pergjegjesi-per-krimet-ne-kosove\/","og_site_name":"Ve\u00e7 artikuj p\u00ebrmbledh\u00ebs","article_publisher":"https:\/\/www.facebook.com\/press07\/","article_author":"https:\/\/www.facebook.com\/kafexhiu.muharrem\/","article_published_time":"2023-05-10T07:27:37+00:00","og_image":[{"width":600,"height":360,"url":"https:\/\/permbledhja.com\/wp-content\/uploads\/2023\/05\/270ABF23-F856-4C1C-ABCE-2829F523B607.webp","type":"image\/webp"}],"author":"P\u00ebrmbledhja","twitter_card":"summary_large_image","twitter_misc":{"Written by":"P\u00ebrmbledhja","Est. reading time":"2 minuta"},"schema":{"@context":"https:\/\/schema.org","@graph":[{"@type":"Article","@id":"https:\/\/permbledhja.com\/shkrimtari-serb-e-kaluara-po-na-ndjek-pas-duhet-te-marrim-pergjegjesi-per-krimet-ne-kosove\/#article","isPartOf":{"@id":"https:\/\/permbledhja.com\/shkrimtari-serb-e-kaluara-po-na-ndjek-pas-duhet-te-marrim-pergjegjesi-per-krimet-ne-kosove\/"},"author":{"name":"P\u00ebrmbledhja","@id":"https:\/\/permbledhja.com\/#\/schema\/person\/0d064377258d3221e50693947b9eb4fe"},"headline":"Shkrimtari serb: E kaluara po na ndjek pas, duhet t\u00eb marrim p\u00ebrgjegj\u00ebsi p\u00ebr krimet n\u00eb Kosov\u00eb","datePublished":"2023-05-10T07:27:37+00:00","dateModified":"2023-05-10T07:27:37+00:00","mainEntityOfPage":{"@id":"https:\/\/permbledhja.com\/shkrimtari-serb-e-kaluara-po-na-ndjek-pas-duhet-te-marrim-pergjegjesi-per-krimet-ne-kosove\/"},"wordCount":361,"publisher":{"@id":"https:\/\/permbledhja.com\/#organization"},"keywords":["Kosova"],"articleSection":["Breaking News"],"inLanguage":"sq"},{"@type":"WebPage","@id":"https:\/\/permbledhja.com\/shkrimtari-serb-e-kaluara-po-na-ndjek-pas-duhet-te-marrim-pergjegjesi-per-krimet-ne-kosove\/","url":"https:\/\/permbledhja.com\/shkrimtari-serb-e-kaluara-po-na-ndjek-pas-duhet-te-marrim-pergjegjesi-per-krimet-ne-kosove\/","name":"Shkrimtari serb: E kaluara po na ndjek pas, duhet t\u00eb marrim p\u00ebrgjegj\u00ebsi p\u00ebr krimet n\u00eb Kosov\u00eb","isPartOf":{"@id":"https:\/\/permbledhja.com\/#website"},"datePublished":"2023-05-10T07:27:37+00:00","dateModified":"2023-05-10T07:27:37+00:00","breadcrumb":{"@id":"https:\/\/permbledhja.com\/shkrimtari-serb-e-kaluara-po-na-ndjek-pas-duhet-te-marrim-pergjegjesi-per-krimet-ne-kosove\/#breadcrumb"},"inLanguage":"sq","potentialAction":[{"@type":"ReadAction","target":["https:\/\/permbledhja.com\/shkrimtari-serb-e-kaluara-po-na-ndjek-pas-duhet-te-marrim-pergjegjesi-per-krimet-ne-kosove\/"]}]},{"@type":"BreadcrumbList","@id":"https:\/\/permbledhja.com\/shkrimtari-serb-e-kaluara-po-na-ndjek-pas-duhet-te-marrim-pergjegjesi-per-krimet-ne-kosove\/#breadcrumb","itemListElement":[{"@type":"ListItem","position":1,"name":"Ballina","item":"https:\/\/permbledhja.com\/sq\/"},{"@type":"ListItem","position":2,"name":"Shkrimtari serb: E kaluara po na ndjek pas, duhet t\u00eb marrim p\u00ebrgjegj\u00ebsi p\u00ebr krimet n\u00eb Kosov\u00eb"}]},{"@type":"WebSite","@id":"https:\/\/permbledhja.com\/#website","url":"https:\/\/permbledhja.com\/","name":"Ve\u00e7 artikuj p\u00ebrmbledh\u00ebs","description":"","publisher":{"@id":"https:\/\/permbledhja.com\/#organization"},"potentialAction":[{"@type":"SearchAction","target":{"@type":"EntryPoint","urlTemplate":"https:\/\/permbledhja.com\/?s={search_term_string}"},"query-input":"required name=search_term_string"}],"inLanguage":"sq"},{"@type":"Organization","@id":"https:\/\/permbledhja.com\/#organization","name":"MK Media & Pr","url":"https:\/\/permbledhja.com\/","logo":{"@type":"ImageObject","inLanguage":"sq","@id":"https:\/\/permbledhja.com\/#\/schema\/logo\/image\/","url":"https:\/\/permbledhja.com\/wp-content\/uploads\/2021\/12\/07-Press-Logo.jpg","contentUrl":"https:\/\/permbledhja.com\/wp-content\/uploads\/2021\/12\/07-Press-Logo.jpg","width":512,"height":512,"caption":"MK Media & Pr"},"image":{"@id":"https:\/\/permbledhja.com\/#\/schema\/logo\/image\/"},"sameAs":["https:\/\/www.facebook.com\/press07\/"]},{"@type":"Person","@id":"https:\/\/permbledhja.com\/#\/schema\/person\/0d064377258d3221e50693947b9eb4fe","name":"P\u00ebrmbledhja","image":{"@type":"ImageObject","inLanguage":"sq","@id":"https:\/\/permbledhja.com\/#\/schema\/person\/image\/","url":"https:\/\/permbledhja.com\/wp-content\/uploads\/2026\/01\/452004717_1040944174702970_8932037511805513407_n-96x96.jpg","contentUrl":"https:\/\/permbledhja.com\/wp-content\/uploads\/2026\/01\/452004717_1040944174702970_8932037511805513407_n-96x96.jpg","caption":"P\u00ebrmbledhja"},"sameAs":["https:\/\/www.facebook.com\/kafexhiu.muharrem\/","https:\/\/www.instagram.com\/muharrem_kafexhiu\/"],"url":"https:\/\/permbledhja.com\/sq\/author\/admin\/"}]}},"_links":{"self":[{"href":"https:\/\/permbledhja.com\/sq\/wp-json\/wp\/v2\/posts\/14656"}],"collection":[{"href":"https:\/\/permbledhja.com\/sq\/wp-json\/wp\/v2\/posts"}],"about":[{"href":"https:\/\/permbledhja.com\/sq\/wp-json\/wp\/v2\/types\/post"}],"author":[{"embeddable":true,"href":"https:\/\/permbledhja.com\/sq\/wp-json\/wp\/v2\/users\/1"}],"replies":[{"embeddable":true,"href":"https:\/\/permbledhja.com\/sq\/wp-json\/wp\/v2\/comments?post=14656"}],"version-history":[{"count":1,"href":"https:\/\/permbledhja.com\/sq\/wp-json\/wp\/v2\/posts\/14656\/revisions"}],"predecessor-version":[{"id":14658,"href":"https:\/\/permbledhja.com\/sq\/wp-json\/wp\/v2\/posts\/14656\/revisions\/14658"}],"wp:featuredmedia":[{"embeddable":true,"href":"https:\/\/permbledhja.com\/sq\/wp-json\/wp\/v2\/media\/14657"}],"wp:attachment":[{"href":"https:\/\/permbledhja.com\/sq\/wp-json\/wp\/v2\/media?parent=14656"}],"wp:term":[{"taxonomy":"category","embeddable":true,"href":"https:\/\/permbledhja.com\/sq\/wp-json\/wp\/v2\/categories?post=14656"},{"taxonomy":"post_tag","embeddable":true,"href":"https:\/\/permbledhja.com\/sq\/wp-json\/wp\/v2\/tags?post=14656"}],"curies":[{"name":"wp","href":"https:\/\/api.w.org\/{rel}","templated":true}]}}