{"id":14265,"date":"2023-04-18T07:28:29","date_gmt":"2023-04-18T07:28:29","guid":{"rendered":"https:\/\/permbledhja.com\/?p=14265"},"modified":"2023-04-18T07:28:29","modified_gmt":"2023-04-18T07:28:29","slug":"sa-para-kane-shpenzuar-kosovaret-per-viza","status":"publish","type":"post","link":"https:\/\/permbledhja.com\/sq\/sa-para-kane-shpenzuar-kosovaret-per-viza\/","title":{"rendered":"Sa para kan\u00eb shpenzuar kosovar\u00ebt p\u00ebr viza?"},"content":{"rendered":"<p><strong>N\u00eb janar t\u00eb vitit 2012, Komisioni Evropian i BE-s\u00eb nisi zyrtarisht dialogun me Kosov\u00ebn p\u00ebr procesin e liberalizimit t\u00eb vizave. <\/strong><\/p>\n<p>Q\u00eb nga nisja e k\u00ebtij dialogu e deri n\u00eb fund t\u00eb vitit 2021, kosovar\u00ebt kan\u00eb parashtruar 659.029 aplikime p\u00ebr viz\u00eb Schengen, sipas t\u00eb dh\u00ebnave t\u00eb Komisionit Evropian.<\/p>\n<p>Parlamenti Evropian voton m\u00eb 18 prill vendimin p\u00ebr liberalizimin e vizave p\u00ebr qytetar\u00ebt e Kosov\u00ebs \u2013 me \u00e7ka edhe procedurat p\u00ebr k\u00ebt\u00eb \u00e7\u00ebshtje i afrohen fundit.<\/p>\n<p>Tashm\u00eb \u00ebsht\u00eb e qart\u00eb se zbatimi i vendimit nuk do t\u00eb shtyhet m\u00eb larg se 1 janari i vitit 2024.<\/p>\n<p>Sipas t\u00eb dh\u00ebnave t\u00eb Grupit p\u00ebr Ballkanin (BRPG), 60% e kosovar\u00ebve kan\u00eb k\u00ebrkuar viz\u00eb Schengen, q\u00eb mund\u00ebson l\u00ebvizjen e lirshme n\u00eb vendet e BE-s\u00eb, p\u00ebr vizita turistike. Interesimi i kosovar\u00ebve p\u00ebr t\u00eb vizituar vendet e BE-s\u00eb kishte qen\u00eb n\u00eb rritje deri n\u00eb vitin 2020, kur trendi ndryshoi shkaku i COVID-19.<\/p>\n<p>Sa kan\u00eb aplikuar kosovar\u00ebt p\u00ebr viza Schengen nd\u00ebr vite?<\/p>\n<p>Numri i aplikimeve p\u00ebr viza p\u00ebr zon\u00ebn Schengen ishte n\u00eb rritje deri n\u00eb vitin 2020. At\u00eb vit, shkaku i COVID-19, sh\u00ebrbimet konsullare u kufizuan.<\/p>\n<p><img loading=\"lazy\" decoding=\"async\" src=\"https:\/\/permbledhja.com\/wp-content\/uploads\/2023\/04\/aplikimet.webp\" alt=\"\" width=\"712\" height=\"310\" class=\"alignnone size-full wp-image-14267\" srcset=\"https:\/\/permbledhja.com\/wp-content\/uploads\/2023\/04\/aplikimet.webp 712w, https:\/\/permbledhja.com\/wp-content\/uploads\/2023\/04\/aplikimet-300x131.webp 300w, https:\/\/permbledhja.com\/wp-content\/uploads\/2023\/04\/aplikimet-18x8.webp 18w\" sizes=\"(max-width: 712px) 100vw, 712px\" \/><\/p>\n<p>Sipas nj\u00eb hulumtimi t\u00eb b\u00ebr\u00eb nga BRPG-ja, qytetar\u00ebt e Kosov\u00ebs kan\u00eb paguar mesatarisht 165 euro p\u00ebr aplikimin p\u00ebr viz\u00eb Schengen. Kjo kosto arrin shifra prej dhjet\u00ebra miliona eurosh kur merret parasysh numri i aplikimeve n\u00eb vit.<\/p>\n<p>Sa para shpenzuan kosovar\u00ebt n\u00eb aplikime p\u00ebr viza?<\/p>\n<p>Sipas t\u00eb dh\u00ebnave t\u00eb Grupit p\u00ebr Ballkan, kosovar\u00ebt shpenzojn\u00eb mesatarisht 165 euro p\u00ebr aplikim p\u00ebr viz\u00eb Schengen. Kur kjo vler\u00eb i shtohet numrit t\u00eb aplikimeve, del q\u00eb kosovar\u00ebt kan\u00eb shpenzuar mbi 72 milion\u00eb euro gjat\u00eb viteve 2016-2021.<\/p>\n<p><img loading=\"lazy\" decoding=\"async\" src=\"https:\/\/permbledhja.com\/wp-content\/uploads\/2023\/04\/para.webp\" alt=\"\" width=\"736\" height=\"310\" class=\"alignnone size-full wp-image-14268\" srcset=\"https:\/\/permbledhja.com\/wp-content\/uploads\/2023\/04\/para.webp 736w, https:\/\/permbledhja.com\/wp-content\/uploads\/2023\/04\/para-300x126.webp 300w, https:\/\/permbledhja.com\/wp-content\/uploads\/2023\/04\/para-18x8.webp 18w\" sizes=\"(max-width: 736px) 100vw, 736px\" \/><\/p>\n<p>Po i nj\u00ebjti hulumtim i BRPG-s\u00eb thekson se kosovar\u00ebt kan\u00eb pritur mesatarisht nga nj\u00eb deri n\u00eb gjasht\u00eb muaj deri n\u00eb p\u00ebrfundimin e procedur\u00ebs p\u00ebr viz\u00eb n\u00eb zon\u00ebn Schengen. P\u00ebrve\u00e7 k\u00ebsaj pritjeje, kosovar\u00ebt jan\u00eb ankuar edhe p\u00ebr pritje t\u00eb gjata n\u00eb rend p\u00ebr dor\u00ebzimin e dokumenteve.<\/p>\n<p>Por, me gjith\u00eb pritjet e gjata dhe parat\u00eb e shpenzuara gjat\u00eb aplikimit, nj\u00eb num\u00ebr i aplikuesve \u00ebsht\u00eb p\u00ebrballur me p\u00ebrgjigje negative.<\/p>\n<p>Sa p\u00ebr qind e aplikimeve jan\u00eb refuzuar?<\/p>\n<p>N\u00eb vitin 2021, numri i aplikimeve p\u00ebr viz\u00eb n\u00eb zon\u00ebn Schengen q\u00eb mor\u00ebn p\u00ebrgjigje negative u p\u00ebrgjysmua n\u00eb krahasim me vitin paraprak.<\/p>\n<p><img loading=\"lazy\" decoding=\"async\" src=\"https:\/\/permbledhja.com\/wp-content\/uploads\/2023\/04\/vizat-1.webp\" alt=\"\" width=\"725\" height=\"452\" class=\"alignnone size-full wp-image-14269\" srcset=\"https:\/\/permbledhja.com\/wp-content\/uploads\/2023\/04\/vizat-1.webp 725w, https:\/\/permbledhja.com\/wp-content\/uploads\/2023\/04\/vizat-1-300x187.webp 300w, https:\/\/permbledhja.com\/wp-content\/uploads\/2023\/04\/vizat-1-18x12.webp 18w\" sizes=\"(max-width: 725px) 100vw, 725px\" \/><\/p>\n<p>Komisioni Evropian n\u00eb vitin 2018 kishte propozuar liberalizimin e vizave p\u00ebr Kosov\u00ebn. Edhe Parlamenti Evropian e kishte mb\u00ebshtetur k\u00ebt\u00eb vendim, mir\u00ebpo vendet si Franca dhe Holanda nuk ishin t\u00eb pajtimit.<\/p>\n<p>Kosova \u00ebsht\u00eb vendi i vet\u00ebm i Ballkanit Per\u00ebndimor, qytetar\u00ebt e t\u00eb cilit nuk e kan\u00eb t\u00eb drejt\u00ebn e l\u00ebvizjes s\u00eb lir\u00eb n\u00eb zon\u00ebn Schengen.\/REL<\/p>\n","protected":false},"excerpt":{"rendered":"<p>N\u00eb janar t\u00eb vitit 2012, Komisioni Evropian i BE-s\u00eb nisi zyrtarisht dialogun me Kosov\u00ebn p\u00ebr procesin e liberalizimit t\u00eb vizave. Q\u00eb nga nisja e k\u00ebtij dialogu e deri n\u00eb fund t\u00eb vitit 2021, kosovar\u00ebt kan\u00eb parashtruar 659.029 aplikime p\u00ebr viz\u00eb Schengen, sipas t\u00eb dh\u00ebnave t\u00eb Komisionit Evropian. Parlamenti Evropian voton m\u00eb 18 prill vendimin p\u00ebr [&hellip;]<\/p>\n","protected":false},"author":1,"featured_media":14266,"comment_status":"closed","ping_status":"closed","sticky":false,"template":"","format":"standard","meta":{"_monsterinsights_skip_tracking":false,"_monsterinsights_sitenote_active":false,"_monsterinsights_sitenote_note":"","_monsterinsights_sitenote_category":0,"_uf_show_specific_survey":0,"_uf_disable_surveys":false,"footnotes":""},"categories":[1],"tags":[152],"yoast_head":"<!-- This site is optimized with the Yoast SEO plugin v21.5 - https:\/\/yoast.com\/wordpress\/plugins\/seo\/ -->\n<title>Sa para kan\u00eb shpenzuar kosovar\u00ebt p\u00ebr viza?<\/title>\n<meta name=\"robots\" content=\"index, follow, max-snippet:-1, max-image-preview:large, max-video-preview:-1\" \/>\n<link rel=\"canonical\" href=\"https:\/\/permbledhja.com\/sq\/sa-para-kane-shpenzuar-kosovaret-per-viza\/\" \/>\n<meta property=\"og:locale\" content=\"sq_AL\" \/>\n<meta property=\"og:type\" content=\"article\" \/>\n<meta property=\"og:title\" content=\"Sa para kan\u00eb shpenzuar kosovar\u00ebt p\u00ebr viza?\" \/>\n<meta property=\"og:description\" content=\"N\u00eb janar t\u00eb vitit 2012, Komisioni Evropian i BE-s\u00eb nisi zyrtarisht dialogun me Kosov\u00ebn p\u00ebr procesin e liberalizimit t\u00eb vizave. Q\u00eb nga nisja e k\u00ebtij dialogu e deri n\u00eb fund t\u00eb vitit 2021, kosovar\u00ebt kan\u00eb parashtruar 659.029 aplikime p\u00ebr viz\u00eb Schengen, sipas t\u00eb dh\u00ebnave t\u00eb Komisionit Evropian. Parlamenti Evropian voton m\u00eb 18 prill vendimin p\u00ebr [&hellip;]\" \/>\n<meta property=\"og:url\" content=\"https:\/\/permbledhja.com\/sq\/sa-para-kane-shpenzuar-kosovaret-per-viza\/\" \/>\n<meta property=\"og:site_name\" content=\"Ve\u00e7 artikuj p\u00ebrmbledh\u00ebs\" \/>\n<meta property=\"article:publisher\" content=\"https:\/\/www.facebook.com\/press07\/\" \/>\n<meta property=\"article:author\" content=\"https:\/\/www.facebook.com\/kafexhiu.muharrem\/\" \/>\n<meta property=\"article:published_time\" content=\"2023-04-18T07:28:29+00:00\" \/>\n<meta property=\"og:image\" content=\"https:\/\/permbledhja.com\/wp-content\/uploads\/2023\/04\/auto_vizat15250835071525083534-696x3881-1-600x360-1.webp\" \/>\n\t<meta property=\"og:image:width\" content=\"600\" \/>\n\t<meta property=\"og:image:height\" content=\"360\" \/>\n\t<meta property=\"og:image:type\" content=\"image\/webp\" \/>\n<meta name=\"author\" content=\"P\u00ebrmbledhja\" \/>\n<meta name=\"twitter:card\" content=\"summary_large_image\" \/>\n<meta name=\"twitter:label1\" content=\"Written by\" \/>\n\t<meta name=\"twitter:data1\" content=\"P\u00ebrmbledhja\" \/>\n\t<meta name=\"twitter:label2\" content=\"Est. reading time\" \/>\n\t<meta name=\"twitter:data2\" content=\"2 minuta\" \/>\n<script type=\"application\/ld+json\" class=\"yoast-schema-graph\">{\"@context\":\"https:\/\/schema.org\",\"@graph\":[{\"@type\":\"Article\",\"@id\":\"https:\/\/permbledhja.com\/sq\/sa-para-kane-shpenzuar-kosovaret-per-viza\/#article\",\"isPartOf\":{\"@id\":\"https:\/\/permbledhja.com\/sq\/sa-para-kane-shpenzuar-kosovaret-per-viza\/\"},\"author\":{\"name\":\"P\u00ebrmbledhja\",\"@id\":\"https:\/\/permbledhja.com\/#\/schema\/person\/0d064377258d3221e50693947b9eb4fe\"},\"headline\":\"Sa para kan\u00eb shpenzuar kosovar\u00ebt p\u00ebr viza?\",\"datePublished\":\"2023-04-18T07:28:29+00:00\",\"dateModified\":\"2023-04-18T07:28:29+00:00\",\"mainEntityOfPage\":{\"@id\":\"https:\/\/permbledhja.com\/sq\/sa-para-kane-shpenzuar-kosovaret-per-viza\/\"},\"wordCount\":475,\"publisher\":{\"@id\":\"https:\/\/permbledhja.com\/#organization\"},\"keywords\":[\"Viza\"],\"articleSection\":[\"Breaking News\"],\"inLanguage\":\"sq\"},{\"@type\":\"WebPage\",\"@id\":\"https:\/\/permbledhja.com\/sq\/sa-para-kane-shpenzuar-kosovaret-per-viza\/\",\"url\":\"https:\/\/permbledhja.com\/sq\/sa-para-kane-shpenzuar-kosovaret-per-viza\/\",\"name\":\"Sa para kan\u00eb shpenzuar kosovar\u00ebt p\u00ebr viza?\",\"isPartOf\":{\"@id\":\"https:\/\/permbledhja.com\/#website\"},\"datePublished\":\"2023-04-18T07:28:29+00:00\",\"dateModified\":\"2023-04-18T07:28:29+00:00\",\"breadcrumb\":{\"@id\":\"https:\/\/permbledhja.com\/sq\/sa-para-kane-shpenzuar-kosovaret-per-viza\/#breadcrumb\"},\"inLanguage\":\"sq\",\"potentialAction\":[{\"@type\":\"ReadAction\",\"target\":[\"https:\/\/permbledhja.com\/sq\/sa-para-kane-shpenzuar-kosovaret-per-viza\/\"]}]},{\"@type\":\"BreadcrumbList\",\"@id\":\"https:\/\/permbledhja.com\/sq\/sa-para-kane-shpenzuar-kosovaret-per-viza\/#breadcrumb\",\"itemListElement\":[{\"@type\":\"ListItem\",\"position\":1,\"name\":\"Ballina\",\"item\":\"https:\/\/permbledhja.com\/sq\/\"},{\"@type\":\"ListItem\",\"position\":2,\"name\":\"Sa para kan\u00eb shpenzuar kosovar\u00ebt p\u00ebr viza?\"}]},{\"@type\":\"WebSite\",\"@id\":\"https:\/\/permbledhja.com\/#website\",\"url\":\"https:\/\/permbledhja.com\/\",\"name\":\"Ve\u00e7 artikuj p\u00ebrmbledh\u00ebs\",\"description\":\"\",\"publisher\":{\"@id\":\"https:\/\/permbledhja.com\/#organization\"},\"potentialAction\":[{\"@type\":\"SearchAction\",\"target\":{\"@type\":\"EntryPoint\",\"urlTemplate\":\"https:\/\/permbledhja.com\/?s={search_term_string}\"},\"query-input\":\"required name=search_term_string\"}],\"inLanguage\":\"sq\"},{\"@type\":\"Organization\",\"@id\":\"https:\/\/permbledhja.com\/#organization\",\"name\":\"MK Media & Pr\",\"url\":\"https:\/\/permbledhja.com\/\",\"logo\":{\"@type\":\"ImageObject\",\"inLanguage\":\"sq\",\"@id\":\"https:\/\/permbledhja.com\/#\/schema\/logo\/image\/\",\"url\":\"https:\/\/permbledhja.com\/wp-content\/uploads\/2021\/12\/07-Press-Logo.jpg\",\"contentUrl\":\"https:\/\/permbledhja.com\/wp-content\/uploads\/2021\/12\/07-Press-Logo.jpg\",\"width\":512,\"height\":512,\"caption\":\"MK Media & Pr\"},\"image\":{\"@id\":\"https:\/\/permbledhja.com\/#\/schema\/logo\/image\/\"},\"sameAs\":[\"https:\/\/www.facebook.com\/press07\/\"]},{\"@type\":\"Person\",\"@id\":\"https:\/\/permbledhja.com\/#\/schema\/person\/0d064377258d3221e50693947b9eb4fe\",\"name\":\"P\u00ebrmbledhja\",\"image\":{\"@type\":\"ImageObject\",\"inLanguage\":\"sq\",\"@id\":\"https:\/\/permbledhja.com\/#\/schema\/person\/image\/\",\"url\":\"https:\/\/permbledhja.com\/wp-content\/uploads\/2026\/01\/452004717_1040944174702970_8932037511805513407_n-96x96.jpg\",\"contentUrl\":\"https:\/\/permbledhja.com\/wp-content\/uploads\/2026\/01\/452004717_1040944174702970_8932037511805513407_n-96x96.jpg\",\"caption\":\"P\u00ebrmbledhja\"},\"sameAs\":[\"https:\/\/www.facebook.com\/kafexhiu.muharrem\/\",\"https:\/\/www.instagram.com\/muharrem_kafexhiu\/\"],\"url\":\"https:\/\/permbledhja.com\/sq\/author\/admin\/\"}]}<\/script>\n<!-- \/ Yoast SEO plugin. -->","yoast_head_json":{"title":"Sa para kan\u00eb shpenzuar kosovar\u00ebt p\u00ebr viza?","robots":{"index":"index","follow":"follow","max-snippet":"max-snippet:-1","max-image-preview":"max-image-preview:large","max-video-preview":"max-video-preview:-1"},"canonical":"https:\/\/permbledhja.com\/sq\/sa-para-kane-shpenzuar-kosovaret-per-viza\/","og_locale":"sq_AL","og_type":"article","og_title":"Sa para kan\u00eb shpenzuar kosovar\u00ebt p\u00ebr viza?","og_description":"N\u00eb janar t\u00eb vitit 2012, Komisioni Evropian i BE-s\u00eb nisi zyrtarisht dialogun me Kosov\u00ebn p\u00ebr procesin e liberalizimit t\u00eb vizave. Q\u00eb nga nisja e k\u00ebtij dialogu e deri n\u00eb fund t\u00eb vitit 2021, kosovar\u00ebt kan\u00eb parashtruar 659.029 aplikime p\u00ebr viz\u00eb Schengen, sipas t\u00eb dh\u00ebnave t\u00eb Komisionit Evropian. Parlamenti Evropian voton m\u00eb 18 prill vendimin p\u00ebr [&hellip;]","og_url":"https:\/\/permbledhja.com\/sq\/sa-para-kane-shpenzuar-kosovaret-per-viza\/","og_site_name":"Ve\u00e7 artikuj p\u00ebrmbledh\u00ebs","article_publisher":"https:\/\/www.facebook.com\/press07\/","article_author":"https:\/\/www.facebook.com\/kafexhiu.muharrem\/","article_published_time":"2023-04-18T07:28:29+00:00","og_image":[{"width":600,"height":360,"url":"https:\/\/permbledhja.com\/wp-content\/uploads\/2023\/04\/auto_vizat15250835071525083534-696x3881-1-600x360-1.webp","type":"image\/webp"}],"author":"P\u00ebrmbledhja","twitter_card":"summary_large_image","twitter_misc":{"Written by":"P\u00ebrmbledhja","Est. reading time":"2 minuta"},"schema":{"@context":"https:\/\/schema.org","@graph":[{"@type":"Article","@id":"https:\/\/permbledhja.com\/sq\/sa-para-kane-shpenzuar-kosovaret-per-viza\/#article","isPartOf":{"@id":"https:\/\/permbledhja.com\/sq\/sa-para-kane-shpenzuar-kosovaret-per-viza\/"},"author":{"name":"P\u00ebrmbledhja","@id":"https:\/\/permbledhja.com\/#\/schema\/person\/0d064377258d3221e50693947b9eb4fe"},"headline":"Sa para kan\u00eb shpenzuar kosovar\u00ebt p\u00ebr viza?","datePublished":"2023-04-18T07:28:29+00:00","dateModified":"2023-04-18T07:28:29+00:00","mainEntityOfPage":{"@id":"https:\/\/permbledhja.com\/sq\/sa-para-kane-shpenzuar-kosovaret-per-viza\/"},"wordCount":475,"publisher":{"@id":"https:\/\/permbledhja.com\/#organization"},"keywords":["Viza"],"articleSection":["Breaking News"],"inLanguage":"sq"},{"@type":"WebPage","@id":"https:\/\/permbledhja.com\/sq\/sa-para-kane-shpenzuar-kosovaret-per-viza\/","url":"https:\/\/permbledhja.com\/sq\/sa-para-kane-shpenzuar-kosovaret-per-viza\/","name":"Sa para kan\u00eb shpenzuar kosovar\u00ebt p\u00ebr viza?","isPartOf":{"@id":"https:\/\/permbledhja.com\/#website"},"datePublished":"2023-04-18T07:28:29+00:00","dateModified":"2023-04-18T07:28:29+00:00","breadcrumb":{"@id":"https:\/\/permbledhja.com\/sq\/sa-para-kane-shpenzuar-kosovaret-per-viza\/#breadcrumb"},"inLanguage":"sq","potentialAction":[{"@type":"ReadAction","target":["https:\/\/permbledhja.com\/sq\/sa-para-kane-shpenzuar-kosovaret-per-viza\/"]}]},{"@type":"BreadcrumbList","@id":"https:\/\/permbledhja.com\/sq\/sa-para-kane-shpenzuar-kosovaret-per-viza\/#breadcrumb","itemListElement":[{"@type":"ListItem","position":1,"name":"Ballina","item":"https:\/\/permbledhja.com\/sq\/"},{"@type":"ListItem","position":2,"name":"Sa para kan\u00eb shpenzuar kosovar\u00ebt p\u00ebr viza?"}]},{"@type":"WebSite","@id":"https:\/\/permbledhja.com\/#website","url":"https:\/\/permbledhja.com\/","name":"Ve\u00e7 artikuj p\u00ebrmbledh\u00ebs","description":"","publisher":{"@id":"https:\/\/permbledhja.com\/#organization"},"potentialAction":[{"@type":"SearchAction","target":{"@type":"EntryPoint","urlTemplate":"https:\/\/permbledhja.com\/?s={search_term_string}"},"query-input":"required name=search_term_string"}],"inLanguage":"sq"},{"@type":"Organization","@id":"https:\/\/permbledhja.com\/#organization","name":"MK Media & Pr","url":"https:\/\/permbledhja.com\/","logo":{"@type":"ImageObject","inLanguage":"sq","@id":"https:\/\/permbledhja.com\/#\/schema\/logo\/image\/","url":"https:\/\/permbledhja.com\/wp-content\/uploads\/2021\/12\/07-Press-Logo.jpg","contentUrl":"https:\/\/permbledhja.com\/wp-content\/uploads\/2021\/12\/07-Press-Logo.jpg","width":512,"height":512,"caption":"MK Media & Pr"},"image":{"@id":"https:\/\/permbledhja.com\/#\/schema\/logo\/image\/"},"sameAs":["https:\/\/www.facebook.com\/press07\/"]},{"@type":"Person","@id":"https:\/\/permbledhja.com\/#\/schema\/person\/0d064377258d3221e50693947b9eb4fe","name":"P\u00ebrmbledhja","image":{"@type":"ImageObject","inLanguage":"sq","@id":"https:\/\/permbledhja.com\/#\/schema\/person\/image\/","url":"https:\/\/permbledhja.com\/wp-content\/uploads\/2026\/01\/452004717_1040944174702970_8932037511805513407_n-96x96.jpg","contentUrl":"https:\/\/permbledhja.com\/wp-content\/uploads\/2026\/01\/452004717_1040944174702970_8932037511805513407_n-96x96.jpg","caption":"P\u00ebrmbledhja"},"sameAs":["https:\/\/www.facebook.com\/kafexhiu.muharrem\/","https:\/\/www.instagram.com\/muharrem_kafexhiu\/"],"url":"https:\/\/permbledhja.com\/sq\/author\/admin\/"}]}},"_links":{"self":[{"href":"https:\/\/permbledhja.com\/sq\/wp-json\/wp\/v2\/posts\/14265"}],"collection":[{"href":"https:\/\/permbledhja.com\/sq\/wp-json\/wp\/v2\/posts"}],"about":[{"href":"https:\/\/permbledhja.com\/sq\/wp-json\/wp\/v2\/types\/post"}],"author":[{"embeddable":true,"href":"https:\/\/permbledhja.com\/sq\/wp-json\/wp\/v2\/users\/1"}],"replies":[{"embeddable":true,"href":"https:\/\/permbledhja.com\/sq\/wp-json\/wp\/v2\/comments?post=14265"}],"version-history":[{"count":1,"href":"https:\/\/permbledhja.com\/sq\/wp-json\/wp\/v2\/posts\/14265\/revisions"}],"predecessor-version":[{"id":14270,"href":"https:\/\/permbledhja.com\/sq\/wp-json\/wp\/v2\/posts\/14265\/revisions\/14270"}],"wp:featuredmedia":[{"embeddable":true,"href":"https:\/\/permbledhja.com\/sq\/wp-json\/wp\/v2\/media\/14266"}],"wp:attachment":[{"href":"https:\/\/permbledhja.com\/sq\/wp-json\/wp\/v2\/media?parent=14265"}],"wp:term":[{"taxonomy":"category","embeddable":true,"href":"https:\/\/permbledhja.com\/sq\/wp-json\/wp\/v2\/categories?post=14265"},{"taxonomy":"post_tag","embeddable":true,"href":"https:\/\/permbledhja.com\/sq\/wp-json\/wp\/v2\/tags?post=14265"}],"curies":[{"name":"wp","href":"https:\/\/api.w.org\/{rel}","templated":true}]}}