{"id":14118,"date":"2023-04-15T08:13:21","date_gmt":"2023-04-15T08:13:21","guid":{"rendered":"https:\/\/permbledhja.com\/?p=14118"},"modified":"2023-04-15T08:13:21","modified_gmt":"2023-04-15T08:13:21","slug":"18-vjet-nga-vrasja-e-enver-haradinajt-historia-e-nje-prej-atentateve-me-enigmatike","status":"publish","type":"post","link":"https:\/\/permbledhja.com\/sq\/18-vjet-nga-vrasja-e-enver-haradinajt-historia-e-nje-prej-atentateve-me-enigmatike\/","title":{"rendered":"18 vjet nga vrasja e Enver Haradinajt, historia e nj\u00eb prej atentateve m\u00eb enigmatike"},"content":{"rendered":"<p><strong>N\u00eb mosh\u00ebn 24 vje\u00e7are, n\u00eb nj\u00eb prit\u00eb t\u00eb organizuar n\u00eb 2005\u2019\u00ebn, u vra Enver Haradinaj, djali i pest\u00eb i Hilmi Haradinajt dhe v\u00ebllai i ish-kryeministrit Ramush Haradinaj. Ky ishte i treti q\u00eb ishte vrar\u00eb n\u00eb k\u00ebt\u00eb familje. Por, si u vra Enveri? Si e fali Ramush Haradinaj gjakun e v\u00ebllait n\u00eb dit\u00ebn e varrimit? Ku ishin Ramushi e Dauti n\u00eb koh\u00ebn kur iu vra v\u00ebllai? Express ju sjell nj\u00eb p\u00ebrmbledhje t\u00eb k\u00ebtij rasti, sot kur b\u00ebhen 18 vjet nga ngjarja tragjike.<\/strong><\/p>\n<p>N\u00eb prill t\u00eb vitit 2005, kishte ndodhur nj\u00eb nga ngjarjet m\u00eb tragjike n\u00eb Dukagjin. Ishte vrar\u00eb ish-luft\u00ebtari Enver Haradinaj, v\u00ebllai i ish-kryemininistrit e komandatit t\u00eb U\u00c7K\u2019s\u00eb, Ramush Haradinaj.<\/p>\n<p>Ai ishte vrar\u00eb n\u00eb prit\u00eb, derisa po kthehej nga Peja n\u00eb De\u00e7an. Mbi t\u00eb ishte hedhur bresh\u00ebri plumbash mes fshatit Lubeniq dhe Raushiq, n\u00eb magjistralen Pej\u00eb-Gjakov\u00eb.<\/p>\n<p>Enveri ndodhej n\u00eb xhipin e tipit \u201cOpel Montero\u201d, ngjyr\u00eb vishnje.<\/p>\n<p>Nga vetura q\u00eb kishte parakaluar xhipin ishte sht\u00ebn\u00eb gjat\u00eb disa dhjet\u00ebra metrave. Burime nga vendi ngjarjes tregonin se vetura kishte qen\u00eb e tipit \u201cAudi 80\u201d, ngjyr\u00eb e kuqe. Por, policia nuk kishte dh\u00ebn\u00eb ndonj\u00eb holl\u00ebsi, duke mohuar t\u00eb ken\u00eb ndonj\u00eb t\u00eb dh\u00ebn\u00eb.<\/p>\n<p>Policia kishte dal\u00eb n\u00eb vend t\u00eb ngjarjes dhjet\u00eb minuta m\u00eb von\u00eb, kur i plagosuri ishte d\u00ebrguar p\u00ebr n\u00eb Spital t\u00eb Pej\u00ebs.<\/p>\n<p>Plag\u00ebve t\u00eb r\u00ebnda q\u00eb kishte marr\u00eb, s\u2019kishte mundur t\u2019iu rezistoj\u00eb as deri n\u00eb hyrje t\u00eb qytetit. Kishte vdekur rrug\u00ebs.<\/p>\n<p>\u201cKrimi ka ndodhur rreth or\u00ebs 15:00, n\u00eb momentin kur viktima shkonte n\u00eb drejtim t\u00eb De\u00e7anit\u201d, kishte shpjeguar Zeqir Kelmendi, n\u00eb at\u00eb koh\u00eb z\u00ebdh\u00ebn\u00ebs i Sh\u00ebrbimit Policor t\u00eb Kosov\u00ebs p\u00ebr Rajonin e Pej\u00ebs.<\/p>\n<p><img loading=\"lazy\" decoding=\"async\" src=\"https:\/\/permbledhja.com\/wp-content\/uploads\/2023\/04\/g.png\" alt=\"\" width=\"823\" height=\"561\" class=\"alignnone size-full wp-image-14119\" srcset=\"https:\/\/permbledhja.com\/wp-content\/uploads\/2023\/04\/g.png 823w, https:\/\/permbledhja.com\/wp-content\/uploads\/2023\/04\/g-300x204.png 300w, https:\/\/permbledhja.com\/wp-content\/uploads\/2023\/04\/g-768x524.png 768w, https:\/\/permbledhja.com\/wp-content\/uploads\/2023\/04\/g-18x12.png 18w\" sizes=\"(max-width: 823px) 100vw, 823px\" \/><\/p>\n<p>N\u00eb deklarat\u00ebn e l\u00ebshuar nga Spitali i P\u00ebrgjithsh\u00ebm i Pej\u00ebs thuhej se Enveri kishte vdekur shum\u00eb para se t\u00eb arrinte n\u00eb Qendr\u00ebn Spitalore.<\/p>\n<p>Kufoma e Enverit m\u00eb von\u00eb ishte transportuar n\u00eb Institutin e Mjek\u00ebsis\u00eb Ligjore n\u00eb Rahovec, ku ishte b\u00ebr\u00eb obduksioni.<\/p>\n<p>Enveri ishte i treti djal\u00eb q\u00eb ishte vrar\u00eb nga familja Haradinaj. Dy djem\u00eb t\u00eb tjer\u00eb t\u00eb k\u00ebsaj familje, Luani dhe Shk\u00eblzeni, ishin vrar\u00eb gjat\u00eb luft\u00ebs.<\/p>\n<p>Ramushi dhe Dauti u liruan p\u00ebr t\u00eb marr\u00eb pjes\u00eb n\u00eb varrim<\/p>\n<p>Dy v\u00ebllez\u00ebrit e tjer\u00eb, Ramushi dhe Dauti, ndodheshin n\u00eb burg n\u00eb koh\u00ebn kur kishte ndodhur ngjarja tragjike.<\/p>\n<p>Ramushi ishte i arrestuar me akuz\u00eb t\u00eb Tribunalit t\u00eb Hag\u00ebs p\u00ebr krime lufte, derisa Dauti ishte i d\u00ebnuar me 5 vjet e gjysm\u00eb burgim p\u00ebr k\u00ebt\u00eb vep\u00ebr.<\/p>\n<p>N\u00eb varrimin e Enverit kishin marr\u00eb pjes\u00eb dhjet\u00ebra mij\u00ebra veta. P\u00ebr ceremonin\u00eb e varrimit kishte ardhur nga Haga Ramush Haradinaj, i cili ishte liruar me kusht, si dhe Daut Haradinaj, i cili ishte liruar p\u00ebr disa or\u00eb nga burgu i Dubrav\u00ebs.<\/p>\n<p><img loading=\"lazy\" decoding=\"async\" src=\"https:\/\/permbledhja.com\/wp-content\/uploads\/2023\/04\/22.png\" alt=\"\" width=\"816\" height=\"593\" class=\"alignnone size-full wp-image-14121\" srcset=\"https:\/\/permbledhja.com\/wp-content\/uploads\/2023\/04\/22.png 816w, https:\/\/permbledhja.com\/wp-content\/uploads\/2023\/04\/22-300x218.png 300w, https:\/\/permbledhja.com\/wp-content\/uploads\/2023\/04\/22-768x558.png 768w, https:\/\/permbledhja.com\/wp-content\/uploads\/2023\/04\/22-18x12.png 18w\" sizes=\"(max-width: 816px) 100vw, 816px\" \/><\/p>\n<p>N\u00eb Gllogjan kishin shkuar edhe personalitete t\u00eb larta t\u00eb jet\u00ebs politike e publike n\u00eb Kosov\u00eb, derisa ceremonia e varrimit ishte zhvilluar nga Trupat e Mbrojtjes s\u00eb Kosov\u00ebs.<\/p>\n<p>Derisa ceremonia e varrimit po zhvillohej, policia kishte njoftuar se kishte gjetur fakte t\u00eb reja p\u00ebr m\u00ebnyr\u00ebn e vrasjes s\u00eb Enver Haradinajt, por se nuk kishte arritur ende q\u00eb t\u00eb kap\u00eb ask\u00ebnd si t\u00eb dyshuar p\u00ebr k\u00ebt\u00eb vep\u00ebr penale.<\/p>\n<p>Z\u00ebdh\u00ebn\u00ebsi i at\u00ebhersh\u00ebm i policis\u00eb s\u00eb Kosov\u00ebs, Refki Morina, kishte th\u00ebn\u00eb se organet e hetuesis\u00eb dhe kriminalistik\u00ebs kan\u00eb gjetur prova t\u00eb reja n\u00eb vendin e ngjarjes:<\/p>\n<p>\u201cN\u00eb vendin e ngjarjes jan\u00eb gjetur disa g\u00ebzhoja t\u00eb kalibrit 7- 62 milimetra dhe n\u00eb vazhdim\u00ebsi do t\u00eb thoja pro\u00e7edura \u00ebsht\u00eb n\u00eb vazhdim duke u b\u00ebr\u00eb ekzamini i vetur\u00ebs dhe d\u00ebshmitari i rastit dhe d\u00ebshmive t\u00eb reja t\u00eb r\u00ebnd\u00ebsishme p\u00ebr k\u00ebt\u00eb rast. K\u00ebrkohet dhe nj\u00eb bashk\u00ebpunim m\u00eb i madh i banor\u00ebve t\u00eb k\u00ebsaj zone me policin\u00eb\u201d, kishte th\u00ebn\u00eb Morina.<\/p>\n<p>N\u00eb dit\u00ebn e varrimit t\u00eb Enver Haradinajt, n\u00eb Kosov\u00eb ishte shpallur dit\u00eb zie dhe t\u00eb gjitha aktivitetet publike ishin pezulluar.<\/p>\n<p><img loading=\"lazy\" decoding=\"async\" src=\"https:\/\/permbledhja.com\/wp-content\/uploads\/2023\/04\/33.png\" alt=\"\" width=\"820\" height=\"604\" class=\"alignnone size-full wp-image-14122\" srcset=\"https:\/\/permbledhja.com\/wp-content\/uploads\/2023\/04\/33.png 820w, https:\/\/permbledhja.com\/wp-content\/uploads\/2023\/04\/33-300x221.png 300w, https:\/\/permbledhja.com\/wp-content\/uploads\/2023\/04\/33-768x566.png 768w, https:\/\/permbledhja.com\/wp-content\/uploads\/2023\/04\/33-16x12.png 16w\" sizes=\"(max-width: 820px) 100vw, 820px\" \/><\/p>\n<p>Si e fali Ramushi gjakun e v\u00ebllait dit\u00ebn e varrimit?<\/p>\n<p>Ramush Haradinaj ishte deklaruar p\u00ebr vrasjen e v\u00ebllait, p\u00ebr her\u00eb t\u00eb par\u00eb n\u00eb Pressing t\u00eb T7.<\/p>\n<p>Kishte th\u00ebn\u00eb se at\u00eb dit\u00eb e kan\u00eb falur vras\u00ebsin, p\u00ebr t\u00eb mos vazhduar v\u00ebllavrasjen.<\/p>\n<p>\u201cMe rastin e Enverit, m\u2019kujtohet na at\u00eb dit\u00eb e kemi fal\u00eb. P\u00ebr shqiptar\u00eb e kemi fal\u00eb se e kemi dit\u00eb q\u00eb edhe q\u00ebllimi \u00ebsht\u00eb me t\u00eb shti n\u00eb ndonj\u00eb zingjir, me e bind dik\u00ebnd q\u00eb ti ia ke vra dik\u00ebnd. Kemi fol\u00eb, por na s\u2019kemi desht\u00eb me nxjerr ve\u00e7 familjarin ton\u00eb n\u2019drit\u00eb ose me na bind ne kush na ka vra, q\u00eb me vazhdu nj\u00eb v\u00ebllavrasje. Un\u00eb mendoj q\u00eb kjo agjend\u00eb, burimin s\u2019mundet me pas te shqiptar\u00ebt, agjenda e v\u00ebllavrasjes. N\u00eb fakt, shqiptar\u00ebt kan\u00eb dhan\u00eb shembuj q\u00eb din\u00eb me ndal\u00eb k\u00ebta, si rasti i Anton \u00c7et\u00ebs, L\u00ebvizja e Pajtimit etj. Un\u00eb mendoj q\u00eb pjesa e k\u00ebsaj mundet me kan\u00eb diku tjet\u00ebr. Nuk mundet me kan\u00eb n\u00eb Kosov\u00eb, nj\u00eb proces q\u00eb i d\u00ebmton njerzt\u00eb. S\u2019ka logjik\u00eb me kan\u00eb e Kosov\u00ebs\u201d, kishte deklaruar Haradinaj.<\/p>\n<p><img loading=\"lazy\" decoding=\"async\" src=\"https:\/\/permbledhja.com\/wp-content\/uploads\/2023\/04\/4.png\" alt=\"\" width=\"822\" height=\"661\" class=\"alignnone size-full wp-image-14123\" srcset=\"https:\/\/permbledhja.com\/wp-content\/uploads\/2023\/04\/4.png 822w, https:\/\/permbledhja.com\/wp-content\/uploads\/2023\/04\/4-300x241.png 300w, https:\/\/permbledhja.com\/wp-content\/uploads\/2023\/04\/4-768x618.png 768w, https:\/\/permbledhja.com\/wp-content\/uploads\/2023\/04\/4-15x12.png 15w\" sizes=\"(max-width: 822px) 100vw, 822px\" \/><\/p>\n<p>K\u00ebt\u00eb veprim t\u00eb v\u00ebllait, Daut Haradinaj e kishte cil\u00ebsuar triumf, n\u00eb nj\u00eb intervist\u00eb n\u00eb Pressing.<\/p>\n<p>Sipas Haradinajt, fjalimi i Ramushit n\u00eb ceremonin\u00eb e varrimit ndikoi q\u00eb Dukagjini t\u00eb qet\u00ebsohej.<\/p>\n<p>Ai tregon fjal\u00ebt q\u00eb kishte th\u00ebn\u00eb Ramushi, at\u00eb dit\u00eb. E p\u00ebr vrasjen e Enverit, ai kishte drejtuar gishtin ka sh\u00ebrbimet e jashtme.<\/p>\n<p>\u201cUn\u00eb hala vazhdoj me besu q\u00eb i nj\u00ebjti personalitet rus ka pas dor\u00eb n\u00eb gjitha ato fatkeq\u00ebsi q\u00eb kan\u00eb ndodh\u00eb n\u00eb Dukagjin, por mendoj q\u00eb poashtu triumfi i Ramushit i madh, p\u00ebrpos marr\u00ebveshjes me Rugov\u00ebn p\u00ebr bashk\u00ebqeverisje, \u00ebsht\u00eb edhe fjalimi i tij n\u00eb ceremonin\u00eb e varrimit. Ka qen\u00eb mllef i madh. Un\u00eb kom mb\u00ebrri dy or\u00eb ma her\u00ebt se Ramushi n\u00eb familje, pastaj ka ardh Ramushi, por ka qen\u00eb nj\u00eb tension, kur e ki gjith\u00eb at\u00eb mas\u00eb, padyshim nj\u00eb burr\u00eb i lig\u00eb e orienton keq at\u00eb mas\u00eb. Por, Ramushi bani burrni e tha le t\u00eb jet\u00eb kjo dhimbja e fundit n\u00eb familjet e shqiptar\u00ebve dhe shpresoj q\u00eb s\u2019o dor\u00eb shqiptare, por kushdo q\u00eb t\u2019\u00ebsht\u00eb, me k\u00ebt\u00eb rast po e mbylli\u201d, kishte deklaruar Dauti.<\/p>\n<p>18 vjet nga vrasja, ende s\u2019\u00ebsht\u00eb kapur vras\u00ebsi\/vras\u00ebsit<\/p>\n<p>Sot, jan\u00eb b\u00ebr\u00eb 18 vjet nga dita kur \u00ebsht\u00eb vrar\u00eb Enver Haradinaj. Rasti i vrasjes s\u00eb Enverit, ishte mbyllur, vet\u00ebm pak muaj pasi kishte ndodhur vrasja.<\/p>\n<p>Fillimisht p\u00ebr vrasjen e Enver Haradinajt, n\u00eb polici ishte vet\u00ebdor\u00ebzuar Tasim Osaj, si i dyshuar ta ket\u00eb kryer k\u00ebt\u00eb akt. Osaj ishte dor\u00ebzuar vullnetarisht n\u00eb korrik t\u00eb 2005. Por nj\u00eb vit m\u00eb von\u00eb, p\u00ebr shkak t\u00eb munges\u00ebs s\u00eb d\u00ebshmive, nj\u00eb gjykat\u00eb pezulloi rastin kund\u00ebr Osajt.<\/p>\n<p>K\u00ebt\u00eb rast tash po e heton Prokuroria e Pej\u00ebs. Para kat\u00ebr vjet\u00ebsh, p\u00ebr rastin ishte intervistuar edhe Ramush Haradinaj, n\u00eb cil\u00ebsin\u00eb e d\u00ebshmitarit.<\/p>\n<p>\u201cDje \u00ebsht\u00eb intervistuar Ramush Haradinaj, p\u00ebr k\u00ebt\u00eb prokurori \u00ebsht\u00eb duke nd\u00ebrmarr\u00eb veprime hetimore n\u00eb m\u00ebnyr\u00eb q\u00eb kjo \u00e7\u00ebshtje penale t\u00eb mbyllet sa m\u00eb par\u00eb\u201d, kishte th\u00ebn\u00eb Shkodran Nik\u00e7i, z\u00ebdh\u00ebn\u00ebs i Prokuroris\u00eb s\u00eb Pej\u00ebs.<\/p>\n<p>Vras\u00ebsi\/vras\u00ebsit e Enverit ende s\u2019jan\u00eb kapur.<\/p>\n<p><img loading=\"lazy\" decoding=\"async\" src=\"https:\/\/permbledhja.com\/wp-content\/uploads\/2023\/04\/mmmmmm.png\" alt=\"\" width=\"771\" height=\"636\" class=\"alignnone size-full wp-image-14124\" srcset=\"https:\/\/permbledhja.com\/wp-content\/uploads\/2023\/04\/mmmmmm.png 771w, https:\/\/permbledhja.com\/wp-content\/uploads\/2023\/04\/mmmmmm-300x247.png 300w, https:\/\/permbledhja.com\/wp-content\/uploads\/2023\/04\/mmmmmm-768x634.png 768w, https:\/\/permbledhja.com\/wp-content\/uploads\/2023\/04\/mmmmmm-15x12.png 15w\" sizes=\"(max-width: 771px) 100vw, 771px\" \/><\/p>\n","protected":false},"excerpt":{"rendered":"<p>N\u00eb mosh\u00ebn 24 vje\u00e7are, n\u00eb nj\u00eb prit\u00eb t\u00eb organizuar n\u00eb 2005\u2019\u00ebn, u vra Enver Haradinaj, djali i pest\u00eb i Hilmi Haradinajt dhe v\u00ebllai i ish-kryeministrit Ramush Haradinaj. Ky ishte i treti q\u00eb ishte vrar\u00eb n\u00eb k\u00ebt\u00eb familje. Por, si u vra Enveri? Si e fali Ramush Haradinaj gjakun e v\u00ebllait n\u00eb dit\u00ebn e varrimit? Ku [&hellip;]<\/p>\n","protected":false},"author":1,"featured_media":14120,"comment_status":"closed","ping_status":"closed","sticky":false,"template":"","format":"standard","meta":{"_monsterinsights_skip_tracking":false,"_monsterinsights_sitenote_active":false,"_monsterinsights_sitenote_note":"","_monsterinsights_sitenote_category":0,"_uf_show_specific_survey":0,"_uf_disable_surveys":false,"footnotes":""},"categories":[1],"tags":[1695],"yoast_head":"<!-- This site is optimized with the Yoast SEO plugin v21.5 - https:\/\/yoast.com\/wordpress\/plugins\/seo\/ -->\n<title>18 vjet nga vrasja e Enver Haradinajt, historia e nj\u00eb prej atentateve m\u00eb enigmatike<\/title>\n<meta name=\"robots\" content=\"index, follow, max-snippet:-1, max-image-preview:large, max-video-preview:-1\" \/>\n<link rel=\"canonical\" href=\"https:\/\/permbledhja.com\/sq\/18-vjet-nga-vrasja-e-enver-haradinajt-historia-e-nje-prej-atentateve-me-enigmatike\/\" \/>\n<meta property=\"og:locale\" content=\"sq_AL\" \/>\n<meta property=\"og:type\" content=\"article\" \/>\n<meta property=\"og:title\" content=\"18 vjet nga vrasja e Enver Haradinajt, historia e nj\u00eb prej atentateve m\u00eb enigmatike\" \/>\n<meta property=\"og:description\" content=\"N\u00eb mosh\u00ebn 24 vje\u00e7are, n\u00eb nj\u00eb prit\u00eb t\u00eb organizuar n\u00eb 2005\u2019\u00ebn, u vra Enver Haradinaj, djali i pest\u00eb i Hilmi Haradinajt dhe v\u00ebllai i ish-kryeministrit Ramush Haradinaj. Ky ishte i treti q\u00eb ishte vrar\u00eb n\u00eb k\u00ebt\u00eb familje. Por, si u vra Enveri? Si e fali Ramush Haradinaj gjakun e v\u00ebllait n\u00eb dit\u00ebn e varrimit? Ku [&hellip;]\" \/>\n<meta property=\"og:url\" content=\"https:\/\/permbledhja.com\/sq\/18-vjet-nga-vrasja-e-enver-haradinajt-historia-e-nje-prej-atentateve-me-enigmatike\/\" \/>\n<meta property=\"og:site_name\" content=\"Ve\u00e7 artikuj p\u00ebrmbledh\u00ebs\" \/>\n<meta property=\"article:publisher\" content=\"https:\/\/www.facebook.com\/press07\/\" \/>\n<meta property=\"article:author\" content=\"https:\/\/www.facebook.com\/kafexhiu.muharrem\/\" \/>\n<meta property=\"article:published_time\" content=\"2023-04-15T08:13:21+00:00\" \/>\n<meta property=\"og:image\" content=\"https:\/\/permbledhja.com\/wp-content\/uploads\/2023\/04\/his-600x360-1.webp\" \/>\n\t<meta property=\"og:image:width\" content=\"600\" \/>\n\t<meta property=\"og:image:height\" content=\"360\" \/>\n\t<meta property=\"og:image:type\" content=\"image\/webp\" \/>\n<meta name=\"author\" content=\"P\u00ebrmbledhja\" \/>\n<meta name=\"twitter:card\" content=\"summary_large_image\" \/>\n<meta name=\"twitter:label1\" content=\"Written by\" \/>\n\t<meta name=\"twitter:data1\" content=\"P\u00ebrmbledhja\" \/>\n\t<meta name=\"twitter:label2\" content=\"Est. reading time\" \/>\n\t<meta name=\"twitter:data2\" content=\"6 minuta\" \/>\n<script type=\"application\/ld+json\" class=\"yoast-schema-graph\">{\"@context\":\"https:\/\/schema.org\",\"@graph\":[{\"@type\":\"Article\",\"@id\":\"https:\/\/permbledhja.com\/18-vjet-nga-vrasja-e-enver-haradinajt-historia-e-nje-prej-atentateve-me-enigmatike\/#article\",\"isPartOf\":{\"@id\":\"https:\/\/permbledhja.com\/18-vjet-nga-vrasja-e-enver-haradinajt-historia-e-nje-prej-atentateve-me-enigmatike\/\"},\"author\":{\"name\":\"P\u00ebrmbledhja\",\"@id\":\"https:\/\/permbledhja.com\/#\/schema\/person\/0d064377258d3221e50693947b9eb4fe\"},\"headline\":\"18 vjet nga vrasja e Enver Haradinajt, historia e nj\u00eb prej atentateve m\u00eb enigmatike\",\"datePublished\":\"2023-04-15T08:13:21+00:00\",\"dateModified\":\"2023-04-15T08:13:21+00:00\",\"mainEntityOfPage\":{\"@id\":\"https:\/\/permbledhja.com\/18-vjet-nga-vrasja-e-enver-haradinajt-historia-e-nje-prej-atentateve-me-enigmatike\/\"},\"wordCount\":1268,\"publisher\":{\"@id\":\"https:\/\/permbledhja.com\/#organization\"},\"keywords\":[\"Enver Haradinaj\"],\"articleSection\":[\"Breaking News\"],\"inLanguage\":\"sq\"},{\"@type\":\"WebPage\",\"@id\":\"https:\/\/permbledhja.com\/18-vjet-nga-vrasja-e-enver-haradinajt-historia-e-nje-prej-atentateve-me-enigmatike\/\",\"url\":\"https:\/\/permbledhja.com\/18-vjet-nga-vrasja-e-enver-haradinajt-historia-e-nje-prej-atentateve-me-enigmatike\/\",\"name\":\"18 vjet nga vrasja e Enver Haradinajt, historia e nj\u00eb prej atentateve m\u00eb enigmatike\",\"isPartOf\":{\"@id\":\"https:\/\/permbledhja.com\/#website\"},\"datePublished\":\"2023-04-15T08:13:21+00:00\",\"dateModified\":\"2023-04-15T08:13:21+00:00\",\"breadcrumb\":{\"@id\":\"https:\/\/permbledhja.com\/18-vjet-nga-vrasja-e-enver-haradinajt-historia-e-nje-prej-atentateve-me-enigmatike\/#breadcrumb\"},\"inLanguage\":\"sq\",\"potentialAction\":[{\"@type\":\"ReadAction\",\"target\":[\"https:\/\/permbledhja.com\/18-vjet-nga-vrasja-e-enver-haradinajt-historia-e-nje-prej-atentateve-me-enigmatike\/\"]}]},{\"@type\":\"BreadcrumbList\",\"@id\":\"https:\/\/permbledhja.com\/18-vjet-nga-vrasja-e-enver-haradinajt-historia-e-nje-prej-atentateve-me-enigmatike\/#breadcrumb\",\"itemListElement\":[{\"@type\":\"ListItem\",\"position\":1,\"name\":\"Ballina\",\"item\":\"https:\/\/permbledhja.com\/sq\/\"},{\"@type\":\"ListItem\",\"position\":2,\"name\":\"18 vjet nga vrasja e Enver Haradinajt, historia e nj\u00eb prej atentateve m\u00eb enigmatike\"}]},{\"@type\":\"WebSite\",\"@id\":\"https:\/\/permbledhja.com\/#website\",\"url\":\"https:\/\/permbledhja.com\/\",\"name\":\"Ve\u00e7 artikuj p\u00ebrmbledh\u00ebs\",\"description\":\"\",\"publisher\":{\"@id\":\"https:\/\/permbledhja.com\/#organization\"},\"potentialAction\":[{\"@type\":\"SearchAction\",\"target\":{\"@type\":\"EntryPoint\",\"urlTemplate\":\"https:\/\/permbledhja.com\/?s={search_term_string}\"},\"query-input\":\"required name=search_term_string\"}],\"inLanguage\":\"sq\"},{\"@type\":\"Organization\",\"@id\":\"https:\/\/permbledhja.com\/#organization\",\"name\":\"MK Media & Pr\",\"url\":\"https:\/\/permbledhja.com\/\",\"logo\":{\"@type\":\"ImageObject\",\"inLanguage\":\"sq\",\"@id\":\"https:\/\/permbledhja.com\/#\/schema\/logo\/image\/\",\"url\":\"https:\/\/permbledhja.com\/wp-content\/uploads\/2021\/12\/07-Press-Logo.jpg\",\"contentUrl\":\"https:\/\/permbledhja.com\/wp-content\/uploads\/2021\/12\/07-Press-Logo.jpg\",\"width\":512,\"height\":512,\"caption\":\"MK Media & Pr\"},\"image\":{\"@id\":\"https:\/\/permbledhja.com\/#\/schema\/logo\/image\/\"},\"sameAs\":[\"https:\/\/www.facebook.com\/press07\/\"]},{\"@type\":\"Person\",\"@id\":\"https:\/\/permbledhja.com\/#\/schema\/person\/0d064377258d3221e50693947b9eb4fe\",\"name\":\"P\u00ebrmbledhja\",\"image\":{\"@type\":\"ImageObject\",\"inLanguage\":\"sq\",\"@id\":\"https:\/\/permbledhja.com\/#\/schema\/person\/image\/\",\"url\":\"https:\/\/permbledhja.com\/wp-content\/uploads\/2026\/01\/452004717_1040944174702970_8932037511805513407_n-96x96.jpg\",\"contentUrl\":\"https:\/\/permbledhja.com\/wp-content\/uploads\/2026\/01\/452004717_1040944174702970_8932037511805513407_n-96x96.jpg\",\"caption\":\"P\u00ebrmbledhja\"},\"sameAs\":[\"https:\/\/www.facebook.com\/kafexhiu.muharrem\/\",\"https:\/\/www.instagram.com\/muharrem_kafexhiu\/\"],\"url\":\"https:\/\/permbledhja.com\/sq\/author\/admin\/\"}]}<\/script>\n<!-- \/ Yoast SEO plugin. -->","yoast_head_json":{"title":"18 vjet nga vrasja e Enver Haradinajt, historia e nj\u00eb prej atentateve m\u00eb enigmatike","robots":{"index":"index","follow":"follow","max-snippet":"max-snippet:-1","max-image-preview":"max-image-preview:large","max-video-preview":"max-video-preview:-1"},"canonical":"https:\/\/permbledhja.com\/sq\/18-vjet-nga-vrasja-e-enver-haradinajt-historia-e-nje-prej-atentateve-me-enigmatike\/","og_locale":"sq_AL","og_type":"article","og_title":"18 vjet nga vrasja e Enver Haradinajt, historia e nj\u00eb prej atentateve m\u00eb enigmatike","og_description":"N\u00eb mosh\u00ebn 24 vje\u00e7are, n\u00eb nj\u00eb prit\u00eb t\u00eb organizuar n\u00eb 2005\u2019\u00ebn, u vra Enver Haradinaj, djali i pest\u00eb i Hilmi Haradinajt dhe v\u00ebllai i ish-kryeministrit Ramush Haradinaj. Ky ishte i treti q\u00eb ishte vrar\u00eb n\u00eb k\u00ebt\u00eb familje. Por, si u vra Enveri? Si e fali Ramush Haradinaj gjakun e v\u00ebllait n\u00eb dit\u00ebn e varrimit? Ku [&hellip;]","og_url":"https:\/\/permbledhja.com\/sq\/18-vjet-nga-vrasja-e-enver-haradinajt-historia-e-nje-prej-atentateve-me-enigmatike\/","og_site_name":"Ve\u00e7 artikuj p\u00ebrmbledh\u00ebs","article_publisher":"https:\/\/www.facebook.com\/press07\/","article_author":"https:\/\/www.facebook.com\/kafexhiu.muharrem\/","article_published_time":"2023-04-15T08:13:21+00:00","og_image":[{"width":600,"height":360,"url":"https:\/\/permbledhja.com\/wp-content\/uploads\/2023\/04\/his-600x360-1.webp","type":"image\/webp"}],"author":"P\u00ebrmbledhja","twitter_card":"summary_large_image","twitter_misc":{"Written by":"P\u00ebrmbledhja","Est. reading time":"6 minuta"},"schema":{"@context":"https:\/\/schema.org","@graph":[{"@type":"Article","@id":"https:\/\/permbledhja.com\/18-vjet-nga-vrasja-e-enver-haradinajt-historia-e-nje-prej-atentateve-me-enigmatike\/#article","isPartOf":{"@id":"https:\/\/permbledhja.com\/18-vjet-nga-vrasja-e-enver-haradinajt-historia-e-nje-prej-atentateve-me-enigmatike\/"},"author":{"name":"P\u00ebrmbledhja","@id":"https:\/\/permbledhja.com\/#\/schema\/person\/0d064377258d3221e50693947b9eb4fe"},"headline":"18 vjet nga vrasja e Enver Haradinajt, historia e nj\u00eb prej atentateve m\u00eb enigmatike","datePublished":"2023-04-15T08:13:21+00:00","dateModified":"2023-04-15T08:13:21+00:00","mainEntityOfPage":{"@id":"https:\/\/permbledhja.com\/18-vjet-nga-vrasja-e-enver-haradinajt-historia-e-nje-prej-atentateve-me-enigmatike\/"},"wordCount":1268,"publisher":{"@id":"https:\/\/permbledhja.com\/#organization"},"keywords":["Enver Haradinaj"],"articleSection":["Breaking News"],"inLanguage":"sq"},{"@type":"WebPage","@id":"https:\/\/permbledhja.com\/18-vjet-nga-vrasja-e-enver-haradinajt-historia-e-nje-prej-atentateve-me-enigmatike\/","url":"https:\/\/permbledhja.com\/18-vjet-nga-vrasja-e-enver-haradinajt-historia-e-nje-prej-atentateve-me-enigmatike\/","name":"18 vjet nga vrasja e Enver Haradinajt, historia e nj\u00eb prej atentateve m\u00eb enigmatike","isPartOf":{"@id":"https:\/\/permbledhja.com\/#website"},"datePublished":"2023-04-15T08:13:21+00:00","dateModified":"2023-04-15T08:13:21+00:00","breadcrumb":{"@id":"https:\/\/permbledhja.com\/18-vjet-nga-vrasja-e-enver-haradinajt-historia-e-nje-prej-atentateve-me-enigmatike\/#breadcrumb"},"inLanguage":"sq","potentialAction":[{"@type":"ReadAction","target":["https:\/\/permbledhja.com\/18-vjet-nga-vrasja-e-enver-haradinajt-historia-e-nje-prej-atentateve-me-enigmatike\/"]}]},{"@type":"BreadcrumbList","@id":"https:\/\/permbledhja.com\/18-vjet-nga-vrasja-e-enver-haradinajt-historia-e-nje-prej-atentateve-me-enigmatike\/#breadcrumb","itemListElement":[{"@type":"ListItem","position":1,"name":"Ballina","item":"https:\/\/permbledhja.com\/sq\/"},{"@type":"ListItem","position":2,"name":"18 vjet nga vrasja e Enver Haradinajt, historia e nj\u00eb prej atentateve m\u00eb enigmatike"}]},{"@type":"WebSite","@id":"https:\/\/permbledhja.com\/#website","url":"https:\/\/permbledhja.com\/","name":"Ve\u00e7 artikuj p\u00ebrmbledh\u00ebs","description":"","publisher":{"@id":"https:\/\/permbledhja.com\/#organization"},"potentialAction":[{"@type":"SearchAction","target":{"@type":"EntryPoint","urlTemplate":"https:\/\/permbledhja.com\/?s={search_term_string}"},"query-input":"required name=search_term_string"}],"inLanguage":"sq"},{"@type":"Organization","@id":"https:\/\/permbledhja.com\/#organization","name":"MK Media & Pr","url":"https:\/\/permbledhja.com\/","logo":{"@type":"ImageObject","inLanguage":"sq","@id":"https:\/\/permbledhja.com\/#\/schema\/logo\/image\/","url":"https:\/\/permbledhja.com\/wp-content\/uploads\/2021\/12\/07-Press-Logo.jpg","contentUrl":"https:\/\/permbledhja.com\/wp-content\/uploads\/2021\/12\/07-Press-Logo.jpg","width":512,"height":512,"caption":"MK Media & Pr"},"image":{"@id":"https:\/\/permbledhja.com\/#\/schema\/logo\/image\/"},"sameAs":["https:\/\/www.facebook.com\/press07\/"]},{"@type":"Person","@id":"https:\/\/permbledhja.com\/#\/schema\/person\/0d064377258d3221e50693947b9eb4fe","name":"P\u00ebrmbledhja","image":{"@type":"ImageObject","inLanguage":"sq","@id":"https:\/\/permbledhja.com\/#\/schema\/person\/image\/","url":"https:\/\/permbledhja.com\/wp-content\/uploads\/2026\/01\/452004717_1040944174702970_8932037511805513407_n-96x96.jpg","contentUrl":"https:\/\/permbledhja.com\/wp-content\/uploads\/2026\/01\/452004717_1040944174702970_8932037511805513407_n-96x96.jpg","caption":"P\u00ebrmbledhja"},"sameAs":["https:\/\/www.facebook.com\/kafexhiu.muharrem\/","https:\/\/www.instagram.com\/muharrem_kafexhiu\/"],"url":"https:\/\/permbledhja.com\/sq\/author\/admin\/"}]}},"_links":{"self":[{"href":"https:\/\/permbledhja.com\/sq\/wp-json\/wp\/v2\/posts\/14118"}],"collection":[{"href":"https:\/\/permbledhja.com\/sq\/wp-json\/wp\/v2\/posts"}],"about":[{"href":"https:\/\/permbledhja.com\/sq\/wp-json\/wp\/v2\/types\/post"}],"author":[{"embeddable":true,"href":"https:\/\/permbledhja.com\/sq\/wp-json\/wp\/v2\/users\/1"}],"replies":[{"embeddable":true,"href":"https:\/\/permbledhja.com\/sq\/wp-json\/wp\/v2\/comments?post=14118"}],"version-history":[{"count":1,"href":"https:\/\/permbledhja.com\/sq\/wp-json\/wp\/v2\/posts\/14118\/revisions"}],"predecessor-version":[{"id":14125,"href":"https:\/\/permbledhja.com\/sq\/wp-json\/wp\/v2\/posts\/14118\/revisions\/14125"}],"wp:featuredmedia":[{"embeddable":true,"href":"https:\/\/permbledhja.com\/sq\/wp-json\/wp\/v2\/media\/14120"}],"wp:attachment":[{"href":"https:\/\/permbledhja.com\/sq\/wp-json\/wp\/v2\/media?parent=14118"}],"wp:term":[{"taxonomy":"category","embeddable":true,"href":"https:\/\/permbledhja.com\/sq\/wp-json\/wp\/v2\/categories?post=14118"},{"taxonomy":"post_tag","embeddable":true,"href":"https:\/\/permbledhja.com\/sq\/wp-json\/wp\/v2\/tags?post=14118"}],"curies":[{"name":"wp","href":"https:\/\/api.w.org\/{rel}","templated":true}]}}