{"id":14114,"date":"2023-04-15T07:37:41","date_gmt":"2023-04-15T07:37:41","guid":{"rendered":"https:\/\/permbledhja.com\/?p=14114"},"modified":"2023-04-15T07:37:41","modified_gmt":"2023-04-15T07:37:41","slug":"si-do-te-kompensohen-qytetaret-qe-paguan-per-rrymen-ne-veri-hesht-zrre-ja","status":"publish","type":"post","link":"https:\/\/permbledhja.com\/sq\/si-do-te-kompensohen-qytetaret-qe-paguan-per-rrymen-ne-veri-hesht-zrre-ja\/","title":{"rendered":"Si do t\u00eb kompensohen qytetar\u00ebt q\u00eb paguan p\u00ebr rrym\u00ebn n\u00eb veri? Hesht ZRrE-ja"},"content":{"rendered":"<p><strong>Zyra e Rregullatorit p\u00ebr Energji s\u2019ka treguar se si dhe sa do t\u00eb kompensohen qytetar\u00ebt q\u00eb kan\u00eb paguar p\u00ebr rrym\u00ebn e shpenzuar n\u00eb kat\u00ebr komunat veriore t\u00eb vendit. Nga ky institucion vet\u00ebm kan\u00eb th\u00ebn\u00eb se jan\u00eb n\u00eb proces t\u00eb vler\u00ebsimit t\u00eb aktgjykimit t\u00eb Supremes dhe se n\u00eb p\u00ebrputhje me dispozitat ligjore ne fuqi do te nd\u00ebrmarrin veprimet e nevojshme.<\/strong><\/p>\n<p>Gjykata Supreme u ka dh\u00ebn\u00eb t\u00eb drejt\u00eb qytetar\u00ebve q\u00eb t\u00eb k\u00ebrkojn\u00eb kompensim p\u00ebr faturimin q\u00eb u \u00ebsht\u00eb b\u00ebr\u00eb p\u00ebr disa vite p\u00ebr rrym\u00ebn e shpenzuar n\u00eb kat\u00ebr komunat veriore, duke refuzuar k\u00ebshtu k\u00ebrkes\u00ebn e ZRRE\u2019s\u00eb.<\/p>\n<p>Sipas Aktgjykimit t\u00eb Supremes, ata kan\u00eb t\u00eb drejt\u00eb p\u00ebr kthimin e k\u00ebtyre mjeteve. Pretendimet lidhur me arsyetimin e mos inkasimit n\u00eb k\u00ebto komuna me shkaqe sigurie dhe mos pasjes qasje n\u00eb leximin e njehsor\u00ebve n\u00eb at\u00eb pjes\u00eb, Supremja i ka konsideruar si t\u00eb paq\u00ebndrueshme.<\/p>\n<p>\u201cPrandaj, nuk jan\u00eb t\u00eb q\u00ebndrueshme pretendimet lidhur me arsyetimin e mos inkasimit n\u00eb kat\u00ebr komunat e veriut me shkaqe sigurie dhe mos pasjes qasje n\u00eb leximin e njehsor\u00ebve n\u00eb at\u00eb pjes\u00eb, sepse nuk justifikohet q\u00eb qytetar\u00ebt tjer\u00eb p\u00ebr k\u00ebto arsye t\u00eb ngarkohen me pages\u00ebn e energjis\u00eb elektrike t\u00eb harxhuar pa nj\u00eb baz\u00eb ligjore. Prandaj me k\u00ebt\u00eb faturim dhe pages\u00eb \u00ebsht\u00eb b\u00ebr\u00eb trajtim jo i barabart\u00eb i qytetar\u00ebve t\u00eb Kosov\u00ebs, e q\u00eb bie ndesh me nenin 55 par. 4, t\u00eb Kushtetut\u00ebs, trajtim i pabarabart\u00eb, t\u00eb cituar si n\u00eb aktgjykimet e gjykatave t\u00eb instancave m\u00eb t\u00eb ul\u00ebta, sepse \u00ebsht\u00eb b\u00ebr\u00eb kufizim i t\u00eb drejtave t\u00eb njeriut. Andaj bazuar n\u00eb nenin 194 t\u00eb LMD, konsumator\u00ebt, t\u00eb cil\u00ebt pa baz\u00eb ligjore dhe pa dijenin\u00eb e tyre jan\u00eb faturuar dhe kan\u00eb paguar p\u00ebr energjin\u00eb e shpenzuar n\u00eb veri, u lind\u00eb e drejta p\u00ebr kthimin e shum\u00ebs s\u00eb paguar si kan\u00eb vendosur gjykatat e instancave m\u00eb t\u00eb ul\u00ebta\u201d, ka njoftuar Supremja.<\/p>\n<p>Nga Zyra e Rregullatorit p\u00ebr Energji kan\u00eb treguar se e kan\u00eb pranuar Aktgjykimin e Supremes.<\/p>\n<p>Petrit Pepaj nga ZRRE i ka th\u00ebn\u00eb Gazet\u00ebs Express se \u00ebsht\u00eb n\u00eb proces t\u00eb vler\u00ebsimit t\u00eb k\u00ebtij aktgjykimi dhe se n\u00eb p\u00ebrputhje me dispozitat ligjore ne fuqi, ZRRE do te nd\u00ebrmerr veprimet e nevojshme.<\/p>\n<p>Nga ky institucion s\u2019jan\u00eb p\u00ebrgjigjur p\u00ebr m\u00ebnyr\u00ebn apo shum\u00ebn q\u00eb do t\u00eb kompensohen konsumator\u00ebt.<\/p>\n<p>\u201cZyra e Rregullatorit p\u00ebr Energji, ka pranuar Aktgjykimin nga Gjykata Supreme me dat\u00eb 3 prill 2023. Zyra e Rregullatorit p\u00ebr Energji, \u00ebsht\u00eb n\u00eb proces t\u00eb vler\u00ebsimit t\u00eb k\u00ebtij aktgjykimi dhe n\u00eb p\u00ebrputhje me dispozitat ligjore ne fuqi do te nd\u00ebrmerr veprimet e nevojshme\u201d, thuhet n\u00eb p\u00ebrgjigjen e Pepajt.<\/p>\n<p>P\u00ebrmes nj\u00eb Aktgjykimi q\u00eb ishte nxjerr\u00eb nga Gjykata Themelore e Prishtin\u00ebs, ZRRE obligohej q\u00eb t\u00eb nd\u00ebrmarr\u00eb veprime q\u00eb e obligojn\u00eb KEDS-in q\u00eb t\u00eb b\u00ebj\u00eb kompensimin e d\u00ebmit konsumator\u00ebve t\u00eb cil\u00ebt jan\u00eb faturuar p\u00ebr shpenzimin e energjis\u00eb elektrike n\u00eb kat\u00ebr komunat veriore t\u00eb Republik\u00ebs s\u00eb Kosov\u00ebs, n\u00eb vler\u00eb prej 40 milion\u00eb e 855.480.00 euro.<\/p>\n<p>Ndryshe, n\u00eb nj\u00eb postim t\u00eb b\u00ebr\u00eb para nj\u00eb muaji, Kryeministri Albin Kurti, ka th\u00ebn\u00eb se se q\u00eb nga viti 1999, p\u00ebr shkak t\u00eb veprimeve t\u00eb Serbis\u00eb, Kosova ka humbur mbi 300 milion\u00eb euro nga faturat e rrym\u00ebs dhe ujit q\u00eb serb\u00ebt n\u00eb veri nuk kan\u00eb paguar.<\/p>\n<p>Kurti tha se p\u00ebr mospages\u00ebn e faturave n\u00eb veri nuk kan\u00eb faj serb\u00ebt q\u00eb jetojn\u00eb atje, por ai p\u00ebr k\u00ebt\u00eb faj\u00ebsoi \u201cstrukturat paralele t\u00eb kontrolluara nga Serbia\u201d.<\/p>\n<p>\u201cQ\u00eb nga viti 1999, Kosova ka humbur mbi 300 milion\u00eb euro p\u00ebr shkak t\u00eb veprimeve t\u00eb Serbis\u00eb, sikurse jan\u00eb mbajtja e tarifave t\u00eb transmisionit dhe detyrimi i tregtar\u00ebve q\u00eb t\u00eb paguajn\u00eb TVSH-n\u00eb te Serbia p\u00ebr tregtin\u00eb ton\u00eb t\u00eb energjis\u00eb elektrike. Edhe tani, refuzimi i Beogradit p\u00ebr t\u00eb lejuar tregtin\u00eb Kosov\u00eb-Serbi, i kushton Kosov\u00ebs deri n\u00eb 10 milion\u00eb euro n\u00eb muaj\u201d, shkroi Kurti.<\/p>\n<p>Qytetar\u00ebt e k\u00ebtyre komunave q\u00eb nga viti 1999 nuk paguajn\u00eb p\u00ebr energjin\u00eb e shpenzuar. P\u00ebrgjat\u00eb viteve, borxhi i tyre \u00ebsht\u00eb paguar nga qytetar\u00ebt e komunave t\u00eb tjera t\u00eb Kosov\u00ebs dhe q\u00eb nga viti 2017 nga Qeveria e Kosov\u00ebs.<\/p>\n<p>Kosova dhe Serbia, n\u00eb kuad\u00ebr t\u00eb dialogut t\u00eb nd\u00ebrmjet\u00ebsuar nga Bashkimi Evropian, m\u00eb 2013 kan\u00eb arritur Marr\u00ebveshje p\u00ebr energjin\u00eb, q\u00eb synon rregullimin e \u00e7\u00ebshtjes s\u00eb furnizimit dhe faturimit t\u00eb energjis\u00eb elektrike n\u00eb kat\u00ebr komunat n\u00eb veri, t\u00eb banuar me shumic\u00eb serbe.<\/p>\n<p>Por, kjo marr\u00ebveshje nuk \u00ebsht\u00eb zbatuar dhe n\u00eb qershor t\u00eb vitit 2022, pal\u00ebt arrit\u00ebn pajtueshm\u00ebri p\u00ebr zbatimin e marr\u00ebveshjes ekzistuese p\u00ebr energjin\u00eb, p\u00ebrmes nj\u00eb udh\u00ebrr\u00ebfyesi p\u00ebr energjin\u00eb.<\/p>\n<p>Megjithat\u00eb, as ky udh\u00ebrr\u00ebfyes nuk \u00ebsht\u00eb zbatuar dhe gjat\u00eb vitit t\u00eb kaluar, BE-ja ka pranuar se ka vonesa n\u00eb zbatimin e tij, duke theksuar se p\u00ebrgjegj\u00ebsin\u00eb p\u00ebrfundimtare p\u00ebr zbatimin e udh\u00ebrr\u00ebfyesit e kan\u00eb Kosova dhe Serbia.<\/p>\n","protected":false},"excerpt":{"rendered":"<p>Zyra e Rregullatorit p\u00ebr Energji s\u2019ka treguar se si dhe sa do t\u00eb kompensohen qytetar\u00ebt q\u00eb kan\u00eb paguar p\u00ebr rrym\u00ebn e shpenzuar n\u00eb kat\u00ebr komunat veriore t\u00eb vendit. Nga ky institucion vet\u00ebm kan\u00eb th\u00ebn\u00eb se jan\u00eb n\u00eb proces t\u00eb vler\u00ebsimit t\u00eb aktgjykimit t\u00eb Supremes dhe se n\u00eb p\u00ebrputhje me dispozitat ligjore ne fuqi do te [&hellip;]<\/p>\n","protected":false},"author":1,"featured_media":14115,"comment_status":"closed","ping_status":"closed","sticky":false,"template":"","format":"standard","meta":{"_monsterinsights_skip_tracking":false,"_monsterinsights_sitenote_active":false,"_monsterinsights_sitenote_note":"","_monsterinsights_sitenote_category":0,"_uf_show_specific_survey":0,"_uf_disable_surveys":false,"footnotes":""},"categories":[23,15],"tags":[245],"yoast_head":"<!-- This site is optimized with the Yoast SEO plugin v21.5 - https:\/\/yoast.com\/wordpress\/plugins\/seo\/ -->\n<title>Si do t\u00eb kompensohen qytetar\u00ebt q\u00eb paguan p\u00ebr rrym\u00ebn n\u00eb veri? Hesht ZRrE-ja<\/title>\n<meta name=\"robots\" content=\"index, follow, max-snippet:-1, max-image-preview:large, max-video-preview:-1\" \/>\n<link rel=\"canonical\" href=\"https:\/\/permbledhja.com\/sq\/si-do-te-kompensohen-qytetaret-qe-paguan-per-rrymen-ne-veri-hesht-zrre-ja\/\" \/>\n<meta property=\"og:locale\" content=\"sq_AL\" \/>\n<meta property=\"og:type\" content=\"article\" \/>\n<meta property=\"og:title\" content=\"Si do t\u00eb kompensohen qytetar\u00ebt q\u00eb paguan p\u00ebr rrym\u00ebn n\u00eb veri? Hesht ZRrE-ja\" \/>\n<meta property=\"og:description\" content=\"Zyra e Rregullatorit p\u00ebr Energji s\u2019ka treguar se si dhe sa do t\u00eb kompensohen qytetar\u00ebt q\u00eb kan\u00eb paguar p\u00ebr rrym\u00ebn e shpenzuar n\u00eb kat\u00ebr komunat veriore t\u00eb vendit. Nga ky institucion vet\u00ebm kan\u00eb th\u00ebn\u00eb se jan\u00eb n\u00eb proces t\u00eb vler\u00ebsimit t\u00eb aktgjykimit t\u00eb Supremes dhe se n\u00eb p\u00ebrputhje me dispozitat ligjore ne fuqi do te [&hellip;]\" \/>\n<meta property=\"og:url\" content=\"https:\/\/permbledhja.com\/sq\/si-do-te-kompensohen-qytetaret-qe-paguan-per-rrymen-ne-veri-hesht-zrre-ja\/\" \/>\n<meta property=\"og:site_name\" content=\"Ve\u00e7 artikuj p\u00ebrmbledh\u00ebs\" \/>\n<meta property=\"article:publisher\" content=\"https:\/\/www.facebook.com\/press07\/\" \/>\n<meta property=\"article:author\" content=\"https:\/\/www.facebook.com\/kafexhiu.muharrem\/\" \/>\n<meta property=\"article:published_time\" content=\"2023-04-15T07:37:41+00:00\" \/>\n<meta property=\"og:image\" content=\"https:\/\/permbledhja.com\/wp-content\/uploads\/2023\/04\/fatura-energji-600x360-1.webp\" \/>\n\t<meta property=\"og:image:width\" content=\"600\" \/>\n\t<meta property=\"og:image:height\" content=\"360\" \/>\n\t<meta property=\"og:image:type\" content=\"image\/webp\" \/>\n<meta name=\"author\" content=\"P\u00ebrmbledhja\" \/>\n<meta name=\"twitter:card\" content=\"summary_large_image\" \/>\n<meta name=\"twitter:label1\" content=\"Written by\" \/>\n\t<meta name=\"twitter:data1\" content=\"P\u00ebrmbledhja\" \/>\n\t<meta name=\"twitter:label2\" content=\"Est. reading time\" \/>\n\t<meta name=\"twitter:data2\" content=\"4 minuta\" \/>\n<script type=\"application\/ld+json\" class=\"yoast-schema-graph\">{\"@context\":\"https:\/\/schema.org\",\"@graph\":[{\"@type\":\"Article\",\"@id\":\"https:\/\/permbledhja.com\/si-do-te-kompensohen-qytetaret-qe-paguan-per-rrymen-ne-veri-hesht-zrre-ja\/#article\",\"isPartOf\":{\"@id\":\"https:\/\/permbledhja.com\/si-do-te-kompensohen-qytetaret-qe-paguan-per-rrymen-ne-veri-hesht-zrre-ja\/\"},\"author\":{\"name\":\"P\u00ebrmbledhja\",\"@id\":\"https:\/\/permbledhja.com\/#\/schema\/person\/0d064377258d3221e50693947b9eb4fe\"},\"headline\":\"Si do t\u00eb kompensohen qytetar\u00ebt q\u00eb paguan p\u00ebr rrym\u00ebn n\u00eb veri? Hesht ZRrE-ja\",\"datePublished\":\"2023-04-15T07:37:41+00:00\",\"dateModified\":\"2023-04-15T07:37:41+00:00\",\"mainEntityOfPage\":{\"@id\":\"https:\/\/permbledhja.com\/si-do-te-kompensohen-qytetaret-qe-paguan-per-rrymen-ne-veri-hesht-zrre-ja\/\"},\"wordCount\":864,\"publisher\":{\"@id\":\"https:\/\/permbledhja.com\/#organization\"},\"keywords\":[\"ZRrE\"],\"articleSection\":[\"Komb\u00ebtare\",\"Lajme\"],\"inLanguage\":\"sq\"},{\"@type\":\"WebPage\",\"@id\":\"https:\/\/permbledhja.com\/si-do-te-kompensohen-qytetaret-qe-paguan-per-rrymen-ne-veri-hesht-zrre-ja\/\",\"url\":\"https:\/\/permbledhja.com\/si-do-te-kompensohen-qytetaret-qe-paguan-per-rrymen-ne-veri-hesht-zrre-ja\/\",\"name\":\"Si do t\u00eb kompensohen qytetar\u00ebt q\u00eb paguan p\u00ebr rrym\u00ebn n\u00eb veri? Hesht ZRrE-ja\",\"isPartOf\":{\"@id\":\"https:\/\/permbledhja.com\/#website\"},\"datePublished\":\"2023-04-15T07:37:41+00:00\",\"dateModified\":\"2023-04-15T07:37:41+00:00\",\"breadcrumb\":{\"@id\":\"https:\/\/permbledhja.com\/si-do-te-kompensohen-qytetaret-qe-paguan-per-rrymen-ne-veri-hesht-zrre-ja\/#breadcrumb\"},\"inLanguage\":\"sq\",\"potentialAction\":[{\"@type\":\"ReadAction\",\"target\":[\"https:\/\/permbledhja.com\/si-do-te-kompensohen-qytetaret-qe-paguan-per-rrymen-ne-veri-hesht-zrre-ja\/\"]}]},{\"@type\":\"BreadcrumbList\",\"@id\":\"https:\/\/permbledhja.com\/si-do-te-kompensohen-qytetaret-qe-paguan-per-rrymen-ne-veri-hesht-zrre-ja\/#breadcrumb\",\"itemListElement\":[{\"@type\":\"ListItem\",\"position\":1,\"name\":\"Ballina\",\"item\":\"https:\/\/permbledhja.com\/sq\/\"},{\"@type\":\"ListItem\",\"position\":2,\"name\":\"Si do t\u00eb kompensohen qytetar\u00ebt q\u00eb paguan p\u00ebr rrym\u00ebn n\u00eb veri? Hesht ZRrE-ja\"}]},{\"@type\":\"WebSite\",\"@id\":\"https:\/\/permbledhja.com\/#website\",\"url\":\"https:\/\/permbledhja.com\/\",\"name\":\"Ve\u00e7 artikuj p\u00ebrmbledh\u00ebs\",\"description\":\"\",\"publisher\":{\"@id\":\"https:\/\/permbledhja.com\/#organization\"},\"potentialAction\":[{\"@type\":\"SearchAction\",\"target\":{\"@type\":\"EntryPoint\",\"urlTemplate\":\"https:\/\/permbledhja.com\/?s={search_term_string}\"},\"query-input\":\"required name=search_term_string\"}],\"inLanguage\":\"sq\"},{\"@type\":\"Organization\",\"@id\":\"https:\/\/permbledhja.com\/#organization\",\"name\":\"MK Media & Pr\",\"url\":\"https:\/\/permbledhja.com\/\",\"logo\":{\"@type\":\"ImageObject\",\"inLanguage\":\"sq\",\"@id\":\"https:\/\/permbledhja.com\/#\/schema\/logo\/image\/\",\"url\":\"https:\/\/permbledhja.com\/wp-content\/uploads\/2021\/12\/07-Press-Logo.jpg\",\"contentUrl\":\"https:\/\/permbledhja.com\/wp-content\/uploads\/2021\/12\/07-Press-Logo.jpg\",\"width\":512,\"height\":512,\"caption\":\"MK Media & Pr\"},\"image\":{\"@id\":\"https:\/\/permbledhja.com\/#\/schema\/logo\/image\/\"},\"sameAs\":[\"https:\/\/www.facebook.com\/press07\/\"]},{\"@type\":\"Person\",\"@id\":\"https:\/\/permbledhja.com\/#\/schema\/person\/0d064377258d3221e50693947b9eb4fe\",\"name\":\"P\u00ebrmbledhja\",\"image\":{\"@type\":\"ImageObject\",\"inLanguage\":\"sq\",\"@id\":\"https:\/\/permbledhja.com\/#\/schema\/person\/image\/\",\"url\":\"https:\/\/permbledhja.com\/wp-content\/uploads\/2026\/01\/452004717_1040944174702970_8932037511805513407_n-96x96.jpg\",\"contentUrl\":\"https:\/\/permbledhja.com\/wp-content\/uploads\/2026\/01\/452004717_1040944174702970_8932037511805513407_n-96x96.jpg\",\"caption\":\"P\u00ebrmbledhja\"},\"sameAs\":[\"https:\/\/www.facebook.com\/kafexhiu.muharrem\/\",\"https:\/\/www.instagram.com\/muharrem_kafexhiu\/\"],\"url\":\"https:\/\/permbledhja.com\/sq\/author\/admin\/\"}]}<\/script>\n<!-- \/ Yoast SEO plugin. -->","yoast_head_json":{"title":"Si do t\u00eb kompensohen qytetar\u00ebt q\u00eb paguan p\u00ebr rrym\u00ebn n\u00eb veri? Hesht ZRrE-ja","robots":{"index":"index","follow":"follow","max-snippet":"max-snippet:-1","max-image-preview":"max-image-preview:large","max-video-preview":"max-video-preview:-1"},"canonical":"https:\/\/permbledhja.com\/sq\/si-do-te-kompensohen-qytetaret-qe-paguan-per-rrymen-ne-veri-hesht-zrre-ja\/","og_locale":"sq_AL","og_type":"article","og_title":"Si do t\u00eb kompensohen qytetar\u00ebt q\u00eb paguan p\u00ebr rrym\u00ebn n\u00eb veri? Hesht ZRrE-ja","og_description":"Zyra e Rregullatorit p\u00ebr Energji s\u2019ka treguar se si dhe sa do t\u00eb kompensohen qytetar\u00ebt q\u00eb kan\u00eb paguar p\u00ebr rrym\u00ebn e shpenzuar n\u00eb kat\u00ebr komunat veriore t\u00eb vendit. Nga ky institucion vet\u00ebm kan\u00eb th\u00ebn\u00eb se jan\u00eb n\u00eb proces t\u00eb vler\u00ebsimit t\u00eb aktgjykimit t\u00eb Supremes dhe se n\u00eb p\u00ebrputhje me dispozitat ligjore ne fuqi do te [&hellip;]","og_url":"https:\/\/permbledhja.com\/sq\/si-do-te-kompensohen-qytetaret-qe-paguan-per-rrymen-ne-veri-hesht-zrre-ja\/","og_site_name":"Ve\u00e7 artikuj p\u00ebrmbledh\u00ebs","article_publisher":"https:\/\/www.facebook.com\/press07\/","article_author":"https:\/\/www.facebook.com\/kafexhiu.muharrem\/","article_published_time":"2023-04-15T07:37:41+00:00","og_image":[{"width":600,"height":360,"url":"https:\/\/permbledhja.com\/wp-content\/uploads\/2023\/04\/fatura-energji-600x360-1.webp","type":"image\/webp"}],"author":"P\u00ebrmbledhja","twitter_card":"summary_large_image","twitter_misc":{"Written by":"P\u00ebrmbledhja","Est. reading time":"4 minuta"},"schema":{"@context":"https:\/\/schema.org","@graph":[{"@type":"Article","@id":"https:\/\/permbledhja.com\/si-do-te-kompensohen-qytetaret-qe-paguan-per-rrymen-ne-veri-hesht-zrre-ja\/#article","isPartOf":{"@id":"https:\/\/permbledhja.com\/si-do-te-kompensohen-qytetaret-qe-paguan-per-rrymen-ne-veri-hesht-zrre-ja\/"},"author":{"name":"P\u00ebrmbledhja","@id":"https:\/\/permbledhja.com\/#\/schema\/person\/0d064377258d3221e50693947b9eb4fe"},"headline":"Si do t\u00eb kompensohen qytetar\u00ebt q\u00eb paguan p\u00ebr rrym\u00ebn n\u00eb veri? Hesht ZRrE-ja","datePublished":"2023-04-15T07:37:41+00:00","dateModified":"2023-04-15T07:37:41+00:00","mainEntityOfPage":{"@id":"https:\/\/permbledhja.com\/si-do-te-kompensohen-qytetaret-qe-paguan-per-rrymen-ne-veri-hesht-zrre-ja\/"},"wordCount":864,"publisher":{"@id":"https:\/\/permbledhja.com\/#organization"},"keywords":["ZRrE"],"articleSection":["Komb\u00ebtare","Lajme"],"inLanguage":"sq"},{"@type":"WebPage","@id":"https:\/\/permbledhja.com\/si-do-te-kompensohen-qytetaret-qe-paguan-per-rrymen-ne-veri-hesht-zrre-ja\/","url":"https:\/\/permbledhja.com\/si-do-te-kompensohen-qytetaret-qe-paguan-per-rrymen-ne-veri-hesht-zrre-ja\/","name":"Si do t\u00eb kompensohen qytetar\u00ebt q\u00eb paguan p\u00ebr rrym\u00ebn n\u00eb veri? Hesht ZRrE-ja","isPartOf":{"@id":"https:\/\/permbledhja.com\/#website"},"datePublished":"2023-04-15T07:37:41+00:00","dateModified":"2023-04-15T07:37:41+00:00","breadcrumb":{"@id":"https:\/\/permbledhja.com\/si-do-te-kompensohen-qytetaret-qe-paguan-per-rrymen-ne-veri-hesht-zrre-ja\/#breadcrumb"},"inLanguage":"sq","potentialAction":[{"@type":"ReadAction","target":["https:\/\/permbledhja.com\/si-do-te-kompensohen-qytetaret-qe-paguan-per-rrymen-ne-veri-hesht-zrre-ja\/"]}]},{"@type":"BreadcrumbList","@id":"https:\/\/permbledhja.com\/si-do-te-kompensohen-qytetaret-qe-paguan-per-rrymen-ne-veri-hesht-zrre-ja\/#breadcrumb","itemListElement":[{"@type":"ListItem","position":1,"name":"Ballina","item":"https:\/\/permbledhja.com\/sq\/"},{"@type":"ListItem","position":2,"name":"Si do t\u00eb kompensohen qytetar\u00ebt q\u00eb paguan p\u00ebr rrym\u00ebn n\u00eb veri? Hesht ZRrE-ja"}]},{"@type":"WebSite","@id":"https:\/\/permbledhja.com\/#website","url":"https:\/\/permbledhja.com\/","name":"Ve\u00e7 artikuj p\u00ebrmbledh\u00ebs","description":"","publisher":{"@id":"https:\/\/permbledhja.com\/#organization"},"potentialAction":[{"@type":"SearchAction","target":{"@type":"EntryPoint","urlTemplate":"https:\/\/permbledhja.com\/?s={search_term_string}"},"query-input":"required name=search_term_string"}],"inLanguage":"sq"},{"@type":"Organization","@id":"https:\/\/permbledhja.com\/#organization","name":"MK Media & Pr","url":"https:\/\/permbledhja.com\/","logo":{"@type":"ImageObject","inLanguage":"sq","@id":"https:\/\/permbledhja.com\/#\/schema\/logo\/image\/","url":"https:\/\/permbledhja.com\/wp-content\/uploads\/2021\/12\/07-Press-Logo.jpg","contentUrl":"https:\/\/permbledhja.com\/wp-content\/uploads\/2021\/12\/07-Press-Logo.jpg","width":512,"height":512,"caption":"MK Media & Pr"},"image":{"@id":"https:\/\/permbledhja.com\/#\/schema\/logo\/image\/"},"sameAs":["https:\/\/www.facebook.com\/press07\/"]},{"@type":"Person","@id":"https:\/\/permbledhja.com\/#\/schema\/person\/0d064377258d3221e50693947b9eb4fe","name":"P\u00ebrmbledhja","image":{"@type":"ImageObject","inLanguage":"sq","@id":"https:\/\/permbledhja.com\/#\/schema\/person\/image\/","url":"https:\/\/permbledhja.com\/wp-content\/uploads\/2026\/01\/452004717_1040944174702970_8932037511805513407_n-96x96.jpg","contentUrl":"https:\/\/permbledhja.com\/wp-content\/uploads\/2026\/01\/452004717_1040944174702970_8932037511805513407_n-96x96.jpg","caption":"P\u00ebrmbledhja"},"sameAs":["https:\/\/www.facebook.com\/kafexhiu.muharrem\/","https:\/\/www.instagram.com\/muharrem_kafexhiu\/"],"url":"https:\/\/permbledhja.com\/sq\/author\/admin\/"}]}},"_links":{"self":[{"href":"https:\/\/permbledhja.com\/sq\/wp-json\/wp\/v2\/posts\/14114"}],"collection":[{"href":"https:\/\/permbledhja.com\/sq\/wp-json\/wp\/v2\/posts"}],"about":[{"href":"https:\/\/permbledhja.com\/sq\/wp-json\/wp\/v2\/types\/post"}],"author":[{"embeddable":true,"href":"https:\/\/permbledhja.com\/sq\/wp-json\/wp\/v2\/users\/1"}],"replies":[{"embeddable":true,"href":"https:\/\/permbledhja.com\/sq\/wp-json\/wp\/v2\/comments?post=14114"}],"version-history":[{"count":2,"href":"https:\/\/permbledhja.com\/sq\/wp-json\/wp\/v2\/posts\/14114\/revisions"}],"predecessor-version":[{"id":14117,"href":"https:\/\/permbledhja.com\/sq\/wp-json\/wp\/v2\/posts\/14114\/revisions\/14117"}],"wp:featuredmedia":[{"embeddable":true,"href":"https:\/\/permbledhja.com\/sq\/wp-json\/wp\/v2\/media\/14115"}],"wp:attachment":[{"href":"https:\/\/permbledhja.com\/sq\/wp-json\/wp\/v2\/media?parent=14114"}],"wp:term":[{"taxonomy":"category","embeddable":true,"href":"https:\/\/permbledhja.com\/sq\/wp-json\/wp\/v2\/categories?post=14114"},{"taxonomy":"post_tag","embeddable":true,"href":"https:\/\/permbledhja.com\/sq\/wp-json\/wp\/v2\/tags?post=14114"}],"curies":[{"name":"wp","href":"https:\/\/api.w.org\/{rel}","templated":true}]}}