{"id":13944,"date":"2023-04-12T07:25:57","date_gmt":"2023-04-12T07:25:57","guid":{"rendered":"https:\/\/permbledhja.com\/?p=13944"},"modified":"2023-04-12T07:27:32","modified_gmt":"2023-04-12T07:27:32","slug":"veriu-po-deshmon-qe-eshte-problem-politik-e-qe-po-manifestohet-ne-fushen-e-sigurise","status":"publish","type":"post","link":"https:\/\/permbledhja.com\/sq\/veriu-po-deshmon-qe-eshte-problem-politik-e-qe-po-manifestohet-ne-fushen-e-sigurise\/","title":{"rendered":"Shkruan Drizan Shala: Veriu po d\u00ebshmon q\u00eb \u00ebsht\u00eb problem politik e q\u00eb po manifestohet n\u00eb fush\u00ebn e siguris\u00eb"},"content":{"rendered":"<p><strong>Shkruan: Dritan Shala\u00a0<\/strong><\/p>\n<p>Incidenti i fundit n\u00eb veri ku si rezultat i mos bindjes se urdh\u00ebrit nga ana zyrtareve policore q\u00eb ishin n\u00eb detyre n\u00eb pike kontrolli af\u00ebr urese se Bistrices ku si rezultat ka mbetur i plagosur nj\u00eb qytetar nga komuniteti serb.<\/p>\n<p>Por le ta trajtojm atmosferen e cila q\u00eb nga 2021 filloj\u00eb t\u00eb marr nj\u00eb kahje tejet t\u00eb rrezikshme si pasoje edhe t\u00eb veprimeve amatoreske nga niveli politik duke bere kalkulime t\u00eb gabuara q\u00eb n\u00eb at\u00eb kohe dhe q\u00eb na p\u00ebrcollen edhe n\u00eb 2022 me potencial t\u00eb lart\u00eb deri t\u00eb p\u00ebrmasa t\u00eb nj\u00eb konflikti t\u00eb drejtp\u00ebrdrejt\u00eb m\u00eb gjitha strukturat e siguris\u00eb se Serbis n\u00eb veri, kriminale dhe atyre paramilitare t\u00eb njohur m\u00eb emrin \u00cbagner.<\/p>\n<p>Ku edhe p\u00ebr gjat\u00eb viti 2023 vazhduan sulmet ndaj zyrtareve tani t\u00eb piketuar t\u00eb nj\u00ebsive speciale duke i referuar sulmit t\u00eb dat\u00ebs 23 janar ku n\u00eb piken e kontrollit p\u00ebr gjat\u00eb rruges p\u00ebr Bernjak pik\u00ebrisht\u00eb t\u00eb ura e Bistrices nj\u00eb vetur e tipit audi nuk ju bind urdh\u00ebrave zyrtar p\u00ebr ndales dhe si pasoj\u00eb n\u00eb vet\u00ebmbrojtje zyrtari reagoj\u00eb duke mbrojtur jeten e ti , kolegut por edhe infrastrukturen e shtetit n\u00eb k\u00ebt\u00eb rast piken e kontrollit duke shti n\u00eb makin ku mbeten t\u00eb plagosur dy persona me presedant kriminal dhe ky sulum isht\u00eb bere n\u00eb oret e vona.<\/p>\n<p>Sulmet vazhduan edhe me 2 prill ku n\u00eb af\u00ebrsi t\u00eb qendres se kontrolli teknik n\u00eb oret e vona jan\u00eb sulmuar policet q\u00eb p\u00ebr detyre kan\u00eb patur t\u00eb garantojn\u00eb rend dhe siguri p\u00ebr at\u00eb perimter t\u00eb siguris\u00eb ku edhe ketu sulmi \u00ebsht\u00eb zhvilluar n\u00eb oret e vona t\u00eb nat\u00ebs \/ m\u00ebngjesit.<\/p>\n<p>N\u00eb rastin e fundit ku si pasoje prap t\u00eb mos bindjes se shenjave dhe urdh\u00ebrit nga zyrtaret policor ( pjes\u00ebtar\u00ebt e Nj\u00ebsive Speciale ) q\u00eb para hyrjes n\u00eb perimetrin e siguris\u00eb q\u00eb \u00ebsht\u00eb vendosur t\u00eb ura e Bistrices.<\/p>\n<p>Ku e cila \u00ebsht\u00eb mir e sinjalizuar duke zbatuar n\u00eb p\u00ebrpik\u00ebmeri procedurat standarte operative t\u00eb policise p\u00ebr monitorimin dhe mbarvajtjen e gjith\u00eb procesit si rezultat i k\u00ebsaj pike tejet strategjike qoft\u00eb n\u00eb luftimin e krimit t\u00eb organizuar , qoft\u00eb n\u00eb garantimin dhe mbrojtjen e sovranitetit t\u00eb pikave kufitare 1 dhe 31 me Serbin.<\/p>\n<p>N\u00eb aspektin e siguris\u00eb, Policia e RKS-s\u00eb (pjes\u00ebtar\u00ebt e Nj\u00ebsive Speciale ) kan\u00eb vepruar sipas PSO duke u mb\u00ebshtetur n\u00eb tri elemente kryesore q\u00eb k\u00ebrc\u00ebnimi ishte akut p\u00ebr jet\u00ebn e tyre, p\u00ebr infrastukturen prandaj veprimet kan\u00eb qen\u00eb :<\/p>\n<p>&#8211; Domosdoshme,( sepse pika ka karakter strategjik )<br \/>\n&#8211; Arsyeshme ( rrezikimi i jetrave t\u00eb zyrtareve Policor n\u00eb detyre , sulmet n\u00eb t\u00eb kaluaren n\u00eb m\u00ebnyre sistematik )<br \/>\ndhe<\/p>\n<p>-Propercionale ( Nese shihni foto q\u00eb kan\u00eb qarkolluar n\u00eb media vrehen q\u00eb forca \u00ebsht\u00eb p\u00ebrdorur n\u00eb propocion me neutralizimin e rrezikut deri n\u00eb at\u00eb moment sepse po t\u00eb ishte tejkaluar forca athere personi i dyshuar q\u00eb ka precedant penal n\u00eb at\u00eb moment nuk do kishte pasur mund\u00ebsi t\u00eb levizte nga vendi n\u00eb drejtim t\u00eb qytetit dhe t\u00eb k\u00ebrkonte ndihm dhe ketu nuk kishim fol p\u00ebr person t\u00eb plagosur sepse statuesi i ti do t\u00eb ndryshonte )<\/p>\n<p>Prandaj mund t\u00eb themi q\u00eb vetem n\u00eb aspektin procedural ka l\u00ebshim teknik t\u00eb situates si pasoje t\u00eb zhvillimit t\u00eb ngjarjes e cila ka patur progrese t\u00eb shpejt\u00eb duke mos patur hapsir\u00eb q\u00eb t\u00eb p\u00ebrcjellet ngjarja n\u00eb kohe reale.<\/p>\n<p>\u00cbsht\u00eb mir q\u00eb gabimet n\u00eb sferen politike mos t\u00eb barten t\u00eb pjesa profesionale t\u00eb aparatures shtetrore duke keqp\u00ebrdor policin e cila po vepron, me direktiva politike, p\u00ebr krijim hap\u00ebsire p\u00ebr q\u00ebllim politike.<\/p>\n<h2>(Pa p\u00ebrdit\u00ebsim ndaj redaksia)<\/h2>\n","protected":false},"excerpt":{"rendered":"<p>Shkruan: Dritan Shala\u00a0 Incidenti i fundit n\u00eb veri ku si rezultat i mos bindjes se urdh\u00ebrit nga ana zyrtareve policore q\u00eb ishin n\u00eb detyre n\u00eb pike kontrolli af\u00ebr urese se Bistrices ku si rezultat ka mbetur i plagosur nj\u00eb qytetar nga komuniteti serb. Por le ta trajtojm atmosferen e cila q\u00eb nga 2021 filloj\u00eb t\u00eb [&hellip;]<\/p>\n","protected":false},"author":1,"featured_media":13946,"comment_status":"closed","ping_status":"closed","sticky":false,"template":"","format":"standard","meta":{"_monsterinsights_skip_tracking":false,"_monsterinsights_sitenote_active":false,"_monsterinsights_sitenote_note":"","_monsterinsights_sitenote_category":0,"_uf_show_specific_survey":0,"_uf_disable_surveys":false,"footnotes":""},"categories":[70],"tags":[1013],"yoast_head":"<!-- This site is optimized with the Yoast SEO plugin v21.5 - https:\/\/yoast.com\/wordpress\/plugins\/seo\/ -->\n<title>Shkruan Drizan Shala: Veriu po d\u00ebshmon q\u00eb \u00ebsht\u00eb problem politik e q\u00eb po manifestohet n\u00eb fush\u00ebn e siguris\u00eb<\/title>\n<meta name=\"robots\" content=\"index, follow, max-snippet:-1, max-image-preview:large, max-video-preview:-1\" \/>\n<link rel=\"canonical\" href=\"https:\/\/permbledhja.com\/sq\/veriu-po-deshmon-qe-eshte-problem-politik-e-qe-po-manifestohet-ne-fushen-e-sigurise\/\" \/>\n<meta property=\"og:locale\" content=\"sq_AL\" \/>\n<meta property=\"og:type\" content=\"article\" \/>\n<meta property=\"og:title\" content=\"Shkruan Drizan Shala: Veriu po d\u00ebshmon q\u00eb \u00ebsht\u00eb problem politik e q\u00eb po manifestohet n\u00eb fush\u00ebn e siguris\u00eb\" \/>\n<meta property=\"og:description\" content=\"Shkruan: Dritan Shala\u00a0 Incidenti i fundit n\u00eb veri ku si rezultat i mos bindjes se urdh\u00ebrit nga ana zyrtareve policore q\u00eb ishin n\u00eb detyre n\u00eb pike kontrolli af\u00ebr urese se Bistrices ku si rezultat ka mbetur i plagosur nj\u00eb qytetar nga komuniteti serb. Por le ta trajtojm atmosferen e cila q\u00eb nga 2021 filloj\u00eb t\u00eb [&hellip;]\" \/>\n<meta property=\"og:url\" content=\"https:\/\/permbledhja.com\/sq\/veriu-po-deshmon-qe-eshte-problem-politik-e-qe-po-manifestohet-ne-fushen-e-sigurise\/\" \/>\n<meta property=\"og:site_name\" content=\"Ve\u00e7 artikuj p\u00ebrmbledh\u00ebs\" \/>\n<meta property=\"article:publisher\" content=\"https:\/\/www.facebook.com\/press07\/\" \/>\n<meta property=\"article:author\" content=\"https:\/\/www.facebook.com\/kafexhiu.muharrem\/\" \/>\n<meta property=\"article:published_time\" content=\"2023-04-12T07:25:57+00:00\" \/>\n<meta property=\"article:modified_time\" content=\"2023-04-12T07:27:32+00:00\" \/>\n<meta property=\"og:image\" content=\"https:\/\/permbledhja.com\/wp-content\/uploads\/2023\/04\/s-1.png\" \/>\n\t<meta property=\"og:image:width\" content=\"467\" \/>\n\t<meta property=\"og:image:height\" content=\"276\" \/>\n\t<meta property=\"og:image:type\" content=\"image\/png\" \/>\n<meta name=\"author\" content=\"P\u00ebrmbledhja\" \/>\n<meta name=\"twitter:card\" content=\"summary_large_image\" \/>\n<meta name=\"twitter:label1\" content=\"Written by\" \/>\n\t<meta name=\"twitter:data1\" content=\"P\u00ebrmbledhja\" \/>\n\t<meta name=\"twitter:label2\" content=\"Est. reading time\" \/>\n\t<meta name=\"twitter:data2\" content=\"3 minuta\" \/>\n<script type=\"application\/ld+json\" class=\"yoast-schema-graph\">{\"@context\":\"https:\/\/schema.org\",\"@graph\":[{\"@type\":\"Article\",\"@id\":\"https:\/\/permbledhja.com\/veriu-po-deshmon-qe-eshte-problem-politik-e-qe-po-manifestohet-ne-fushen-e-sigurise\/#article\",\"isPartOf\":{\"@id\":\"https:\/\/permbledhja.com\/veriu-po-deshmon-qe-eshte-problem-politik-e-qe-po-manifestohet-ne-fushen-e-sigurise\/\"},\"author\":{\"name\":\"P\u00ebrmbledhja\",\"@id\":\"https:\/\/permbledhja.com\/#\/schema\/person\/0d064377258d3221e50693947b9eb4fe\"},\"headline\":\"Shkruan Drizan Shala: Veriu po d\u00ebshmon q\u00eb \u00ebsht\u00eb problem politik e q\u00eb po manifestohet n\u00eb fush\u00ebn e siguris\u00eb\",\"datePublished\":\"2023-04-12T07:25:57+00:00\",\"dateModified\":\"2023-04-12T07:27:32+00:00\",\"mainEntityOfPage\":{\"@id\":\"https:\/\/permbledhja.com\/veriu-po-deshmon-qe-eshte-problem-politik-e-qe-po-manifestohet-ne-fushen-e-sigurise\/\"},\"wordCount\":623,\"publisher\":{\"@id\":\"https:\/\/permbledhja.com\/#organization\"},\"keywords\":[\"Drizan Shala\"],\"articleSection\":[\"Opinione\"],\"inLanguage\":\"sq\"},{\"@type\":\"WebPage\",\"@id\":\"https:\/\/permbledhja.com\/veriu-po-deshmon-qe-eshte-problem-politik-e-qe-po-manifestohet-ne-fushen-e-sigurise\/\",\"url\":\"https:\/\/permbledhja.com\/veriu-po-deshmon-qe-eshte-problem-politik-e-qe-po-manifestohet-ne-fushen-e-sigurise\/\",\"name\":\"Shkruan Drizan Shala: Veriu po d\u00ebshmon q\u00eb \u00ebsht\u00eb problem politik e q\u00eb po manifestohet n\u00eb fush\u00ebn e siguris\u00eb\",\"isPartOf\":{\"@id\":\"https:\/\/permbledhja.com\/#website\"},\"datePublished\":\"2023-04-12T07:25:57+00:00\",\"dateModified\":\"2023-04-12T07:27:32+00:00\",\"breadcrumb\":{\"@id\":\"https:\/\/permbledhja.com\/veriu-po-deshmon-qe-eshte-problem-politik-e-qe-po-manifestohet-ne-fushen-e-sigurise\/#breadcrumb\"},\"inLanguage\":\"sq\",\"potentialAction\":[{\"@type\":\"ReadAction\",\"target\":[\"https:\/\/permbledhja.com\/veriu-po-deshmon-qe-eshte-problem-politik-e-qe-po-manifestohet-ne-fushen-e-sigurise\/\"]}]},{\"@type\":\"BreadcrumbList\",\"@id\":\"https:\/\/permbledhja.com\/veriu-po-deshmon-qe-eshte-problem-politik-e-qe-po-manifestohet-ne-fushen-e-sigurise\/#breadcrumb\",\"itemListElement\":[{\"@type\":\"ListItem\",\"position\":1,\"name\":\"Ballina\",\"item\":\"https:\/\/permbledhja.com\/sq\/\"},{\"@type\":\"ListItem\",\"position\":2,\"name\":\"Shkruan Drizan Shala: Veriu po d\u00ebshmon q\u00eb \u00ebsht\u00eb problem politik e q\u00eb po manifestohet n\u00eb fush\u00ebn e siguris\u00eb\"}]},{\"@type\":\"WebSite\",\"@id\":\"https:\/\/permbledhja.com\/#website\",\"url\":\"https:\/\/permbledhja.com\/\",\"name\":\"Ve\u00e7 artikuj p\u00ebrmbledh\u00ebs\",\"description\":\"\",\"publisher\":{\"@id\":\"https:\/\/permbledhja.com\/#organization\"},\"potentialAction\":[{\"@type\":\"SearchAction\",\"target\":{\"@type\":\"EntryPoint\",\"urlTemplate\":\"https:\/\/permbledhja.com\/?s={search_term_string}\"},\"query-input\":\"required name=search_term_string\"}],\"inLanguage\":\"sq\"},{\"@type\":\"Organization\",\"@id\":\"https:\/\/permbledhja.com\/#organization\",\"name\":\"MK Media & Pr\",\"url\":\"https:\/\/permbledhja.com\/\",\"logo\":{\"@type\":\"ImageObject\",\"inLanguage\":\"sq\",\"@id\":\"https:\/\/permbledhja.com\/#\/schema\/logo\/image\/\",\"url\":\"https:\/\/permbledhja.com\/wp-content\/uploads\/2021\/12\/07-Press-Logo.jpg\",\"contentUrl\":\"https:\/\/permbledhja.com\/wp-content\/uploads\/2021\/12\/07-Press-Logo.jpg\",\"width\":512,\"height\":512,\"caption\":\"MK Media & Pr\"},\"image\":{\"@id\":\"https:\/\/permbledhja.com\/#\/schema\/logo\/image\/\"},\"sameAs\":[\"https:\/\/www.facebook.com\/press07\/\"]},{\"@type\":\"Person\",\"@id\":\"https:\/\/permbledhja.com\/#\/schema\/person\/0d064377258d3221e50693947b9eb4fe\",\"name\":\"P\u00ebrmbledhja\",\"image\":{\"@type\":\"ImageObject\",\"inLanguage\":\"sq\",\"@id\":\"https:\/\/permbledhja.com\/#\/schema\/person\/image\/\",\"url\":\"https:\/\/permbledhja.com\/wp-content\/uploads\/2026\/01\/452004717_1040944174702970_8932037511805513407_n-96x96.jpg\",\"contentUrl\":\"https:\/\/permbledhja.com\/wp-content\/uploads\/2026\/01\/452004717_1040944174702970_8932037511805513407_n-96x96.jpg\",\"caption\":\"P\u00ebrmbledhja\"},\"sameAs\":[\"https:\/\/www.facebook.com\/kafexhiu.muharrem\/\",\"https:\/\/www.instagram.com\/muharrem_kafexhiu\/\"],\"url\":\"https:\/\/permbledhja.com\/sq\/author\/admin\/\"}]}<\/script>\n<!-- \/ Yoast SEO plugin. -->","yoast_head_json":{"title":"Shkruan Drizan Shala: Veriu po d\u00ebshmon q\u00eb \u00ebsht\u00eb problem politik e q\u00eb po manifestohet n\u00eb fush\u00ebn e siguris\u00eb","robots":{"index":"index","follow":"follow","max-snippet":"max-snippet:-1","max-image-preview":"max-image-preview:large","max-video-preview":"max-video-preview:-1"},"canonical":"https:\/\/permbledhja.com\/sq\/veriu-po-deshmon-qe-eshte-problem-politik-e-qe-po-manifestohet-ne-fushen-e-sigurise\/","og_locale":"sq_AL","og_type":"article","og_title":"Shkruan Drizan Shala: Veriu po d\u00ebshmon q\u00eb \u00ebsht\u00eb problem politik e q\u00eb po manifestohet n\u00eb fush\u00ebn e siguris\u00eb","og_description":"Shkruan: Dritan Shala\u00a0 Incidenti i fundit n\u00eb veri ku si rezultat i mos bindjes se urdh\u00ebrit nga ana zyrtareve policore q\u00eb ishin n\u00eb detyre n\u00eb pike kontrolli af\u00ebr urese se Bistrices ku si rezultat ka mbetur i plagosur nj\u00eb qytetar nga komuniteti serb. Por le ta trajtojm atmosferen e cila q\u00eb nga 2021 filloj\u00eb t\u00eb [&hellip;]","og_url":"https:\/\/permbledhja.com\/sq\/veriu-po-deshmon-qe-eshte-problem-politik-e-qe-po-manifestohet-ne-fushen-e-sigurise\/","og_site_name":"Ve\u00e7 artikuj p\u00ebrmbledh\u00ebs","article_publisher":"https:\/\/www.facebook.com\/press07\/","article_author":"https:\/\/www.facebook.com\/kafexhiu.muharrem\/","article_published_time":"2023-04-12T07:25:57+00:00","article_modified_time":"2023-04-12T07:27:32+00:00","og_image":[{"width":467,"height":276,"url":"https:\/\/permbledhja.com\/wp-content\/uploads\/2023\/04\/s-1.png","type":"image\/png"}],"author":"P\u00ebrmbledhja","twitter_card":"summary_large_image","twitter_misc":{"Written by":"P\u00ebrmbledhja","Est. reading time":"3 minuta"},"schema":{"@context":"https:\/\/schema.org","@graph":[{"@type":"Article","@id":"https:\/\/permbledhja.com\/veriu-po-deshmon-qe-eshte-problem-politik-e-qe-po-manifestohet-ne-fushen-e-sigurise\/#article","isPartOf":{"@id":"https:\/\/permbledhja.com\/veriu-po-deshmon-qe-eshte-problem-politik-e-qe-po-manifestohet-ne-fushen-e-sigurise\/"},"author":{"name":"P\u00ebrmbledhja","@id":"https:\/\/permbledhja.com\/#\/schema\/person\/0d064377258d3221e50693947b9eb4fe"},"headline":"Shkruan Drizan Shala: Veriu po d\u00ebshmon q\u00eb \u00ebsht\u00eb problem politik e q\u00eb po manifestohet n\u00eb fush\u00ebn e siguris\u00eb","datePublished":"2023-04-12T07:25:57+00:00","dateModified":"2023-04-12T07:27:32+00:00","mainEntityOfPage":{"@id":"https:\/\/permbledhja.com\/veriu-po-deshmon-qe-eshte-problem-politik-e-qe-po-manifestohet-ne-fushen-e-sigurise\/"},"wordCount":623,"publisher":{"@id":"https:\/\/permbledhja.com\/#organization"},"keywords":["Drizan Shala"],"articleSection":["Opinione"],"inLanguage":"sq"},{"@type":"WebPage","@id":"https:\/\/permbledhja.com\/veriu-po-deshmon-qe-eshte-problem-politik-e-qe-po-manifestohet-ne-fushen-e-sigurise\/","url":"https:\/\/permbledhja.com\/veriu-po-deshmon-qe-eshte-problem-politik-e-qe-po-manifestohet-ne-fushen-e-sigurise\/","name":"Shkruan Drizan Shala: Veriu po d\u00ebshmon q\u00eb \u00ebsht\u00eb problem politik e q\u00eb po manifestohet n\u00eb fush\u00ebn e siguris\u00eb","isPartOf":{"@id":"https:\/\/permbledhja.com\/#website"},"datePublished":"2023-04-12T07:25:57+00:00","dateModified":"2023-04-12T07:27:32+00:00","breadcrumb":{"@id":"https:\/\/permbledhja.com\/veriu-po-deshmon-qe-eshte-problem-politik-e-qe-po-manifestohet-ne-fushen-e-sigurise\/#breadcrumb"},"inLanguage":"sq","potentialAction":[{"@type":"ReadAction","target":["https:\/\/permbledhja.com\/veriu-po-deshmon-qe-eshte-problem-politik-e-qe-po-manifestohet-ne-fushen-e-sigurise\/"]}]},{"@type":"BreadcrumbList","@id":"https:\/\/permbledhja.com\/veriu-po-deshmon-qe-eshte-problem-politik-e-qe-po-manifestohet-ne-fushen-e-sigurise\/#breadcrumb","itemListElement":[{"@type":"ListItem","position":1,"name":"Ballina","item":"https:\/\/permbledhja.com\/sq\/"},{"@type":"ListItem","position":2,"name":"Shkruan Drizan Shala: Veriu po d\u00ebshmon q\u00eb \u00ebsht\u00eb problem politik e q\u00eb po manifestohet n\u00eb fush\u00ebn e siguris\u00eb"}]},{"@type":"WebSite","@id":"https:\/\/permbledhja.com\/#website","url":"https:\/\/permbledhja.com\/","name":"Ve\u00e7 artikuj p\u00ebrmbledh\u00ebs","description":"","publisher":{"@id":"https:\/\/permbledhja.com\/#organization"},"potentialAction":[{"@type":"SearchAction","target":{"@type":"EntryPoint","urlTemplate":"https:\/\/permbledhja.com\/?s={search_term_string}"},"query-input":"required name=search_term_string"}],"inLanguage":"sq"},{"@type":"Organization","@id":"https:\/\/permbledhja.com\/#organization","name":"MK Media & Pr","url":"https:\/\/permbledhja.com\/","logo":{"@type":"ImageObject","inLanguage":"sq","@id":"https:\/\/permbledhja.com\/#\/schema\/logo\/image\/","url":"https:\/\/permbledhja.com\/wp-content\/uploads\/2021\/12\/07-Press-Logo.jpg","contentUrl":"https:\/\/permbledhja.com\/wp-content\/uploads\/2021\/12\/07-Press-Logo.jpg","width":512,"height":512,"caption":"MK Media & Pr"},"image":{"@id":"https:\/\/permbledhja.com\/#\/schema\/logo\/image\/"},"sameAs":["https:\/\/www.facebook.com\/press07\/"]},{"@type":"Person","@id":"https:\/\/permbledhja.com\/#\/schema\/person\/0d064377258d3221e50693947b9eb4fe","name":"P\u00ebrmbledhja","image":{"@type":"ImageObject","inLanguage":"sq","@id":"https:\/\/permbledhja.com\/#\/schema\/person\/image\/","url":"https:\/\/permbledhja.com\/wp-content\/uploads\/2026\/01\/452004717_1040944174702970_8932037511805513407_n-96x96.jpg","contentUrl":"https:\/\/permbledhja.com\/wp-content\/uploads\/2026\/01\/452004717_1040944174702970_8932037511805513407_n-96x96.jpg","caption":"P\u00ebrmbledhja"},"sameAs":["https:\/\/www.facebook.com\/kafexhiu.muharrem\/","https:\/\/www.instagram.com\/muharrem_kafexhiu\/"],"url":"https:\/\/permbledhja.com\/sq\/author\/admin\/"}]}},"_links":{"self":[{"href":"https:\/\/permbledhja.com\/sq\/wp-json\/wp\/v2\/posts\/13944"}],"collection":[{"href":"https:\/\/permbledhja.com\/sq\/wp-json\/wp\/v2\/posts"}],"about":[{"href":"https:\/\/permbledhja.com\/sq\/wp-json\/wp\/v2\/types\/post"}],"author":[{"embeddable":true,"href":"https:\/\/permbledhja.com\/sq\/wp-json\/wp\/v2\/users\/1"}],"replies":[{"embeddable":true,"href":"https:\/\/permbledhja.com\/sq\/wp-json\/wp\/v2\/comments?post=13944"}],"version-history":[{"count":2,"href":"https:\/\/permbledhja.com\/sq\/wp-json\/wp\/v2\/posts\/13944\/revisions"}],"predecessor-version":[{"id":13947,"href":"https:\/\/permbledhja.com\/sq\/wp-json\/wp\/v2\/posts\/13944\/revisions\/13947"}],"wp:featuredmedia":[{"embeddable":true,"href":"https:\/\/permbledhja.com\/sq\/wp-json\/wp\/v2\/media\/13946"}],"wp:attachment":[{"href":"https:\/\/permbledhja.com\/sq\/wp-json\/wp\/v2\/media?parent=13944"}],"wp:term":[{"taxonomy":"category","embeddable":true,"href":"https:\/\/permbledhja.com\/sq\/wp-json\/wp\/v2\/categories?post=13944"},{"taxonomy":"post_tag","embeddable":true,"href":"https:\/\/permbledhja.com\/sq\/wp-json\/wp\/v2\/tags?post=13944"}],"curies":[{"name":"wp","href":"https:\/\/api.w.org\/{rel}","templated":true}]}}