{"id":13941,"date":"2023-04-12T07:02:37","date_gmt":"2023-04-12T07:02:37","guid":{"rendered":"https:\/\/permbledhja.com\/?p=13941"},"modified":"2023-04-12T07:02:37","modified_gmt":"2023-04-12T07:02:37","slug":"familja-tha-se-u-rrembye-31-vjecarja-ne-kllokot-thote-se-iku-me-deshire-me-te-dashurin-e-saj","status":"publish","type":"post","link":"https:\/\/permbledhja.com\/sq\/familja-tha-se-u-rrembye-31-vjecarja-ne-kllokot-thote-se-iku-me-deshire-me-te-dashurin-e-saj\/","title":{"rendered":"Familja tha se u rr\u00ebmbye, 31-vje\u00e7arja n\u00eb Kllokot thot\u00eb se iku me d\u00ebshir\u00eb me t\u00eb dashurin e saj"},"content":{"rendered":"<p>Gazeta gjat\u00eb dit\u00ebs s\u00eb djeshme ka raportuar p\u00ebr nj\u00eb rast t\u00eb rr\u00ebmbimit q\u00eb ka ndodhur n\u00eb fshatin Mogill\u00eb t\u00eb Kllokotit, ku nj\u00eb person dyshohej se kishte marr\u00eb me dhun\u00eb ish t\u00eb dashur\u00ebn e tij dhe ishin larguar n\u00eb drejtim t\u00eb panjohur.<\/p>\n<p>Sinjali m\u00ebson se i dyshuari dhe viktima jan\u00eb paraqitur dje n\u00eb stacion policor, ku jan\u00eb deklaruar lidhur me rastin dhe kan\u00eb pohuar se jan\u00eb n\u00eb lidhje dashurie q\u00eb 6 vite.<\/p>\n<p>Bazuar n\u00eb d\u00ebshmin\u00eb e 31-vje\u00e7ares, familja e saj ka deklaruar rrejsh\u00ebm se kinse ajo \u00ebsht\u00eb rr\u00ebmbyer, p\u00ebr shkak se nuk pajtohen me martes\u00ebn e saj me t\u00eb dyshuarin.<\/p>\n<p>Ajo ka deklaruar se nuk d\u00ebshiron t\u00eb kthehet n\u00eb sht\u00ebpin\u00eb e saj dhe ka shkuar t\u00eb jetoj\u00eb me t\u00eb dashurin e saj n\u00eb sht\u00ebpin\u00eb e tij.<\/p>\n","protected":false},"excerpt":{"rendered":"<p>Gazeta gjat\u00eb dit\u00ebs s\u00eb djeshme ka raportuar p\u00ebr nj\u00eb rast t\u00eb rr\u00ebmbimit q\u00eb ka ndodhur n\u00eb fshatin Mogill\u00eb t\u00eb Kllokotit, ku nj\u00eb person dyshohej se kishte marr\u00eb me dhun\u00eb ish t\u00eb dashur\u00ebn e tij dhe ishin larguar n\u00eb drejtim t\u00eb panjohur. Sinjali m\u00ebson se i dyshuari dhe viktima jan\u00eb paraqitur dje n\u00eb stacion policor, ku [&hellip;]<\/p>\n","protected":false},"author":1,"featured_media":13942,"comment_status":"closed","ping_status":"closed","sticky":false,"template":"","format":"standard","meta":{"_monsterinsights_skip_tracking":false,"_monsterinsights_sitenote_active":false,"_monsterinsights_sitenote_note":"","_monsterinsights_sitenote_category":0,"_uf_show_specific_survey":0,"_uf_disable_surveys":false,"footnotes":""},"categories":[1],"tags":[632,934],"yoast_head":"<!-- This site is optimized with the Yoast SEO plugin v21.5 - https:\/\/yoast.com\/wordpress\/plugins\/seo\/ -->\n<title>Familja tha se u rr\u00ebmbye, 31-vje\u00e7arja n\u00eb Kllokot thot\u00eb se iku me d\u00ebshir\u00eb me t\u00eb dashurin e saj<\/title>\n<meta name=\"robots\" content=\"index, follow, max-snippet:-1, max-image-preview:large, max-video-preview:-1\" \/>\n<link rel=\"canonical\" href=\"https:\/\/permbledhja.com\/sq\/familja-tha-se-u-rrembye-31-vjecarja-ne-kllokot-thote-se-iku-me-deshire-me-te-dashurin-e-saj\/\" \/>\n<meta property=\"og:locale\" content=\"sq_AL\" \/>\n<meta property=\"og:type\" content=\"article\" \/>\n<meta property=\"og:title\" content=\"Familja tha se u rr\u00ebmbye, 31-vje\u00e7arja n\u00eb Kllokot thot\u00eb se iku me d\u00ebshir\u00eb me t\u00eb dashurin e saj\" \/>\n<meta property=\"og:description\" content=\"Gazeta gjat\u00eb dit\u00ebs s\u00eb djeshme ka raportuar p\u00ebr nj\u00eb rast t\u00eb rr\u00ebmbimit q\u00eb ka ndodhur n\u00eb fshatin Mogill\u00eb t\u00eb Kllokotit, ku nj\u00eb person dyshohej se kishte marr\u00eb me dhun\u00eb ish t\u00eb dashur\u00ebn e tij dhe ishin larguar n\u00eb drejtim t\u00eb panjohur. Sinjali m\u00ebson se i dyshuari dhe viktima jan\u00eb paraqitur dje n\u00eb stacion policor, ku [&hellip;]\" \/>\n<meta property=\"og:url\" content=\"https:\/\/permbledhja.com\/sq\/familja-tha-se-u-rrembye-31-vjecarja-ne-kllokot-thote-se-iku-me-deshire-me-te-dashurin-e-saj\/\" \/>\n<meta property=\"og:site_name\" content=\"Ve\u00e7 artikuj p\u00ebrmbledh\u00ebs\" \/>\n<meta property=\"article:publisher\" content=\"https:\/\/www.facebook.com\/press07\/\" \/>\n<meta property=\"article:author\" content=\"https:\/\/www.facebook.com\/kafexhiu.muharrem\/\" \/>\n<meta property=\"article:published_time\" content=\"2023-04-12T07:02:37+00:00\" \/>\n<meta property=\"og:image\" content=\"https:\/\/permbledhja.com\/wp-content\/uploads\/2023\/04\/1BA70D85-47D7-4FB6-9463-2AB0B62E4DC8.jpeg\" \/>\n\t<meta property=\"og:image:width\" content=\"1027\" \/>\n\t<meta property=\"og:image:height\" content=\"612\" \/>\n\t<meta property=\"og:image:type\" content=\"image\/jpeg\" \/>\n<meta name=\"author\" content=\"P\u00ebrmbledhja\" \/>\n<meta name=\"twitter:card\" content=\"summary_large_image\" \/>\n<meta name=\"twitter:label1\" content=\"Written by\" \/>\n\t<meta name=\"twitter:data1\" content=\"P\u00ebrmbledhja\" \/>\n\t<meta name=\"twitter:label2\" content=\"Est. reading time\" \/>\n\t<meta name=\"twitter:data2\" content=\"1 minut\u00eb\" \/>\n<script type=\"application\/ld+json\" class=\"yoast-schema-graph\">{\"@context\":\"https:\/\/schema.org\",\"@graph\":[{\"@type\":\"Article\",\"@id\":\"https:\/\/permbledhja.com\/sq\/familja-tha-se-u-rrembye-31-vjecarja-ne-kllokot-thote-se-iku-me-deshire-me-te-dashurin-e-saj\/#article\",\"isPartOf\":{\"@id\":\"https:\/\/permbledhja.com\/sq\/familja-tha-se-u-rrembye-31-vjecarja-ne-kllokot-thote-se-iku-me-deshire-me-te-dashurin-e-saj\/\"},\"author\":{\"name\":\"P\u00ebrmbledhja\",\"@id\":\"https:\/\/permbledhja.com\/#\/schema\/person\/0d064377258d3221e50693947b9eb4fe\"},\"headline\":\"Familja tha se u rr\u00ebmbye, 31-vje\u00e7arja n\u00eb Kllokot thot\u00eb se iku me d\u00ebshir\u00eb me t\u00eb dashurin e saj\",\"datePublished\":\"2023-04-12T07:02:37+00:00\",\"dateModified\":\"2023-04-12T07:02:37+00:00\",\"mainEntityOfPage\":{\"@id\":\"https:\/\/permbledhja.com\/sq\/familja-tha-se-u-rrembye-31-vjecarja-ne-kllokot-thote-se-iku-me-deshire-me-te-dashurin-e-saj\/\"},\"wordCount\":159,\"publisher\":{\"@id\":\"https:\/\/permbledhja.com\/#organization\"},\"keywords\":[\"Familja\",\"Prind\u00ebrit\"],\"articleSection\":[\"Breaking News\"],\"inLanguage\":\"sq\"},{\"@type\":\"WebPage\",\"@id\":\"https:\/\/permbledhja.com\/sq\/familja-tha-se-u-rrembye-31-vjecarja-ne-kllokot-thote-se-iku-me-deshire-me-te-dashurin-e-saj\/\",\"url\":\"https:\/\/permbledhja.com\/sq\/familja-tha-se-u-rrembye-31-vjecarja-ne-kllokot-thote-se-iku-me-deshire-me-te-dashurin-e-saj\/\",\"name\":\"Familja tha se u rr\u00ebmbye, 31-vje\u00e7arja n\u00eb Kllokot thot\u00eb se iku me d\u00ebshir\u00eb me t\u00eb dashurin e saj\",\"isPartOf\":{\"@id\":\"https:\/\/permbledhja.com\/#website\"},\"datePublished\":\"2023-04-12T07:02:37+00:00\",\"dateModified\":\"2023-04-12T07:02:37+00:00\",\"breadcrumb\":{\"@id\":\"https:\/\/permbledhja.com\/sq\/familja-tha-se-u-rrembye-31-vjecarja-ne-kllokot-thote-se-iku-me-deshire-me-te-dashurin-e-saj\/#breadcrumb\"},\"inLanguage\":\"sq\",\"potentialAction\":[{\"@type\":\"ReadAction\",\"target\":[\"https:\/\/permbledhja.com\/sq\/familja-tha-se-u-rrembye-31-vjecarja-ne-kllokot-thote-se-iku-me-deshire-me-te-dashurin-e-saj\/\"]}]},{\"@type\":\"BreadcrumbList\",\"@id\":\"https:\/\/permbledhja.com\/sq\/familja-tha-se-u-rrembye-31-vjecarja-ne-kllokot-thote-se-iku-me-deshire-me-te-dashurin-e-saj\/#breadcrumb\",\"itemListElement\":[{\"@type\":\"ListItem\",\"position\":1,\"name\":\"Ballina\",\"item\":\"https:\/\/permbledhja.com\/sq\/\"},{\"@type\":\"ListItem\",\"position\":2,\"name\":\"Familja tha se u rr\u00ebmbye, 31-vje\u00e7arja n\u00eb Kllokot thot\u00eb se iku me d\u00ebshir\u00eb me t\u00eb dashurin e saj\"}]},{\"@type\":\"WebSite\",\"@id\":\"https:\/\/permbledhja.com\/#website\",\"url\":\"https:\/\/permbledhja.com\/\",\"name\":\"Ve\u00e7 artikuj p\u00ebrmbledh\u00ebs\",\"description\":\"\",\"publisher\":{\"@id\":\"https:\/\/permbledhja.com\/#organization\"},\"potentialAction\":[{\"@type\":\"SearchAction\",\"target\":{\"@type\":\"EntryPoint\",\"urlTemplate\":\"https:\/\/permbledhja.com\/?s={search_term_string}\"},\"query-input\":\"required name=search_term_string\"}],\"inLanguage\":\"sq\"},{\"@type\":\"Organization\",\"@id\":\"https:\/\/permbledhja.com\/#organization\",\"name\":\"MK Media & Pr\",\"url\":\"https:\/\/permbledhja.com\/\",\"logo\":{\"@type\":\"ImageObject\",\"inLanguage\":\"sq\",\"@id\":\"https:\/\/permbledhja.com\/#\/schema\/logo\/image\/\",\"url\":\"https:\/\/permbledhja.com\/wp-content\/uploads\/2021\/12\/07-Press-Logo.jpg\",\"contentUrl\":\"https:\/\/permbledhja.com\/wp-content\/uploads\/2021\/12\/07-Press-Logo.jpg\",\"width\":512,\"height\":512,\"caption\":\"MK Media & Pr\"},\"image\":{\"@id\":\"https:\/\/permbledhja.com\/#\/schema\/logo\/image\/\"},\"sameAs\":[\"https:\/\/www.facebook.com\/press07\/\"]},{\"@type\":\"Person\",\"@id\":\"https:\/\/permbledhja.com\/#\/schema\/person\/0d064377258d3221e50693947b9eb4fe\",\"name\":\"P\u00ebrmbledhja\",\"image\":{\"@type\":\"ImageObject\",\"inLanguage\":\"sq\",\"@id\":\"https:\/\/permbledhja.com\/#\/schema\/person\/image\/\",\"url\":\"https:\/\/permbledhja.com\/wp-content\/uploads\/2026\/01\/452004717_1040944174702970_8932037511805513407_n-96x96.jpg\",\"contentUrl\":\"https:\/\/permbledhja.com\/wp-content\/uploads\/2026\/01\/452004717_1040944174702970_8932037511805513407_n-96x96.jpg\",\"caption\":\"P\u00ebrmbledhja\"},\"sameAs\":[\"https:\/\/www.facebook.com\/kafexhiu.muharrem\/\",\"https:\/\/www.instagram.com\/muharrem_kafexhiu\/\"],\"url\":\"https:\/\/permbledhja.com\/sq\/author\/admin\/\"}]}<\/script>\n<!-- \/ Yoast SEO plugin. -->","yoast_head_json":{"title":"Familja tha se u rr\u00ebmbye, 31-vje\u00e7arja n\u00eb Kllokot thot\u00eb se iku me d\u00ebshir\u00eb me t\u00eb dashurin e saj","robots":{"index":"index","follow":"follow","max-snippet":"max-snippet:-1","max-image-preview":"max-image-preview:large","max-video-preview":"max-video-preview:-1"},"canonical":"https:\/\/permbledhja.com\/sq\/familja-tha-se-u-rrembye-31-vjecarja-ne-kllokot-thote-se-iku-me-deshire-me-te-dashurin-e-saj\/","og_locale":"sq_AL","og_type":"article","og_title":"Familja tha se u rr\u00ebmbye, 31-vje\u00e7arja n\u00eb Kllokot thot\u00eb se iku me d\u00ebshir\u00eb me t\u00eb dashurin e saj","og_description":"Gazeta gjat\u00eb dit\u00ebs s\u00eb djeshme ka raportuar p\u00ebr nj\u00eb rast t\u00eb rr\u00ebmbimit q\u00eb ka ndodhur n\u00eb fshatin Mogill\u00eb t\u00eb Kllokotit, ku nj\u00eb person dyshohej se kishte marr\u00eb me dhun\u00eb ish t\u00eb dashur\u00ebn e tij dhe ishin larguar n\u00eb drejtim t\u00eb panjohur. Sinjali m\u00ebson se i dyshuari dhe viktima jan\u00eb paraqitur dje n\u00eb stacion policor, ku [&hellip;]","og_url":"https:\/\/permbledhja.com\/sq\/familja-tha-se-u-rrembye-31-vjecarja-ne-kllokot-thote-se-iku-me-deshire-me-te-dashurin-e-saj\/","og_site_name":"Ve\u00e7 artikuj p\u00ebrmbledh\u00ebs","article_publisher":"https:\/\/www.facebook.com\/press07\/","article_author":"https:\/\/www.facebook.com\/kafexhiu.muharrem\/","article_published_time":"2023-04-12T07:02:37+00:00","og_image":[{"width":1027,"height":612,"url":"https:\/\/permbledhja.com\/wp-content\/uploads\/2023\/04\/1BA70D85-47D7-4FB6-9463-2AB0B62E4DC8.jpeg","type":"image\/jpeg"}],"author":"P\u00ebrmbledhja","twitter_card":"summary_large_image","twitter_misc":{"Written by":"P\u00ebrmbledhja","Est. reading time":"1 minut\u00eb"},"schema":{"@context":"https:\/\/schema.org","@graph":[{"@type":"Article","@id":"https:\/\/permbledhja.com\/sq\/familja-tha-se-u-rrembye-31-vjecarja-ne-kllokot-thote-se-iku-me-deshire-me-te-dashurin-e-saj\/#article","isPartOf":{"@id":"https:\/\/permbledhja.com\/sq\/familja-tha-se-u-rrembye-31-vjecarja-ne-kllokot-thote-se-iku-me-deshire-me-te-dashurin-e-saj\/"},"author":{"name":"P\u00ebrmbledhja","@id":"https:\/\/permbledhja.com\/#\/schema\/person\/0d064377258d3221e50693947b9eb4fe"},"headline":"Familja tha se u rr\u00ebmbye, 31-vje\u00e7arja n\u00eb Kllokot thot\u00eb se iku me d\u00ebshir\u00eb me t\u00eb dashurin e saj","datePublished":"2023-04-12T07:02:37+00:00","dateModified":"2023-04-12T07:02:37+00:00","mainEntityOfPage":{"@id":"https:\/\/permbledhja.com\/sq\/familja-tha-se-u-rrembye-31-vjecarja-ne-kllokot-thote-se-iku-me-deshire-me-te-dashurin-e-saj\/"},"wordCount":159,"publisher":{"@id":"https:\/\/permbledhja.com\/#organization"},"keywords":["Familja","Prind\u00ebrit"],"articleSection":["Breaking News"],"inLanguage":"sq"},{"@type":"WebPage","@id":"https:\/\/permbledhja.com\/sq\/familja-tha-se-u-rrembye-31-vjecarja-ne-kllokot-thote-se-iku-me-deshire-me-te-dashurin-e-saj\/","url":"https:\/\/permbledhja.com\/sq\/familja-tha-se-u-rrembye-31-vjecarja-ne-kllokot-thote-se-iku-me-deshire-me-te-dashurin-e-saj\/","name":"Familja tha se u rr\u00ebmbye, 31-vje\u00e7arja n\u00eb Kllokot thot\u00eb se iku me d\u00ebshir\u00eb me t\u00eb dashurin e saj","isPartOf":{"@id":"https:\/\/permbledhja.com\/#website"},"datePublished":"2023-04-12T07:02:37+00:00","dateModified":"2023-04-12T07:02:37+00:00","breadcrumb":{"@id":"https:\/\/permbledhja.com\/sq\/familja-tha-se-u-rrembye-31-vjecarja-ne-kllokot-thote-se-iku-me-deshire-me-te-dashurin-e-saj\/#breadcrumb"},"inLanguage":"sq","potentialAction":[{"@type":"ReadAction","target":["https:\/\/permbledhja.com\/sq\/familja-tha-se-u-rrembye-31-vjecarja-ne-kllokot-thote-se-iku-me-deshire-me-te-dashurin-e-saj\/"]}]},{"@type":"BreadcrumbList","@id":"https:\/\/permbledhja.com\/sq\/familja-tha-se-u-rrembye-31-vjecarja-ne-kllokot-thote-se-iku-me-deshire-me-te-dashurin-e-saj\/#breadcrumb","itemListElement":[{"@type":"ListItem","position":1,"name":"Ballina","item":"https:\/\/permbledhja.com\/sq\/"},{"@type":"ListItem","position":2,"name":"Familja tha se u rr\u00ebmbye, 31-vje\u00e7arja n\u00eb Kllokot thot\u00eb se iku me d\u00ebshir\u00eb me t\u00eb dashurin e saj"}]},{"@type":"WebSite","@id":"https:\/\/permbledhja.com\/#website","url":"https:\/\/permbledhja.com\/","name":"Ve\u00e7 artikuj p\u00ebrmbledh\u00ebs","description":"","publisher":{"@id":"https:\/\/permbledhja.com\/#organization"},"potentialAction":[{"@type":"SearchAction","target":{"@type":"EntryPoint","urlTemplate":"https:\/\/permbledhja.com\/?s={search_term_string}"},"query-input":"required name=search_term_string"}],"inLanguage":"sq"},{"@type":"Organization","@id":"https:\/\/permbledhja.com\/#organization","name":"MK Media & Pr","url":"https:\/\/permbledhja.com\/","logo":{"@type":"ImageObject","inLanguage":"sq","@id":"https:\/\/permbledhja.com\/#\/schema\/logo\/image\/","url":"https:\/\/permbledhja.com\/wp-content\/uploads\/2021\/12\/07-Press-Logo.jpg","contentUrl":"https:\/\/permbledhja.com\/wp-content\/uploads\/2021\/12\/07-Press-Logo.jpg","width":512,"height":512,"caption":"MK Media & Pr"},"image":{"@id":"https:\/\/permbledhja.com\/#\/schema\/logo\/image\/"},"sameAs":["https:\/\/www.facebook.com\/press07\/"]},{"@type":"Person","@id":"https:\/\/permbledhja.com\/#\/schema\/person\/0d064377258d3221e50693947b9eb4fe","name":"P\u00ebrmbledhja","image":{"@type":"ImageObject","inLanguage":"sq","@id":"https:\/\/permbledhja.com\/#\/schema\/person\/image\/","url":"https:\/\/permbledhja.com\/wp-content\/uploads\/2026\/01\/452004717_1040944174702970_8932037511805513407_n-96x96.jpg","contentUrl":"https:\/\/permbledhja.com\/wp-content\/uploads\/2026\/01\/452004717_1040944174702970_8932037511805513407_n-96x96.jpg","caption":"P\u00ebrmbledhja"},"sameAs":["https:\/\/www.facebook.com\/kafexhiu.muharrem\/","https:\/\/www.instagram.com\/muharrem_kafexhiu\/"],"url":"https:\/\/permbledhja.com\/sq\/author\/admin\/"}]}},"_links":{"self":[{"href":"https:\/\/permbledhja.com\/sq\/wp-json\/wp\/v2\/posts\/13941"}],"collection":[{"href":"https:\/\/permbledhja.com\/sq\/wp-json\/wp\/v2\/posts"}],"about":[{"href":"https:\/\/permbledhja.com\/sq\/wp-json\/wp\/v2\/types\/post"}],"author":[{"embeddable":true,"href":"https:\/\/permbledhja.com\/sq\/wp-json\/wp\/v2\/users\/1"}],"replies":[{"embeddable":true,"href":"https:\/\/permbledhja.com\/sq\/wp-json\/wp\/v2\/comments?post=13941"}],"version-history":[{"count":1,"href":"https:\/\/permbledhja.com\/sq\/wp-json\/wp\/v2\/posts\/13941\/revisions"}],"predecessor-version":[{"id":13943,"href":"https:\/\/permbledhja.com\/sq\/wp-json\/wp\/v2\/posts\/13941\/revisions\/13943"}],"wp:featuredmedia":[{"embeddable":true,"href":"https:\/\/permbledhja.com\/sq\/wp-json\/wp\/v2\/media\/13942"}],"wp:attachment":[{"href":"https:\/\/permbledhja.com\/sq\/wp-json\/wp\/v2\/media?parent=13941"}],"wp:term":[{"taxonomy":"category","embeddable":true,"href":"https:\/\/permbledhja.com\/sq\/wp-json\/wp\/v2\/categories?post=13941"},{"taxonomy":"post_tag","embeddable":true,"href":"https:\/\/permbledhja.com\/sq\/wp-json\/wp\/v2\/tags?post=13941"}],"curies":[{"name":"wp","href":"https:\/\/api.w.org\/{rel}","templated":true}]}}