{"id":13938,"date":"2023-04-12T06:43:37","date_gmt":"2023-04-12T06:43:37","guid":{"rendered":"https:\/\/permbledhja.com\/?p=13938"},"modified":"2023-04-12T06:43:37","modified_gmt":"2023-04-12T06:43:37","slug":"plagosja-e-serbit-ne-zvecan-arrestohen-kater-police","status":"publish","type":"post","link":"https:\/\/permbledhja.com\/sq\/plagosja-e-serbit-ne-zvecan-arrestohen-kater-police\/","title":{"rendered":"Plagosja e serbit n\u00eb Zve\u00e7an, arrestohen kat\u00ebr polic\u00eb"},"content":{"rendered":"<p>T\u00eb h\u00ebn\u00ebn n\u00eb mbr\u00ebmje nj\u00eb person \u00ebsht\u00eb person me arm\u00eb zjarri n\u00eb veri t\u00eb Mitrovic\u00ebs, nd\u00ebrsa rasti sakt\u00ebsisht ka ndodhur n\u00eb ora 23:48. Kat\u00ebr pjes\u00ebtar\u00eb t\u00eb Policis\u00eb s\u00eb Kosov\u00ebs, jan\u00eb arrestuar p\u00ebr k\u00ebt\u00eb rast.<\/p>\n<p>N\u00eb njoftimin e Policis\u00eb s\u00eb Kosov\u00ebs thuhej se nj\u00ebsitet relevante policore kan\u00eb nd\u00ebrmarr\u00eb veprimet e menj\u00ebhershme policore lidhur me hetimin dhe verifikimin e informacionit t\u00eb pranuar, duke p\u00ebrfshir\u00eb edhe d\u00ebrgimin e nj\u00eb nj\u00ebsie policore n\u00eb spitalin e Mitrovic\u00ebs Veriore.<\/p>\n<p>\u201cNga aty kan\u00eb pranuar informacione se gjendet duke u trajtuar nj\u00eb person, i cili dyshohet se \u00ebsht\u00eb plagosur n\u00eb kraharor nga arma e zjarrit, por q\u00eb deri m\u00eb tani ende nuk dihen rrethanat dhe shkaqet e plagosjes s\u00eb tij\u201d, ka b\u00ebr\u00eb t\u00eb ditur policia.<\/p>\n<p>\u2026Andaj edhe shkrimet, apo pyetjet e adresuara Policis\u00eb s\u00eb Kosov\u00ebs nga disa mediume serbe, se kinse Policia e Kosov\u00ebs \u00ebsht\u00eb p\u00ebrfshir\u00eb, apo n\u00eb form\u00ebn e pyetjes se a \u00ebsht\u00eb p\u00ebrfshir\u00eb n\u00eb gjuajtje me arm\u00eb dhe plagosje t\u00eb nj\u00eb personi te ura e Bistric\u00eb n\u00eb komun\u00eb t\u00eb Leposaviqit, ju informojm\u00eb dhe nj\u00ebherit ritheksojm\u00eb se Policia e Kosov\u00ebs, nuk \u00ebsht\u00eb p\u00ebrfshir\u00eb n\u00eb asnj\u00eb rast t\u00eb shk\u00ebmbimit apo gjuajtjes me arm\u00eb zjarri, n\u00eb asnj\u00eb lokacion n\u00eb veri t\u00eb Kosov\u00ebs, p\u00ebrfshir\u00eb edhe lokacionin e apostrofuar\u201d, thuhej n\u00eb njoftim.<\/p>\n<p>Por, Policia e Kosov\u00ebs pas hetimeve t\u00eb pand\u00ebrprera ka arritur t\u00eb siguroj\u00eb d\u00ebshmi se nj\u00eb zyrtar policor se \u00ebsht\u00eb p\u00ebrfshir\u00eb n\u00eb gjuajtje me arm\u00eb zjarri n\u00eb incidentin q\u00eb ka ndodhur n\u00eb or\u00ebt e vona t\u00eb s\u00eb h\u00ebn\u00ebs n\u00eb veri t\u00eb Kosov\u00ebs.<\/p>\n<p>\u201cPolicia e Kosov\u00ebs, lidhur me rastin ndodhur n\u00eb or\u00ebt e vona t\u00eb dat\u00ebs 10.04.2023 n\u00eb veri t\u00eb vendit, ku nga arma e zjarrit ishte plagosur nj\u00eb person, ka vazhduar hetimet intensive me nj\u00ebsitet relevante policore nga niveli rajonal dhe ai qendror, me q\u00ebllim t\u00eb hetimit dhe ndri\u00e7imit sa m\u00eb par\u00eb t\u00eb k\u00ebtij rasti\u201d, thuhet n\u00eb njoftim.<\/p>\n<p>\u201cSi rezultat i hetimeve t\u00eb pand\u00ebrprera dhe i angazhimeve t\u00eb nj\u00ebsiteve policore n\u00eb vendin e ngjarjes, si dhe si rezultat i ekzaminimit t\u00eb d\u00ebshmive t\u00eb siguruara, \u00ebsht\u00eb arritur t\u00eb sigurohen d\u00ebshmi t\u00eb cilat tregojn\u00eb dyshimet p\u00ebr p\u00ebrfshirje t\u00eb mundshme t\u00eb nj\u00eb zyrtari policor n\u00eb gjuajtje me arm\u00eb zjarri\u201d.<\/p>\n<p>Bazuar n\u00eb informacionet dhe d\u00ebshmit\u00eb e siguruara b\u00ebhet e ditur se jan\u00eb marr\u00eb masa t\u00eb suspendimit ndaj zyrtarit policor, pasi i nj\u00ebjti nuk kishte raportuar lidhur me rastin dhe p\u00ebr p\u00ebrfshirjen e tij n\u00eb rast, \u201cnga ku PK-ja kishte l\u00ebshuar njoftim se nuk ka qen\u00eb e p\u00ebrfshir\u00eb n\u00eb shk\u00ebmbim apo gjuajtje me arm\u00eb zjarri\u201d.<\/p>\n<p>E lidhur me rastin ku mbeti i plagosur nj\u00eb qytetar i komunitetit serb ka reaguar edhe ministri i Pun\u00ebve t\u00eb Brendshme, Xhelal Sve\u00e7la.<\/p>\n<p>Ai th\u00ebn\u00eb se sipas hetimeve t\u00eb para, pas sinjalit t\u00eb zyrtarit policor p\u00ebr ndalim, vozit\u00ebsi nuk \u00ebsht\u00eb ndalur por ka vazhduar n\u00eb drejtim t\u00eb Zve\u00e7anit.<\/p>\n<p>Pas k\u00ebsaj, nj\u00eb zyrtar policor ka sht\u00ebn\u00eb me arm\u00eb n\u00eb drejtim t\u00eb vetur\u00ebs ku si pasoj\u00eb, ka mbetur i plagosur qytetari M.J.<\/p>\n<p>\u201cPas intervistimit nga ana e Inspektoratit Policor dhe me vendim t\u00eb prokurorit, 4 zyrtar\u00eb policor jan\u00eb arrestuar dhe jan\u00eb d\u00ebrguar n\u00eb mbajtje p\u00ebr 48 or\u00eb me dyshimin se tre zyrtar\u00eb policor\u00eb nuk kishin raportuar lidhur me rastin dhe nj\u00eb zyrtar p\u00ebr mos raportim si dhe p\u00ebr p\u00ebrfshirjen e tij n\u00eb rast. T\u00eb nj\u00ebjtit gjat\u00eb dit\u00ebs me rekomandim t\u00eb IPK-s\u00eb jan\u00eb suspenduar nga PK\u201d, ka th\u00ebn\u00eb ministri.<\/p>\n<p>N\u00eb fund theksoi se me q\u00ebllim t\u00eb zbardhjes s\u00eb t\u00eb gjitha rrethanave, hetimet do t\u00eb vazhdojn\u00eb intensivisht dhe gjithsecili q\u00eb ka b\u00ebr\u00eb shkelje do t\u00eb ballafaqohet me ligjin.<\/p>\n<p>E arrestimin e kat\u00ebr zyrtar\u00ebve policor\u00eb e ka konfirmuar edhe Inspektorati Policor i Kosov\u00ebs.<\/p>\n<p>Nj\u00ebri nga zyrtar\u00ebt policor dyshohet se ka kryer vepr\u00ebn penale \u201cvrasje n\u00eb tentativ\u00eb\u201d, nd\u00ebrsa t\u00eb kat\u00ebrtit po ashtu dyshohen se kan\u00eb kryer vepr\u00ebn penale \u201cmoslajm\u00ebrim i vepr\u00ebs penale\u201d.<\/p>\n<p>\u201cPas nd\u00ebrmarrjes s\u00eb disa veprimeve hetimore n\u00eb koordinim me prokurorin\u00eb hetuesit e IPK-s\u00eb kan\u00eb arrestuar sot n\u00eb or\u00ebt e mbr\u00ebmjes kat\u00ebr zyrtar\u00eb policor\u00eb me dyshimin se kan\u00eb  kryer vepr\u00ebn penale  \u201cmos lajm\u00ebrim i vepr\u00ebs penale\u201d  dhe nj\u00ebri nga ta \u00ebsht\u00eb i dyshuar p\u00ebr vepr\u00ebn penale \u201cvrasje \u2013  n\u00eb tentativ\u00eb\u201d (lidhur me nenin 28 t\u00eb Kodit Penal t\u00eb Republik\u00ebs s\u00eb Kosov\u00ebs)\u201d, thuhet n\u00eb njoftimin e Inspektoratit.<\/p>\n<p>Me vendim t\u00eb prokurorit t\u00eb nj\u00ebjt\u00ebve u \u00ebsht\u00eb caktuar masa e ndalimit p\u00ebr 48 or\u00eb.<\/p>\n<p>\u201cHetuesit e IPK-s\u00eb jan\u00eb duke nd\u00ebrmarr\u00eb edhe veprime tjera hetimore p\u00ebr t\u00eb zbardhur t\u00eb gjitha rrethanat e k\u00ebtij rasti n\u00eb koordinim t\u00eb plot\u00eb me Prokurorin e Shtetit. Veprime t\u00eb tjera do t\u00eb nd\u00ebrmerren n\u00eb p\u00ebrputhje me autorizimet ligjore t\u00eb IPK-s\u00eb dhe n\u00eb koordinim me prokurorin\u00eb kompetente\u201d, thuhet nga Inspektorati Policor i Kosov\u00ebs\u201d, thuhet tutje n\u00eb njoftim.<\/p>\n<p>Komunat n\u00eb veri t\u00eb Kosov\u00ebs \u2013 Mitrovic\u00eb e Veriut, Zve\u00e7an, Leposaviq dhe Zubin Potok \u2013 jan\u00eb t\u00eb banuara me shumic\u00eb serbe.<\/p>\n<p>Ky rajon \u00ebsht\u00eb shpesh vat\u00ebr e tensioneve.<\/p>\n<p>Jav\u00ebn e kaluar, nj\u00eb pjes\u00ebtari t\u00eb komunitetit serb i \u00ebsht\u00eb caktuar masa e paraburgimit prej nj\u00eb muaji, i cili dyshohet se u ka v\u00ebn\u00eb flak\u00ebn veturave me targa RKS \u2013 Republika e Kosov\u00ebs \u2013 n\u00eb Zubin Potok, komun\u00eb me shumic\u00eb serbe n\u00eb veri t\u00eb Kosov\u00ebs.<\/p>\n<p>Presidentja e Kosov\u00ebs, Vjosa Osmani, ka th\u00ebn\u00eb t\u00eb h\u00ebn\u00ebn se incidentet n\u00eb veri t\u00eb Kosov\u00ebs jan\u00eb t\u00eb orkestruara nga \u201cstruktura ilegale t\u00eb mb\u00ebshtetura nga Beogradi\u201d, t\u00eb cilat kan\u00eb p\u00ebr q\u00ebllim frik\u00ebsimin dhe kanosjen e popullat\u00ebs lokale serbe.<\/p>\n","protected":false},"excerpt":{"rendered":"<p>T\u00eb h\u00ebn\u00ebn n\u00eb mbr\u00ebmje nj\u00eb person \u00ebsht\u00eb person me arm\u00eb zjarri n\u00eb veri t\u00eb Mitrovic\u00ebs, nd\u00ebrsa rasti sakt\u00ebsisht ka ndodhur n\u00eb ora 23:48. Kat\u00ebr pjes\u00ebtar\u00eb t\u00eb Policis\u00eb s\u00eb Kosov\u00ebs, jan\u00eb arrestuar p\u00ebr k\u00ebt\u00eb rast. N\u00eb njoftimin e Policis\u00eb s\u00eb Kosov\u00ebs thuhej se nj\u00ebsitet relevante policore kan\u00eb nd\u00ebrmarr\u00eb veprimet e menj\u00ebhershme policore lidhur me hetimin dhe [&hellip;]<\/p>\n","protected":false},"author":1,"featured_media":13939,"comment_status":"closed","ping_status":"closed","sticky":false,"template":"","format":"standard","meta":{"_monsterinsights_skip_tracking":false,"_monsterinsights_sitenote_active":false,"_monsterinsights_sitenote_note":"","_monsterinsights_sitenote_category":0,"_uf_show_specific_survey":0,"_uf_disable_surveys":false,"footnotes":""},"categories":[1146],"tags":[1674],"yoast_head":"<!-- This site is optimized with the Yoast SEO plugin v21.5 - https:\/\/yoast.com\/wordpress\/plugins\/seo\/ -->\n<title>Plagosja e serbit n\u00eb Zve\u00e7an, arrestohen kat\u00ebr polic\u00eb<\/title>\n<meta name=\"robots\" content=\"index, follow, max-snippet:-1, max-image-preview:large, max-video-preview:-1\" \/>\n<link rel=\"canonical\" href=\"https:\/\/permbledhja.com\/sq\/plagosja-e-serbit-ne-zvecan-arrestohen-kater-police\/\" \/>\n<meta property=\"og:locale\" content=\"sq_AL\" \/>\n<meta property=\"og:type\" content=\"article\" \/>\n<meta property=\"og:title\" content=\"Plagosja e serbit n\u00eb Zve\u00e7an, arrestohen kat\u00ebr polic\u00eb\" \/>\n<meta property=\"og:description\" content=\"T\u00eb h\u00ebn\u00ebn n\u00eb mbr\u00ebmje nj\u00eb person \u00ebsht\u00eb person me arm\u00eb zjarri n\u00eb veri t\u00eb Mitrovic\u00ebs, nd\u00ebrsa rasti sakt\u00ebsisht ka ndodhur n\u00eb ora 23:48. Kat\u00ebr pjes\u00ebtar\u00eb t\u00eb Policis\u00eb s\u00eb Kosov\u00ebs, jan\u00eb arrestuar p\u00ebr k\u00ebt\u00eb rast. N\u00eb njoftimin e Policis\u00eb s\u00eb Kosov\u00ebs thuhej se nj\u00ebsitet relevante policore kan\u00eb nd\u00ebrmarr\u00eb veprimet e menj\u00ebhershme policore lidhur me hetimin dhe [&hellip;]\" \/>\n<meta property=\"og:url\" content=\"https:\/\/permbledhja.com\/sq\/plagosja-e-serbit-ne-zvecan-arrestohen-kater-police\/\" \/>\n<meta property=\"og:site_name\" content=\"Ve\u00e7 artikuj p\u00ebrmbledh\u00ebs\" \/>\n<meta property=\"article:publisher\" content=\"https:\/\/www.facebook.com\/press07\/\" \/>\n<meta property=\"article:author\" content=\"https:\/\/www.facebook.com\/kafexhiu.muharrem\/\" \/>\n<meta property=\"article:published_time\" content=\"2023-04-12T06:43:37+00:00\" \/>\n<meta property=\"og:image\" content=\"https:\/\/permbledhja.com\/wp-content\/uploads\/2023\/04\/31BC5122-09DA-469A-97A8-D0A5A4FFD075.webp\" \/>\n\t<meta property=\"og:image:width\" content=\"600\" \/>\n\t<meta property=\"og:image:height\" content=\"360\" \/>\n\t<meta property=\"og:image:type\" content=\"image\/webp\" \/>\n<meta name=\"author\" content=\"P\u00ebrmbledhja\" \/>\n<meta name=\"twitter:card\" content=\"summary_large_image\" \/>\n<meta name=\"twitter:label1\" content=\"Written by\" \/>\n\t<meta name=\"twitter:data1\" content=\"P\u00ebrmbledhja\" \/>\n\t<meta name=\"twitter:label2\" content=\"Est. reading time\" \/>\n\t<meta name=\"twitter:data2\" content=\"5 minuta\" \/>\n<script type=\"application\/ld+json\" class=\"yoast-schema-graph\">{\"@context\":\"https:\/\/schema.org\",\"@graph\":[{\"@type\":\"Article\",\"@id\":\"https:\/\/permbledhja.com\/sq\/plagosja-e-serbit-ne-zvecan-arrestohen-kater-police\/#article\",\"isPartOf\":{\"@id\":\"https:\/\/permbledhja.com\/sq\/plagosja-e-serbit-ne-zvecan-arrestohen-kater-police\/\"},\"author\":{\"name\":\"P\u00ebrmbledhja\",\"@id\":\"https:\/\/permbledhja.com\/#\/schema\/person\/0d064377258d3221e50693947b9eb4fe\"},\"headline\":\"Plagosja e serbit n\u00eb Zve\u00e7an, arrestohen kat\u00ebr polic\u00eb\",\"datePublished\":\"2023-04-12T06:43:37+00:00\",\"dateModified\":\"2023-04-12T06:43:37+00:00\",\"mainEntityOfPage\":{\"@id\":\"https:\/\/permbledhja.com\/sq\/plagosja-e-serbit-ne-zvecan-arrestohen-kater-police\/\"},\"wordCount\":982,\"publisher\":{\"@id\":\"https:\/\/permbledhja.com\/#organization\"},\"keywords\":[\"Inspektorati\"],\"articleSection\":[\"Kryesoret\"],\"inLanguage\":\"sq\"},{\"@type\":\"WebPage\",\"@id\":\"https:\/\/permbledhja.com\/sq\/plagosja-e-serbit-ne-zvecan-arrestohen-kater-police\/\",\"url\":\"https:\/\/permbledhja.com\/sq\/plagosja-e-serbit-ne-zvecan-arrestohen-kater-police\/\",\"name\":\"Plagosja e serbit n\u00eb Zve\u00e7an, arrestohen kat\u00ebr polic\u00eb\",\"isPartOf\":{\"@id\":\"https:\/\/permbledhja.com\/#website\"},\"datePublished\":\"2023-04-12T06:43:37+00:00\",\"dateModified\":\"2023-04-12T06:43:37+00:00\",\"breadcrumb\":{\"@id\":\"https:\/\/permbledhja.com\/sq\/plagosja-e-serbit-ne-zvecan-arrestohen-kater-police\/#breadcrumb\"},\"inLanguage\":\"sq\",\"potentialAction\":[{\"@type\":\"ReadAction\",\"target\":[\"https:\/\/permbledhja.com\/sq\/plagosja-e-serbit-ne-zvecan-arrestohen-kater-police\/\"]}]},{\"@type\":\"BreadcrumbList\",\"@id\":\"https:\/\/permbledhja.com\/sq\/plagosja-e-serbit-ne-zvecan-arrestohen-kater-police\/#breadcrumb\",\"itemListElement\":[{\"@type\":\"ListItem\",\"position\":1,\"name\":\"Ballina\",\"item\":\"https:\/\/permbledhja.com\/sq\/\"},{\"@type\":\"ListItem\",\"position\":2,\"name\":\"Plagosja e serbit n\u00eb Zve\u00e7an, arrestohen kat\u00ebr polic\u00eb\"}]},{\"@type\":\"WebSite\",\"@id\":\"https:\/\/permbledhja.com\/#website\",\"url\":\"https:\/\/permbledhja.com\/\",\"name\":\"Ve\u00e7 artikuj p\u00ebrmbledh\u00ebs\",\"description\":\"\",\"publisher\":{\"@id\":\"https:\/\/permbledhja.com\/#organization\"},\"potentialAction\":[{\"@type\":\"SearchAction\",\"target\":{\"@type\":\"EntryPoint\",\"urlTemplate\":\"https:\/\/permbledhja.com\/?s={search_term_string}\"},\"query-input\":\"required name=search_term_string\"}],\"inLanguage\":\"sq\"},{\"@type\":\"Organization\",\"@id\":\"https:\/\/permbledhja.com\/#organization\",\"name\":\"MK Media & Pr\",\"url\":\"https:\/\/permbledhja.com\/\",\"logo\":{\"@type\":\"ImageObject\",\"inLanguage\":\"sq\",\"@id\":\"https:\/\/permbledhja.com\/#\/schema\/logo\/image\/\",\"url\":\"https:\/\/permbledhja.com\/wp-content\/uploads\/2021\/12\/07-Press-Logo.jpg\",\"contentUrl\":\"https:\/\/permbledhja.com\/wp-content\/uploads\/2021\/12\/07-Press-Logo.jpg\",\"width\":512,\"height\":512,\"caption\":\"MK Media & Pr\"},\"image\":{\"@id\":\"https:\/\/permbledhja.com\/#\/schema\/logo\/image\/\"},\"sameAs\":[\"https:\/\/www.facebook.com\/press07\/\"]},{\"@type\":\"Person\",\"@id\":\"https:\/\/permbledhja.com\/#\/schema\/person\/0d064377258d3221e50693947b9eb4fe\",\"name\":\"P\u00ebrmbledhja\",\"image\":{\"@type\":\"ImageObject\",\"inLanguage\":\"sq\",\"@id\":\"https:\/\/permbledhja.com\/#\/schema\/person\/image\/\",\"url\":\"https:\/\/permbledhja.com\/wp-content\/uploads\/2026\/01\/452004717_1040944174702970_8932037511805513407_n-96x96.jpg\",\"contentUrl\":\"https:\/\/permbledhja.com\/wp-content\/uploads\/2026\/01\/452004717_1040944174702970_8932037511805513407_n-96x96.jpg\",\"caption\":\"P\u00ebrmbledhja\"},\"sameAs\":[\"https:\/\/www.facebook.com\/kafexhiu.muharrem\/\",\"https:\/\/www.instagram.com\/muharrem_kafexhiu\/\"],\"url\":\"https:\/\/permbledhja.com\/sq\/author\/admin\/\"}]}<\/script>\n<!-- \/ Yoast SEO plugin. -->","yoast_head_json":{"title":"Plagosja e serbit n\u00eb Zve\u00e7an, arrestohen kat\u00ebr polic\u00eb","robots":{"index":"index","follow":"follow","max-snippet":"max-snippet:-1","max-image-preview":"max-image-preview:large","max-video-preview":"max-video-preview:-1"},"canonical":"https:\/\/permbledhja.com\/sq\/plagosja-e-serbit-ne-zvecan-arrestohen-kater-police\/","og_locale":"sq_AL","og_type":"article","og_title":"Plagosja e serbit n\u00eb Zve\u00e7an, arrestohen kat\u00ebr polic\u00eb","og_description":"T\u00eb h\u00ebn\u00ebn n\u00eb mbr\u00ebmje nj\u00eb person \u00ebsht\u00eb person me arm\u00eb zjarri n\u00eb veri t\u00eb Mitrovic\u00ebs, nd\u00ebrsa rasti sakt\u00ebsisht ka ndodhur n\u00eb ora 23:48. Kat\u00ebr pjes\u00ebtar\u00eb t\u00eb Policis\u00eb s\u00eb Kosov\u00ebs, jan\u00eb arrestuar p\u00ebr k\u00ebt\u00eb rast. N\u00eb njoftimin e Policis\u00eb s\u00eb Kosov\u00ebs thuhej se nj\u00ebsitet relevante policore kan\u00eb nd\u00ebrmarr\u00eb veprimet e menj\u00ebhershme policore lidhur me hetimin dhe [&hellip;]","og_url":"https:\/\/permbledhja.com\/sq\/plagosja-e-serbit-ne-zvecan-arrestohen-kater-police\/","og_site_name":"Ve\u00e7 artikuj p\u00ebrmbledh\u00ebs","article_publisher":"https:\/\/www.facebook.com\/press07\/","article_author":"https:\/\/www.facebook.com\/kafexhiu.muharrem\/","article_published_time":"2023-04-12T06:43:37+00:00","og_image":[{"width":600,"height":360,"url":"https:\/\/permbledhja.com\/wp-content\/uploads\/2023\/04\/31BC5122-09DA-469A-97A8-D0A5A4FFD075.webp","type":"image\/webp"}],"author":"P\u00ebrmbledhja","twitter_card":"summary_large_image","twitter_misc":{"Written by":"P\u00ebrmbledhja","Est. reading time":"5 minuta"},"schema":{"@context":"https:\/\/schema.org","@graph":[{"@type":"Article","@id":"https:\/\/permbledhja.com\/sq\/plagosja-e-serbit-ne-zvecan-arrestohen-kater-police\/#article","isPartOf":{"@id":"https:\/\/permbledhja.com\/sq\/plagosja-e-serbit-ne-zvecan-arrestohen-kater-police\/"},"author":{"name":"P\u00ebrmbledhja","@id":"https:\/\/permbledhja.com\/#\/schema\/person\/0d064377258d3221e50693947b9eb4fe"},"headline":"Plagosja e serbit n\u00eb Zve\u00e7an, arrestohen kat\u00ebr polic\u00eb","datePublished":"2023-04-12T06:43:37+00:00","dateModified":"2023-04-12T06:43:37+00:00","mainEntityOfPage":{"@id":"https:\/\/permbledhja.com\/sq\/plagosja-e-serbit-ne-zvecan-arrestohen-kater-police\/"},"wordCount":982,"publisher":{"@id":"https:\/\/permbledhja.com\/#organization"},"keywords":["Inspektorati"],"articleSection":["Kryesoret"],"inLanguage":"sq"},{"@type":"WebPage","@id":"https:\/\/permbledhja.com\/sq\/plagosja-e-serbit-ne-zvecan-arrestohen-kater-police\/","url":"https:\/\/permbledhja.com\/sq\/plagosja-e-serbit-ne-zvecan-arrestohen-kater-police\/","name":"Plagosja e serbit n\u00eb Zve\u00e7an, arrestohen kat\u00ebr polic\u00eb","isPartOf":{"@id":"https:\/\/permbledhja.com\/#website"},"datePublished":"2023-04-12T06:43:37+00:00","dateModified":"2023-04-12T06:43:37+00:00","breadcrumb":{"@id":"https:\/\/permbledhja.com\/sq\/plagosja-e-serbit-ne-zvecan-arrestohen-kater-police\/#breadcrumb"},"inLanguage":"sq","potentialAction":[{"@type":"ReadAction","target":["https:\/\/permbledhja.com\/sq\/plagosja-e-serbit-ne-zvecan-arrestohen-kater-police\/"]}]},{"@type":"BreadcrumbList","@id":"https:\/\/permbledhja.com\/sq\/plagosja-e-serbit-ne-zvecan-arrestohen-kater-police\/#breadcrumb","itemListElement":[{"@type":"ListItem","position":1,"name":"Ballina","item":"https:\/\/permbledhja.com\/sq\/"},{"@type":"ListItem","position":2,"name":"Plagosja e serbit n\u00eb Zve\u00e7an, arrestohen kat\u00ebr polic\u00eb"}]},{"@type":"WebSite","@id":"https:\/\/permbledhja.com\/#website","url":"https:\/\/permbledhja.com\/","name":"Ve\u00e7 artikuj p\u00ebrmbledh\u00ebs","description":"","publisher":{"@id":"https:\/\/permbledhja.com\/#organization"},"potentialAction":[{"@type":"SearchAction","target":{"@type":"EntryPoint","urlTemplate":"https:\/\/permbledhja.com\/?s={search_term_string}"},"query-input":"required name=search_term_string"}],"inLanguage":"sq"},{"@type":"Organization","@id":"https:\/\/permbledhja.com\/#organization","name":"MK Media & Pr","url":"https:\/\/permbledhja.com\/","logo":{"@type":"ImageObject","inLanguage":"sq","@id":"https:\/\/permbledhja.com\/#\/schema\/logo\/image\/","url":"https:\/\/permbledhja.com\/wp-content\/uploads\/2021\/12\/07-Press-Logo.jpg","contentUrl":"https:\/\/permbledhja.com\/wp-content\/uploads\/2021\/12\/07-Press-Logo.jpg","width":512,"height":512,"caption":"MK Media & Pr"},"image":{"@id":"https:\/\/permbledhja.com\/#\/schema\/logo\/image\/"},"sameAs":["https:\/\/www.facebook.com\/press07\/"]},{"@type":"Person","@id":"https:\/\/permbledhja.com\/#\/schema\/person\/0d064377258d3221e50693947b9eb4fe","name":"P\u00ebrmbledhja","image":{"@type":"ImageObject","inLanguage":"sq","@id":"https:\/\/permbledhja.com\/#\/schema\/person\/image\/","url":"https:\/\/permbledhja.com\/wp-content\/uploads\/2026\/01\/452004717_1040944174702970_8932037511805513407_n-96x96.jpg","contentUrl":"https:\/\/permbledhja.com\/wp-content\/uploads\/2026\/01\/452004717_1040944174702970_8932037511805513407_n-96x96.jpg","caption":"P\u00ebrmbledhja"},"sameAs":["https:\/\/www.facebook.com\/kafexhiu.muharrem\/","https:\/\/www.instagram.com\/muharrem_kafexhiu\/"],"url":"https:\/\/permbledhja.com\/sq\/author\/admin\/"}]}},"_links":{"self":[{"href":"https:\/\/permbledhja.com\/sq\/wp-json\/wp\/v2\/posts\/13938"}],"collection":[{"href":"https:\/\/permbledhja.com\/sq\/wp-json\/wp\/v2\/posts"}],"about":[{"href":"https:\/\/permbledhja.com\/sq\/wp-json\/wp\/v2\/types\/post"}],"author":[{"embeddable":true,"href":"https:\/\/permbledhja.com\/sq\/wp-json\/wp\/v2\/users\/1"}],"replies":[{"embeddable":true,"href":"https:\/\/permbledhja.com\/sq\/wp-json\/wp\/v2\/comments?post=13938"}],"version-history":[{"count":1,"href":"https:\/\/permbledhja.com\/sq\/wp-json\/wp\/v2\/posts\/13938\/revisions"}],"predecessor-version":[{"id":13940,"href":"https:\/\/permbledhja.com\/sq\/wp-json\/wp\/v2\/posts\/13938\/revisions\/13940"}],"wp:featuredmedia":[{"embeddable":true,"href":"https:\/\/permbledhja.com\/sq\/wp-json\/wp\/v2\/media\/13939"}],"wp:attachment":[{"href":"https:\/\/permbledhja.com\/sq\/wp-json\/wp\/v2\/media?parent=13938"}],"wp:term":[{"taxonomy":"category","embeddable":true,"href":"https:\/\/permbledhja.com\/sq\/wp-json\/wp\/v2\/categories?post=13938"},{"taxonomy":"post_tag","embeddable":true,"href":"https:\/\/permbledhja.com\/sq\/wp-json\/wp\/v2\/tags?post=13938"}],"curies":[{"name":"wp","href":"https:\/\/api.w.org\/{rel}","templated":true}]}}