{"id":13897,"date":"2023-04-11T06:36:53","date_gmt":"2023-04-11T06:36:53","guid":{"rendered":"https:\/\/permbledhja.com\/?p=13897"},"modified":"2023-04-11T06:36:53","modified_gmt":"2023-04-11T06:36:53","slug":"plagoset-me-arme-nje-person-ne-veri-deklarohet-policia-e-kosoves","status":"publish","type":"post","link":"https:\/\/permbledhja.com\/sq\/plagoset-me-arme-nje-person-ne-veri-deklarohet-policia-e-kosoves\/","title":{"rendered":"Plagoset me arm\u00eb nj\u00eb person n\u00eb Veri, deklarohet Policia e Kosov\u00ebs"},"content":{"rendered":"<p>Pas mesnate, Policia ka dal\u00eb me nj\u00eb komunikat\u00eb p\u00ebr media ku ka njoftuar p\u00ebr nj\u00eb incident me arm\u00eb zjarri q\u00eb ka ndodhur mbr\u00ebm\u00eb n\u00eb Veri dhe p\u00ebr pasoj\u00eb nj\u00eb person ka mbetur i plagosur. Dyshimet dhe rrethanat e rastit jan\u00eb akoma t\u00eb panjohura, nd\u00ebrkoh\u00eb q\u00eb Policia ka b\u00ebr\u00eb t\u00eb ditur se hetimet kan\u00eb nisur dhe po zhvillohen n\u00eb m\u00ebnyr\u00eb intensive<\/p>\n<p>N\u00eb njoftim po ashtu thuhet se \u201cPolicia nuk \u00ebsht\u00eb p\u00ebrfshir\u00eb n\u00eb asnj\u00eb rast t\u00eb shk\u00ebmbimit apo t\u00eb gjuajtjes me arm\u00eb zjarri ndaj asnj\u00eb grupi apo personi t\u00eb caktuar.\u201d<\/p>\n<p>Andaj edhe shkrimet, apo pyetjet e adresuara Policis\u00eb s\u00eb Kosov\u00ebs nga disa mediume serbe, se kinse Policia e Kosov\u00ebs \u00ebsht\u00eb p\u00ebrfshir\u00eb, apo n\u00eb form\u00ebn e pyetjes se a \u00ebsht\u00eb p\u00ebrfshir\u00eb n\u00eb gjuajtje me arm\u00eb dhe plagosje t\u00eb nj\u00eb personi te ura e Bistric\u00eb n\u00eb komun\u00eb t\u00eb Leposaviqit, ju informojm\u00eb dhe nj\u00ebherit ritheksojm\u00eb se Policia e Kosov\u00ebs, nuk \u00ebsht\u00eb p\u00ebrfshir\u00eb n\u00eb asnj\u00eb rast t\u00eb shk\u00ebmbimit apo gjuajtjes me arm\u00eb zjarri, n\u00eb asnj\u00eb lokacion n\u00eb veri t\u00eb Kosov\u00ebs, p\u00ebrfshir\u00eb edhe lokacionin e apostrofuar.\u201d.<\/p>\n<p>Nd\u00ebrkoh\u00eb personi i plagosur po trajtohet n\u00eb spitalin n\u00eb Veri dhe \u00ebsht\u00eb jasht\u00eb rrezikut p\u00ebr jet\u00eb.<\/p>\n<p>Njoftimi i Policis\u00eb:<\/p>\n<p>Policia e Kosov\u00ebs me dat\u00eb 10.04.2023 rreth or\u00ebs 23.48 ka pranuar nj\u00eb informacion lidhur me dyshimet p\u00ebr plagosje me arm\u00eb zjarri, t\u00eb nj\u00eb personi n\u00eb veri t\u00eb vendit.<\/p>\n<p>Nj\u00ebsitet relevante policore kan\u00eb nd\u00ebrmarr\u00eb veprimet e menj\u00ebhershme policore lidhur me hetimin dhe verifikimin e informacionit t\u00eb pranuar, duke p\u00ebrfshir\u00eb edhe d\u00ebrgimin e nj\u00eb nj\u00ebsie policore n\u00eb spitalin e Mitrovic\u00ebs Veriore.<\/p>\n<p>Nga aty kan pranuar informacione se gjendet duke u trajtuar nj\u00eb person, i cili dyshohet se \u00ebsht\u00eb plagosur n\u00eb krahror nga arma e zjarrit, por q\u00eb deri m\u00eb tani ende nuk dihen rrethanat dhe shkaqet e plagosjes s\u00eb tij.<\/p>\n<p>Policia e Kosov\u00ebs, \u00ebsht\u00eb duke kryer hetime intensive, me q\u00ebllim t\u00eb zbardhjes sa m\u00eb par\u00eb t\u00eb k\u00ebtij rasti.<\/p>\n<p>Vlen t\u00eb potencojm\u00eb dhe nj\u00ebherit t\u00eb sqarojm\u00eb se, Policia e Kosov\u00ebs nuk \u00ebsht\u00eb p\u00ebrfshir\u00eb n\u00eb asnj\u00eb rast t\u00eb shk\u00ebmbimit apo t\u00eb gjuajtjes me arm\u00eb zjarri ndaj asnj\u00eb grupi apo personi t\u00eb caktuar.<\/p>\n<p>Andaj edhe shkrimet, apo pyetjet e adresuara Policis\u00eb s\u00eb Kosov\u00ebs nga disa mediume serbe, se kinse Policia e Kosov\u00ebs \u00ebsht\u00eb p\u00ebrfshir\u00eb, apo n\u00eb form\u00ebn e pyetjes se a \u00ebsht\u00eb p\u00ebrfshir\u00eb n\u00eb gjuajtje me arm\u00eb dhe plagosje t\u00eb nj\u00eb personi te ura e Bistric\u00eb n\u00eb komun\u00eb t\u00eb Leposaviqit, ju informojm\u00eb dhe nj\u00ebherit ritheksojm\u00eb se Policia e Kosov\u00ebs, nuk \u00ebsht\u00eb p\u00ebrfshir\u00eb n\u00eb asnj\u00eb rast t\u00eb shk\u00ebmbimit apo gjuajtjes me arm\u00eb zjarri, n\u00eb asnj\u00eb lokacion n\u00eb veri t\u00eb Kosov\u00ebs, p\u00ebrfshir\u00eb edhe lokacionin e apostrofuar.<\/p>\n<p>Andaj, bazuar n\u00eb informacionet zyrtare, v\u00ebrtetohet se Policia e Kosov\u00ebs nuk \u00ebsht\u00eb p\u00ebrfshir n\u00eb asnj\u00eb rast t\u00eb gjuajtjes me arm\u00eb zjarri, dhe mbetet e p\u00ebrkushtuar n\u00eb hetimin dhe ndri\u00e7imin sa m\u00eb par\u00eb t\u00eb rastit t\u00eb personit t\u00eb plagosur i cili gjendet duke u trajtuar n\u00eb qendren spitalore n\u00eb Mitrovic\u00eb Veriore, ku sipas mjek\u00ebve \u00ebsht\u00eb jasht rrezikut p\u00ebr jet\u00eb.<\/p>\n<p>Po ashtu ftojm\u00eb edhe mediat q\u00eb p\u00ebr informacione zyrtare t\u2019i adresohen Policis\u00eb s\u00eb Kosov\u00ebs.<\/p>\n","protected":false},"excerpt":{"rendered":"<p>Pas mesnate, Policia ka dal\u00eb me nj\u00eb komunikat\u00eb p\u00ebr media ku ka njoftuar p\u00ebr nj\u00eb incident me arm\u00eb zjarri q\u00eb ka ndodhur mbr\u00ebm\u00eb n\u00eb Veri dhe p\u00ebr pasoj\u00eb nj\u00eb person ka mbetur i plagosur. Dyshimet dhe rrethanat e rastit jan\u00eb akoma t\u00eb panjohura, nd\u00ebrkoh\u00eb q\u00eb Policia ka b\u00ebr\u00eb t\u00eb ditur se hetimet kan\u00eb nisur dhe [&hellip;]<\/p>\n","protected":false},"author":1,"featured_media":13128,"comment_status":"closed","ping_status":"closed","sticky":false,"template":"","format":"standard","meta":{"_monsterinsights_skip_tracking":false,"_monsterinsights_sitenote_active":false,"_monsterinsights_sitenote_note":"","_monsterinsights_sitenote_category":0,"_uf_show_specific_survey":0,"_uf_disable_surveys":false,"footnotes":""},"categories":[1146],"tags":[102],"yoast_head":"<!-- This site is optimized with the Yoast SEO plugin v21.5 - https:\/\/yoast.com\/wordpress\/plugins\/seo\/ -->\n<title>Plagoset me arm\u00eb nj\u00eb person n\u00eb Veri, deklarohet Policia e Kosov\u00ebs<\/title>\n<meta name=\"robots\" content=\"index, follow, max-snippet:-1, max-image-preview:large, max-video-preview:-1\" \/>\n<link rel=\"canonical\" href=\"https:\/\/permbledhja.com\/sq\/plagoset-me-arme-nje-person-ne-veri-deklarohet-policia-e-kosoves\/\" \/>\n<meta property=\"og:locale\" content=\"sq_AL\" \/>\n<meta property=\"og:type\" content=\"article\" \/>\n<meta property=\"og:title\" content=\"Plagoset me arm\u00eb nj\u00eb person n\u00eb Veri, deklarohet Policia e Kosov\u00ebs\" \/>\n<meta property=\"og:description\" content=\"Pas mesnate, Policia ka dal\u00eb me nj\u00eb komunikat\u00eb p\u00ebr media ku ka njoftuar p\u00ebr nj\u00eb incident me arm\u00eb zjarri q\u00eb ka ndodhur mbr\u00ebm\u00eb n\u00eb Veri dhe p\u00ebr pasoj\u00eb nj\u00eb person ka mbetur i plagosur. Dyshimet dhe rrethanat e rastit jan\u00eb akoma t\u00eb panjohura, nd\u00ebrkoh\u00eb q\u00eb Policia ka b\u00ebr\u00eb t\u00eb ditur se hetimet kan\u00eb nisur dhe [&hellip;]\" \/>\n<meta property=\"og:url\" content=\"https:\/\/permbledhja.com\/sq\/plagoset-me-arme-nje-person-ne-veri-deklarohet-policia-e-kosoves\/\" \/>\n<meta property=\"og:site_name\" content=\"Ve\u00e7 artikuj p\u00ebrmbledh\u00ebs\" \/>\n<meta property=\"article:publisher\" content=\"https:\/\/www.facebook.com\/press07\/\" \/>\n<meta property=\"article:author\" content=\"https:\/\/www.facebook.com\/kafexhiu.muharrem\/\" \/>\n<meta property=\"article:published_time\" content=\"2023-04-11T06:36:53+00:00\" \/>\n<meta property=\"og:image\" content=\"https:\/\/permbledhja.com\/wp-content\/uploads\/2023\/03\/police.png\" \/>\n\t<meta property=\"og:image:width\" content=\"651\" \/>\n\t<meta property=\"og:image:height\" content=\"337\" \/>\n\t<meta property=\"og:image:type\" content=\"image\/png\" \/>\n<meta name=\"author\" content=\"P\u00ebrmbledhja\" \/>\n<meta name=\"twitter:card\" content=\"summary_large_image\" \/>\n<meta name=\"twitter:label1\" content=\"Written by\" \/>\n\t<meta name=\"twitter:data1\" content=\"P\u00ebrmbledhja\" \/>\n\t<meta name=\"twitter:label2\" content=\"Est. reading time\" \/>\n\t<meta name=\"twitter:data2\" content=\"3 minuta\" \/>\n<script type=\"application\/ld+json\" class=\"yoast-schema-graph\">{\"@context\":\"https:\/\/schema.org\",\"@graph\":[{\"@type\":\"Article\",\"@id\":\"https:\/\/permbledhja.com\/plagoset-me-arme-nje-person-ne-veri-deklarohet-policia-e-kosoves\/#article\",\"isPartOf\":{\"@id\":\"https:\/\/permbledhja.com\/plagoset-me-arme-nje-person-ne-veri-deklarohet-policia-e-kosoves\/\"},\"author\":{\"name\":\"P\u00ebrmbledhja\",\"@id\":\"https:\/\/permbledhja.com\/#\/schema\/person\/0d064377258d3221e50693947b9eb4fe\"},\"headline\":\"Plagoset me arm\u00eb nj\u00eb person n\u00eb Veri, deklarohet Policia e Kosov\u00ebs\",\"datePublished\":\"2023-04-11T06:36:53+00:00\",\"dateModified\":\"2023-04-11T06:36:53+00:00\",\"mainEntityOfPage\":{\"@id\":\"https:\/\/permbledhja.com\/plagoset-me-arme-nje-person-ne-veri-deklarohet-policia-e-kosoves\/\"},\"wordCount\":559,\"publisher\":{\"@id\":\"https:\/\/permbledhja.com\/#organization\"},\"keywords\":[\"Policia e Kosov\u00ebs\"],\"articleSection\":[\"Kryesoret\"],\"inLanguage\":\"sq\"},{\"@type\":\"WebPage\",\"@id\":\"https:\/\/permbledhja.com\/plagoset-me-arme-nje-person-ne-veri-deklarohet-policia-e-kosoves\/\",\"url\":\"https:\/\/permbledhja.com\/plagoset-me-arme-nje-person-ne-veri-deklarohet-policia-e-kosoves\/\",\"name\":\"Plagoset me arm\u00eb nj\u00eb person n\u00eb Veri, deklarohet Policia e Kosov\u00ebs\",\"isPartOf\":{\"@id\":\"https:\/\/permbledhja.com\/#website\"},\"datePublished\":\"2023-04-11T06:36:53+00:00\",\"dateModified\":\"2023-04-11T06:36:53+00:00\",\"breadcrumb\":{\"@id\":\"https:\/\/permbledhja.com\/plagoset-me-arme-nje-person-ne-veri-deklarohet-policia-e-kosoves\/#breadcrumb\"},\"inLanguage\":\"sq\",\"potentialAction\":[{\"@type\":\"ReadAction\",\"target\":[\"https:\/\/permbledhja.com\/plagoset-me-arme-nje-person-ne-veri-deklarohet-policia-e-kosoves\/\"]}]},{\"@type\":\"BreadcrumbList\",\"@id\":\"https:\/\/permbledhja.com\/plagoset-me-arme-nje-person-ne-veri-deklarohet-policia-e-kosoves\/#breadcrumb\",\"itemListElement\":[{\"@type\":\"ListItem\",\"position\":1,\"name\":\"Ballina\",\"item\":\"https:\/\/permbledhja.com\/sq\/\"},{\"@type\":\"ListItem\",\"position\":2,\"name\":\"Plagoset me arm\u00eb nj\u00eb person n\u00eb Veri, deklarohet Policia e Kosov\u00ebs\"}]},{\"@type\":\"WebSite\",\"@id\":\"https:\/\/permbledhja.com\/#website\",\"url\":\"https:\/\/permbledhja.com\/\",\"name\":\"Ve\u00e7 artikuj p\u00ebrmbledh\u00ebs\",\"description\":\"\",\"publisher\":{\"@id\":\"https:\/\/permbledhja.com\/#organization\"},\"potentialAction\":[{\"@type\":\"SearchAction\",\"target\":{\"@type\":\"EntryPoint\",\"urlTemplate\":\"https:\/\/permbledhja.com\/?s={search_term_string}\"},\"query-input\":\"required name=search_term_string\"}],\"inLanguage\":\"sq\"},{\"@type\":\"Organization\",\"@id\":\"https:\/\/permbledhja.com\/#organization\",\"name\":\"MK Media & Pr\",\"url\":\"https:\/\/permbledhja.com\/\",\"logo\":{\"@type\":\"ImageObject\",\"inLanguage\":\"sq\",\"@id\":\"https:\/\/permbledhja.com\/#\/schema\/logo\/image\/\",\"url\":\"https:\/\/permbledhja.com\/wp-content\/uploads\/2021\/12\/07-Press-Logo.jpg\",\"contentUrl\":\"https:\/\/permbledhja.com\/wp-content\/uploads\/2021\/12\/07-Press-Logo.jpg\",\"width\":512,\"height\":512,\"caption\":\"MK Media & Pr\"},\"image\":{\"@id\":\"https:\/\/permbledhja.com\/#\/schema\/logo\/image\/\"},\"sameAs\":[\"https:\/\/www.facebook.com\/press07\/\"]},{\"@type\":\"Person\",\"@id\":\"https:\/\/permbledhja.com\/#\/schema\/person\/0d064377258d3221e50693947b9eb4fe\",\"name\":\"P\u00ebrmbledhja\",\"image\":{\"@type\":\"ImageObject\",\"inLanguage\":\"sq\",\"@id\":\"https:\/\/permbledhja.com\/#\/schema\/person\/image\/\",\"url\":\"https:\/\/permbledhja.com\/wp-content\/uploads\/2026\/01\/452004717_1040944174702970_8932037511805513407_n-96x96.jpg\",\"contentUrl\":\"https:\/\/permbledhja.com\/wp-content\/uploads\/2026\/01\/452004717_1040944174702970_8932037511805513407_n-96x96.jpg\",\"caption\":\"P\u00ebrmbledhja\"},\"sameAs\":[\"https:\/\/www.facebook.com\/kafexhiu.muharrem\/\",\"https:\/\/www.instagram.com\/muharrem_kafexhiu\/\"],\"url\":\"https:\/\/permbledhja.com\/sq\/author\/admin\/\"}]}<\/script>\n<!-- \/ Yoast SEO plugin. -->","yoast_head_json":{"title":"Plagoset me arm\u00eb nj\u00eb person n\u00eb Veri, deklarohet Policia e Kosov\u00ebs","robots":{"index":"index","follow":"follow","max-snippet":"max-snippet:-1","max-image-preview":"max-image-preview:large","max-video-preview":"max-video-preview:-1"},"canonical":"https:\/\/permbledhja.com\/sq\/plagoset-me-arme-nje-person-ne-veri-deklarohet-policia-e-kosoves\/","og_locale":"sq_AL","og_type":"article","og_title":"Plagoset me arm\u00eb nj\u00eb person n\u00eb Veri, deklarohet Policia e Kosov\u00ebs","og_description":"Pas mesnate, Policia ka dal\u00eb me nj\u00eb komunikat\u00eb p\u00ebr media ku ka njoftuar p\u00ebr nj\u00eb incident me arm\u00eb zjarri q\u00eb ka ndodhur mbr\u00ebm\u00eb n\u00eb Veri dhe p\u00ebr pasoj\u00eb nj\u00eb person ka mbetur i plagosur. Dyshimet dhe rrethanat e rastit jan\u00eb akoma t\u00eb panjohura, nd\u00ebrkoh\u00eb q\u00eb Policia ka b\u00ebr\u00eb t\u00eb ditur se hetimet kan\u00eb nisur dhe [&hellip;]","og_url":"https:\/\/permbledhja.com\/sq\/plagoset-me-arme-nje-person-ne-veri-deklarohet-policia-e-kosoves\/","og_site_name":"Ve\u00e7 artikuj p\u00ebrmbledh\u00ebs","article_publisher":"https:\/\/www.facebook.com\/press07\/","article_author":"https:\/\/www.facebook.com\/kafexhiu.muharrem\/","article_published_time":"2023-04-11T06:36:53+00:00","og_image":[{"width":651,"height":337,"url":"https:\/\/permbledhja.com\/wp-content\/uploads\/2023\/03\/police.png","type":"image\/png"}],"author":"P\u00ebrmbledhja","twitter_card":"summary_large_image","twitter_misc":{"Written by":"P\u00ebrmbledhja","Est. reading time":"3 minuta"},"schema":{"@context":"https:\/\/schema.org","@graph":[{"@type":"Article","@id":"https:\/\/permbledhja.com\/plagoset-me-arme-nje-person-ne-veri-deklarohet-policia-e-kosoves\/#article","isPartOf":{"@id":"https:\/\/permbledhja.com\/plagoset-me-arme-nje-person-ne-veri-deklarohet-policia-e-kosoves\/"},"author":{"name":"P\u00ebrmbledhja","@id":"https:\/\/permbledhja.com\/#\/schema\/person\/0d064377258d3221e50693947b9eb4fe"},"headline":"Plagoset me arm\u00eb nj\u00eb person n\u00eb Veri, deklarohet Policia e Kosov\u00ebs","datePublished":"2023-04-11T06:36:53+00:00","dateModified":"2023-04-11T06:36:53+00:00","mainEntityOfPage":{"@id":"https:\/\/permbledhja.com\/plagoset-me-arme-nje-person-ne-veri-deklarohet-policia-e-kosoves\/"},"wordCount":559,"publisher":{"@id":"https:\/\/permbledhja.com\/#organization"},"keywords":["Policia e Kosov\u00ebs"],"articleSection":["Kryesoret"],"inLanguage":"sq"},{"@type":"WebPage","@id":"https:\/\/permbledhja.com\/plagoset-me-arme-nje-person-ne-veri-deklarohet-policia-e-kosoves\/","url":"https:\/\/permbledhja.com\/plagoset-me-arme-nje-person-ne-veri-deklarohet-policia-e-kosoves\/","name":"Plagoset me arm\u00eb nj\u00eb person n\u00eb Veri, deklarohet Policia e Kosov\u00ebs","isPartOf":{"@id":"https:\/\/permbledhja.com\/#website"},"datePublished":"2023-04-11T06:36:53+00:00","dateModified":"2023-04-11T06:36:53+00:00","breadcrumb":{"@id":"https:\/\/permbledhja.com\/plagoset-me-arme-nje-person-ne-veri-deklarohet-policia-e-kosoves\/#breadcrumb"},"inLanguage":"sq","potentialAction":[{"@type":"ReadAction","target":["https:\/\/permbledhja.com\/plagoset-me-arme-nje-person-ne-veri-deklarohet-policia-e-kosoves\/"]}]},{"@type":"BreadcrumbList","@id":"https:\/\/permbledhja.com\/plagoset-me-arme-nje-person-ne-veri-deklarohet-policia-e-kosoves\/#breadcrumb","itemListElement":[{"@type":"ListItem","position":1,"name":"Ballina","item":"https:\/\/permbledhja.com\/sq\/"},{"@type":"ListItem","position":2,"name":"Plagoset me arm\u00eb nj\u00eb person n\u00eb Veri, deklarohet Policia e Kosov\u00ebs"}]},{"@type":"WebSite","@id":"https:\/\/permbledhja.com\/#website","url":"https:\/\/permbledhja.com\/","name":"Ve\u00e7 artikuj p\u00ebrmbledh\u00ebs","description":"","publisher":{"@id":"https:\/\/permbledhja.com\/#organization"},"potentialAction":[{"@type":"SearchAction","target":{"@type":"EntryPoint","urlTemplate":"https:\/\/permbledhja.com\/?s={search_term_string}"},"query-input":"required name=search_term_string"}],"inLanguage":"sq"},{"@type":"Organization","@id":"https:\/\/permbledhja.com\/#organization","name":"MK Media & Pr","url":"https:\/\/permbledhja.com\/","logo":{"@type":"ImageObject","inLanguage":"sq","@id":"https:\/\/permbledhja.com\/#\/schema\/logo\/image\/","url":"https:\/\/permbledhja.com\/wp-content\/uploads\/2021\/12\/07-Press-Logo.jpg","contentUrl":"https:\/\/permbledhja.com\/wp-content\/uploads\/2021\/12\/07-Press-Logo.jpg","width":512,"height":512,"caption":"MK Media & Pr"},"image":{"@id":"https:\/\/permbledhja.com\/#\/schema\/logo\/image\/"},"sameAs":["https:\/\/www.facebook.com\/press07\/"]},{"@type":"Person","@id":"https:\/\/permbledhja.com\/#\/schema\/person\/0d064377258d3221e50693947b9eb4fe","name":"P\u00ebrmbledhja","image":{"@type":"ImageObject","inLanguage":"sq","@id":"https:\/\/permbledhja.com\/#\/schema\/person\/image\/","url":"https:\/\/permbledhja.com\/wp-content\/uploads\/2026\/01\/452004717_1040944174702970_8932037511805513407_n-96x96.jpg","contentUrl":"https:\/\/permbledhja.com\/wp-content\/uploads\/2026\/01\/452004717_1040944174702970_8932037511805513407_n-96x96.jpg","caption":"P\u00ebrmbledhja"},"sameAs":["https:\/\/www.facebook.com\/kafexhiu.muharrem\/","https:\/\/www.instagram.com\/muharrem_kafexhiu\/"],"url":"https:\/\/permbledhja.com\/sq\/author\/admin\/"}]}},"_links":{"self":[{"href":"https:\/\/permbledhja.com\/sq\/wp-json\/wp\/v2\/posts\/13897"}],"collection":[{"href":"https:\/\/permbledhja.com\/sq\/wp-json\/wp\/v2\/posts"}],"about":[{"href":"https:\/\/permbledhja.com\/sq\/wp-json\/wp\/v2\/types\/post"}],"author":[{"embeddable":true,"href":"https:\/\/permbledhja.com\/sq\/wp-json\/wp\/v2\/users\/1"}],"replies":[{"embeddable":true,"href":"https:\/\/permbledhja.com\/sq\/wp-json\/wp\/v2\/comments?post=13897"}],"version-history":[{"count":1,"href":"https:\/\/permbledhja.com\/sq\/wp-json\/wp\/v2\/posts\/13897\/revisions"}],"predecessor-version":[{"id":13898,"href":"https:\/\/permbledhja.com\/sq\/wp-json\/wp\/v2\/posts\/13897\/revisions\/13898"}],"wp:featuredmedia":[{"embeddable":true,"href":"https:\/\/permbledhja.com\/sq\/wp-json\/wp\/v2\/media\/13128"}],"wp:attachment":[{"href":"https:\/\/permbledhja.com\/sq\/wp-json\/wp\/v2\/media?parent=13897"}],"wp:term":[{"taxonomy":"category","embeddable":true,"href":"https:\/\/permbledhja.com\/sq\/wp-json\/wp\/v2\/categories?post=13897"},{"taxonomy":"post_tag","embeddable":true,"href":"https:\/\/permbledhja.com\/sq\/wp-json\/wp\/v2\/tags?post=13897"}],"curies":[{"name":"wp","href":"https:\/\/api.w.org\/{rel}","templated":true}]}}